{"id":12186,"date":"2022-10-05T14:51:21","date_gmt":"2022-10-05T14:51:21","guid":{"rendered":"https:\/\/seconci.com.br\/site\/?p=12186"},"modified":"2022-10-05T14:51:21","modified_gmt":"2022-10-05T14:51:21","slug":"protecao-contra-queda-de-altura-e-destaque-na-canpat-construcao","status":"publish","type":"post","link":"https:\/\/seconci.com.br\/site\/2022\/10\/05\/protecao-contra-queda-de-altura-e-destaque-na-canpat-construcao\/","title":{"rendered":"Prote\u00e7\u00e3o contra queda de altura \u00e9 destaque na CANPAT CONSTRU\u00c7\u00c3O"},"content":{"rendered":"<p>Considerada pelos especialistas como uma das normas mais importantes para a atividade em canteiro de obra, a Norma Reguladora (NR) 18 foi destaque no debate desta quarta-feira (4), durante a\u00a0<b>SEMANA CANPAT CONSTRU\u00c7\u00c3O 2022<\/b>, promovida pela Comiss\u00e3o de Pol\u00edtica de Rela\u00e7\u00f5es Trabalhistas (CPRT) da C\u00e2mara Brasileira da Ind\u00fastria da Constru\u00e7\u00e3o (CBIC).<\/p>\n<p>Apresentado pelo engenheiro de seguran\u00e7a do trabalho, S\u00e9rgio Ussan, o painel \u201cmedidas de prote\u00e7\u00e3o contra queda de altura\u201d abordou a import\u00e2ncia da inclus\u00e3o da gest\u00e3o de seguran\u00e7a do trabalho nas organiza\u00e7\u00f5es. Para ele, a gest\u00e3o come\u00e7a antes de o servi\u00e7o ser executado e destacou que ainda hoje h\u00e1 um problema de forma\u00e7\u00e3o, comportamento e comprometimento das empresas. \u201cQuando se fala em seguran\u00e7a do trabalho n\u00e3o estamos falando de custos, estamos falando de investimento\u201d, disse.<\/p>\n<p>A partir das NR-35 e NR-18, que tratam sobre os requisitos m\u00ednimos e medidas de prote\u00e7\u00e3o para o trabalho em altura, o engenheiro esclareceu os principais pontos que devem ser observados para se manter um trabalho seguro dentro dos canteiros e lembrou que \u201cnorma n\u00e3o se decora, se entende\u201d e que precisa \u201cser analisada, entendida e aplicada\u201d.<\/p>\n<p>A queda de altura, seja do objeto contra a pessoa ou da pessoa contra objeto, \u00e9 uma das principais causas de acidente na constru\u00e7\u00e3o civil, segundo S\u00e9rgio Ussan. Para ele, a seguran\u00e7a do trabalhador deve come\u00e7ar pela sua documenta\u00e7\u00e3o. \u201cO empregador deve garantir a capacidade de sa\u00fade do colaborador para o trabalho em altura. Ap\u00f3s essa apura\u00e7\u00e3o, \u00e9 necess\u00e1rio atestar sobre a qualifica\u00e7\u00e3o do trabalhador e treinamentos conclu\u00eddos\u201d, apontou o engenheiro.<\/p>\n<p>Ussan destacou que mais do que equipamentos de prote\u00e7\u00e3o, existe uma gest\u00e3o de seguran\u00e7a que deve ser considerada em primeiro lugar na empresa. O engenheiro destacou a import\u00e2ncia do processo de Gest\u00e3o de Riscos Operacionais (GRO) para garantir a integridade dos trabalhadores.<\/p>\n<p>Outro ponto abordado por Ussan foi o uso de equipamentos de prote\u00e7\u00e3o coletiva (EPC) e equipamentos de prote\u00e7\u00e3o individual (EPI), que devem ser definidos a partir de projeto feito por profissional habilitado, com as caracter\u00edsticas espec\u00edficas de materiais e cargas necess\u00e1rias para cada tipo de obra. \u201c\u00c9 preciso assegurar a validade do certificado de aprova\u00e7\u00e3o dos EPIs e ter uma preocupa\u00e7\u00e3o total com o projeto\u201d, ressaltou.<\/p>\n<p>O engenheiro ainda refor\u00e7ou a necessidade de o projetista dos EPCs ter o conhecimento do empreendimento e das \u00e1reas de instala\u00e7\u00e3o. \u201cN\u00e3o basta ver apenas a planta da obra, \u00e9 preciso ir pessoalmente verificar as condi\u00e7\u00f5es do projeto\u201d, disse.<\/p>\n<p>Nos \u00faltimos anos, com as mudan\u00e7as de legisla\u00e7\u00e3o, Ussan destacou as melhorias ao setor, principalmente em rela\u00e7\u00e3o \u00e0 responsabilidade do empregador, conscientiza\u00e7\u00e3o do trabalhador e novos equipamentos e metodologias.<\/p>\n<p>&nbsp;<\/p>\n<p>Caso voc\u00ea n\u00e3o tenha conseguido acompanhar ao vivo ao debate,\u00a0<a href=\"https:\/\/www.youtube.com\/watch?v=4kuCch2MvBY\"><b>clique aqui e assista na \u00edntegra!\u00a0<\/b><\/a><\/p>\n<p>&nbsp;<\/p>\n<p>O tema tem interface com o projeto \u201cRealiza\u00e7\u00e3o\/Participa\u00e7\u00e3o de\/em Eventos Tem\u00e1ticos de RT\/SST\u201d, da Comiss\u00e3o de Pol\u00edticas de Rela\u00e7\u00f5es Trabalhistas (CPRT) da CBIC, com a correaliza\u00e7\u00e3o do Servi\u00e7o Social da Ind\u00fastria (SESI).<\/p>\n<p><em>Fonte: Ag\u00eancia CBIC<\/em><\/p>\n","protected":false},"excerpt":{"rendered":"<p>Considerada pelos especialistas como uma das normas mais importantes para a atividade em canteiro de obra, a Norma Reguladora (NR) 18 foi destaque no debate desta quarta-feira (4), durante a\u00a0SEMANA CANPAT CONSTRU\u00c7\u00c3O 2022, promovida pela Comiss\u00e3o de Pol\u00edtica de Rela\u00e7\u00f5es Trabalhistas (CPRT) da C\u00e2mara Brasileira da Ind\u00fastria da Constru\u00e7\u00e3o (CBIC). Apresentado pelo engenheiro de seguran\u00e7a [&hellip;]<\/p>\n","protected":false},"author":3,"featured_media":12187,"comment_status":"closed","ping_status":"closed","sticky":false,"template":"","format":"standard","meta":{"footnotes":""},"categories":[92],"tags":[],"class_list":["post-12186","post","type-post","status-publish","format-standard","has-post-thumbnail","hentry","category-seconci-brasil"],"yoast_head":"<!-- This site is optimized with the Yoast SEO plugin v26.9 - https:\/\/yoast.com\/product\/yoast-seo-wordpress\/ -->\n<title>Prote\u00e7\u00e3o contra queda de altura \u00e9 destaque na CANPAT CONSTRU\u00c7\u00c3O - Seconci Brasil<\/title>\n<meta name=\"robots\" content=\"index, follow, max-snippet:-1, max-image-preview:large, max-video-preview:-1\" \/>\n<link rel=\"canonical\" href=\"https:\/\/seconci.com.br\/site\/2022\/10\/05\/protecao-contra-queda-de-altura-e-destaque-na-canpat-construcao\/\" \/>\n<meta property=\"og:locale\" content=\"pt_PT\" \/>\n<meta property=\"og:type\" content=\"article\" \/>\n<meta property=\"og:title\" content=\"Prote\u00e7\u00e3o contra queda de altura \u00e9 destaque na CANPAT CONSTRU\u00c7\u00c3O - Seconci Brasil\" \/>\n<meta property=\"og:description\" content=\"Considerada pelos especialistas como uma das normas mais importantes para a atividade em canteiro de obra, a Norma Reguladora (NR) 18 foi destaque no debate desta quarta-feira (4), durante a\u00a0SEMANA CANPAT CONSTRU\u00c7\u00c3O 2022, promovida pela Comiss\u00e3o de Pol\u00edtica de Rela\u00e7\u00f5es Trabalhistas (CPRT) da C\u00e2mara Brasileira da Ind\u00fastria da Constru\u00e7\u00e3o (CBIC). Apresentado pelo engenheiro de seguran\u00e7a [&hellip;]\" \/>\n<meta property=\"og:url\" content=\"https:\/\/seconci.com.br\/site\/2022\/10\/05\/protecao-contra-queda-de-altura-e-destaque-na-canpat-construcao\/\" \/>\n<meta property=\"og:site_name\" content=\"Seconci Brasil\" \/>\n<meta property=\"article:published_time\" content=\"2022-10-05T14:51:21+00:00\" \/>\n<meta property=\"og:image\" content=\"https:\/\/seconci.com.br\/site\/wp-content\/uploads\/2022\/10\/captura-de-tela-2022-10-04-as-183001-1024x640.png\" \/>\n\t<meta property=\"og:image:width\" content=\"1024\" \/>\n\t<meta property=\"og:image:height\" content=\"640\" \/>\n\t<meta property=\"og:image:type\" content=\"image\/png\" \/>\n<meta name=\"author\" content=\"Sidney Rocha\" \/>\n<meta name=\"twitter:card\" content=\"summary_large_image\" \/>\n<meta name=\"twitter:label1\" content=\"Escrito por\" \/>\n\t<meta name=\"twitter:data1\" content=\"Sidney Rocha\" \/>\n\t<meta name=\"twitter:label2\" content=\"Tempo estimado de leitura\" \/>\n\t<meta name=\"twitter:data2\" content=\"3 minutos\" \/>\n<script type=\"application\/ld+json\" class=\"yoast-schema-graph\">{\"@context\":\"https:\/\/schema.org\",\"@graph\":[{\"@type\":\"Article\",\"@id\":\"https:\/\/seconci.com.br\/site\/2022\/10\/05\/protecao-contra-queda-de-altura-e-destaque-na-canpat-construcao\/#article\",\"isPartOf\":{\"@id\":\"https:\/\/seconci.com.br\/site\/2022\/10\/05\/protecao-contra-queda-de-altura-e-destaque-na-canpat-construcao\/\"},\"author\":{\"name\":\"Sidney Rocha\",\"@id\":\"https:\/\/seconci.com.br\/site\/#\/schema\/person\/1d79afd97ddc8f2c68c1e88e298aa8e2\"},\"headline\":\"Prote\u00e7\u00e3o contra queda de altura \u00e9 destaque na CANPAT CONSTRU\u00c7\u00c3O\",\"datePublished\":\"2022-10-05T14:51:21+00:00\",\"mainEntityOfPage\":{\"@id\":\"https:\/\/seconci.com.br\/site\/2022\/10\/05\/protecao-contra-queda-de-altura-e-destaque-na-canpat-construcao\/\"},\"wordCount\":554,\"publisher\":{\"@id\":\"https:\/\/seconci.com.br\/site\/#organization\"},\"image\":{\"@id\":\"https:\/\/seconci.com.br\/site\/2022\/10\/05\/protecao-contra-queda-de-altura-e-destaque-na-canpat-construcao\/#primaryimage\"},\"thumbnailUrl\":\"https:\/\/seconci.com.br\/site\/wp-content\/uploads\/2022\/10\/captura-de-tela-2022-10-04-as-183001.png\",\"articleSection\":[\"Seconci Brasil\"],\"inLanguage\":\"pt-PT\"},{\"@type\":\"WebPage\",\"@id\":\"https:\/\/seconci.com.br\/site\/2022\/10\/05\/protecao-contra-queda-de-altura-e-destaque-na-canpat-construcao\/\",\"url\":\"https:\/\/seconci.com.br\/site\/2022\/10\/05\/protecao-contra-queda-de-altura-e-destaque-na-canpat-construcao\/\",\"name\":\"Prote\u00e7\u00e3o contra queda de altura \u00e9 destaque na CANPAT CONSTRU\u00c7\u00c3O - Seconci Brasil\",\"isPartOf\":{\"@id\":\"https:\/\/seconci.com.br\/site\/#website\"},\"primaryImageOfPage\":{\"@id\":\"https:\/\/seconci.com.br\/site\/2022\/10\/05\/protecao-contra-queda-de-altura-e-destaque-na-canpat-construcao\/#primaryimage\"},\"image\":{\"@id\":\"https:\/\/seconci.com.br\/site\/2022\/10\/05\/protecao-contra-queda-de-altura-e-destaque-na-canpat-construcao\/#primaryimage\"},\"thumbnailUrl\":\"https:\/\/seconci.com.br\/site\/wp-content\/uploads\/2022\/10\/captura-de-tela-2022-10-04-as-183001.png\",\"datePublished\":\"2022-10-05T14:51:21+00:00\",\"breadcrumb\":{\"@id\":\"https:\/\/seconci.com.br\/site\/2022\/10\/05\/protecao-contra-queda-de-altura-e-destaque-na-canpat-construcao\/#breadcrumb\"},\"inLanguage\":\"pt-PT\",\"potentialAction\":[{\"@type\":\"ReadAction\",\"target\":[\"https:\/\/seconci.com.br\/site\/2022\/10\/05\/protecao-contra-queda-de-altura-e-destaque-na-canpat-construcao\/\"]}]},{\"@type\":\"ImageObject\",\"inLanguage\":\"pt-PT\",\"@id\":\"https:\/\/seconci.com.br\/site\/2022\/10\/05\/protecao-contra-queda-de-altura-e-destaque-na-canpat-construcao\/#primaryimage\",\"url\":\"https:\/\/seconci.com.br\/site\/wp-content\/uploads\/2022\/10\/captura-de-tela-2022-10-04-as-183001.png\",\"contentUrl\":\"https:\/\/seconci.com.br\/site\/wp-content\/uploads\/2022\/10\/captura-de-tela-2022-10-04-as-183001.png\",\"width\":2880,\"height\":1800},{\"@type\":\"BreadcrumbList\",\"@id\":\"https:\/\/seconci.com.br\/site\/2022\/10\/05\/protecao-contra-queda-de-altura-e-destaque-na-canpat-construcao\/#breadcrumb\",\"itemListElement\":[{\"@type\":\"ListItem\",\"position\":1,\"name\":\"In\u00edcio\",\"item\":\"https:\/\/seconci.com.br\/site\/\"},{\"@type\":\"ListItem\",\"position\":2,\"name\":\"Prote\u00e7\u00e3o contra queda de altura \u00e9 destaque na CANPAT CONSTRU\u00c7\u00c3O\"}]},{\"@type\":\"WebSite\",\"@id\":\"https:\/\/seconci.com.br\/site\/#website\",\"url\":\"https:\/\/seconci.com.br\/site\/\",\"name\":\"Seconci Brasil\",\"description\":\"\",\"publisher\":{\"@id\":\"https:\/\/seconci.com.br\/site\/#organization\"},\"potentialAction\":[{\"@type\":\"SearchAction\",\"target\":{\"@type\":\"EntryPoint\",\"urlTemplate\":\"https:\/\/seconci.com.br\/site\/?s={search_term_string}\"},\"query-input\":{\"@type\":\"PropertyValueSpecification\",\"valueRequired\":true,\"valueName\":\"search_term_string\"}}],\"inLanguage\":\"pt-PT\"},{\"@type\":\"Organization\",\"@id\":\"https:\/\/seconci.com.br\/site\/#organization\",\"name\":\"Seconci Brasil\",\"url\":\"https:\/\/seconci.com.br\/site\/\",\"logo\":{\"@type\":\"ImageObject\",\"inLanguage\":\"pt-PT\",\"@id\":\"https:\/\/seconci.com.br\/site\/#\/schema\/logo\/image\/\",\"url\":\"https:\/\/seconci.com.br\/site\/wp-content\/uploads\/2024\/08\/Logo-Seconci-Brasil-branca-2.png\",\"contentUrl\":\"https:\/\/seconci.com.br\/site\/wp-content\/uploads\/2024\/08\/Logo-Seconci-Brasil-branca-2.png\",\"width\":1315,\"height\":598,\"caption\":\"Seconci Brasil\"},\"image\":{\"@id\":\"https:\/\/seconci.com.br\/site\/#\/schema\/logo\/image\/\"}},{\"@type\":\"Person\",\"@id\":\"https:\/\/seconci.com.br\/site\/#\/schema\/person\/1d79afd97ddc8f2c68c1e88e298aa8e2\",\"name\":\"Sidney Rocha\",\"description\":\"Comunicador e estagi\u00e1rio do Seconci Brasil.\",\"url\":\"https:\/\/seconci.com.br\/site\/author\/sidney-rocha\/\"}]}<\/script>\n<!-- \/ Yoast SEO plugin. -->","yoast_head_json":{"title":"Prote\u00e7\u00e3o contra queda de altura \u00e9 destaque na CANPAT CONSTRU\u00c7\u00c3O - Seconci Brasil","robots":{"index":"index","follow":"follow","max-snippet":"max-snippet:-1","max-image-preview":"max-image-preview:large","max-video-preview":"max-video-preview:-1"},"canonical":"https:\/\/seconci.com.br\/site\/2022\/10\/05\/protecao-contra-queda-de-altura-e-destaque-na-canpat-construcao\/","og_locale":"pt_PT","og_type":"article","og_title":"Prote\u00e7\u00e3o contra queda de altura \u00e9 destaque na CANPAT CONSTRU\u00c7\u00c3O - Seconci Brasil","og_description":"Considerada pelos especialistas como uma das normas mais importantes para a atividade em canteiro de obra, a Norma Reguladora (NR) 18 foi destaque no debate desta quarta-feira (4), durante a\u00a0SEMANA CANPAT CONSTRU\u00c7\u00c3O 2022, promovida pela Comiss\u00e3o de Pol\u00edtica de Rela\u00e7\u00f5es Trabalhistas (CPRT) da C\u00e2mara Brasileira da Ind\u00fastria da Constru\u00e7\u00e3o (CBIC). Apresentado pelo engenheiro de seguran\u00e7a [&hellip;]","og_url":"https:\/\/seconci.com.br\/site\/2022\/10\/05\/protecao-contra-queda-de-altura-e-destaque-na-canpat-construcao\/","og_site_name":"Seconci Brasil","article_published_time":"2022-10-05T14:51:21+00:00","og_image":[{"width":1024,"height":640,"url":"https:\/\/seconci.com.br\/site\/wp-content\/uploads\/2022\/10\/captura-de-tela-2022-10-04-as-183001-1024x640.png","type":"image\/png"}],"author":"Sidney Rocha","twitter_card":"summary_large_image","twitter_misc":{"Escrito por":"Sidney Rocha","Tempo estimado de leitura":"3 minutos"},"schema":{"@context":"https:\/\/schema.org","@graph":[{"@type":"Article","@id":"https:\/\/seconci.com.br\/site\/2022\/10\/05\/protecao-contra-queda-de-altura-e-destaque-na-canpat-construcao\/#article","isPartOf":{"@id":"https:\/\/seconci.com.br\/site\/2022\/10\/05\/protecao-contra-queda-de-altura-e-destaque-na-canpat-construcao\/"},"author":{"name":"Sidney Rocha","@id":"https:\/\/seconci.com.br\/site\/#\/schema\/person\/1d79afd97ddc8f2c68c1e88e298aa8e2"},"headline":"Prote\u00e7\u00e3o contra queda de altura \u00e9 destaque na CANPAT CONSTRU\u00c7\u00c3O","datePublished":"2022-10-05T14:51:21+00:00","mainEntityOfPage":{"@id":"https:\/\/seconci.com.br\/site\/2022\/10\/05\/protecao-contra-queda-de-altura-e-destaque-na-canpat-construcao\/"},"wordCount":554,"publisher":{"@id":"https:\/\/seconci.com.br\/site\/#organization"},"image":{"@id":"https:\/\/seconci.com.br\/site\/2022\/10\/05\/protecao-contra-queda-de-altura-e-destaque-na-canpat-construcao\/#primaryimage"},"thumbnailUrl":"https:\/\/seconci.com.br\/site\/wp-content\/uploads\/2022\/10\/captura-de-tela-2022-10-04-as-183001.png","articleSection":["Seconci Brasil"],"inLanguage":"pt-PT"},{"@type":"WebPage","@id":"https:\/\/seconci.com.br\/site\/2022\/10\/05\/protecao-contra-queda-de-altura-e-destaque-na-canpat-construcao\/","url":"https:\/\/seconci.com.br\/site\/2022\/10\/05\/protecao-contra-queda-de-altura-e-destaque-na-canpat-construcao\/","name":"Prote\u00e7\u00e3o contra queda de altura \u00e9 destaque na CANPAT CONSTRU\u00c7\u00c3O - Seconci Brasil","isPartOf":{"@id":"https:\/\/seconci.com.br\/site\/#website"},"primaryImageOfPage":{"@id":"https:\/\/seconci.com.br\/site\/2022\/10\/05\/protecao-contra-queda-de-altura-e-destaque-na-canpat-construcao\/#primaryimage"},"image":{"@id":"https:\/\/seconci.com.br\/site\/2022\/10\/05\/protecao-contra-queda-de-altura-e-destaque-na-canpat-construcao\/#primaryimage"},"thumbnailUrl":"https:\/\/seconci.com.br\/site\/wp-content\/uploads\/2022\/10\/captura-de-tela-2022-10-04-as-183001.png","datePublished":"2022-10-05T14:51:21+00:00","breadcrumb":{"@id":"https:\/\/seconci.com.br\/site\/2022\/10\/05\/protecao-contra-queda-de-altura-e-destaque-na-canpat-construcao\/#breadcrumb"},"inLanguage":"pt-PT","potentialAction":[{"@type":"ReadAction","target":["https:\/\/seconci.com.br\/site\/2022\/10\/05\/protecao-contra-queda-de-altura-e-destaque-na-canpat-construcao\/"]}]},{"@type":"ImageObject","inLanguage":"pt-PT","@id":"https:\/\/seconci.com.br\/site\/2022\/10\/05\/protecao-contra-queda-de-altura-e-destaque-na-canpat-construcao\/#primaryimage","url":"https:\/\/seconci.com.br\/site\/wp-content\/uploads\/2022\/10\/captura-de-tela-2022-10-04-as-183001.png","contentUrl":"https:\/\/seconci.com.br\/site\/wp-content\/uploads\/2022\/10\/captura-de-tela-2022-10-04-as-183001.png","width":2880,"height":1800},{"@type":"BreadcrumbList","@id":"https:\/\/seconci.com.br\/site\/2022\/10\/05\/protecao-contra-queda-de-altura-e-destaque-na-canpat-construcao\/#breadcrumb","itemListElement":[{"@type":"ListItem","position":1,"name":"In\u00edcio","item":"https:\/\/seconci.com.br\/site\/"},{"@type":"ListItem","position":2,"name":"Prote\u00e7\u00e3o contra queda de altura \u00e9 destaque na CANPAT CONSTRU\u00c7\u00c3O"}]},{"@type":"WebSite","@id":"https:\/\/seconci.com.br\/site\/#website","url":"https:\/\/seconci.com.br\/site\/","name":"Seconci Brasil","description":"","publisher":{"@id":"https:\/\/seconci.com.br\/site\/#organization"},"potentialAction":[{"@type":"SearchAction","target":{"@type":"EntryPoint","urlTemplate":"https:\/\/seconci.com.br\/site\/?s={search_term_string}"},"query-input":{"@type":"PropertyValueSpecification","valueRequired":true,"valueName":"search_term_string"}}],"inLanguage":"pt-PT"},{"@type":"Organization","@id":"https:\/\/seconci.com.br\/site\/#organization","name":"Seconci Brasil","url":"https:\/\/seconci.com.br\/site\/","logo":{"@type":"ImageObject","inLanguage":"pt-PT","@id":"https:\/\/seconci.com.br\/site\/#\/schema\/logo\/image\/","url":"https:\/\/seconci.com.br\/site\/wp-content\/uploads\/2024\/08\/Logo-Seconci-Brasil-branca-2.png","contentUrl":"https:\/\/seconci.com.br\/site\/wp-content\/uploads\/2024\/08\/Logo-Seconci-Brasil-branca-2.png","width":1315,"height":598,"caption":"Seconci Brasil"},"image":{"@id":"https:\/\/seconci.com.br\/site\/#\/schema\/logo\/image\/"}},{"@type":"Person","@id":"https:\/\/seconci.com.br\/site\/#\/schema\/person\/1d79afd97ddc8f2c68c1e88e298aa8e2","name":"Sidney Rocha","description":"Comunicador e estagi\u00e1rio do Seconci Brasil.","url":"https:\/\/seconci.com.br\/site\/author\/sidney-rocha\/"}]}},"_links":{"self":[{"href":"https:\/\/seconci.com.br\/site\/wp-json\/wp\/v2\/posts\/12186","targetHints":{"allow":["GET"]}}],"collection":[{"href":"https:\/\/seconci.com.br\/site\/wp-json\/wp\/v2\/posts"}],"about":[{"href":"https:\/\/seconci.com.br\/site\/wp-json\/wp\/v2\/types\/post"}],"author":[{"embeddable":true,"href":"https:\/\/seconci.com.br\/site\/wp-json\/wp\/v2\/users\/3"}],"replies":[{"embeddable":true,"href":"https:\/\/seconci.com.br\/site\/wp-json\/wp\/v2\/comments?post=12186"}],"version-history":[{"count":0,"href":"https:\/\/seconci.com.br\/site\/wp-json\/wp\/v2\/posts\/12186\/revisions"}],"wp:featuredmedia":[{"embeddable":true,"href":"https:\/\/seconci.com.br\/site\/wp-json\/wp\/v2\/media\/12187"}],"wp:attachment":[{"href":"https:\/\/seconci.com.br\/site\/wp-json\/wp\/v2\/media?parent=12186"}],"wp:term":[{"taxonomy":"category","embeddable":true,"href":"https:\/\/seconci.com.br\/site\/wp-json\/wp\/v2\/categories?post=12186"},{"taxonomy":"post_tag","embeddable":true,"href":"https:\/\/seconci.com.br\/site\/wp-json\/wp\/v2\/tags?post=12186"}],"curies":[{"name":"wp","href":"https:\/\/api.w.org\/{rel}","templated":true}]}}