{"id":12190,"date":"2022-10-07T11:03:46","date_gmt":"2022-10-07T11:03:46","guid":{"rendered":"https:\/\/seconci.com.br\/site\/?p=12190"},"modified":"2022-10-07T11:03:46","modified_gmt":"2022-10-07T11:03:46","slug":"gestao-da-saude-ocupacional-encerra-debates-da-semana-canpat-construcao","status":"publish","type":"post","link":"https:\/\/seconci.com.br\/site\/2022\/10\/07\/gestao-da-saude-ocupacional-encerra-debates-da-semana-canpat-construcao\/","title":{"rendered":"Gest\u00e3o da Sa\u00fade Ocupacional encerra debates da SEMANA CANPAT CONSTRU\u00c7\u00c3O"},"content":{"rendered":"<p>Gest\u00e3o da Sa\u00fade Ocupacional nos Canteiros de Obras foi tema do \u00faltimo painel de debates, nesta quinta-feira (6), da\u00a0<b>SEMANA CANPAT CONSTRU\u00c7\u00c3O 2022,<\/b>\u00a0promovida pela Comiss\u00e3o de Pol\u00edtica de Rela\u00e7\u00f5es Trabalhistas (CPRT) da C\u00e2mara Brasileira da Ind\u00fastria da Constru\u00e7\u00e3o (CBIC).<\/p>\n<p>A gest\u00e3o de sa\u00fade ocupacional \u00e9 uma estrat\u00e9gia que adota uma pol\u00edtica de preven\u00e7\u00e3o para colaboradores, e busca manter a sa\u00fade f\u00edsica e psicol\u00f3gica por meio de programas de bem-estar, segundo esclareceu o gerente m\u00e9dico executivo no\u00a0Servi\u00e7o Social da Ind\u00fastria da Constru\u00e7\u00e3o de S\u00e3o Paulo (Seconci-SP), Giancarlo Brand\u00e3o.<\/p>\n<p>A Norma Reguladora (NR) abordada neste \u00faltimo dia de debate online, foi a NR-07, que trata sobre o Programa de Controle M\u00e9dico de Sa\u00fade Ocupacional (PCMSO), utilizado pelos m\u00e9dicos para acompanhar a sa\u00fade do trabalhador.<\/p>\n<p>Uma boa gest\u00e3o em sa\u00fade deve incluir um levantamento epidemiol\u00f3gico, com dados concisos e estruturados, para basear o plano de a\u00e7\u00e3o, explicou\u00a0 Brand\u00e3o. De acordo com dados apresentados pelo m\u00e9dico, o Seconci-SP registrou, desde o in\u00edcio de seu levantamento epidemiol\u00f3gico, 18 mil atendimentos apenas em sa\u00fade ocupacional. Os atendimentos demonstram a discrep\u00e2ncia entre os dados declarados pelos trabalhadores e os avaliados durante os atendimentos m\u00e9dicos.<\/p>\n<p>Apenas 7% dos trabalhadores declararam condi\u00e7\u00e3o de hipertens\u00e3o, enquanto os registros, durante os atendimentos, foi de 21%. J\u00e1 para a condi\u00e7\u00e3o de diab\u00e9ticos, apenas 2% reconheceram a patologia, enquanto 8% foram identificados. Al\u00e9m de outro dado preocupante: 17% dos trabalhadores declararam etilismo cr\u00f4nico. A diferen\u00e7a dos dados preocupa, mas demonstra ainda mais a import\u00e2ncia e necessidade do mapeamento e acompanhamento junto aos trabalhadores, segundo Brand\u00e3o.<\/p>\n<p>A partir dos dados levantados, o Seconci-SP desenvolveu uma s\u00e9rie de trabalhos de acompanhamento para hipertensos e diab\u00e9ticos; grupos de combate \u00e0 obesidade, tabagismo, drogas il\u00edcitas, elitismo; programa para sa\u00fade mental, doen\u00e7as osteomusculares; para entender e atender \u00e0s necessidades dos trabalhadores.<\/p>\n<p>Segundo Brand\u00e3o, a avalia\u00e7\u00e3o ocupacional \u00e9 muito importante para que a fun\u00e7\u00e3o do trabalhador possa ser adequada de acordo com sua condi\u00e7\u00e3o cl\u00ednica atual. \u201cEsse \u00e9 um ponto importante para n\u00f3s, que a gente auxilia as empresas, em especial do canteiro de obra, em adequar \u00e0 condi\u00e7\u00e3o cl\u00ednica daquele trabalhador a exercer aquela atividade\u201d, disse.<\/p>\n<p>\u201cA sa\u00fade e seguran\u00e7a no trabalho est\u00e3o ganhando, de fato, outra visibilidade dentro das empresas. Est\u00e3o percebendo o fator prevencionista e deixando de nos enxergar apenas como um custo para a organiza\u00e7\u00e3o\u201d, disse.<\/p>\n<p>Caso voc\u00ea n\u00e3o tenha conseguido acompanhar ao vivo ao debate,\u00a0<a href=\"https:\/\/www.youtube.com\/watch?v=m2h2KAIKdUA\"><b>clique aqui e assista na \u00edntegra!\u00a0<\/b><\/a><\/p>\n<p>O tema tem interface com o projeto \u201cRealiza\u00e7\u00e3o\/Participa\u00e7\u00e3o de\/em Eventos Tem\u00e1ticos de RT\/SST\u201d, da Comiss\u00e3o de Pol\u00edticas de Rela\u00e7\u00f5es Trabalhistas (CPRT) da CBIC, com a correaliza\u00e7\u00e3o do Servi\u00e7o Social da Ind\u00fastria (SESI).<\/p>\n<p><em>Fonte: Ag\u00eancia CBIC<\/em><\/p>\n","protected":false},"excerpt":{"rendered":"<p>Gest\u00e3o da Sa\u00fade Ocupacional nos Canteiros de Obras foi tema do \u00faltimo painel de debates, nesta quinta-feira (6), da\u00a0SEMANA CANPAT CONSTRU\u00c7\u00c3O 2022,\u00a0promovida pela Comiss\u00e3o de Pol\u00edtica de Rela\u00e7\u00f5es Trabalhistas (CPRT) da C\u00e2mara Brasileira da Ind\u00fastria da Constru\u00e7\u00e3o (CBIC). A gest\u00e3o de sa\u00fade ocupacional \u00e9 uma estrat\u00e9gia que adota uma pol\u00edtica de preven\u00e7\u00e3o para colaboradores, e [&hellip;]<\/p>\n","protected":false},"author":3,"featured_media":12191,"comment_status":"closed","ping_status":"closed","sticky":false,"template":"","format":"standard","meta":{"footnotes":""},"categories":[92],"tags":[],"class_list":["post-12190","post","type-post","status-publish","format-standard","has-post-thumbnail","hentry","category-seconci-brasil"],"yoast_head":"<!-- This site is optimized with the Yoast SEO plugin v26.9 - https:\/\/yoast.com\/product\/yoast-seo-wordpress\/ -->\n<title>Gest\u00e3o da Sa\u00fade Ocupacional encerra debates da SEMANA CANPAT CONSTRU\u00c7\u00c3O - Seconci Brasil<\/title>\n<meta name=\"robots\" content=\"index, follow, max-snippet:-1, max-image-preview:large, max-video-preview:-1\" \/>\n<link rel=\"canonical\" href=\"https:\/\/seconci.com.br\/site\/2022\/10\/07\/gestao-da-saude-ocupacional-encerra-debates-da-semana-canpat-construcao\/\" \/>\n<meta property=\"og:locale\" content=\"pt_PT\" \/>\n<meta property=\"og:type\" content=\"article\" \/>\n<meta property=\"og:title\" content=\"Gest\u00e3o da Sa\u00fade Ocupacional encerra debates da SEMANA CANPAT CONSTRU\u00c7\u00c3O - Seconci Brasil\" \/>\n<meta property=\"og:description\" content=\"Gest\u00e3o da Sa\u00fade Ocupacional nos Canteiros de Obras foi tema do \u00faltimo painel de debates, nesta quinta-feira (6), da\u00a0SEMANA CANPAT CONSTRU\u00c7\u00c3O 2022,\u00a0promovida pela Comiss\u00e3o de Pol\u00edtica de Rela\u00e7\u00f5es Trabalhistas (CPRT) da C\u00e2mara Brasileira da Ind\u00fastria da Constru\u00e7\u00e3o (CBIC). A gest\u00e3o de sa\u00fade ocupacional \u00e9 uma estrat\u00e9gia que adota uma pol\u00edtica de preven\u00e7\u00e3o para colaboradores, e [&hellip;]\" \/>\n<meta property=\"og:url\" content=\"https:\/\/seconci.com.br\/site\/2022\/10\/07\/gestao-da-saude-ocupacional-encerra-debates-da-semana-canpat-construcao\/\" \/>\n<meta property=\"og:site_name\" content=\"Seconci Brasil\" \/>\n<meta property=\"article:published_time\" content=\"2022-10-07T11:03:46+00:00\" \/>\n<meta property=\"og:image\" content=\"https:\/\/seconci.com.br\/site\/wp-content\/uploads\/2022\/10\/captura-de-tela-2022-10-06-as-175349-1024x640.png\" \/>\n\t<meta property=\"og:image:width\" content=\"1024\" \/>\n\t<meta property=\"og:image:height\" content=\"640\" \/>\n\t<meta property=\"og:image:type\" content=\"image\/png\" \/>\n<meta name=\"author\" content=\"Sidney Rocha\" \/>\n<meta name=\"twitter:card\" content=\"summary_large_image\" \/>\n<meta name=\"twitter:label1\" content=\"Escrito por\" \/>\n\t<meta name=\"twitter:data1\" content=\"Sidney Rocha\" \/>\n\t<meta name=\"twitter:label2\" content=\"Tempo estimado de leitura\" \/>\n\t<meta name=\"twitter:data2\" content=\"3 minutos\" \/>\n<script type=\"application\/ld+json\" class=\"yoast-schema-graph\">{\"@context\":\"https:\/\/schema.org\",\"@graph\":[{\"@type\":\"Article\",\"@id\":\"https:\/\/seconci.com.br\/site\/2022\/10\/07\/gestao-da-saude-ocupacional-encerra-debates-da-semana-canpat-construcao\/#article\",\"isPartOf\":{\"@id\":\"https:\/\/seconci.com.br\/site\/2022\/10\/07\/gestao-da-saude-ocupacional-encerra-debates-da-semana-canpat-construcao\/\"},\"author\":{\"name\":\"Sidney Rocha\",\"@id\":\"https:\/\/seconci.com.br\/site\/#\/schema\/person\/1d79afd97ddc8f2c68c1e88e298aa8e2\"},\"headline\":\"Gest\u00e3o da Sa\u00fade Ocupacional encerra debates da SEMANA CANPAT CONSTRU\u00c7\u00c3O\",\"datePublished\":\"2022-10-07T11:03:46+00:00\",\"mainEntityOfPage\":{\"@id\":\"https:\/\/seconci.com.br\/site\/2022\/10\/07\/gestao-da-saude-ocupacional-encerra-debates-da-semana-canpat-construcao\/\"},\"wordCount\":513,\"publisher\":{\"@id\":\"https:\/\/seconci.com.br\/site\/#organization\"},\"image\":{\"@id\":\"https:\/\/seconci.com.br\/site\/2022\/10\/07\/gestao-da-saude-ocupacional-encerra-debates-da-semana-canpat-construcao\/#primaryimage\"},\"thumbnailUrl\":\"https:\/\/seconci.com.br\/site\/wp-content\/uploads\/2022\/10\/captura-de-tela-2022-10-06-as-175349.png\",\"articleSection\":[\"Seconci Brasil\"],\"inLanguage\":\"pt-PT\"},{\"@type\":\"WebPage\",\"@id\":\"https:\/\/seconci.com.br\/site\/2022\/10\/07\/gestao-da-saude-ocupacional-encerra-debates-da-semana-canpat-construcao\/\",\"url\":\"https:\/\/seconci.com.br\/site\/2022\/10\/07\/gestao-da-saude-ocupacional-encerra-debates-da-semana-canpat-construcao\/\",\"name\":\"Gest\u00e3o da Sa\u00fade Ocupacional encerra debates da SEMANA CANPAT CONSTRU\u00c7\u00c3O - Seconci Brasil\",\"isPartOf\":{\"@id\":\"https:\/\/seconci.com.br\/site\/#website\"},\"primaryImageOfPage\":{\"@id\":\"https:\/\/seconci.com.br\/site\/2022\/10\/07\/gestao-da-saude-ocupacional-encerra-debates-da-semana-canpat-construcao\/#primaryimage\"},\"image\":{\"@id\":\"https:\/\/seconci.com.br\/site\/2022\/10\/07\/gestao-da-saude-ocupacional-encerra-debates-da-semana-canpat-construcao\/#primaryimage\"},\"thumbnailUrl\":\"https:\/\/seconci.com.br\/site\/wp-content\/uploads\/2022\/10\/captura-de-tela-2022-10-06-as-175349.png\",\"datePublished\":\"2022-10-07T11:03:46+00:00\",\"breadcrumb\":{\"@id\":\"https:\/\/seconci.com.br\/site\/2022\/10\/07\/gestao-da-saude-ocupacional-encerra-debates-da-semana-canpat-construcao\/#breadcrumb\"},\"inLanguage\":\"pt-PT\",\"potentialAction\":[{\"@type\":\"ReadAction\",\"target\":[\"https:\/\/seconci.com.br\/site\/2022\/10\/07\/gestao-da-saude-ocupacional-encerra-debates-da-semana-canpat-construcao\/\"]}]},{\"@type\":\"ImageObject\",\"inLanguage\":\"pt-PT\",\"@id\":\"https:\/\/seconci.com.br\/site\/2022\/10\/07\/gestao-da-saude-ocupacional-encerra-debates-da-semana-canpat-construcao\/#primaryimage\",\"url\":\"https:\/\/seconci.com.br\/site\/wp-content\/uploads\/2022\/10\/captura-de-tela-2022-10-06-as-175349.png\",\"contentUrl\":\"https:\/\/seconci.com.br\/site\/wp-content\/uploads\/2022\/10\/captura-de-tela-2022-10-06-as-175349.png\",\"width\":2880,\"height\":1800},{\"@type\":\"BreadcrumbList\",\"@id\":\"https:\/\/seconci.com.br\/site\/2022\/10\/07\/gestao-da-saude-ocupacional-encerra-debates-da-semana-canpat-construcao\/#breadcrumb\",\"itemListElement\":[{\"@type\":\"ListItem\",\"position\":1,\"name\":\"In\u00edcio\",\"item\":\"https:\/\/seconci.com.br\/site\/\"},{\"@type\":\"ListItem\",\"position\":2,\"name\":\"Gest\u00e3o da Sa\u00fade Ocupacional encerra debates da SEMANA CANPAT CONSTRU\u00c7\u00c3O\"}]},{\"@type\":\"WebSite\",\"@id\":\"https:\/\/seconci.com.br\/site\/#website\",\"url\":\"https:\/\/seconci.com.br\/site\/\",\"name\":\"Seconci Brasil\",\"description\":\"\",\"publisher\":{\"@id\":\"https:\/\/seconci.com.br\/site\/#organization\"},\"potentialAction\":[{\"@type\":\"SearchAction\",\"target\":{\"@type\":\"EntryPoint\",\"urlTemplate\":\"https:\/\/seconci.com.br\/site\/?s={search_term_string}\"},\"query-input\":{\"@type\":\"PropertyValueSpecification\",\"valueRequired\":true,\"valueName\":\"search_term_string\"}}],\"inLanguage\":\"pt-PT\"},{\"@type\":\"Organization\",\"@id\":\"https:\/\/seconci.com.br\/site\/#organization\",\"name\":\"Seconci Brasil\",\"url\":\"https:\/\/seconci.com.br\/site\/\",\"logo\":{\"@type\":\"ImageObject\",\"inLanguage\":\"pt-PT\",\"@id\":\"https:\/\/seconci.com.br\/site\/#\/schema\/logo\/image\/\",\"url\":\"https:\/\/seconci.com.br\/site\/wp-content\/uploads\/2024\/08\/Logo-Seconci-Brasil-branca-2.png\",\"contentUrl\":\"https:\/\/seconci.com.br\/site\/wp-content\/uploads\/2024\/08\/Logo-Seconci-Brasil-branca-2.png\",\"width\":1315,\"height\":598,\"caption\":\"Seconci Brasil\"},\"image\":{\"@id\":\"https:\/\/seconci.com.br\/site\/#\/schema\/logo\/image\/\"}},{\"@type\":\"Person\",\"@id\":\"https:\/\/seconci.com.br\/site\/#\/schema\/person\/1d79afd97ddc8f2c68c1e88e298aa8e2\",\"name\":\"Sidney Rocha\",\"description\":\"Comunicador e estagi\u00e1rio do Seconci Brasil.\",\"url\":\"https:\/\/seconci.com.br\/site\/author\/sidney-rocha\/\"}]}<\/script>\n<!-- \/ Yoast SEO plugin. -->","yoast_head_json":{"title":"Gest\u00e3o da Sa\u00fade Ocupacional encerra debates da SEMANA CANPAT CONSTRU\u00c7\u00c3O - Seconci Brasil","robots":{"index":"index","follow":"follow","max-snippet":"max-snippet:-1","max-image-preview":"max-image-preview:large","max-video-preview":"max-video-preview:-1"},"canonical":"https:\/\/seconci.com.br\/site\/2022\/10\/07\/gestao-da-saude-ocupacional-encerra-debates-da-semana-canpat-construcao\/","og_locale":"pt_PT","og_type":"article","og_title":"Gest\u00e3o da Sa\u00fade Ocupacional encerra debates da SEMANA CANPAT CONSTRU\u00c7\u00c3O - Seconci Brasil","og_description":"Gest\u00e3o da Sa\u00fade Ocupacional nos Canteiros de Obras foi tema do \u00faltimo painel de debates, nesta quinta-feira (6), da\u00a0SEMANA CANPAT CONSTRU\u00c7\u00c3O 2022,\u00a0promovida pela Comiss\u00e3o de Pol\u00edtica de Rela\u00e7\u00f5es Trabalhistas (CPRT) da C\u00e2mara Brasileira da Ind\u00fastria da Constru\u00e7\u00e3o (CBIC). A gest\u00e3o de sa\u00fade ocupacional \u00e9 uma estrat\u00e9gia que adota uma pol\u00edtica de preven\u00e7\u00e3o para colaboradores, e [&hellip;]","og_url":"https:\/\/seconci.com.br\/site\/2022\/10\/07\/gestao-da-saude-ocupacional-encerra-debates-da-semana-canpat-construcao\/","og_site_name":"Seconci Brasil","article_published_time":"2022-10-07T11:03:46+00:00","og_image":[{"width":1024,"height":640,"url":"https:\/\/seconci.com.br\/site\/wp-content\/uploads\/2022\/10\/captura-de-tela-2022-10-06-as-175349-1024x640.png","type":"image\/png"}],"author":"Sidney Rocha","twitter_card":"summary_large_image","twitter_misc":{"Escrito por":"Sidney Rocha","Tempo estimado de leitura":"3 minutos"},"schema":{"@context":"https:\/\/schema.org","@graph":[{"@type":"Article","@id":"https:\/\/seconci.com.br\/site\/2022\/10\/07\/gestao-da-saude-ocupacional-encerra-debates-da-semana-canpat-construcao\/#article","isPartOf":{"@id":"https:\/\/seconci.com.br\/site\/2022\/10\/07\/gestao-da-saude-ocupacional-encerra-debates-da-semana-canpat-construcao\/"},"author":{"name":"Sidney Rocha","@id":"https:\/\/seconci.com.br\/site\/#\/schema\/person\/1d79afd97ddc8f2c68c1e88e298aa8e2"},"headline":"Gest\u00e3o da Sa\u00fade Ocupacional encerra debates da SEMANA CANPAT CONSTRU\u00c7\u00c3O","datePublished":"2022-10-07T11:03:46+00:00","mainEntityOfPage":{"@id":"https:\/\/seconci.com.br\/site\/2022\/10\/07\/gestao-da-saude-ocupacional-encerra-debates-da-semana-canpat-construcao\/"},"wordCount":513,"publisher":{"@id":"https:\/\/seconci.com.br\/site\/#organization"},"image":{"@id":"https:\/\/seconci.com.br\/site\/2022\/10\/07\/gestao-da-saude-ocupacional-encerra-debates-da-semana-canpat-construcao\/#primaryimage"},"thumbnailUrl":"https:\/\/seconci.com.br\/site\/wp-content\/uploads\/2022\/10\/captura-de-tela-2022-10-06-as-175349.png","articleSection":["Seconci Brasil"],"inLanguage":"pt-PT"},{"@type":"WebPage","@id":"https:\/\/seconci.com.br\/site\/2022\/10\/07\/gestao-da-saude-ocupacional-encerra-debates-da-semana-canpat-construcao\/","url":"https:\/\/seconci.com.br\/site\/2022\/10\/07\/gestao-da-saude-ocupacional-encerra-debates-da-semana-canpat-construcao\/","name":"Gest\u00e3o da Sa\u00fade Ocupacional encerra debates da SEMANA CANPAT CONSTRU\u00c7\u00c3O - Seconci Brasil","isPartOf":{"@id":"https:\/\/seconci.com.br\/site\/#website"},"primaryImageOfPage":{"@id":"https:\/\/seconci.com.br\/site\/2022\/10\/07\/gestao-da-saude-ocupacional-encerra-debates-da-semana-canpat-construcao\/#primaryimage"},"image":{"@id":"https:\/\/seconci.com.br\/site\/2022\/10\/07\/gestao-da-saude-ocupacional-encerra-debates-da-semana-canpat-construcao\/#primaryimage"},"thumbnailUrl":"https:\/\/seconci.com.br\/site\/wp-content\/uploads\/2022\/10\/captura-de-tela-2022-10-06-as-175349.png","datePublished":"2022-10-07T11:03:46+00:00","breadcrumb":{"@id":"https:\/\/seconci.com.br\/site\/2022\/10\/07\/gestao-da-saude-ocupacional-encerra-debates-da-semana-canpat-construcao\/#breadcrumb"},"inLanguage":"pt-PT","potentialAction":[{"@type":"ReadAction","target":["https:\/\/seconci.com.br\/site\/2022\/10\/07\/gestao-da-saude-ocupacional-encerra-debates-da-semana-canpat-construcao\/"]}]},{"@type":"ImageObject","inLanguage":"pt-PT","@id":"https:\/\/seconci.com.br\/site\/2022\/10\/07\/gestao-da-saude-ocupacional-encerra-debates-da-semana-canpat-construcao\/#primaryimage","url":"https:\/\/seconci.com.br\/site\/wp-content\/uploads\/2022\/10\/captura-de-tela-2022-10-06-as-175349.png","contentUrl":"https:\/\/seconci.com.br\/site\/wp-content\/uploads\/2022\/10\/captura-de-tela-2022-10-06-as-175349.png","width":2880,"height":1800},{"@type":"BreadcrumbList","@id":"https:\/\/seconci.com.br\/site\/2022\/10\/07\/gestao-da-saude-ocupacional-encerra-debates-da-semana-canpat-construcao\/#breadcrumb","itemListElement":[{"@type":"ListItem","position":1,"name":"In\u00edcio","item":"https:\/\/seconci.com.br\/site\/"},{"@type":"ListItem","position":2,"name":"Gest\u00e3o da Sa\u00fade Ocupacional encerra debates da SEMANA CANPAT CONSTRU\u00c7\u00c3O"}]},{"@type":"WebSite","@id":"https:\/\/seconci.com.br\/site\/#website","url":"https:\/\/seconci.com.br\/site\/","name":"Seconci Brasil","description":"","publisher":{"@id":"https:\/\/seconci.com.br\/site\/#organization"},"potentialAction":[{"@type":"SearchAction","target":{"@type":"EntryPoint","urlTemplate":"https:\/\/seconci.com.br\/site\/?s={search_term_string}"},"query-input":{"@type":"PropertyValueSpecification","valueRequired":true,"valueName":"search_term_string"}}],"inLanguage":"pt-PT"},{"@type":"Organization","@id":"https:\/\/seconci.com.br\/site\/#organization","name":"Seconci Brasil","url":"https:\/\/seconci.com.br\/site\/","logo":{"@type":"ImageObject","inLanguage":"pt-PT","@id":"https:\/\/seconci.com.br\/site\/#\/schema\/logo\/image\/","url":"https:\/\/seconci.com.br\/site\/wp-content\/uploads\/2024\/08\/Logo-Seconci-Brasil-branca-2.png","contentUrl":"https:\/\/seconci.com.br\/site\/wp-content\/uploads\/2024\/08\/Logo-Seconci-Brasil-branca-2.png","width":1315,"height":598,"caption":"Seconci Brasil"},"image":{"@id":"https:\/\/seconci.com.br\/site\/#\/schema\/logo\/image\/"}},{"@type":"Person","@id":"https:\/\/seconci.com.br\/site\/#\/schema\/person\/1d79afd97ddc8f2c68c1e88e298aa8e2","name":"Sidney Rocha","description":"Comunicador e estagi\u00e1rio do Seconci Brasil.","url":"https:\/\/seconci.com.br\/site\/author\/sidney-rocha\/"}]}},"_links":{"self":[{"href":"https:\/\/seconci.com.br\/site\/wp-json\/wp\/v2\/posts\/12190","targetHints":{"allow":["GET"]}}],"collection":[{"href":"https:\/\/seconci.com.br\/site\/wp-json\/wp\/v2\/posts"}],"about":[{"href":"https:\/\/seconci.com.br\/site\/wp-json\/wp\/v2\/types\/post"}],"author":[{"embeddable":true,"href":"https:\/\/seconci.com.br\/site\/wp-json\/wp\/v2\/users\/3"}],"replies":[{"embeddable":true,"href":"https:\/\/seconci.com.br\/site\/wp-json\/wp\/v2\/comments?post=12190"}],"version-history":[{"count":0,"href":"https:\/\/seconci.com.br\/site\/wp-json\/wp\/v2\/posts\/12190\/revisions"}],"wp:featuredmedia":[{"embeddable":true,"href":"https:\/\/seconci.com.br\/site\/wp-json\/wp\/v2\/media\/12191"}],"wp:attachment":[{"href":"https:\/\/seconci.com.br\/site\/wp-json\/wp\/v2\/media?parent=12190"}],"wp:term":[{"taxonomy":"category","embeddable":true,"href":"https:\/\/seconci.com.br\/site\/wp-json\/wp\/v2\/categories?post=12190"},{"taxonomy":"post_tag","embeddable":true,"href":"https:\/\/seconci.com.br\/site\/wp-json\/wp\/v2\/tags?post=12190"}],"curies":[{"name":"wp","href":"https:\/\/api.w.org\/{rel}","templated":true}]}}