{"id":12250,"date":"2022-10-28T15:37:42","date_gmt":"2022-10-28T15:37:42","guid":{"rendered":"https:\/\/seconci.com.br\/site\/?p=12250"},"modified":"2022-11-04T11:39:37","modified_gmt":"2022-11-04T11:39:37","slug":"encontro-de-seconcis-debate-economia-seguranca-do-trabalho-e-comunicacao-corporativa","status":"publish","type":"post","link":"https:\/\/seconci.com.br\/site\/2022\/10\/28\/encontro-de-seconcis-debate-economia-seguranca-do-trabalho-e-comunicacao-corporativa\/","title":{"rendered":"Encontro de Seconcis debate economia, seguran\u00e7a e comunica\u00e7\u00e3o corporativa"},"content":{"rendered":"<p><em>Al\u00e9m dos pain\u00e9is gerais, reuni\u00f5es t\u00e9cnicas com profissionais das \u00e1reas de atua\u00e7\u00e3o aconteceram durante o evento<\/em><\/p>\n<p>Os Servi\u00e7os Sociais da Ind\u00fastria da Constru\u00e7\u00e3o Civil (Seconcis) se reuniram entre os dias 27 e 28 de outubro em S\u00e3o Paulo para o Encontro de Seconcis (ENSE). Durante dois dias, v\u00e1rios debates aconteceram, al\u00e9m da discuss\u00e3o sobre as \u00e1reas t\u00e9cnicas. Os pain\u00e9is gerais deste ano foram: \u2018A import\u00e2ncia da Comunica\u00e7\u00e3o Estrat\u00e9gica \u2013 Ampliando o entendimento sobre as a\u00e7\u00f5es de comunica\u00e7\u00e3o dos Seconcis\u2019, com a presen\u00e7a da presidente do Conselho de Responsabilidade Social da CBIC, Ana Cla\u00fadia Gomes; e O Cen\u00e1rio Econ\u00f4mico e o impacto no setor da constru\u00e7\u00e3o civil\u2019, com a presen\u00e7a do vice-presidente de economia do Sinduscon-SP, Eduardo May Zaidan.<\/p>\n<p>\u2018O Seconci como agente estrat\u00e9gico de promo\u00e7\u00e3o de Seguran\u00e7a e Sa\u00fade do Trabalho\u2019, com a presen\u00e7a do presidente do conselho de pol\u00edticas e rela\u00e7\u00f5es trabalhistas (CPRT\/CBIC), Fernando Guedes; o vice-presidente de rela\u00e7\u00f5es capital-trabalho do Sinduscon-SP e l\u00edder de SST\/CBIC, Haruo Ishikawa; o auditor-fiscal do trabalho\/SP, Ant\u00f4nio Pereira; consultor do Seconci-SP, Gianfranco Pampalon; e Giancarlo Brand\u00e3o, gerente m\u00e9dico executivo do Seconci-SP foram os assuntos debatidos no segundo dia de evento.<\/p>\n<p>Para o presidente do Seconci Brasil, Ant\u00f4nio Carlos Salgueiro, \u00e9 importante reunir os gestores porque demonstra a preocupa\u00e7\u00e3o e a busca de melhorias aos servi\u00e7os prestados. \u201cEsse \u00e9 o momento em que podemos discutir pautas comuns, al\u00e9m de propor melhorias e fazer um networking que beneficie todas as entidades. Depois de dois anos sem realizar o encontro presencial, neste ano, com apoio do Seconci-SP, retomamos nosso o evento\u201d, disse Salgueiro.<\/p>\n<p>Respons\u00e1vel pelo evento em 2022, a presidente do Seconci-SP, Maristela Honda, agradeceu a presen\u00e7a de todos e ressaltou a import\u00e2ncia do trabalho feito em prol da sa\u00fade e seguran\u00e7a no ambiente da constru\u00e7\u00e3o. \u201c\u00c9 uma honra para n\u00f3s recebermos todos aqui em S\u00e3o Paulo, depois de uma pandemia, e n\u00e3o tenham d\u00favidas de que estamos no mesmo barco. Estamos de portas abertas e dispon\u00edveis para ajudar no que for preciso\u201d, disse Honda.<\/p>\n<p>O primeiro Seconci criado no Brasil entrou em atividade em 1964, em S\u00e3o Paulo e, atualmente, est\u00e3o em funcionamento 15 entidades, al\u00e9m de 12 filiais paulistas. J\u00e1 o Seconci Brasil foi criado em 2011 como forma de reunir todos as entidades em funcionamento a fim de melhorar os servi\u00e7os de todas as regionais, al\u00e9m de prospectar novos Seconcis para aumentar o atendimento social ao trabalhador da constru\u00e7\u00e3o civil.<\/p>\n<p><em>Fonte: Seconci Brasil<\/em><\/p>\n<p>Leia mais sobre esse assunto:\u00a0<a href=\"https:\/\/seconci.com.br\/site\/2022\/10\/28\/encontro-de-seconcis-debate-economia-seguranca-do-trabalho-e-comunicacao-corporativa\/\" target=\"_blank\" rel=\"noopener\">Encontro de Seconcis debate economia, seguran\u00e7a e comunica\u00e7\u00e3o corporativa<\/a><\/p>\n<p>&nbsp;<\/p>\n","protected":false},"excerpt":{"rendered":"<p>Al\u00e9m dos pain\u00e9is gerais, reuni\u00f5es t\u00e9cnicas com profissionais das \u00e1reas de atua\u00e7\u00e3o aconteceram durante o evento Os Servi\u00e7os Sociais da Ind\u00fastria da Constru\u00e7\u00e3o Civil (Seconcis) se reuniram entre os dias 27 e 28 de outubro em S\u00e3o Paulo para o Encontro de Seconcis (ENSE). Durante dois dias, v\u00e1rios debates aconteceram, al\u00e9m da discuss\u00e3o sobre as [&hellip;]<\/p>\n","protected":false},"author":3,"featured_media":12255,"comment_status":"closed","ping_status":"closed","sticky":false,"template":"","format":"standard","meta":{"footnotes":""},"categories":[92],"tags":[],"class_list":["post-12250","post","type-post","status-publish","format-standard","has-post-thumbnail","hentry","category-seconci-brasil"],"yoast_head":"<!-- This site is optimized with the Yoast SEO plugin v26.9 - https:\/\/yoast.com\/product\/yoast-seo-wordpress\/ -->\n<title>Encontro de Seconcis debate economia, seguran\u00e7a e comunica\u00e7\u00e3o corporativa - Seconci Brasil<\/title>\n<meta name=\"robots\" content=\"index, follow, max-snippet:-1, max-image-preview:large, max-video-preview:-1\" \/>\n<link rel=\"canonical\" href=\"https:\/\/seconci.com.br\/site\/2022\/10\/28\/encontro-de-seconcis-debate-economia-seguranca-do-trabalho-e-comunicacao-corporativa\/\" \/>\n<meta property=\"og:locale\" content=\"pt_PT\" \/>\n<meta property=\"og:type\" content=\"article\" \/>\n<meta property=\"og:title\" content=\"Encontro de Seconcis debate economia, seguran\u00e7a e comunica\u00e7\u00e3o corporativa - Seconci Brasil\" \/>\n<meta property=\"og:description\" content=\"Al\u00e9m dos pain\u00e9is gerais, reuni\u00f5es t\u00e9cnicas com profissionais das \u00e1reas de atua\u00e7\u00e3o aconteceram durante o evento Os Servi\u00e7os Sociais da Ind\u00fastria da Constru\u00e7\u00e3o Civil (Seconcis) se reuniram entre os dias 27 e 28 de outubro em S\u00e3o Paulo para o Encontro de Seconcis (ENSE). Durante dois dias, v\u00e1rios debates aconteceram, al\u00e9m da discuss\u00e3o sobre as [&hellip;]\" \/>\n<meta property=\"og:url\" content=\"https:\/\/seconci.com.br\/site\/2022\/10\/28\/encontro-de-seconcis-debate-economia-seguranca-do-trabalho-e-comunicacao-corporativa\/\" \/>\n<meta property=\"og:site_name\" content=\"Seconci Brasil\" \/>\n<meta property=\"article:published_time\" content=\"2022-10-28T15:37:42+00:00\" \/>\n<meta property=\"article:modified_time\" content=\"2022-11-04T11:39:37+00:00\" \/>\n<meta property=\"og:image\" content=\"https:\/\/seconci.com.br\/site\/wp-content\/uploads\/2022\/10\/972-2-1024x445.jpg\" \/>\n\t<meta property=\"og:image:width\" content=\"1024\" \/>\n\t<meta property=\"og:image:height\" content=\"445\" \/>\n\t<meta property=\"og:image:type\" content=\"image\/jpeg\" \/>\n<meta name=\"author\" content=\"Sidney Rocha\" \/>\n<meta name=\"twitter:card\" content=\"summary_large_image\" \/>\n<meta name=\"twitter:label1\" content=\"Escrito por\" \/>\n\t<meta name=\"twitter:data1\" content=\"Sidney Rocha\" \/>\n\t<meta name=\"twitter:label2\" content=\"Tempo estimado de leitura\" \/>\n\t<meta name=\"twitter:data2\" content=\"2 minutos\" \/>\n<script type=\"application\/ld+json\" class=\"yoast-schema-graph\">{\"@context\":\"https:\/\/schema.org\",\"@graph\":[{\"@type\":\"Article\",\"@id\":\"https:\/\/seconci.com.br\/site\/2022\/10\/28\/encontro-de-seconcis-debate-economia-seguranca-do-trabalho-e-comunicacao-corporativa\/#article\",\"isPartOf\":{\"@id\":\"https:\/\/seconci.com.br\/site\/2022\/10\/28\/encontro-de-seconcis-debate-economia-seguranca-do-trabalho-e-comunicacao-corporativa\/\"},\"author\":{\"name\":\"Sidney Rocha\",\"@id\":\"https:\/\/seconci.com.br\/site\/#\/schema\/person\/1d79afd97ddc8f2c68c1e88e298aa8e2\"},\"headline\":\"Encontro de Seconcis debate economia, seguran\u00e7a e comunica\u00e7\u00e3o corporativa\",\"datePublished\":\"2022-10-28T15:37:42+00:00\",\"dateModified\":\"2022-11-04T11:39:37+00:00\",\"mainEntityOfPage\":{\"@id\":\"https:\/\/seconci.com.br\/site\/2022\/10\/28\/encontro-de-seconcis-debate-economia-seguranca-do-trabalho-e-comunicacao-corporativa\/\"},\"wordCount\":478,\"publisher\":{\"@id\":\"https:\/\/seconci.com.br\/site\/#organization\"},\"image\":{\"@id\":\"https:\/\/seconci.com.br\/site\/2022\/10\/28\/encontro-de-seconcis-debate-economia-seguranca-do-trabalho-e-comunicacao-corporativa\/#primaryimage\"},\"thumbnailUrl\":\"https:\/\/seconci.com.br\/site\/wp-content\/uploads\/2022\/10\/972-2.jpg\",\"articleSection\":[\"Seconci Brasil\"],\"inLanguage\":\"pt-PT\"},{\"@type\":\"WebPage\",\"@id\":\"https:\/\/seconci.com.br\/site\/2022\/10\/28\/encontro-de-seconcis-debate-economia-seguranca-do-trabalho-e-comunicacao-corporativa\/\",\"url\":\"https:\/\/seconci.com.br\/site\/2022\/10\/28\/encontro-de-seconcis-debate-economia-seguranca-do-trabalho-e-comunicacao-corporativa\/\",\"name\":\"Encontro de Seconcis debate economia, seguran\u00e7a e comunica\u00e7\u00e3o corporativa - Seconci Brasil\",\"isPartOf\":{\"@id\":\"https:\/\/seconci.com.br\/site\/#website\"},\"primaryImageOfPage\":{\"@id\":\"https:\/\/seconci.com.br\/site\/2022\/10\/28\/encontro-de-seconcis-debate-economia-seguranca-do-trabalho-e-comunicacao-corporativa\/#primaryimage\"},\"image\":{\"@id\":\"https:\/\/seconci.com.br\/site\/2022\/10\/28\/encontro-de-seconcis-debate-economia-seguranca-do-trabalho-e-comunicacao-corporativa\/#primaryimage\"},\"thumbnailUrl\":\"https:\/\/seconci.com.br\/site\/wp-content\/uploads\/2022\/10\/972-2.jpg\",\"datePublished\":\"2022-10-28T15:37:42+00:00\",\"dateModified\":\"2022-11-04T11:39:37+00:00\",\"breadcrumb\":{\"@id\":\"https:\/\/seconci.com.br\/site\/2022\/10\/28\/encontro-de-seconcis-debate-economia-seguranca-do-trabalho-e-comunicacao-corporativa\/#breadcrumb\"},\"inLanguage\":\"pt-PT\",\"potentialAction\":[{\"@type\":\"ReadAction\",\"target\":[\"https:\/\/seconci.com.br\/site\/2022\/10\/28\/encontro-de-seconcis-debate-economia-seguranca-do-trabalho-e-comunicacao-corporativa\/\"]}]},{\"@type\":\"ImageObject\",\"inLanguage\":\"pt-PT\",\"@id\":\"https:\/\/seconci.com.br\/site\/2022\/10\/28\/encontro-de-seconcis-debate-economia-seguranca-do-trabalho-e-comunicacao-corporativa\/#primaryimage\",\"url\":\"https:\/\/seconci.com.br\/site\/wp-content\/uploads\/2022\/10\/972-2.jpg\",\"contentUrl\":\"https:\/\/seconci.com.br\/site\/wp-content\/uploads\/2022\/10\/972-2.jpg\",\"width\":5448,\"height\":2369},{\"@type\":\"BreadcrumbList\",\"@id\":\"https:\/\/seconci.com.br\/site\/2022\/10\/28\/encontro-de-seconcis-debate-economia-seguranca-do-trabalho-e-comunicacao-corporativa\/#breadcrumb\",\"itemListElement\":[{\"@type\":\"ListItem\",\"position\":1,\"name\":\"In\u00edcio\",\"item\":\"https:\/\/seconci.com.br\/site\/\"},{\"@type\":\"ListItem\",\"position\":2,\"name\":\"Encontro de Seconcis debate economia, seguran\u00e7a e comunica\u00e7\u00e3o corporativa\"}]},{\"@type\":\"WebSite\",\"@id\":\"https:\/\/seconci.com.br\/site\/#website\",\"url\":\"https:\/\/seconci.com.br\/site\/\",\"name\":\"Seconci Brasil\",\"description\":\"\",\"publisher\":{\"@id\":\"https:\/\/seconci.com.br\/site\/#organization\"},\"potentialAction\":[{\"@type\":\"SearchAction\",\"target\":{\"@type\":\"EntryPoint\",\"urlTemplate\":\"https:\/\/seconci.com.br\/site\/?s={search_term_string}\"},\"query-input\":{\"@type\":\"PropertyValueSpecification\",\"valueRequired\":true,\"valueName\":\"search_term_string\"}}],\"inLanguage\":\"pt-PT\"},{\"@type\":\"Organization\",\"@id\":\"https:\/\/seconci.com.br\/site\/#organization\",\"name\":\"Seconci Brasil\",\"url\":\"https:\/\/seconci.com.br\/site\/\",\"logo\":{\"@type\":\"ImageObject\",\"inLanguage\":\"pt-PT\",\"@id\":\"https:\/\/seconci.com.br\/site\/#\/schema\/logo\/image\/\",\"url\":\"https:\/\/seconci.com.br\/site\/wp-content\/uploads\/2024\/08\/Logo-Seconci-Brasil-branca-2.png\",\"contentUrl\":\"https:\/\/seconci.com.br\/site\/wp-content\/uploads\/2024\/08\/Logo-Seconci-Brasil-branca-2.png\",\"width\":1315,\"height\":598,\"caption\":\"Seconci Brasil\"},\"image\":{\"@id\":\"https:\/\/seconci.com.br\/site\/#\/schema\/logo\/image\/\"}},{\"@type\":\"Person\",\"@id\":\"https:\/\/seconci.com.br\/site\/#\/schema\/person\/1d79afd97ddc8f2c68c1e88e298aa8e2\",\"name\":\"Sidney Rocha\",\"description\":\"Comunicador e estagi\u00e1rio do Seconci Brasil.\",\"url\":\"https:\/\/seconci.com.br\/site\/author\/sidney-rocha\/\"}]}<\/script>\n<!-- \/ Yoast SEO plugin. -->","yoast_head_json":{"title":"Encontro de Seconcis debate economia, seguran\u00e7a e comunica\u00e7\u00e3o corporativa - Seconci Brasil","robots":{"index":"index","follow":"follow","max-snippet":"max-snippet:-1","max-image-preview":"max-image-preview:large","max-video-preview":"max-video-preview:-1"},"canonical":"https:\/\/seconci.com.br\/site\/2022\/10\/28\/encontro-de-seconcis-debate-economia-seguranca-do-trabalho-e-comunicacao-corporativa\/","og_locale":"pt_PT","og_type":"article","og_title":"Encontro de Seconcis debate economia, seguran\u00e7a e comunica\u00e7\u00e3o corporativa - Seconci Brasil","og_description":"Al\u00e9m dos pain\u00e9is gerais, reuni\u00f5es t\u00e9cnicas com profissionais das \u00e1reas de atua\u00e7\u00e3o aconteceram durante o evento Os Servi\u00e7os Sociais da Ind\u00fastria da Constru\u00e7\u00e3o Civil (Seconcis) se reuniram entre os dias 27 e 28 de outubro em S\u00e3o Paulo para o Encontro de Seconcis (ENSE). Durante dois dias, v\u00e1rios debates aconteceram, al\u00e9m da discuss\u00e3o sobre as [&hellip;]","og_url":"https:\/\/seconci.com.br\/site\/2022\/10\/28\/encontro-de-seconcis-debate-economia-seguranca-do-trabalho-e-comunicacao-corporativa\/","og_site_name":"Seconci Brasil","article_published_time":"2022-10-28T15:37:42+00:00","article_modified_time":"2022-11-04T11:39:37+00:00","og_image":[{"width":1024,"height":445,"url":"https:\/\/seconci.com.br\/site\/wp-content\/uploads\/2022\/10\/972-2-1024x445.jpg","type":"image\/jpeg"}],"author":"Sidney Rocha","twitter_card":"summary_large_image","twitter_misc":{"Escrito por":"Sidney Rocha","Tempo estimado de leitura":"2 minutos"},"schema":{"@context":"https:\/\/schema.org","@graph":[{"@type":"Article","@id":"https:\/\/seconci.com.br\/site\/2022\/10\/28\/encontro-de-seconcis-debate-economia-seguranca-do-trabalho-e-comunicacao-corporativa\/#article","isPartOf":{"@id":"https:\/\/seconci.com.br\/site\/2022\/10\/28\/encontro-de-seconcis-debate-economia-seguranca-do-trabalho-e-comunicacao-corporativa\/"},"author":{"name":"Sidney Rocha","@id":"https:\/\/seconci.com.br\/site\/#\/schema\/person\/1d79afd97ddc8f2c68c1e88e298aa8e2"},"headline":"Encontro de Seconcis debate economia, seguran\u00e7a e comunica\u00e7\u00e3o corporativa","datePublished":"2022-10-28T15:37:42+00:00","dateModified":"2022-11-04T11:39:37+00:00","mainEntityOfPage":{"@id":"https:\/\/seconci.com.br\/site\/2022\/10\/28\/encontro-de-seconcis-debate-economia-seguranca-do-trabalho-e-comunicacao-corporativa\/"},"wordCount":478,"publisher":{"@id":"https:\/\/seconci.com.br\/site\/#organization"},"image":{"@id":"https:\/\/seconci.com.br\/site\/2022\/10\/28\/encontro-de-seconcis-debate-economia-seguranca-do-trabalho-e-comunicacao-corporativa\/#primaryimage"},"thumbnailUrl":"https:\/\/seconci.com.br\/site\/wp-content\/uploads\/2022\/10\/972-2.jpg","articleSection":["Seconci Brasil"],"inLanguage":"pt-PT"},{"@type":"WebPage","@id":"https:\/\/seconci.com.br\/site\/2022\/10\/28\/encontro-de-seconcis-debate-economia-seguranca-do-trabalho-e-comunicacao-corporativa\/","url":"https:\/\/seconci.com.br\/site\/2022\/10\/28\/encontro-de-seconcis-debate-economia-seguranca-do-trabalho-e-comunicacao-corporativa\/","name":"Encontro de Seconcis debate economia, seguran\u00e7a e comunica\u00e7\u00e3o corporativa - Seconci Brasil","isPartOf":{"@id":"https:\/\/seconci.com.br\/site\/#website"},"primaryImageOfPage":{"@id":"https:\/\/seconci.com.br\/site\/2022\/10\/28\/encontro-de-seconcis-debate-economia-seguranca-do-trabalho-e-comunicacao-corporativa\/#primaryimage"},"image":{"@id":"https:\/\/seconci.com.br\/site\/2022\/10\/28\/encontro-de-seconcis-debate-economia-seguranca-do-trabalho-e-comunicacao-corporativa\/#primaryimage"},"thumbnailUrl":"https:\/\/seconci.com.br\/site\/wp-content\/uploads\/2022\/10\/972-2.jpg","datePublished":"2022-10-28T15:37:42+00:00","dateModified":"2022-11-04T11:39:37+00:00","breadcrumb":{"@id":"https:\/\/seconci.com.br\/site\/2022\/10\/28\/encontro-de-seconcis-debate-economia-seguranca-do-trabalho-e-comunicacao-corporativa\/#breadcrumb"},"inLanguage":"pt-PT","potentialAction":[{"@type":"ReadAction","target":["https:\/\/seconci.com.br\/site\/2022\/10\/28\/encontro-de-seconcis-debate-economia-seguranca-do-trabalho-e-comunicacao-corporativa\/"]}]},{"@type":"ImageObject","inLanguage":"pt-PT","@id":"https:\/\/seconci.com.br\/site\/2022\/10\/28\/encontro-de-seconcis-debate-economia-seguranca-do-trabalho-e-comunicacao-corporativa\/#primaryimage","url":"https:\/\/seconci.com.br\/site\/wp-content\/uploads\/2022\/10\/972-2.jpg","contentUrl":"https:\/\/seconci.com.br\/site\/wp-content\/uploads\/2022\/10\/972-2.jpg","width":5448,"height":2369},{"@type":"BreadcrumbList","@id":"https:\/\/seconci.com.br\/site\/2022\/10\/28\/encontro-de-seconcis-debate-economia-seguranca-do-trabalho-e-comunicacao-corporativa\/#breadcrumb","itemListElement":[{"@type":"ListItem","position":1,"name":"In\u00edcio","item":"https:\/\/seconci.com.br\/site\/"},{"@type":"ListItem","position":2,"name":"Encontro de Seconcis debate economia, seguran\u00e7a e comunica\u00e7\u00e3o corporativa"}]},{"@type":"WebSite","@id":"https:\/\/seconci.com.br\/site\/#website","url":"https:\/\/seconci.com.br\/site\/","name":"Seconci Brasil","description":"","publisher":{"@id":"https:\/\/seconci.com.br\/site\/#organization"},"potentialAction":[{"@type":"SearchAction","target":{"@type":"EntryPoint","urlTemplate":"https:\/\/seconci.com.br\/site\/?s={search_term_string}"},"query-input":{"@type":"PropertyValueSpecification","valueRequired":true,"valueName":"search_term_string"}}],"inLanguage":"pt-PT"},{"@type":"Organization","@id":"https:\/\/seconci.com.br\/site\/#organization","name":"Seconci Brasil","url":"https:\/\/seconci.com.br\/site\/","logo":{"@type":"ImageObject","inLanguage":"pt-PT","@id":"https:\/\/seconci.com.br\/site\/#\/schema\/logo\/image\/","url":"https:\/\/seconci.com.br\/site\/wp-content\/uploads\/2024\/08\/Logo-Seconci-Brasil-branca-2.png","contentUrl":"https:\/\/seconci.com.br\/site\/wp-content\/uploads\/2024\/08\/Logo-Seconci-Brasil-branca-2.png","width":1315,"height":598,"caption":"Seconci Brasil"},"image":{"@id":"https:\/\/seconci.com.br\/site\/#\/schema\/logo\/image\/"}},{"@type":"Person","@id":"https:\/\/seconci.com.br\/site\/#\/schema\/person\/1d79afd97ddc8f2c68c1e88e298aa8e2","name":"Sidney Rocha","description":"Comunicador e estagi\u00e1rio do Seconci Brasil.","url":"https:\/\/seconci.com.br\/site\/author\/sidney-rocha\/"}]}},"_links":{"self":[{"href":"https:\/\/seconci.com.br\/site\/wp-json\/wp\/v2\/posts\/12250","targetHints":{"allow":["GET"]}}],"collection":[{"href":"https:\/\/seconci.com.br\/site\/wp-json\/wp\/v2\/posts"}],"about":[{"href":"https:\/\/seconci.com.br\/site\/wp-json\/wp\/v2\/types\/post"}],"author":[{"embeddable":true,"href":"https:\/\/seconci.com.br\/site\/wp-json\/wp\/v2\/users\/3"}],"replies":[{"embeddable":true,"href":"https:\/\/seconci.com.br\/site\/wp-json\/wp\/v2\/comments?post=12250"}],"version-history":[{"count":0,"href":"https:\/\/seconci.com.br\/site\/wp-json\/wp\/v2\/posts\/12250\/revisions"}],"wp:featuredmedia":[{"embeddable":true,"href":"https:\/\/seconci.com.br\/site\/wp-json\/wp\/v2\/media\/12255"}],"wp:attachment":[{"href":"https:\/\/seconci.com.br\/site\/wp-json\/wp\/v2\/media?parent=12250"}],"wp:term":[{"taxonomy":"category","embeddable":true,"href":"https:\/\/seconci.com.br\/site\/wp-json\/wp\/v2\/categories?post=12250"},{"taxonomy":"post_tag","embeddable":true,"href":"https:\/\/seconci.com.br\/site\/wp-json\/wp\/v2\/tags?post=12250"}],"curies":[{"name":"wp","href":"https:\/\/api.w.org\/{rel}","templated":true}]}}