{"id":12486,"date":"2023-02-17T17:29:42","date_gmt":"2023-02-17T17:29:42","guid":{"rendered":"https:\/\/seconci.com.br\/site\/?p=12486"},"modified":"2023-02-17T19:24:24","modified_gmt":"2023-02-17T19:24:24","slug":"seconcis-atuam-no-combate-ao-alcoolismo-nos-canteiros-de-obras","status":"publish","type":"post","link":"https:\/\/seconci.com.br\/site\/2023\/02\/17\/seconcis-atuam-no-combate-ao-alcoolismo-nos-canteiros-de-obras\/","title":{"rendered":"Seconcis atuam no combate ao alcoolismo nos canteiros de obras"},"content":{"rendered":"<p><em>Em alus\u00e3o ao Dia Nacional de Combate \u00e0 doen\u00e7a, entidades refor\u00e7am campanhas nos canteiros e de conscientiza\u00e7\u00e3o aos trabalhadores<\/em><\/p>\n<p>&nbsp;<\/p>\n<p>Assessoria de Comunica\u00e7\u00e3o Social do Seconci Brasil<\/p>\n<p>O Dia Nacional de Combate ao Alcoolismo \u00e9 comemorado em 18 de fevereiro e refor\u00e7a a import\u00e2ncia de campanhas de combate e preven\u00e7\u00e3o ao consumo de bebidas alco\u00f3licas. Esse cuidado, dentro do setor da constru\u00e7\u00e3o civil, tem sido feito pelas Servi\u00e7os Sociais da Ind\u00fastria da Constru\u00e7\u00e3o (SECONCIs). A data foi institu\u00edda pela Organiza\u00e7\u00e3o Mundial da Sa\u00fade (OMS) se tornando um momento oportuno para que se fale sobre o assunto e quando procurar ajuda de especialistas para casos de consumo extremos.<\/p>\n<p>O SECONCI Joinville realiza palestras nos canteiros de obras com \u00eanfase na qualidade de vida, sa\u00fade e seguran\u00e7a. \u201cA melhor forma de conseguir resultados positivos \u00e9 a preven\u00e7\u00e3o desta doen\u00e7a t\u00e3o alarmante no mundo atual. Por essa raz\u00e3o, atuamos nos canteiros com a finalidade de promover cada vez mais a qualidade de vida aos trabalhadores\u201d, explica a enfermeira da entidade, Beatriz Saryane Rengel.<\/p>\n<p>As \u00e1reas de medicina e de servi\u00e7o social dos SECONCIs trabalham juntas para o diagn\u00f3stico da doen\u00e7a. Tanto um quanto o outro, s\u00e3o fundamentais para o diagn\u00f3stico e encaminhamentos necess\u00e1rios. \u00a0\u201cOs sinais da doen\u00e7a s\u00e3o caracterizados por tontura, tremores, v\u00f4mitos, perdas de consci\u00eancia, ansiedade, agita\u00e7\u00e3o, dor de est\u00f4mago, agressividade, podendo se agravar para hepatite alco\u00f3lica, pancreatite, desnutri\u00e7\u00e3o, les\u00f5es em nervos, entre outros\u201d, explica Tony Teixeira, m\u00e9dico do SECONCI-DF.<\/p>\n<figure id=\"attachment_12473\" aria-describedby=\"caption-attachment-12473\" style=\"width: 640px\" class=\"wp-caption aligncenter\"><img fetchpriority=\"high\" decoding=\"async\" class=\"wp-image-12473 size-large\" src=\"http:\/\/seconci.com.br\/site\/wp-content\/uploads\/2023\/02\/DSC_0806-1536x1024-1024x683.jpg\" alt=\"\" width=\"640\" height=\"427\" srcset=\"https:\/\/seconci.com.br\/site\/wp-content\/uploads\/2023\/02\/DSC_0806-1536x1024-1024x683.jpg 1024w, https:\/\/seconci.com.br\/site\/wp-content\/uploads\/2023\/02\/DSC_0806-1536x1024-300x200.jpg 300w, https:\/\/seconci.com.br\/site\/wp-content\/uploads\/2023\/02\/DSC_0806-1536x1024-768x512.jpg 768w, https:\/\/seconci.com.br\/site\/wp-content\/uploads\/2023\/02\/DSC_0806-1536x1024-600x400.jpg 600w, https:\/\/seconci.com.br\/site\/wp-content\/uploads\/2023\/02\/DSC_0806-1536x1024.jpg 1536w\" sizes=\"(max-width: 640px) 100vw, 640px\" \/><figcaption id=\"caption-attachment-12473\" class=\"wp-caption-text\">Assistente social do Seconci promove palestra sobre alcoolismo em canteiro de obra do DF<\/figcaption><\/figure>\n<p>Em Minas Gerais, al\u00e9m das palestras, o SECONCI promove a conscientiza\u00e7\u00e3o atrav\u00e9s de pe\u00e7as teatrais que s\u00e3o realizadas por meio de esquetes c\u00eanicas. \u201cNossas palestras s\u00e3o ministradas por profissionais da \u00e1rea m\u00e9dica e as encena\u00e7\u00f5es por grupos parceiros, com apoio do servi\u00e7o social. Estas a\u00e7\u00f5es sempre suscitam depoimentos espont\u00e2neos e participativos dos ouvintes. Al\u00e9m disso, j\u00e1 tivemos abordagens do assunto por membros dos profissionais do Alco\u00f3licos An\u00f4nimos (AA)\u201d, fala Sylvia Helena Costa, supervisora do departamento de servi\u00e7o social do SECONCI-MG.<\/p>\n<p>Em S\u00e3o Paulo, todas as regionais do SECONCI promovem palestras sobre o tema indo at\u00e9 os ambientes de trabalho como forma de alertar os trabalhadores sobre os perigos do alcoolismo. Da mesma forma, no Rio de Janeiro as interven\u00e7\u00f5es s\u00e3o feitas por meio do servi\u00e7o social oferecendo orienta\u00e7\u00e3o aos trabalhadores, com abordagens educativas sobre como lidar com o alcoolismo. J\u00e1 o SECONCI Paran\u00e1, em parceria com o (AA), oferece, de forma gratuita, palestras de orienta\u00e7\u00e3o para empresas associadas.<\/p>\n<p>Al\u00e9m dos SECONCIs citados, todos os demais possuem servi\u00e7os assistenciais que podem ser o caminho de liberta\u00e7\u00e3o do v\u00edcio e de ajuda ao trabalhador da constru\u00e7\u00e3o que necessita. Se voc\u00ea n\u00e3o conhece o trabalho do Servi\u00e7o Social da Ind\u00fastria da Constru\u00e7\u00e3o, acesse <a href=\"http:\/\/www.seconci.com.br\">www.seconci.com.br<\/a> e veja qual \u00e9 o mais pr\u00f3ximo da sua casa. Se trabalha na constru\u00e7\u00e3o, utilize nossos servi\u00e7os.<\/p>\n","protected":false},"excerpt":{"rendered":"<p>Em alus\u00e3o ao Dia Nacional de Combate \u00e0 doen\u00e7a, entidades refor\u00e7am campanhas nos canteiros e de conscientiza\u00e7\u00e3o aos trabalhadores &nbsp; Assessoria de Comunica\u00e7\u00e3o Social do Seconci Brasil O Dia Nacional de Combate ao Alcoolismo \u00e9 comemorado em 18 de fevereiro e refor\u00e7a a import\u00e2ncia de campanhas de combate e preven\u00e7\u00e3o ao consumo de bebidas alco\u00f3licas. [&hellip;]<\/p>\n","protected":false},"author":3,"featured_media":12488,"comment_status":"closed","ping_status":"closed","sticky":false,"template":"","format":"standard","meta":{"footnotes":""},"categories":[92],"tags":[],"class_list":["post-12486","post","type-post","status-publish","format-standard","has-post-thumbnail","hentry","category-seconci-brasil"],"yoast_head":"<!-- This site is optimized with the Yoast SEO plugin v26.9 - https:\/\/yoast.com\/product\/yoast-seo-wordpress\/ -->\n<title>Seconcis atuam no combate ao alcoolismo nos canteiros de obras - Seconci Brasil<\/title>\n<meta name=\"robots\" content=\"index, follow, max-snippet:-1, max-image-preview:large, max-video-preview:-1\" \/>\n<link rel=\"canonical\" href=\"https:\/\/seconci.com.br\/site\/2023\/02\/17\/seconcis-atuam-no-combate-ao-alcoolismo-nos-canteiros-de-obras\/\" \/>\n<meta property=\"og:locale\" content=\"pt_PT\" \/>\n<meta property=\"og:type\" content=\"article\" \/>\n<meta property=\"og:title\" content=\"Seconcis atuam no combate ao alcoolismo nos canteiros de obras - Seconci Brasil\" \/>\n<meta property=\"og:description\" content=\"Em alus\u00e3o ao Dia Nacional de Combate \u00e0 doen\u00e7a, entidades refor\u00e7am campanhas nos canteiros e de conscientiza\u00e7\u00e3o aos trabalhadores &nbsp; Assessoria de Comunica\u00e7\u00e3o Social do Seconci Brasil O Dia Nacional de Combate ao Alcoolismo \u00e9 comemorado em 18 de fevereiro e refor\u00e7a a import\u00e2ncia de campanhas de combate e preven\u00e7\u00e3o ao consumo de bebidas alco\u00f3licas. [&hellip;]\" \/>\n<meta property=\"og:url\" content=\"https:\/\/seconci.com.br\/site\/2023\/02\/17\/seconcis-atuam-no-combate-ao-alcoolismo-nos-canteiros-de-obras\/\" \/>\n<meta property=\"og:site_name\" content=\"Seconci Brasil\" \/>\n<meta property=\"article:published_time\" content=\"2023-02-17T17:29:42+00:00\" \/>\n<meta property=\"article:modified_time\" content=\"2023-02-17T19:24:24+00:00\" \/>\n<meta property=\"og:image\" content=\"https:\/\/seconci.com.br\/site\/wp-content\/uploads\/2023\/02\/WhatsApp-Image-2023-02-17-at-11.06.23.jpeg\" \/>\n\t<meta property=\"og:image:width\" content=\"1600\" \/>\n\t<meta property=\"og:image:height\" content=\"1200\" \/>\n\t<meta property=\"og:image:type\" content=\"image\/jpeg\" \/>\n<meta name=\"author\" content=\"Sidney Rocha\" \/>\n<meta name=\"twitter:card\" content=\"summary_large_image\" \/>\n<meta name=\"twitter:label1\" content=\"Escrito por\" \/>\n\t<meta name=\"twitter:data1\" content=\"Sidney Rocha\" \/>\n\t<meta name=\"twitter:label2\" content=\"Tempo estimado de leitura\" \/>\n\t<meta name=\"twitter:data2\" content=\"3 minutos\" \/>\n<script type=\"application\/ld+json\" class=\"yoast-schema-graph\">{\"@context\":\"https:\/\/schema.org\",\"@graph\":[{\"@type\":\"Article\",\"@id\":\"https:\/\/seconci.com.br\/site\/2023\/02\/17\/seconcis-atuam-no-combate-ao-alcoolismo-nos-canteiros-de-obras\/#article\",\"isPartOf\":{\"@id\":\"https:\/\/seconci.com.br\/site\/2023\/02\/17\/seconcis-atuam-no-combate-ao-alcoolismo-nos-canteiros-de-obras\/\"},\"author\":{\"name\":\"Sidney Rocha\",\"@id\":\"https:\/\/seconci.com.br\/site\/#\/schema\/person\/1d79afd97ddc8f2c68c1e88e298aa8e2\"},\"headline\":\"Seconcis atuam no combate ao alcoolismo nos canteiros de obras\",\"datePublished\":\"2023-02-17T17:29:42+00:00\",\"dateModified\":\"2023-02-17T19:24:24+00:00\",\"mainEntityOfPage\":{\"@id\":\"https:\/\/seconci.com.br\/site\/2023\/02\/17\/seconcis-atuam-no-combate-ao-alcoolismo-nos-canteiros-de-obras\/\"},\"wordCount\":557,\"publisher\":{\"@id\":\"https:\/\/seconci.com.br\/site\/#organization\"},\"image\":{\"@id\":\"https:\/\/seconci.com.br\/site\/2023\/02\/17\/seconcis-atuam-no-combate-ao-alcoolismo-nos-canteiros-de-obras\/#primaryimage\"},\"thumbnailUrl\":\"https:\/\/seconci.com.br\/site\/wp-content\/uploads\/2023\/02\/WhatsApp-Image-2023-02-17-at-11.06.23.jpeg\",\"articleSection\":[\"Seconci Brasil\"],\"inLanguage\":\"pt-PT\"},{\"@type\":\"WebPage\",\"@id\":\"https:\/\/seconci.com.br\/site\/2023\/02\/17\/seconcis-atuam-no-combate-ao-alcoolismo-nos-canteiros-de-obras\/\",\"url\":\"https:\/\/seconci.com.br\/site\/2023\/02\/17\/seconcis-atuam-no-combate-ao-alcoolismo-nos-canteiros-de-obras\/\",\"name\":\"Seconcis atuam no combate ao alcoolismo nos canteiros de obras - Seconci Brasil\",\"isPartOf\":{\"@id\":\"https:\/\/seconci.com.br\/site\/#website\"},\"primaryImageOfPage\":{\"@id\":\"https:\/\/seconci.com.br\/site\/2023\/02\/17\/seconcis-atuam-no-combate-ao-alcoolismo-nos-canteiros-de-obras\/#primaryimage\"},\"image\":{\"@id\":\"https:\/\/seconci.com.br\/site\/2023\/02\/17\/seconcis-atuam-no-combate-ao-alcoolismo-nos-canteiros-de-obras\/#primaryimage\"},\"thumbnailUrl\":\"https:\/\/seconci.com.br\/site\/wp-content\/uploads\/2023\/02\/WhatsApp-Image-2023-02-17-at-11.06.23.jpeg\",\"datePublished\":\"2023-02-17T17:29:42+00:00\",\"dateModified\":\"2023-02-17T19:24:24+00:00\",\"breadcrumb\":{\"@id\":\"https:\/\/seconci.com.br\/site\/2023\/02\/17\/seconcis-atuam-no-combate-ao-alcoolismo-nos-canteiros-de-obras\/#breadcrumb\"},\"inLanguage\":\"pt-PT\",\"potentialAction\":[{\"@type\":\"ReadAction\",\"target\":[\"https:\/\/seconci.com.br\/site\/2023\/02\/17\/seconcis-atuam-no-combate-ao-alcoolismo-nos-canteiros-de-obras\/\"]}]},{\"@type\":\"ImageObject\",\"inLanguage\":\"pt-PT\",\"@id\":\"https:\/\/seconci.com.br\/site\/2023\/02\/17\/seconcis-atuam-no-combate-ao-alcoolismo-nos-canteiros-de-obras\/#primaryimage\",\"url\":\"https:\/\/seconci.com.br\/site\/wp-content\/uploads\/2023\/02\/WhatsApp-Image-2023-02-17-at-11.06.23.jpeg\",\"contentUrl\":\"https:\/\/seconci.com.br\/site\/wp-content\/uploads\/2023\/02\/WhatsApp-Image-2023-02-17-at-11.06.23.jpeg\",\"width\":1600,\"height\":1200},{\"@type\":\"BreadcrumbList\",\"@id\":\"https:\/\/seconci.com.br\/site\/2023\/02\/17\/seconcis-atuam-no-combate-ao-alcoolismo-nos-canteiros-de-obras\/#breadcrumb\",\"itemListElement\":[{\"@type\":\"ListItem\",\"position\":1,\"name\":\"In\u00edcio\",\"item\":\"https:\/\/seconci.com.br\/site\/\"},{\"@type\":\"ListItem\",\"position\":2,\"name\":\"Seconcis atuam no combate ao alcoolismo nos canteiros de obras\"}]},{\"@type\":\"WebSite\",\"@id\":\"https:\/\/seconci.com.br\/site\/#website\",\"url\":\"https:\/\/seconci.com.br\/site\/\",\"name\":\"Seconci Brasil\",\"description\":\"\",\"publisher\":{\"@id\":\"https:\/\/seconci.com.br\/site\/#organization\"},\"potentialAction\":[{\"@type\":\"SearchAction\",\"target\":{\"@type\":\"EntryPoint\",\"urlTemplate\":\"https:\/\/seconci.com.br\/site\/?s={search_term_string}\"},\"query-input\":{\"@type\":\"PropertyValueSpecification\",\"valueRequired\":true,\"valueName\":\"search_term_string\"}}],\"inLanguage\":\"pt-PT\"},{\"@type\":\"Organization\",\"@id\":\"https:\/\/seconci.com.br\/site\/#organization\",\"name\":\"Seconci Brasil\",\"url\":\"https:\/\/seconci.com.br\/site\/\",\"logo\":{\"@type\":\"ImageObject\",\"inLanguage\":\"pt-PT\",\"@id\":\"https:\/\/seconci.com.br\/site\/#\/schema\/logo\/image\/\",\"url\":\"https:\/\/seconci.com.br\/site\/wp-content\/uploads\/2024\/08\/Logo-Seconci-Brasil-branca-2.png\",\"contentUrl\":\"https:\/\/seconci.com.br\/site\/wp-content\/uploads\/2024\/08\/Logo-Seconci-Brasil-branca-2.png\",\"width\":1315,\"height\":598,\"caption\":\"Seconci Brasil\"},\"image\":{\"@id\":\"https:\/\/seconci.com.br\/site\/#\/schema\/logo\/image\/\"}},{\"@type\":\"Person\",\"@id\":\"https:\/\/seconci.com.br\/site\/#\/schema\/person\/1d79afd97ddc8f2c68c1e88e298aa8e2\",\"name\":\"Sidney Rocha\",\"description\":\"Comunicador e estagi\u00e1rio do Seconci Brasil.\",\"url\":\"https:\/\/seconci.com.br\/site\/author\/sidney-rocha\/\"}]}<\/script>\n<!-- \/ Yoast SEO plugin. -->","yoast_head_json":{"title":"Seconcis atuam no combate ao alcoolismo nos canteiros de obras - Seconci Brasil","robots":{"index":"index","follow":"follow","max-snippet":"max-snippet:-1","max-image-preview":"max-image-preview:large","max-video-preview":"max-video-preview:-1"},"canonical":"https:\/\/seconci.com.br\/site\/2023\/02\/17\/seconcis-atuam-no-combate-ao-alcoolismo-nos-canteiros-de-obras\/","og_locale":"pt_PT","og_type":"article","og_title":"Seconcis atuam no combate ao alcoolismo nos canteiros de obras - Seconci Brasil","og_description":"Em alus\u00e3o ao Dia Nacional de Combate \u00e0 doen\u00e7a, entidades refor\u00e7am campanhas nos canteiros e de conscientiza\u00e7\u00e3o aos trabalhadores &nbsp; Assessoria de Comunica\u00e7\u00e3o Social do Seconci Brasil O Dia Nacional de Combate ao Alcoolismo \u00e9 comemorado em 18 de fevereiro e refor\u00e7a a import\u00e2ncia de campanhas de combate e preven\u00e7\u00e3o ao consumo de bebidas alco\u00f3licas. [&hellip;]","og_url":"https:\/\/seconci.com.br\/site\/2023\/02\/17\/seconcis-atuam-no-combate-ao-alcoolismo-nos-canteiros-de-obras\/","og_site_name":"Seconci Brasil","article_published_time":"2023-02-17T17:29:42+00:00","article_modified_time":"2023-02-17T19:24:24+00:00","og_image":[{"width":1600,"height":1200,"url":"https:\/\/seconci.com.br\/site\/wp-content\/uploads\/2023\/02\/WhatsApp-Image-2023-02-17-at-11.06.23.jpeg","type":"image\/jpeg"}],"author":"Sidney Rocha","twitter_card":"summary_large_image","twitter_misc":{"Escrito por":"Sidney Rocha","Tempo estimado de leitura":"3 minutos"},"schema":{"@context":"https:\/\/schema.org","@graph":[{"@type":"Article","@id":"https:\/\/seconci.com.br\/site\/2023\/02\/17\/seconcis-atuam-no-combate-ao-alcoolismo-nos-canteiros-de-obras\/#article","isPartOf":{"@id":"https:\/\/seconci.com.br\/site\/2023\/02\/17\/seconcis-atuam-no-combate-ao-alcoolismo-nos-canteiros-de-obras\/"},"author":{"name":"Sidney Rocha","@id":"https:\/\/seconci.com.br\/site\/#\/schema\/person\/1d79afd97ddc8f2c68c1e88e298aa8e2"},"headline":"Seconcis atuam no combate ao alcoolismo nos canteiros de obras","datePublished":"2023-02-17T17:29:42+00:00","dateModified":"2023-02-17T19:24:24+00:00","mainEntityOfPage":{"@id":"https:\/\/seconci.com.br\/site\/2023\/02\/17\/seconcis-atuam-no-combate-ao-alcoolismo-nos-canteiros-de-obras\/"},"wordCount":557,"publisher":{"@id":"https:\/\/seconci.com.br\/site\/#organization"},"image":{"@id":"https:\/\/seconci.com.br\/site\/2023\/02\/17\/seconcis-atuam-no-combate-ao-alcoolismo-nos-canteiros-de-obras\/#primaryimage"},"thumbnailUrl":"https:\/\/seconci.com.br\/site\/wp-content\/uploads\/2023\/02\/WhatsApp-Image-2023-02-17-at-11.06.23.jpeg","articleSection":["Seconci Brasil"],"inLanguage":"pt-PT"},{"@type":"WebPage","@id":"https:\/\/seconci.com.br\/site\/2023\/02\/17\/seconcis-atuam-no-combate-ao-alcoolismo-nos-canteiros-de-obras\/","url":"https:\/\/seconci.com.br\/site\/2023\/02\/17\/seconcis-atuam-no-combate-ao-alcoolismo-nos-canteiros-de-obras\/","name":"Seconcis atuam no combate ao alcoolismo nos canteiros de obras - Seconci Brasil","isPartOf":{"@id":"https:\/\/seconci.com.br\/site\/#website"},"primaryImageOfPage":{"@id":"https:\/\/seconci.com.br\/site\/2023\/02\/17\/seconcis-atuam-no-combate-ao-alcoolismo-nos-canteiros-de-obras\/#primaryimage"},"image":{"@id":"https:\/\/seconci.com.br\/site\/2023\/02\/17\/seconcis-atuam-no-combate-ao-alcoolismo-nos-canteiros-de-obras\/#primaryimage"},"thumbnailUrl":"https:\/\/seconci.com.br\/site\/wp-content\/uploads\/2023\/02\/WhatsApp-Image-2023-02-17-at-11.06.23.jpeg","datePublished":"2023-02-17T17:29:42+00:00","dateModified":"2023-02-17T19:24:24+00:00","breadcrumb":{"@id":"https:\/\/seconci.com.br\/site\/2023\/02\/17\/seconcis-atuam-no-combate-ao-alcoolismo-nos-canteiros-de-obras\/#breadcrumb"},"inLanguage":"pt-PT","potentialAction":[{"@type":"ReadAction","target":["https:\/\/seconci.com.br\/site\/2023\/02\/17\/seconcis-atuam-no-combate-ao-alcoolismo-nos-canteiros-de-obras\/"]}]},{"@type":"ImageObject","inLanguage":"pt-PT","@id":"https:\/\/seconci.com.br\/site\/2023\/02\/17\/seconcis-atuam-no-combate-ao-alcoolismo-nos-canteiros-de-obras\/#primaryimage","url":"https:\/\/seconci.com.br\/site\/wp-content\/uploads\/2023\/02\/WhatsApp-Image-2023-02-17-at-11.06.23.jpeg","contentUrl":"https:\/\/seconci.com.br\/site\/wp-content\/uploads\/2023\/02\/WhatsApp-Image-2023-02-17-at-11.06.23.jpeg","width":1600,"height":1200},{"@type":"BreadcrumbList","@id":"https:\/\/seconci.com.br\/site\/2023\/02\/17\/seconcis-atuam-no-combate-ao-alcoolismo-nos-canteiros-de-obras\/#breadcrumb","itemListElement":[{"@type":"ListItem","position":1,"name":"In\u00edcio","item":"https:\/\/seconci.com.br\/site\/"},{"@type":"ListItem","position":2,"name":"Seconcis atuam no combate ao alcoolismo nos canteiros de obras"}]},{"@type":"WebSite","@id":"https:\/\/seconci.com.br\/site\/#website","url":"https:\/\/seconci.com.br\/site\/","name":"Seconci Brasil","description":"","publisher":{"@id":"https:\/\/seconci.com.br\/site\/#organization"},"potentialAction":[{"@type":"SearchAction","target":{"@type":"EntryPoint","urlTemplate":"https:\/\/seconci.com.br\/site\/?s={search_term_string}"},"query-input":{"@type":"PropertyValueSpecification","valueRequired":true,"valueName":"search_term_string"}}],"inLanguage":"pt-PT"},{"@type":"Organization","@id":"https:\/\/seconci.com.br\/site\/#organization","name":"Seconci Brasil","url":"https:\/\/seconci.com.br\/site\/","logo":{"@type":"ImageObject","inLanguage":"pt-PT","@id":"https:\/\/seconci.com.br\/site\/#\/schema\/logo\/image\/","url":"https:\/\/seconci.com.br\/site\/wp-content\/uploads\/2024\/08\/Logo-Seconci-Brasil-branca-2.png","contentUrl":"https:\/\/seconci.com.br\/site\/wp-content\/uploads\/2024\/08\/Logo-Seconci-Brasil-branca-2.png","width":1315,"height":598,"caption":"Seconci Brasil"},"image":{"@id":"https:\/\/seconci.com.br\/site\/#\/schema\/logo\/image\/"}},{"@type":"Person","@id":"https:\/\/seconci.com.br\/site\/#\/schema\/person\/1d79afd97ddc8f2c68c1e88e298aa8e2","name":"Sidney Rocha","description":"Comunicador e estagi\u00e1rio do Seconci Brasil.","url":"https:\/\/seconci.com.br\/site\/author\/sidney-rocha\/"}]}},"_links":{"self":[{"href":"https:\/\/seconci.com.br\/site\/wp-json\/wp\/v2\/posts\/12486","targetHints":{"allow":["GET"]}}],"collection":[{"href":"https:\/\/seconci.com.br\/site\/wp-json\/wp\/v2\/posts"}],"about":[{"href":"https:\/\/seconci.com.br\/site\/wp-json\/wp\/v2\/types\/post"}],"author":[{"embeddable":true,"href":"https:\/\/seconci.com.br\/site\/wp-json\/wp\/v2\/users\/3"}],"replies":[{"embeddable":true,"href":"https:\/\/seconci.com.br\/site\/wp-json\/wp\/v2\/comments?post=12486"}],"version-history":[{"count":0,"href":"https:\/\/seconci.com.br\/site\/wp-json\/wp\/v2\/posts\/12486\/revisions"}],"wp:featuredmedia":[{"embeddable":true,"href":"https:\/\/seconci.com.br\/site\/wp-json\/wp\/v2\/media\/12488"}],"wp:attachment":[{"href":"https:\/\/seconci.com.br\/site\/wp-json\/wp\/v2\/media?parent=12486"}],"wp:term":[{"taxonomy":"category","embeddable":true,"href":"https:\/\/seconci.com.br\/site\/wp-json\/wp\/v2\/categories?post=12486"},{"taxonomy":"post_tag","embeddable":true,"href":"https:\/\/seconci.com.br\/site\/wp-json\/wp\/v2\/tags?post=12486"}],"curies":[{"name":"wp","href":"https:\/\/api.w.org\/{rel}","templated":true}]}}