{"id":12667,"date":"2023-03-29T13:08:46","date_gmt":"2023-03-29T13:08:46","guid":{"rendered":"https:\/\/seconci.com.br\/site\/?p=12667"},"modified":"2023-03-29T13:08:46","modified_gmt":"2023-03-29T13:08:46","slug":"seconci-brasil-promove-evento-sobre-comunicacao-corporativa","status":"publish","type":"post","link":"https:\/\/seconci.com.br\/site\/2023\/03\/29\/seconci-brasil-promove-evento-sobre-comunicacao-corporativa\/","title":{"rendered":"Seconci Brasil promove evento sobre comunica\u00e7\u00e3o corporativa"},"content":{"rendered":"<p><em>Live faz parte das a\u00e7\u00f5es programadas para o ano de 2023 com debates em v\u00e1rios temas ao longo dos pr\u00f3ximos meses<\/em><\/p>\n<p>A Associa\u00e7\u00e3o Seconci Brasil promoveu nesta ter\u00e7a-feira, 28 de mar\u00e7o, a <em>live<\/em> Por Dentro de um Plano de Comunica\u00e7\u00e3o, com representantes da Pontes Comunica\u00e7\u00e3o. O evento contou com a participa\u00e7\u00e3o da s\u00f3cia-diretora da Pontes, Ana Cl\u00e1udia Gomes, al\u00e9m da diretora de arte, Mariana Pontes; da respons\u00e1vel por projetos especiais, Luiza Caxiano e a <em>social media<\/em> Julia Chaves.<\/p>\n<p>Ana Cl\u00e1udia tem vasta experi\u00eancia com constru\u00e7\u00e3o civil, tendo trabalhado no Sinduscon e Seconci-RIO e, atualmente, \u00e9 presidente da Comiss\u00e3o de Responsabilidade Social da C\u00e2mara Brasileira da Ind\u00fastria da Constru\u00e7\u00e3o (CRS\/CBIC). \u201cCom as mudan\u00e7as no universo da comunica\u00e7\u00e3o, a comunica\u00e7\u00e3o de dez, 15 anos atr\u00e1s, n\u00e3o \u00e9 mais a mesma dos dias atuais. \u00c9 importante ter o conhecimento e otimizar as oportunidades do mundo digital em benef\u00edcio dos servi\u00e7os oferecidos\u201d, explica Ana Cl\u00e1udia Gomes, s\u00f3cia-diretora da Pontes Comunica\u00e7\u00e3o.<\/p>\n<p>Representando o Seconci Brasil, participou do evento, a gerente executiva Denise Noleto. Ela agradeceu a participa\u00e7\u00e3o de todos e refor\u00e7ou a import\u00e2ncia de que esses encontros se tornem rotina para que mais assuntos possam ser debatidos e, assim, possamos melhorar o trabalho de todos por meio dos exemplos. \u201cFoi uma tarde muito agrad\u00e1vel e de bastante conhecimento. Nosso objetivo \u00e9 proporcionar mais encontros como esse e disseminar conhecimentos em todas as \u00e1reas dos Seconcis \u201d, disse Denise.<\/p>\n<p>O superintendente do Seconci Goi\u00e1s, Wellington Guimar\u00e3es, esteve presente no evento e ressaltou o desafio de fazer com que a comunica\u00e7\u00e3o aconte\u00e7a. \u201cA pauta da comunica\u00e7\u00e3o \u00e9 uma das que eu mais gosto no universo da gest\u00e3o e sei das dificuldades, por exemplo, para gerar conte\u00fado com poucos recursos humanos. Ent\u00e3o, eventos como esse agregam mais conhecimento e assertividade ao processo\u201d, finalizou Wellington.<\/p>\n","protected":false},"excerpt":{"rendered":"<p>Live faz parte das a\u00e7\u00f5es programadas para o ano de 2023 com debates em v\u00e1rios temas ao longo dos pr\u00f3ximos meses A Associa\u00e7\u00e3o Seconci Brasil promoveu nesta ter\u00e7a-feira, 28 de mar\u00e7o, a live Por Dentro de um Plano de Comunica\u00e7\u00e3o, com representantes da Pontes Comunica\u00e7\u00e3o. O evento contou com a participa\u00e7\u00e3o da s\u00f3cia-diretora da Pontes, [&hellip;]<\/p>\n","protected":false},"author":3,"featured_media":12668,"comment_status":"closed","ping_status":"closed","sticky":false,"template":"","format":"standard","meta":{"footnotes":""},"categories":[92],"tags":[],"class_list":["post-12667","post","type-post","status-publish","format-standard","has-post-thumbnail","hentry","category-seconci-brasil"],"yoast_head":"<!-- This site is optimized with the Yoast SEO plugin v26.9 - https:\/\/yoast.com\/product\/yoast-seo-wordpress\/ -->\n<title>Seconci Brasil promove evento sobre comunica\u00e7\u00e3o corporativa - Seconci Brasil<\/title>\n<meta name=\"robots\" content=\"index, follow, max-snippet:-1, max-image-preview:large, max-video-preview:-1\" \/>\n<link rel=\"canonical\" href=\"https:\/\/seconci.com.br\/site\/2023\/03\/29\/seconci-brasil-promove-evento-sobre-comunicacao-corporativa\/\" \/>\n<meta property=\"og:locale\" content=\"pt_PT\" \/>\n<meta property=\"og:type\" content=\"article\" \/>\n<meta property=\"og:title\" content=\"Seconci Brasil promove evento sobre comunica\u00e7\u00e3o corporativa - Seconci Brasil\" \/>\n<meta property=\"og:description\" content=\"Live faz parte das a\u00e7\u00f5es programadas para o ano de 2023 com debates em v\u00e1rios temas ao longo dos pr\u00f3ximos meses A Associa\u00e7\u00e3o Seconci Brasil promoveu nesta ter\u00e7a-feira, 28 de mar\u00e7o, a live Por Dentro de um Plano de Comunica\u00e7\u00e3o, com representantes da Pontes Comunica\u00e7\u00e3o. O evento contou com a participa\u00e7\u00e3o da s\u00f3cia-diretora da Pontes, [&hellip;]\" \/>\n<meta property=\"og:url\" content=\"https:\/\/seconci.com.br\/site\/2023\/03\/29\/seconci-brasil-promove-evento-sobre-comunicacao-corporativa\/\" \/>\n<meta property=\"og:site_name\" content=\"Seconci Brasil\" \/>\n<meta property=\"article:published_time\" content=\"2023-03-29T13:08:46+00:00\" \/>\n<meta property=\"og:image\" content=\"https:\/\/seconci.com.br\/site\/wp-content\/uploads\/2023\/03\/Colagem-de-fotos.png\" \/>\n\t<meta property=\"og:image:width\" content=\"1080\" \/>\n\t<meta property=\"og:image:height\" content=\"1080\" \/>\n\t<meta property=\"og:image:type\" content=\"image\/png\" \/>\n<meta name=\"author\" content=\"Sidney Rocha\" \/>\n<meta name=\"twitter:card\" content=\"summary_large_image\" \/>\n<meta name=\"twitter:label1\" content=\"Escrito por\" \/>\n\t<meta name=\"twitter:data1\" content=\"Sidney Rocha\" \/>\n\t<meta name=\"twitter:label2\" content=\"Tempo estimado de leitura\" \/>\n\t<meta name=\"twitter:data2\" content=\"2 minutos\" \/>\n<script type=\"application\/ld+json\" class=\"yoast-schema-graph\">{\"@context\":\"https:\/\/schema.org\",\"@graph\":[{\"@type\":\"Article\",\"@id\":\"https:\/\/seconci.com.br\/site\/2023\/03\/29\/seconci-brasil-promove-evento-sobre-comunicacao-corporativa\/#article\",\"isPartOf\":{\"@id\":\"https:\/\/seconci.com.br\/site\/2023\/03\/29\/seconci-brasil-promove-evento-sobre-comunicacao-corporativa\/\"},\"author\":{\"name\":\"Sidney Rocha\",\"@id\":\"https:\/\/seconci.com.br\/site\/#\/schema\/person\/1d79afd97ddc8f2c68c1e88e298aa8e2\"},\"headline\":\"Seconci Brasil promove evento sobre comunica\u00e7\u00e3o corporativa\",\"datePublished\":\"2023-03-29T13:08:46+00:00\",\"mainEntityOfPage\":{\"@id\":\"https:\/\/seconci.com.br\/site\/2023\/03\/29\/seconci-brasil-promove-evento-sobre-comunicacao-corporativa\/\"},\"wordCount\":338,\"publisher\":{\"@id\":\"https:\/\/seconci.com.br\/site\/#organization\"},\"image\":{\"@id\":\"https:\/\/seconci.com.br\/site\/2023\/03\/29\/seconci-brasil-promove-evento-sobre-comunicacao-corporativa\/#primaryimage\"},\"thumbnailUrl\":\"https:\/\/seconci.com.br\/site\/wp-content\/uploads\/2023\/03\/Colagem-de-fotos.png\",\"articleSection\":[\"Seconci Brasil\"],\"inLanguage\":\"pt-PT\"},{\"@type\":\"WebPage\",\"@id\":\"https:\/\/seconci.com.br\/site\/2023\/03\/29\/seconci-brasil-promove-evento-sobre-comunicacao-corporativa\/\",\"url\":\"https:\/\/seconci.com.br\/site\/2023\/03\/29\/seconci-brasil-promove-evento-sobre-comunicacao-corporativa\/\",\"name\":\"Seconci Brasil promove evento sobre comunica\u00e7\u00e3o corporativa - Seconci Brasil\",\"isPartOf\":{\"@id\":\"https:\/\/seconci.com.br\/site\/#website\"},\"primaryImageOfPage\":{\"@id\":\"https:\/\/seconci.com.br\/site\/2023\/03\/29\/seconci-brasil-promove-evento-sobre-comunicacao-corporativa\/#primaryimage\"},\"image\":{\"@id\":\"https:\/\/seconci.com.br\/site\/2023\/03\/29\/seconci-brasil-promove-evento-sobre-comunicacao-corporativa\/#primaryimage\"},\"thumbnailUrl\":\"https:\/\/seconci.com.br\/site\/wp-content\/uploads\/2023\/03\/Colagem-de-fotos.png\",\"datePublished\":\"2023-03-29T13:08:46+00:00\",\"breadcrumb\":{\"@id\":\"https:\/\/seconci.com.br\/site\/2023\/03\/29\/seconci-brasil-promove-evento-sobre-comunicacao-corporativa\/#breadcrumb\"},\"inLanguage\":\"pt-PT\",\"potentialAction\":[{\"@type\":\"ReadAction\",\"target\":[\"https:\/\/seconci.com.br\/site\/2023\/03\/29\/seconci-brasil-promove-evento-sobre-comunicacao-corporativa\/\"]}]},{\"@type\":\"ImageObject\",\"inLanguage\":\"pt-PT\",\"@id\":\"https:\/\/seconci.com.br\/site\/2023\/03\/29\/seconci-brasil-promove-evento-sobre-comunicacao-corporativa\/#primaryimage\",\"url\":\"https:\/\/seconci.com.br\/site\/wp-content\/uploads\/2023\/03\/Colagem-de-fotos.png\",\"contentUrl\":\"https:\/\/seconci.com.br\/site\/wp-content\/uploads\/2023\/03\/Colagem-de-fotos.png\",\"width\":1080,\"height\":1080},{\"@type\":\"BreadcrumbList\",\"@id\":\"https:\/\/seconci.com.br\/site\/2023\/03\/29\/seconci-brasil-promove-evento-sobre-comunicacao-corporativa\/#breadcrumb\",\"itemListElement\":[{\"@type\":\"ListItem\",\"position\":1,\"name\":\"In\u00edcio\",\"item\":\"https:\/\/seconci.com.br\/site\/\"},{\"@type\":\"ListItem\",\"position\":2,\"name\":\"Seconci Brasil promove evento sobre comunica\u00e7\u00e3o corporativa\"}]},{\"@type\":\"WebSite\",\"@id\":\"https:\/\/seconci.com.br\/site\/#website\",\"url\":\"https:\/\/seconci.com.br\/site\/\",\"name\":\"Seconci Brasil\",\"description\":\"\",\"publisher\":{\"@id\":\"https:\/\/seconci.com.br\/site\/#organization\"},\"potentialAction\":[{\"@type\":\"SearchAction\",\"target\":{\"@type\":\"EntryPoint\",\"urlTemplate\":\"https:\/\/seconci.com.br\/site\/?s={search_term_string}\"},\"query-input\":{\"@type\":\"PropertyValueSpecification\",\"valueRequired\":true,\"valueName\":\"search_term_string\"}}],\"inLanguage\":\"pt-PT\"},{\"@type\":\"Organization\",\"@id\":\"https:\/\/seconci.com.br\/site\/#organization\",\"name\":\"Seconci Brasil\",\"url\":\"https:\/\/seconci.com.br\/site\/\",\"logo\":{\"@type\":\"ImageObject\",\"inLanguage\":\"pt-PT\",\"@id\":\"https:\/\/seconci.com.br\/site\/#\/schema\/logo\/image\/\",\"url\":\"https:\/\/seconci.com.br\/site\/wp-content\/uploads\/2024\/08\/Logo-Seconci-Brasil-branca-2.png\",\"contentUrl\":\"https:\/\/seconci.com.br\/site\/wp-content\/uploads\/2024\/08\/Logo-Seconci-Brasil-branca-2.png\",\"width\":1315,\"height\":598,\"caption\":\"Seconci Brasil\"},\"image\":{\"@id\":\"https:\/\/seconci.com.br\/site\/#\/schema\/logo\/image\/\"}},{\"@type\":\"Person\",\"@id\":\"https:\/\/seconci.com.br\/site\/#\/schema\/person\/1d79afd97ddc8f2c68c1e88e298aa8e2\",\"name\":\"Sidney Rocha\",\"description\":\"Comunicador e estagi\u00e1rio do Seconci Brasil.\",\"url\":\"https:\/\/seconci.com.br\/site\/author\/sidney-rocha\/\"}]}<\/script>\n<!-- \/ Yoast SEO plugin. -->","yoast_head_json":{"title":"Seconci Brasil promove evento sobre comunica\u00e7\u00e3o corporativa - Seconci Brasil","robots":{"index":"index","follow":"follow","max-snippet":"max-snippet:-1","max-image-preview":"max-image-preview:large","max-video-preview":"max-video-preview:-1"},"canonical":"https:\/\/seconci.com.br\/site\/2023\/03\/29\/seconci-brasil-promove-evento-sobre-comunicacao-corporativa\/","og_locale":"pt_PT","og_type":"article","og_title":"Seconci Brasil promove evento sobre comunica\u00e7\u00e3o corporativa - Seconci Brasil","og_description":"Live faz parte das a\u00e7\u00f5es programadas para o ano de 2023 com debates em v\u00e1rios temas ao longo dos pr\u00f3ximos meses A Associa\u00e7\u00e3o Seconci Brasil promoveu nesta ter\u00e7a-feira, 28 de mar\u00e7o, a live Por Dentro de um Plano de Comunica\u00e7\u00e3o, com representantes da Pontes Comunica\u00e7\u00e3o. O evento contou com a participa\u00e7\u00e3o da s\u00f3cia-diretora da Pontes, [&hellip;]","og_url":"https:\/\/seconci.com.br\/site\/2023\/03\/29\/seconci-brasil-promove-evento-sobre-comunicacao-corporativa\/","og_site_name":"Seconci Brasil","article_published_time":"2023-03-29T13:08:46+00:00","og_image":[{"width":1080,"height":1080,"url":"https:\/\/seconci.com.br\/site\/wp-content\/uploads\/2023\/03\/Colagem-de-fotos.png","type":"image\/png"}],"author":"Sidney Rocha","twitter_card":"summary_large_image","twitter_misc":{"Escrito por":"Sidney Rocha","Tempo estimado de leitura":"2 minutos"},"schema":{"@context":"https:\/\/schema.org","@graph":[{"@type":"Article","@id":"https:\/\/seconci.com.br\/site\/2023\/03\/29\/seconci-brasil-promove-evento-sobre-comunicacao-corporativa\/#article","isPartOf":{"@id":"https:\/\/seconci.com.br\/site\/2023\/03\/29\/seconci-brasil-promove-evento-sobre-comunicacao-corporativa\/"},"author":{"name":"Sidney Rocha","@id":"https:\/\/seconci.com.br\/site\/#\/schema\/person\/1d79afd97ddc8f2c68c1e88e298aa8e2"},"headline":"Seconci Brasil promove evento sobre comunica\u00e7\u00e3o corporativa","datePublished":"2023-03-29T13:08:46+00:00","mainEntityOfPage":{"@id":"https:\/\/seconci.com.br\/site\/2023\/03\/29\/seconci-brasil-promove-evento-sobre-comunicacao-corporativa\/"},"wordCount":338,"publisher":{"@id":"https:\/\/seconci.com.br\/site\/#organization"},"image":{"@id":"https:\/\/seconci.com.br\/site\/2023\/03\/29\/seconci-brasil-promove-evento-sobre-comunicacao-corporativa\/#primaryimage"},"thumbnailUrl":"https:\/\/seconci.com.br\/site\/wp-content\/uploads\/2023\/03\/Colagem-de-fotos.png","articleSection":["Seconci Brasil"],"inLanguage":"pt-PT"},{"@type":"WebPage","@id":"https:\/\/seconci.com.br\/site\/2023\/03\/29\/seconci-brasil-promove-evento-sobre-comunicacao-corporativa\/","url":"https:\/\/seconci.com.br\/site\/2023\/03\/29\/seconci-brasil-promove-evento-sobre-comunicacao-corporativa\/","name":"Seconci Brasil promove evento sobre comunica\u00e7\u00e3o corporativa - Seconci Brasil","isPartOf":{"@id":"https:\/\/seconci.com.br\/site\/#website"},"primaryImageOfPage":{"@id":"https:\/\/seconci.com.br\/site\/2023\/03\/29\/seconci-brasil-promove-evento-sobre-comunicacao-corporativa\/#primaryimage"},"image":{"@id":"https:\/\/seconci.com.br\/site\/2023\/03\/29\/seconci-brasil-promove-evento-sobre-comunicacao-corporativa\/#primaryimage"},"thumbnailUrl":"https:\/\/seconci.com.br\/site\/wp-content\/uploads\/2023\/03\/Colagem-de-fotos.png","datePublished":"2023-03-29T13:08:46+00:00","breadcrumb":{"@id":"https:\/\/seconci.com.br\/site\/2023\/03\/29\/seconci-brasil-promove-evento-sobre-comunicacao-corporativa\/#breadcrumb"},"inLanguage":"pt-PT","potentialAction":[{"@type":"ReadAction","target":["https:\/\/seconci.com.br\/site\/2023\/03\/29\/seconci-brasil-promove-evento-sobre-comunicacao-corporativa\/"]}]},{"@type":"ImageObject","inLanguage":"pt-PT","@id":"https:\/\/seconci.com.br\/site\/2023\/03\/29\/seconci-brasil-promove-evento-sobre-comunicacao-corporativa\/#primaryimage","url":"https:\/\/seconci.com.br\/site\/wp-content\/uploads\/2023\/03\/Colagem-de-fotos.png","contentUrl":"https:\/\/seconci.com.br\/site\/wp-content\/uploads\/2023\/03\/Colagem-de-fotos.png","width":1080,"height":1080},{"@type":"BreadcrumbList","@id":"https:\/\/seconci.com.br\/site\/2023\/03\/29\/seconci-brasil-promove-evento-sobre-comunicacao-corporativa\/#breadcrumb","itemListElement":[{"@type":"ListItem","position":1,"name":"In\u00edcio","item":"https:\/\/seconci.com.br\/site\/"},{"@type":"ListItem","position":2,"name":"Seconci Brasil promove evento sobre comunica\u00e7\u00e3o corporativa"}]},{"@type":"WebSite","@id":"https:\/\/seconci.com.br\/site\/#website","url":"https:\/\/seconci.com.br\/site\/","name":"Seconci Brasil","description":"","publisher":{"@id":"https:\/\/seconci.com.br\/site\/#organization"},"potentialAction":[{"@type":"SearchAction","target":{"@type":"EntryPoint","urlTemplate":"https:\/\/seconci.com.br\/site\/?s={search_term_string}"},"query-input":{"@type":"PropertyValueSpecification","valueRequired":true,"valueName":"search_term_string"}}],"inLanguage":"pt-PT"},{"@type":"Organization","@id":"https:\/\/seconci.com.br\/site\/#organization","name":"Seconci Brasil","url":"https:\/\/seconci.com.br\/site\/","logo":{"@type":"ImageObject","inLanguage":"pt-PT","@id":"https:\/\/seconci.com.br\/site\/#\/schema\/logo\/image\/","url":"https:\/\/seconci.com.br\/site\/wp-content\/uploads\/2024\/08\/Logo-Seconci-Brasil-branca-2.png","contentUrl":"https:\/\/seconci.com.br\/site\/wp-content\/uploads\/2024\/08\/Logo-Seconci-Brasil-branca-2.png","width":1315,"height":598,"caption":"Seconci Brasil"},"image":{"@id":"https:\/\/seconci.com.br\/site\/#\/schema\/logo\/image\/"}},{"@type":"Person","@id":"https:\/\/seconci.com.br\/site\/#\/schema\/person\/1d79afd97ddc8f2c68c1e88e298aa8e2","name":"Sidney Rocha","description":"Comunicador e estagi\u00e1rio do Seconci Brasil.","url":"https:\/\/seconci.com.br\/site\/author\/sidney-rocha\/"}]}},"_links":{"self":[{"href":"https:\/\/seconci.com.br\/site\/wp-json\/wp\/v2\/posts\/12667","targetHints":{"allow":["GET"]}}],"collection":[{"href":"https:\/\/seconci.com.br\/site\/wp-json\/wp\/v2\/posts"}],"about":[{"href":"https:\/\/seconci.com.br\/site\/wp-json\/wp\/v2\/types\/post"}],"author":[{"embeddable":true,"href":"https:\/\/seconci.com.br\/site\/wp-json\/wp\/v2\/users\/3"}],"replies":[{"embeddable":true,"href":"https:\/\/seconci.com.br\/site\/wp-json\/wp\/v2\/comments?post=12667"}],"version-history":[{"count":0,"href":"https:\/\/seconci.com.br\/site\/wp-json\/wp\/v2\/posts\/12667\/revisions"}],"wp:featuredmedia":[{"embeddable":true,"href":"https:\/\/seconci.com.br\/site\/wp-json\/wp\/v2\/media\/12668"}],"wp:attachment":[{"href":"https:\/\/seconci.com.br\/site\/wp-json\/wp\/v2\/media?parent=12667"}],"wp:term":[{"taxonomy":"category","embeddable":true,"href":"https:\/\/seconci.com.br\/site\/wp-json\/wp\/v2\/categories?post=12667"},{"taxonomy":"post_tag","embeddable":true,"href":"https:\/\/seconci.com.br\/site\/wp-json\/wp\/v2\/tags?post=12667"}],"curies":[{"name":"wp","href":"https:\/\/api.w.org\/{rel}","templated":true}]}}