{"id":12689,"date":"2023-04-05T12:29:56","date_gmt":"2023-04-05T12:29:56","guid":{"rendered":"https:\/\/seconci.com.br\/site\/?p=12689"},"modified":"2023-04-05T12:30:04","modified_gmt":"2023-04-05T12:30:04","slug":"sinduscon-ba-doa-1-500-cestas-basicas-ao-programa-bahia-sem-fome","status":"publish","type":"post","link":"https:\/\/seconci.com.br\/site\/2023\/04\/05\/sinduscon-ba-doa-1-500-cestas-basicas-ao-programa-bahia-sem-fome\/","title":{"rendered":"Sinduscon-BA doa 1.500 cestas b\u00e1sicas ao Programa Bahia Sem Fome"},"content":{"rendered":"<p>O Sindicato da Ind\u00fastria da Constru\u00e7\u00e3o do Estado da Bahia (Sinduscon-BA) doou 1.500 cestas b\u00e1sicas ao\u00a0<strong>Programa Bahia Sem Fome<\/strong>. A entrega ao governador em exerc\u00edcio Geraldo J\u00fanior foi feita ontem (03\/04), em Salvador\/BA, pelo presidente da entidade, Alexandre Landim.<\/p>\n<p>De iniciativa do Governo da Bahia, o programa envolve toda a sociedade civil na arrecada\u00e7\u00e3o e distribui\u00e7\u00e3o dos alimentos. S\u00e3o 1.500 postos de arrecada\u00e7\u00e3o espalhados por todo o estado da Bahia e mais de 200 empresas parceiras colaborando. At\u00e9 o momento, a a\u00e7\u00e3o j\u00e1 recebeu 160 toneladas de alimentos em todo o estado e j\u00e1 distribuiu 80 toneladas de g\u00eaneros aliment\u00edcios para vencer a inseguran\u00e7a alimentar de quem necessita.<\/p>\n<p>Em entrevista ao jornal\u00a0<strong>Di\u00e1rio Bahia<\/strong>, Alexandre Landim salientou que o setor produtivo n\u00e3o est\u00e1 alienado ao que acontece na sociedade. \u201cA gente acredita que \u00e9 preciso que haja desenvolvimento e justi\u00e7a social. Quando apareceu essa campanha, a rea\u00e7\u00e3o foi imediata, na quarta-feira passada, e nesta segunda-feira n\u00f3s j\u00e1 estamos entregando essa primeira quantidade de alimentos. Eu espero que seja s\u00f3 uma primeira etapa. Penso que essa \u00e9 uma a\u00e7\u00e3o que a gente deve dar continuidade\u201d.<\/p>\n<p>Saiba mais,\u00a0<a href=\"https:\/\/diariobahia.com.br\/programa-bahia-sem-fome-recebe-1-500-cestas-basicas-do-sindicato-da-industria-da-construcao\/?utm_source=rss&amp;utm_medium=rss&amp;utm_campaign=programa-bahia-sem-fome-recebe-1-500-cestas-basicas-do-sindicato-da-industria-da-construcao\">acesse a \u00edntegra da mat\u00e9ria<\/a>.<\/p>\n<p><em>Fonte: CBIC<\/em><\/p>\n","protected":false},"excerpt":{"rendered":"<p>O Sindicato da Ind\u00fastria da Constru\u00e7\u00e3o do Estado da Bahia (Sinduscon-BA) doou 1.500 cestas b\u00e1sicas ao\u00a0Programa Bahia Sem Fome. A entrega ao governador em exerc\u00edcio Geraldo J\u00fanior foi feita ontem (03\/04), em Salvador\/BA, pelo presidente da entidade, Alexandre Landim. De iniciativa do Governo da Bahia, o programa envolve toda a sociedade civil na arrecada\u00e7\u00e3o e [&hellip;]<\/p>\n","protected":false},"author":3,"featured_media":12690,"comment_status":"closed","ping_status":"closed","sticky":false,"template":"","format":"standard","meta":{"footnotes":""},"categories":[92],"tags":[],"class_list":["post-12689","post","type-post","status-publish","format-standard","has-post-thumbnail","hentry","category-seconci-brasil"],"yoast_head":"<!-- This site is optimized with the Yoast SEO plugin v26.9 - https:\/\/yoast.com\/product\/yoast-seo-wordpress\/ -->\n<title>Sinduscon-BA doa 1.500 cestas b\u00e1sicas ao Programa Bahia Sem Fome - Seconci Brasil<\/title>\n<meta name=\"robots\" content=\"index, follow, max-snippet:-1, max-image-preview:large, max-video-preview:-1\" \/>\n<link rel=\"canonical\" href=\"https:\/\/seconci.com.br\/site\/2023\/04\/05\/sinduscon-ba-doa-1-500-cestas-basicas-ao-programa-bahia-sem-fome\/\" \/>\n<meta property=\"og:locale\" content=\"pt_PT\" \/>\n<meta property=\"og:type\" content=\"article\" \/>\n<meta property=\"og:title\" content=\"Sinduscon-BA doa 1.500 cestas b\u00e1sicas ao Programa Bahia Sem Fome - Seconci Brasil\" \/>\n<meta property=\"og:description\" content=\"O Sindicato da Ind\u00fastria da Constru\u00e7\u00e3o do Estado da Bahia (Sinduscon-BA) doou 1.500 cestas b\u00e1sicas ao\u00a0Programa Bahia Sem Fome. A entrega ao governador em exerc\u00edcio Geraldo J\u00fanior foi feita ontem (03\/04), em Salvador\/BA, pelo presidente da entidade, Alexandre Landim. De iniciativa do Governo da Bahia, o programa envolve toda a sociedade civil na arrecada\u00e7\u00e3o e [&hellip;]\" \/>\n<meta property=\"og:url\" content=\"https:\/\/seconci.com.br\/site\/2023\/04\/05\/sinduscon-ba-doa-1-500-cestas-basicas-ao-programa-bahia-sem-fome\/\" \/>\n<meta property=\"og:site_name\" content=\"Seconci Brasil\" \/>\n<meta property=\"article:published_time\" content=\"2023-04-05T12:29:56+00:00\" \/>\n<meta property=\"article:modified_time\" content=\"2023-04-05T12:30:04+00:00\" \/>\n<meta property=\"og:image\" content=\"https:\/\/seconci.com.br\/site\/wp-content\/uploads\/2023\/04\/whatsapp-image-2023-04-04-at-155705.jpeg\" \/>\n\t<meta property=\"og:image:width\" content=\"886\" \/>\n\t<meta property=\"og:image:height\" content=\"590\" \/>\n\t<meta property=\"og:image:type\" content=\"image\/jpeg\" \/>\n<meta name=\"author\" content=\"Sidney Rocha\" \/>\n<meta name=\"twitter:card\" content=\"summary_large_image\" \/>\n<meta name=\"twitter:label1\" content=\"Escrito por\" \/>\n\t<meta name=\"twitter:data1\" content=\"Sidney Rocha\" \/>\n\t<meta name=\"twitter:label2\" content=\"Tempo estimado de leitura\" \/>\n\t<meta name=\"twitter:data2\" content=\"1 minuto\" \/>\n<script type=\"application\/ld+json\" class=\"yoast-schema-graph\">{\"@context\":\"https:\/\/schema.org\",\"@graph\":[{\"@type\":\"Article\",\"@id\":\"https:\/\/seconci.com.br\/site\/2023\/04\/05\/sinduscon-ba-doa-1-500-cestas-basicas-ao-programa-bahia-sem-fome\/#article\",\"isPartOf\":{\"@id\":\"https:\/\/seconci.com.br\/site\/2023\/04\/05\/sinduscon-ba-doa-1-500-cestas-basicas-ao-programa-bahia-sem-fome\/\"},\"author\":{\"name\":\"Sidney Rocha\",\"@id\":\"https:\/\/seconci.com.br\/site\/#\/schema\/person\/1d79afd97ddc8f2c68c1e88e298aa8e2\"},\"headline\":\"Sinduscon-BA doa 1.500 cestas b\u00e1sicas ao Programa Bahia Sem Fome\",\"datePublished\":\"2023-04-05T12:29:56+00:00\",\"dateModified\":\"2023-04-05T12:30:04+00:00\",\"mainEntityOfPage\":{\"@id\":\"https:\/\/seconci.com.br\/site\/2023\/04\/05\/sinduscon-ba-doa-1-500-cestas-basicas-ao-programa-bahia-sem-fome\/\"},\"wordCount\":217,\"publisher\":{\"@id\":\"https:\/\/seconci.com.br\/site\/#organization\"},\"image\":{\"@id\":\"https:\/\/seconci.com.br\/site\/2023\/04\/05\/sinduscon-ba-doa-1-500-cestas-basicas-ao-programa-bahia-sem-fome\/#primaryimage\"},\"thumbnailUrl\":\"https:\/\/seconci.com.br\/site\/wp-content\/uploads\/2023\/04\/whatsapp-image-2023-04-04-at-155705.jpeg\",\"articleSection\":[\"Seconci Brasil\"],\"inLanguage\":\"pt-PT\"},{\"@type\":\"WebPage\",\"@id\":\"https:\/\/seconci.com.br\/site\/2023\/04\/05\/sinduscon-ba-doa-1-500-cestas-basicas-ao-programa-bahia-sem-fome\/\",\"url\":\"https:\/\/seconci.com.br\/site\/2023\/04\/05\/sinduscon-ba-doa-1-500-cestas-basicas-ao-programa-bahia-sem-fome\/\",\"name\":\"Sinduscon-BA doa 1.500 cestas b\u00e1sicas ao Programa Bahia Sem Fome - Seconci Brasil\",\"isPartOf\":{\"@id\":\"https:\/\/seconci.com.br\/site\/#website\"},\"primaryImageOfPage\":{\"@id\":\"https:\/\/seconci.com.br\/site\/2023\/04\/05\/sinduscon-ba-doa-1-500-cestas-basicas-ao-programa-bahia-sem-fome\/#primaryimage\"},\"image\":{\"@id\":\"https:\/\/seconci.com.br\/site\/2023\/04\/05\/sinduscon-ba-doa-1-500-cestas-basicas-ao-programa-bahia-sem-fome\/#primaryimage\"},\"thumbnailUrl\":\"https:\/\/seconci.com.br\/site\/wp-content\/uploads\/2023\/04\/whatsapp-image-2023-04-04-at-155705.jpeg\",\"datePublished\":\"2023-04-05T12:29:56+00:00\",\"dateModified\":\"2023-04-05T12:30:04+00:00\",\"breadcrumb\":{\"@id\":\"https:\/\/seconci.com.br\/site\/2023\/04\/05\/sinduscon-ba-doa-1-500-cestas-basicas-ao-programa-bahia-sem-fome\/#breadcrumb\"},\"inLanguage\":\"pt-PT\",\"potentialAction\":[{\"@type\":\"ReadAction\",\"target\":[\"https:\/\/seconci.com.br\/site\/2023\/04\/05\/sinduscon-ba-doa-1-500-cestas-basicas-ao-programa-bahia-sem-fome\/\"]}]},{\"@type\":\"ImageObject\",\"inLanguage\":\"pt-PT\",\"@id\":\"https:\/\/seconci.com.br\/site\/2023\/04\/05\/sinduscon-ba-doa-1-500-cestas-basicas-ao-programa-bahia-sem-fome\/#primaryimage\",\"url\":\"https:\/\/seconci.com.br\/site\/wp-content\/uploads\/2023\/04\/whatsapp-image-2023-04-04-at-155705.jpeg\",\"contentUrl\":\"https:\/\/seconci.com.br\/site\/wp-content\/uploads\/2023\/04\/whatsapp-image-2023-04-04-at-155705.jpeg\",\"width\":886,\"height\":590},{\"@type\":\"BreadcrumbList\",\"@id\":\"https:\/\/seconci.com.br\/site\/2023\/04\/05\/sinduscon-ba-doa-1-500-cestas-basicas-ao-programa-bahia-sem-fome\/#breadcrumb\",\"itemListElement\":[{\"@type\":\"ListItem\",\"position\":1,\"name\":\"In\u00edcio\",\"item\":\"https:\/\/seconci.com.br\/site\/\"},{\"@type\":\"ListItem\",\"position\":2,\"name\":\"Sinduscon-BA doa 1.500 cestas b\u00e1sicas ao Programa Bahia Sem Fome\"}]},{\"@type\":\"WebSite\",\"@id\":\"https:\/\/seconci.com.br\/site\/#website\",\"url\":\"https:\/\/seconci.com.br\/site\/\",\"name\":\"Seconci Brasil\",\"description\":\"\",\"publisher\":{\"@id\":\"https:\/\/seconci.com.br\/site\/#organization\"},\"potentialAction\":[{\"@type\":\"SearchAction\",\"target\":{\"@type\":\"EntryPoint\",\"urlTemplate\":\"https:\/\/seconci.com.br\/site\/?s={search_term_string}\"},\"query-input\":{\"@type\":\"PropertyValueSpecification\",\"valueRequired\":true,\"valueName\":\"search_term_string\"}}],\"inLanguage\":\"pt-PT\"},{\"@type\":\"Organization\",\"@id\":\"https:\/\/seconci.com.br\/site\/#organization\",\"name\":\"Seconci Brasil\",\"url\":\"https:\/\/seconci.com.br\/site\/\",\"logo\":{\"@type\":\"ImageObject\",\"inLanguage\":\"pt-PT\",\"@id\":\"https:\/\/seconci.com.br\/site\/#\/schema\/logo\/image\/\",\"url\":\"https:\/\/seconci.com.br\/site\/wp-content\/uploads\/2024\/08\/Logo-Seconci-Brasil-branca-2.png\",\"contentUrl\":\"https:\/\/seconci.com.br\/site\/wp-content\/uploads\/2024\/08\/Logo-Seconci-Brasil-branca-2.png\",\"width\":1315,\"height\":598,\"caption\":\"Seconci Brasil\"},\"image\":{\"@id\":\"https:\/\/seconci.com.br\/site\/#\/schema\/logo\/image\/\"}},{\"@type\":\"Person\",\"@id\":\"https:\/\/seconci.com.br\/site\/#\/schema\/person\/1d79afd97ddc8f2c68c1e88e298aa8e2\",\"name\":\"Sidney Rocha\",\"description\":\"Comunicador e estagi\u00e1rio do Seconci Brasil.\",\"url\":\"https:\/\/seconci.com.br\/site\/author\/sidney-rocha\/\"}]}<\/script>\n<!-- \/ Yoast SEO plugin. -->","yoast_head_json":{"title":"Sinduscon-BA doa 1.500 cestas b\u00e1sicas ao Programa Bahia Sem Fome - Seconci Brasil","robots":{"index":"index","follow":"follow","max-snippet":"max-snippet:-1","max-image-preview":"max-image-preview:large","max-video-preview":"max-video-preview:-1"},"canonical":"https:\/\/seconci.com.br\/site\/2023\/04\/05\/sinduscon-ba-doa-1-500-cestas-basicas-ao-programa-bahia-sem-fome\/","og_locale":"pt_PT","og_type":"article","og_title":"Sinduscon-BA doa 1.500 cestas b\u00e1sicas ao Programa Bahia Sem Fome - Seconci Brasil","og_description":"O Sindicato da Ind\u00fastria da Constru\u00e7\u00e3o do Estado da Bahia (Sinduscon-BA) doou 1.500 cestas b\u00e1sicas ao\u00a0Programa Bahia Sem Fome. A entrega ao governador em exerc\u00edcio Geraldo J\u00fanior foi feita ontem (03\/04), em Salvador\/BA, pelo presidente da entidade, Alexandre Landim. De iniciativa do Governo da Bahia, o programa envolve toda a sociedade civil na arrecada\u00e7\u00e3o e [&hellip;]","og_url":"https:\/\/seconci.com.br\/site\/2023\/04\/05\/sinduscon-ba-doa-1-500-cestas-basicas-ao-programa-bahia-sem-fome\/","og_site_name":"Seconci Brasil","article_published_time":"2023-04-05T12:29:56+00:00","article_modified_time":"2023-04-05T12:30:04+00:00","og_image":[{"width":886,"height":590,"url":"https:\/\/seconci.com.br\/site\/wp-content\/uploads\/2023\/04\/whatsapp-image-2023-04-04-at-155705.jpeg","type":"image\/jpeg"}],"author":"Sidney Rocha","twitter_card":"summary_large_image","twitter_misc":{"Escrito por":"Sidney Rocha","Tempo estimado de leitura":"1 minuto"},"schema":{"@context":"https:\/\/schema.org","@graph":[{"@type":"Article","@id":"https:\/\/seconci.com.br\/site\/2023\/04\/05\/sinduscon-ba-doa-1-500-cestas-basicas-ao-programa-bahia-sem-fome\/#article","isPartOf":{"@id":"https:\/\/seconci.com.br\/site\/2023\/04\/05\/sinduscon-ba-doa-1-500-cestas-basicas-ao-programa-bahia-sem-fome\/"},"author":{"name":"Sidney Rocha","@id":"https:\/\/seconci.com.br\/site\/#\/schema\/person\/1d79afd97ddc8f2c68c1e88e298aa8e2"},"headline":"Sinduscon-BA doa 1.500 cestas b\u00e1sicas ao Programa Bahia Sem Fome","datePublished":"2023-04-05T12:29:56+00:00","dateModified":"2023-04-05T12:30:04+00:00","mainEntityOfPage":{"@id":"https:\/\/seconci.com.br\/site\/2023\/04\/05\/sinduscon-ba-doa-1-500-cestas-basicas-ao-programa-bahia-sem-fome\/"},"wordCount":217,"publisher":{"@id":"https:\/\/seconci.com.br\/site\/#organization"},"image":{"@id":"https:\/\/seconci.com.br\/site\/2023\/04\/05\/sinduscon-ba-doa-1-500-cestas-basicas-ao-programa-bahia-sem-fome\/#primaryimage"},"thumbnailUrl":"https:\/\/seconci.com.br\/site\/wp-content\/uploads\/2023\/04\/whatsapp-image-2023-04-04-at-155705.jpeg","articleSection":["Seconci Brasil"],"inLanguage":"pt-PT"},{"@type":"WebPage","@id":"https:\/\/seconci.com.br\/site\/2023\/04\/05\/sinduscon-ba-doa-1-500-cestas-basicas-ao-programa-bahia-sem-fome\/","url":"https:\/\/seconci.com.br\/site\/2023\/04\/05\/sinduscon-ba-doa-1-500-cestas-basicas-ao-programa-bahia-sem-fome\/","name":"Sinduscon-BA doa 1.500 cestas b\u00e1sicas ao Programa Bahia Sem Fome - Seconci Brasil","isPartOf":{"@id":"https:\/\/seconci.com.br\/site\/#website"},"primaryImageOfPage":{"@id":"https:\/\/seconci.com.br\/site\/2023\/04\/05\/sinduscon-ba-doa-1-500-cestas-basicas-ao-programa-bahia-sem-fome\/#primaryimage"},"image":{"@id":"https:\/\/seconci.com.br\/site\/2023\/04\/05\/sinduscon-ba-doa-1-500-cestas-basicas-ao-programa-bahia-sem-fome\/#primaryimage"},"thumbnailUrl":"https:\/\/seconci.com.br\/site\/wp-content\/uploads\/2023\/04\/whatsapp-image-2023-04-04-at-155705.jpeg","datePublished":"2023-04-05T12:29:56+00:00","dateModified":"2023-04-05T12:30:04+00:00","breadcrumb":{"@id":"https:\/\/seconci.com.br\/site\/2023\/04\/05\/sinduscon-ba-doa-1-500-cestas-basicas-ao-programa-bahia-sem-fome\/#breadcrumb"},"inLanguage":"pt-PT","potentialAction":[{"@type":"ReadAction","target":["https:\/\/seconci.com.br\/site\/2023\/04\/05\/sinduscon-ba-doa-1-500-cestas-basicas-ao-programa-bahia-sem-fome\/"]}]},{"@type":"ImageObject","inLanguage":"pt-PT","@id":"https:\/\/seconci.com.br\/site\/2023\/04\/05\/sinduscon-ba-doa-1-500-cestas-basicas-ao-programa-bahia-sem-fome\/#primaryimage","url":"https:\/\/seconci.com.br\/site\/wp-content\/uploads\/2023\/04\/whatsapp-image-2023-04-04-at-155705.jpeg","contentUrl":"https:\/\/seconci.com.br\/site\/wp-content\/uploads\/2023\/04\/whatsapp-image-2023-04-04-at-155705.jpeg","width":886,"height":590},{"@type":"BreadcrumbList","@id":"https:\/\/seconci.com.br\/site\/2023\/04\/05\/sinduscon-ba-doa-1-500-cestas-basicas-ao-programa-bahia-sem-fome\/#breadcrumb","itemListElement":[{"@type":"ListItem","position":1,"name":"In\u00edcio","item":"https:\/\/seconci.com.br\/site\/"},{"@type":"ListItem","position":2,"name":"Sinduscon-BA doa 1.500 cestas b\u00e1sicas ao Programa Bahia Sem Fome"}]},{"@type":"WebSite","@id":"https:\/\/seconci.com.br\/site\/#website","url":"https:\/\/seconci.com.br\/site\/","name":"Seconci Brasil","description":"","publisher":{"@id":"https:\/\/seconci.com.br\/site\/#organization"},"potentialAction":[{"@type":"SearchAction","target":{"@type":"EntryPoint","urlTemplate":"https:\/\/seconci.com.br\/site\/?s={search_term_string}"},"query-input":{"@type":"PropertyValueSpecification","valueRequired":true,"valueName":"search_term_string"}}],"inLanguage":"pt-PT"},{"@type":"Organization","@id":"https:\/\/seconci.com.br\/site\/#organization","name":"Seconci Brasil","url":"https:\/\/seconci.com.br\/site\/","logo":{"@type":"ImageObject","inLanguage":"pt-PT","@id":"https:\/\/seconci.com.br\/site\/#\/schema\/logo\/image\/","url":"https:\/\/seconci.com.br\/site\/wp-content\/uploads\/2024\/08\/Logo-Seconci-Brasil-branca-2.png","contentUrl":"https:\/\/seconci.com.br\/site\/wp-content\/uploads\/2024\/08\/Logo-Seconci-Brasil-branca-2.png","width":1315,"height":598,"caption":"Seconci Brasil"},"image":{"@id":"https:\/\/seconci.com.br\/site\/#\/schema\/logo\/image\/"}},{"@type":"Person","@id":"https:\/\/seconci.com.br\/site\/#\/schema\/person\/1d79afd97ddc8f2c68c1e88e298aa8e2","name":"Sidney Rocha","description":"Comunicador e estagi\u00e1rio do Seconci Brasil.","url":"https:\/\/seconci.com.br\/site\/author\/sidney-rocha\/"}]}},"_links":{"self":[{"href":"https:\/\/seconci.com.br\/site\/wp-json\/wp\/v2\/posts\/12689","targetHints":{"allow":["GET"]}}],"collection":[{"href":"https:\/\/seconci.com.br\/site\/wp-json\/wp\/v2\/posts"}],"about":[{"href":"https:\/\/seconci.com.br\/site\/wp-json\/wp\/v2\/types\/post"}],"author":[{"embeddable":true,"href":"https:\/\/seconci.com.br\/site\/wp-json\/wp\/v2\/users\/3"}],"replies":[{"embeddable":true,"href":"https:\/\/seconci.com.br\/site\/wp-json\/wp\/v2\/comments?post=12689"}],"version-history":[{"count":0,"href":"https:\/\/seconci.com.br\/site\/wp-json\/wp\/v2\/posts\/12689\/revisions"}],"wp:featuredmedia":[{"embeddable":true,"href":"https:\/\/seconci.com.br\/site\/wp-json\/wp\/v2\/media\/12690"}],"wp:attachment":[{"href":"https:\/\/seconci.com.br\/site\/wp-json\/wp\/v2\/media?parent=12689"}],"wp:term":[{"taxonomy":"category","embeddable":true,"href":"https:\/\/seconci.com.br\/site\/wp-json\/wp\/v2\/categories?post=12689"},{"taxonomy":"post_tag","embeddable":true,"href":"https:\/\/seconci.com.br\/site\/wp-json\/wp\/v2\/tags?post=12689"}],"curies":[{"name":"wp","href":"https:\/\/api.w.org\/{rel}","templated":true}]}}