{"id":12700,"date":"2023-04-06T13:05:02","date_gmt":"2023-04-06T13:05:02","guid":{"rendered":"https:\/\/seconci.com.br\/site\/?p=12700"},"modified":"2023-04-06T13:05:02","modified_gmt":"2023-04-06T13:05:02","slug":"ja-fez-sua-inscricao-no-96o-enic","status":"publish","type":"post","link":"https:\/\/seconci.com.br\/site\/2023\/04\/06\/ja-fez-sua-inscricao-no-96o-enic\/","title":{"rendered":"J\u00e1 fez sua inscri\u00e7\u00e3o no 96\u00ba ENIC?"},"content":{"rendered":"<p>\u00daltima semana para realizar a inscri\u00e7\u00e3o no\u00a0<a href=\"https:\/\/cbic.org.br\/enic\/96\/\">96\u00ba Encontro Nacional da Ind\u00fastria da Constru\u00e7\u00e3o<\/a>. Promovido pela\u00a0 C\u00e2mara Brasileira da Ind\u00fastria da Constru\u00e7\u00e3o (CBIC), o evento ser\u00e1 realizado de 11 a 14 de abril, junto com a FEICON, no S\u00e3o Paulo Expo. O\u00a0 maior evento de conte\u00fado da ind\u00fastria da constru\u00e7\u00e3o contar\u00e1 com coletiva de imprensa e mais de 40 pain\u00e9is sobre os principais temas do setor.<\/p>\n<p>A inscri\u00e7\u00e3o para o evento \u00e9 gratuita, mas precisa de cadastramento pr\u00e9vio, pois n\u00e3o haver\u00e1 cadastramento no local! N\u00e3o perca essa oportunidade,\u00a0\u00a0<a href=\"https:\/\/na.eventscloud.com\/ereg\/newreg.php?eventid=725976&amp;categoryid=4725354&amp;subcategoryid=4725358&amp;_gl=1*48forf*_ga*MTc5MTM0NjAzMC4xNjc0MTQ1NTQ1*_ga_8YR3216FZP*MTY3NjY1MjYxMS45LjAuMTY3NjY1MjYxNS4wLjAuMA\">clique aqui e realize agora sua inscri\u00e7\u00e3o!<\/a><\/p>\n<p>Para aqueles que ainda n\u00e3o garantiram sua hospedagem, a CBIC realizou parceria com ag\u00eancias de viagem com tarifas especiais para o evento. Confira abaixo:<\/p>\n<ul>\n<li>Ag\u00eancia AD Viagens e Turismo<\/li>\n<\/ul>\n<p>(11) 5087-3455 \/ (11) 99412-9486<\/p>\n<p>e-mail:\u00a0marisa.moretti@adturismo.com.br<\/p>\n<ul>\n<li>Ag\u00eancia Certa Viagens<\/li>\n<\/ul>\n<p>(31) 2515-4815 \/ (31) 9957-6500<\/p>\n<p>e-mail:\u00a0sergio@certaviagens.com.br<\/p>\n<p>Nos vemos no 96\u00ba ENIC!<\/p>\n<p>O 96\u00ba Enic \u00e9 realizado pela C\u00e2mara Brasileira da Ind\u00fastria da Constru\u00e7\u00e3o (CBIC), conta com a parceria da FEICON; o apoio do Sesi e do Senai; e tem o patroc\u00ednio do Sebrae, M\u00fatua, Zigurat, Totvs, Mais Controle, CV, Sienge, Or\u00e7afascio, Kone, PhD Engenharia, Alto QI, Acate, Brain e Ingevity.<\/p>\n","protected":false},"excerpt":{"rendered":"<p>\u00daltima semana para realizar a inscri\u00e7\u00e3o no\u00a096\u00ba Encontro Nacional da Ind\u00fastria da Constru\u00e7\u00e3o. Promovido pela\u00a0 C\u00e2mara Brasileira da Ind\u00fastria da Constru\u00e7\u00e3o (CBIC), o evento ser\u00e1 realizado de 11 a 14 de abril, junto com a FEICON, no S\u00e3o Paulo Expo. O\u00a0 maior evento de conte\u00fado da ind\u00fastria da constru\u00e7\u00e3o contar\u00e1 com coletiva de imprensa e [&hellip;]<\/p>\n","protected":false},"author":3,"featured_media":12701,"comment_status":"closed","ping_status":"closed","sticky":false,"template":"","format":"standard","meta":{"footnotes":""},"categories":[92],"tags":[],"class_list":["post-12700","post","type-post","status-publish","format-standard","has-post-thumbnail","hentry","category-seconci-brasil"],"yoast_head":"<!-- This site is optimized with the Yoast SEO plugin v26.9 - https:\/\/yoast.com\/product\/yoast-seo-wordpress\/ -->\n<title>J\u00e1 fez sua inscri\u00e7\u00e3o no 96\u00ba ENIC? - Seconci Brasil<\/title>\n<meta name=\"robots\" content=\"index, follow, max-snippet:-1, max-image-preview:large, max-video-preview:-1\" \/>\n<link rel=\"canonical\" href=\"https:\/\/seconci.com.br\/site\/2023\/04\/06\/ja-fez-sua-inscricao-no-96o-enic\/\" \/>\n<meta property=\"og:locale\" content=\"pt_PT\" \/>\n<meta property=\"og:type\" content=\"article\" \/>\n<meta property=\"og:title\" content=\"J\u00e1 fez sua inscri\u00e7\u00e3o no 96\u00ba ENIC? - Seconci Brasil\" \/>\n<meta property=\"og:description\" content=\"\u00daltima semana para realizar a inscri\u00e7\u00e3o no\u00a096\u00ba Encontro Nacional da Ind\u00fastria da Constru\u00e7\u00e3o. Promovido pela\u00a0 C\u00e2mara Brasileira da Ind\u00fastria da Constru\u00e7\u00e3o (CBIC), o evento ser\u00e1 realizado de 11 a 14 de abril, junto com a FEICON, no S\u00e3o Paulo Expo. O\u00a0 maior evento de conte\u00fado da ind\u00fastria da constru\u00e7\u00e3o contar\u00e1 com coletiva de imprensa e [&hellip;]\" \/>\n<meta property=\"og:url\" content=\"https:\/\/seconci.com.br\/site\/2023\/04\/06\/ja-fez-sua-inscricao-no-96o-enic\/\" \/>\n<meta property=\"og:site_name\" content=\"Seconci Brasil\" \/>\n<meta property=\"article:published_time\" content=\"2023-04-06T13:05:02+00:00\" \/>\n<meta property=\"og:image\" content=\"https:\/\/seconci.com.br\/site\/wp-content\/uploads\/2023\/04\/6.jpeg\" \/>\n\t<meta property=\"og:image:width\" content=\"1600\" \/>\n\t<meta property=\"og:image:height\" content=\"900\" \/>\n\t<meta property=\"og:image:type\" content=\"image\/jpeg\" \/>\n<meta name=\"author\" content=\"Sidney Rocha\" \/>\n<meta name=\"twitter:card\" content=\"summary_large_image\" \/>\n<meta name=\"twitter:label1\" content=\"Escrito por\" \/>\n\t<meta name=\"twitter:data1\" content=\"Sidney Rocha\" \/>\n\t<meta name=\"twitter:label2\" content=\"Tempo estimado de leitura\" \/>\n\t<meta name=\"twitter:data2\" content=\"1 minuto\" \/>\n<script type=\"application\/ld+json\" class=\"yoast-schema-graph\">{\"@context\":\"https:\/\/schema.org\",\"@graph\":[{\"@type\":\"Article\",\"@id\":\"https:\/\/seconci.com.br\/site\/2023\/04\/06\/ja-fez-sua-inscricao-no-96o-enic\/#article\",\"isPartOf\":{\"@id\":\"https:\/\/seconci.com.br\/site\/2023\/04\/06\/ja-fez-sua-inscricao-no-96o-enic\/\"},\"author\":{\"name\":\"Sidney Rocha\",\"@id\":\"https:\/\/seconci.com.br\/site\/#\/schema\/person\/1d79afd97ddc8f2c68c1e88e298aa8e2\"},\"headline\":\"J\u00e1 fez sua inscri\u00e7\u00e3o no 96\u00ba ENIC?\",\"datePublished\":\"2023-04-06T13:05:02+00:00\",\"mainEntityOfPage\":{\"@id\":\"https:\/\/seconci.com.br\/site\/2023\/04\/06\/ja-fez-sua-inscricao-no-96o-enic\/\"},\"wordCount\":221,\"publisher\":{\"@id\":\"https:\/\/seconci.com.br\/site\/#organization\"},\"image\":{\"@id\":\"https:\/\/seconci.com.br\/site\/2023\/04\/06\/ja-fez-sua-inscricao-no-96o-enic\/#primaryimage\"},\"thumbnailUrl\":\"https:\/\/seconci.com.br\/site\/wp-content\/uploads\/2023\/04\/6.jpeg\",\"articleSection\":[\"Seconci Brasil\"],\"inLanguage\":\"pt-PT\"},{\"@type\":\"WebPage\",\"@id\":\"https:\/\/seconci.com.br\/site\/2023\/04\/06\/ja-fez-sua-inscricao-no-96o-enic\/\",\"url\":\"https:\/\/seconci.com.br\/site\/2023\/04\/06\/ja-fez-sua-inscricao-no-96o-enic\/\",\"name\":\"J\u00e1 fez sua inscri\u00e7\u00e3o no 96\u00ba ENIC? - Seconci Brasil\",\"isPartOf\":{\"@id\":\"https:\/\/seconci.com.br\/site\/#website\"},\"primaryImageOfPage\":{\"@id\":\"https:\/\/seconci.com.br\/site\/2023\/04\/06\/ja-fez-sua-inscricao-no-96o-enic\/#primaryimage\"},\"image\":{\"@id\":\"https:\/\/seconci.com.br\/site\/2023\/04\/06\/ja-fez-sua-inscricao-no-96o-enic\/#primaryimage\"},\"thumbnailUrl\":\"https:\/\/seconci.com.br\/site\/wp-content\/uploads\/2023\/04\/6.jpeg\",\"datePublished\":\"2023-04-06T13:05:02+00:00\",\"breadcrumb\":{\"@id\":\"https:\/\/seconci.com.br\/site\/2023\/04\/06\/ja-fez-sua-inscricao-no-96o-enic\/#breadcrumb\"},\"inLanguage\":\"pt-PT\",\"potentialAction\":[{\"@type\":\"ReadAction\",\"target\":[\"https:\/\/seconci.com.br\/site\/2023\/04\/06\/ja-fez-sua-inscricao-no-96o-enic\/\"]}]},{\"@type\":\"ImageObject\",\"inLanguage\":\"pt-PT\",\"@id\":\"https:\/\/seconci.com.br\/site\/2023\/04\/06\/ja-fez-sua-inscricao-no-96o-enic\/#primaryimage\",\"url\":\"https:\/\/seconci.com.br\/site\/wp-content\/uploads\/2023\/04\/6.jpeg\",\"contentUrl\":\"https:\/\/seconci.com.br\/site\/wp-content\/uploads\/2023\/04\/6.jpeg\",\"width\":1600,\"height\":900},{\"@type\":\"BreadcrumbList\",\"@id\":\"https:\/\/seconci.com.br\/site\/2023\/04\/06\/ja-fez-sua-inscricao-no-96o-enic\/#breadcrumb\",\"itemListElement\":[{\"@type\":\"ListItem\",\"position\":1,\"name\":\"In\u00edcio\",\"item\":\"https:\/\/seconci.com.br\/site\/\"},{\"@type\":\"ListItem\",\"position\":2,\"name\":\"J\u00e1 fez sua inscri\u00e7\u00e3o no 96\u00ba ENIC?\"}]},{\"@type\":\"WebSite\",\"@id\":\"https:\/\/seconci.com.br\/site\/#website\",\"url\":\"https:\/\/seconci.com.br\/site\/\",\"name\":\"Seconci Brasil\",\"description\":\"\",\"publisher\":{\"@id\":\"https:\/\/seconci.com.br\/site\/#organization\"},\"potentialAction\":[{\"@type\":\"SearchAction\",\"target\":{\"@type\":\"EntryPoint\",\"urlTemplate\":\"https:\/\/seconci.com.br\/site\/?s={search_term_string}\"},\"query-input\":{\"@type\":\"PropertyValueSpecification\",\"valueRequired\":true,\"valueName\":\"search_term_string\"}}],\"inLanguage\":\"pt-PT\"},{\"@type\":\"Organization\",\"@id\":\"https:\/\/seconci.com.br\/site\/#organization\",\"name\":\"Seconci Brasil\",\"url\":\"https:\/\/seconci.com.br\/site\/\",\"logo\":{\"@type\":\"ImageObject\",\"inLanguage\":\"pt-PT\",\"@id\":\"https:\/\/seconci.com.br\/site\/#\/schema\/logo\/image\/\",\"url\":\"https:\/\/seconci.com.br\/site\/wp-content\/uploads\/2024\/08\/Logo-Seconci-Brasil-branca-2.png\",\"contentUrl\":\"https:\/\/seconci.com.br\/site\/wp-content\/uploads\/2024\/08\/Logo-Seconci-Brasil-branca-2.png\",\"width\":1315,\"height\":598,\"caption\":\"Seconci Brasil\"},\"image\":{\"@id\":\"https:\/\/seconci.com.br\/site\/#\/schema\/logo\/image\/\"}},{\"@type\":\"Person\",\"@id\":\"https:\/\/seconci.com.br\/site\/#\/schema\/person\/1d79afd97ddc8f2c68c1e88e298aa8e2\",\"name\":\"Sidney Rocha\",\"description\":\"Comunicador e estagi\u00e1rio do Seconci Brasil.\",\"url\":\"https:\/\/seconci.com.br\/site\/author\/sidney-rocha\/\"}]}<\/script>\n<!-- \/ Yoast SEO plugin. -->","yoast_head_json":{"title":"J\u00e1 fez sua inscri\u00e7\u00e3o no 96\u00ba ENIC? - Seconci Brasil","robots":{"index":"index","follow":"follow","max-snippet":"max-snippet:-1","max-image-preview":"max-image-preview:large","max-video-preview":"max-video-preview:-1"},"canonical":"https:\/\/seconci.com.br\/site\/2023\/04\/06\/ja-fez-sua-inscricao-no-96o-enic\/","og_locale":"pt_PT","og_type":"article","og_title":"J\u00e1 fez sua inscri\u00e7\u00e3o no 96\u00ba ENIC? - Seconci Brasil","og_description":"\u00daltima semana para realizar a inscri\u00e7\u00e3o no\u00a096\u00ba Encontro Nacional da Ind\u00fastria da Constru\u00e7\u00e3o. Promovido pela\u00a0 C\u00e2mara Brasileira da Ind\u00fastria da Constru\u00e7\u00e3o (CBIC), o evento ser\u00e1 realizado de 11 a 14 de abril, junto com a FEICON, no S\u00e3o Paulo Expo. O\u00a0 maior evento de conte\u00fado da ind\u00fastria da constru\u00e7\u00e3o contar\u00e1 com coletiva de imprensa e [&hellip;]","og_url":"https:\/\/seconci.com.br\/site\/2023\/04\/06\/ja-fez-sua-inscricao-no-96o-enic\/","og_site_name":"Seconci Brasil","article_published_time":"2023-04-06T13:05:02+00:00","og_image":[{"width":1600,"height":900,"url":"https:\/\/seconci.com.br\/site\/wp-content\/uploads\/2023\/04\/6.jpeg","type":"image\/jpeg"}],"author":"Sidney Rocha","twitter_card":"summary_large_image","twitter_misc":{"Escrito por":"Sidney Rocha","Tempo estimado de leitura":"1 minuto"},"schema":{"@context":"https:\/\/schema.org","@graph":[{"@type":"Article","@id":"https:\/\/seconci.com.br\/site\/2023\/04\/06\/ja-fez-sua-inscricao-no-96o-enic\/#article","isPartOf":{"@id":"https:\/\/seconci.com.br\/site\/2023\/04\/06\/ja-fez-sua-inscricao-no-96o-enic\/"},"author":{"name":"Sidney Rocha","@id":"https:\/\/seconci.com.br\/site\/#\/schema\/person\/1d79afd97ddc8f2c68c1e88e298aa8e2"},"headline":"J\u00e1 fez sua inscri\u00e7\u00e3o no 96\u00ba ENIC?","datePublished":"2023-04-06T13:05:02+00:00","mainEntityOfPage":{"@id":"https:\/\/seconci.com.br\/site\/2023\/04\/06\/ja-fez-sua-inscricao-no-96o-enic\/"},"wordCount":221,"publisher":{"@id":"https:\/\/seconci.com.br\/site\/#organization"},"image":{"@id":"https:\/\/seconci.com.br\/site\/2023\/04\/06\/ja-fez-sua-inscricao-no-96o-enic\/#primaryimage"},"thumbnailUrl":"https:\/\/seconci.com.br\/site\/wp-content\/uploads\/2023\/04\/6.jpeg","articleSection":["Seconci Brasil"],"inLanguage":"pt-PT"},{"@type":"WebPage","@id":"https:\/\/seconci.com.br\/site\/2023\/04\/06\/ja-fez-sua-inscricao-no-96o-enic\/","url":"https:\/\/seconci.com.br\/site\/2023\/04\/06\/ja-fez-sua-inscricao-no-96o-enic\/","name":"J\u00e1 fez sua inscri\u00e7\u00e3o no 96\u00ba ENIC? - Seconci Brasil","isPartOf":{"@id":"https:\/\/seconci.com.br\/site\/#website"},"primaryImageOfPage":{"@id":"https:\/\/seconci.com.br\/site\/2023\/04\/06\/ja-fez-sua-inscricao-no-96o-enic\/#primaryimage"},"image":{"@id":"https:\/\/seconci.com.br\/site\/2023\/04\/06\/ja-fez-sua-inscricao-no-96o-enic\/#primaryimage"},"thumbnailUrl":"https:\/\/seconci.com.br\/site\/wp-content\/uploads\/2023\/04\/6.jpeg","datePublished":"2023-04-06T13:05:02+00:00","breadcrumb":{"@id":"https:\/\/seconci.com.br\/site\/2023\/04\/06\/ja-fez-sua-inscricao-no-96o-enic\/#breadcrumb"},"inLanguage":"pt-PT","potentialAction":[{"@type":"ReadAction","target":["https:\/\/seconci.com.br\/site\/2023\/04\/06\/ja-fez-sua-inscricao-no-96o-enic\/"]}]},{"@type":"ImageObject","inLanguage":"pt-PT","@id":"https:\/\/seconci.com.br\/site\/2023\/04\/06\/ja-fez-sua-inscricao-no-96o-enic\/#primaryimage","url":"https:\/\/seconci.com.br\/site\/wp-content\/uploads\/2023\/04\/6.jpeg","contentUrl":"https:\/\/seconci.com.br\/site\/wp-content\/uploads\/2023\/04\/6.jpeg","width":1600,"height":900},{"@type":"BreadcrumbList","@id":"https:\/\/seconci.com.br\/site\/2023\/04\/06\/ja-fez-sua-inscricao-no-96o-enic\/#breadcrumb","itemListElement":[{"@type":"ListItem","position":1,"name":"In\u00edcio","item":"https:\/\/seconci.com.br\/site\/"},{"@type":"ListItem","position":2,"name":"J\u00e1 fez sua inscri\u00e7\u00e3o no 96\u00ba ENIC?"}]},{"@type":"WebSite","@id":"https:\/\/seconci.com.br\/site\/#website","url":"https:\/\/seconci.com.br\/site\/","name":"Seconci Brasil","description":"","publisher":{"@id":"https:\/\/seconci.com.br\/site\/#organization"},"potentialAction":[{"@type":"SearchAction","target":{"@type":"EntryPoint","urlTemplate":"https:\/\/seconci.com.br\/site\/?s={search_term_string}"},"query-input":{"@type":"PropertyValueSpecification","valueRequired":true,"valueName":"search_term_string"}}],"inLanguage":"pt-PT"},{"@type":"Organization","@id":"https:\/\/seconci.com.br\/site\/#organization","name":"Seconci Brasil","url":"https:\/\/seconci.com.br\/site\/","logo":{"@type":"ImageObject","inLanguage":"pt-PT","@id":"https:\/\/seconci.com.br\/site\/#\/schema\/logo\/image\/","url":"https:\/\/seconci.com.br\/site\/wp-content\/uploads\/2024\/08\/Logo-Seconci-Brasil-branca-2.png","contentUrl":"https:\/\/seconci.com.br\/site\/wp-content\/uploads\/2024\/08\/Logo-Seconci-Brasil-branca-2.png","width":1315,"height":598,"caption":"Seconci Brasil"},"image":{"@id":"https:\/\/seconci.com.br\/site\/#\/schema\/logo\/image\/"}},{"@type":"Person","@id":"https:\/\/seconci.com.br\/site\/#\/schema\/person\/1d79afd97ddc8f2c68c1e88e298aa8e2","name":"Sidney Rocha","description":"Comunicador e estagi\u00e1rio do Seconci Brasil.","url":"https:\/\/seconci.com.br\/site\/author\/sidney-rocha\/"}]}},"_links":{"self":[{"href":"https:\/\/seconci.com.br\/site\/wp-json\/wp\/v2\/posts\/12700","targetHints":{"allow":["GET"]}}],"collection":[{"href":"https:\/\/seconci.com.br\/site\/wp-json\/wp\/v2\/posts"}],"about":[{"href":"https:\/\/seconci.com.br\/site\/wp-json\/wp\/v2\/types\/post"}],"author":[{"embeddable":true,"href":"https:\/\/seconci.com.br\/site\/wp-json\/wp\/v2\/users\/3"}],"replies":[{"embeddable":true,"href":"https:\/\/seconci.com.br\/site\/wp-json\/wp\/v2\/comments?post=12700"}],"version-history":[{"count":0,"href":"https:\/\/seconci.com.br\/site\/wp-json\/wp\/v2\/posts\/12700\/revisions"}],"wp:featuredmedia":[{"embeddable":true,"href":"https:\/\/seconci.com.br\/site\/wp-json\/wp\/v2\/media\/12701"}],"wp:attachment":[{"href":"https:\/\/seconci.com.br\/site\/wp-json\/wp\/v2\/media?parent=12700"}],"wp:term":[{"taxonomy":"category","embeddable":true,"href":"https:\/\/seconci.com.br\/site\/wp-json\/wp\/v2\/categories?post=12700"},{"taxonomy":"post_tag","embeddable":true,"href":"https:\/\/seconci.com.br\/site\/wp-json\/wp\/v2\/tags?post=12700"}],"curies":[{"name":"wp","href":"https:\/\/api.w.org\/{rel}","templated":true}]}}