{"id":12747,"date":"2023-04-19T11:46:04","date_gmt":"2023-04-19T11:46:04","guid":{"rendered":"https:\/\/seconci.com.br\/site\/?p=12747"},"modified":"2023-04-19T11:46:04","modified_gmt":"2023-04-19T11:46:04","slug":"comunicacao-previa-de-obras-prevista-na-nr-18","status":"publish","type":"post","link":"https:\/\/seconci.com.br\/site\/2023\/04\/19\/comunicacao-previa-de-obras-prevista-na-nr-18\/","title":{"rendered":"Comunica\u00e7\u00e3o Pr\u00e9via de Obras prevista na NR 18"},"content":{"rendered":"<p>As organiza\u00e7\u00f5es executoras de obras devem fazer a Comunica\u00e7\u00e3o Pr\u00e9via de Obras em sistema informatizado da Subsecretaria de Inspe\u00e7\u00e3o do Trabalho &#8211; SIT, antes do in\u00edcio das atividades, de acordo com a legisla\u00e7\u00e3o vigente.<\/p>\n<p>A comunica\u00e7\u00e3o pr\u00e9via deve conter informa\u00e7\u00f5es da empresa e da obra, sendo importante a identifica\u00e7\u00e3o do respons\u00e1vel pelo preenchimento destas informa\u00e7\u00f5es.<\/p>\n<p>Sua formaliza\u00e7\u00e3o se embasa na obriga\u00e7\u00e3o do cumprimento do item 18.3.1, al\u00ednea \u201cb\u201d, da Norma Regulamentadora n\u00ba 18 &#8211; CONDI\u00c7\u00d5ES DE SEGURAN\u00c7A E SA\u00daDE NO TRABALHO NA IND\u00daSTRIA DA CONSTRU\u00c7\u00c3O.<\/p>\n<p>Deste modo, para garantir seguran\u00e7a jur\u00eddica e evitar a imposi\u00e7\u00e3o de autos de infra\u00e7\u00e3o e das multas decorrentes destes, \u00e9 fundamental que empresas\/empregadores da ind\u00fastria da constru\u00e7\u00e3o realizem a comunica\u00e7\u00e3o pr\u00e9via de suas obras por meio do site SCPO &#8211; Sistema de Comunica\u00e7\u00e3o Pr\u00e9via de Obras:\u00a0<a class=\"x1i10hfl xjbqb8w x6umtig x1b1mbwd xaqea5y xav7gou x9f619 x1ypdohk xt0psk2 xe8uvvx xdj266r x11i5rnm xat24cr x1mh8g0r xexx8yu x4uap5 x18d9i69 xkhd6sd x16tdsg8 x1hl2dhg xggy1nq x1a2a7pz xt0b8zv x1fey0fg\" tabindex=\"0\" role=\"link\" href=\"https:\/\/l.facebook.com\/l.php?u=https%3A%2F%2Fbit.ly%2F3UNU3XP%3Ffbclid%3DIwAR1N8poL3RmB2oBQzKjj5DoRMVg-UXq6eTf--RfqLiLOaptmz8nfUmWIlcQ&amp;h=AT2PYesTJPWJxcCwaqqSf-ZPuHn2T_rgghACuF9Q9X1JeP6xWfh94wFFkFwUrZEe3jM2sj2hoSYQ5QVuYqZFn5ITyP6cztT1RGRQ4Jf1y-grWOSg4D3T2cBWtSocRqXEcIuH&amp;__tn__=-UK*F\" target=\"_blank\" rel=\"nofollow noopener\">https:\/\/bit.ly\/3UNU3XP<\/a><\/p>\n<p>A multa ter\u00e1 o valor da penalidade aplicada conforme o disposto no quadro de grada\u00e7\u00e3o de multas e classifica\u00e7\u00e3o das infra\u00e7\u00f5es da NR 28.<\/p>\n<p><em>Fonte: CBIC<\/em><\/p>\n","protected":false},"excerpt":{"rendered":"<p>As organiza\u00e7\u00f5es executoras de obras devem fazer a Comunica\u00e7\u00e3o Pr\u00e9via de Obras em sistema informatizado da Subsecretaria de Inspe\u00e7\u00e3o do Trabalho &#8211; SIT, antes do in\u00edcio das atividades, de acordo com a legisla\u00e7\u00e3o vigente. A comunica\u00e7\u00e3o pr\u00e9via deve conter informa\u00e7\u00f5es da empresa e da obra, sendo importante a identifica\u00e7\u00e3o do respons\u00e1vel pelo preenchimento destas informa\u00e7\u00f5es. [&hellip;]<\/p>\n","protected":false},"author":3,"featured_media":12748,"comment_status":"closed","ping_status":"closed","sticky":false,"template":"","format":"standard","meta":{"footnotes":""},"categories":[92],"tags":[],"class_list":["post-12747","post","type-post","status-publish","format-standard","has-post-thumbnail","hentry","category-seconci-brasil"],"yoast_head":"<!-- This site is optimized with the Yoast SEO plugin v26.9 - https:\/\/yoast.com\/product\/yoast-seo-wordpress\/ -->\n<title>Comunica\u00e7\u00e3o Pr\u00e9via de Obras prevista na NR 18 - Seconci Brasil<\/title>\n<meta name=\"robots\" content=\"index, follow, max-snippet:-1, max-image-preview:large, max-video-preview:-1\" \/>\n<link rel=\"canonical\" href=\"https:\/\/seconci.com.br\/site\/2023\/04\/19\/comunicacao-previa-de-obras-prevista-na-nr-18\/\" \/>\n<meta property=\"og:locale\" content=\"pt_PT\" \/>\n<meta property=\"og:type\" content=\"article\" \/>\n<meta property=\"og:title\" content=\"Comunica\u00e7\u00e3o Pr\u00e9via de Obras prevista na NR 18 - Seconci Brasil\" \/>\n<meta property=\"og:description\" content=\"As organiza\u00e7\u00f5es executoras de obras devem fazer a Comunica\u00e7\u00e3o Pr\u00e9via de Obras em sistema informatizado da Subsecretaria de Inspe\u00e7\u00e3o do Trabalho &#8211; SIT, antes do in\u00edcio das atividades, de acordo com a legisla\u00e7\u00e3o vigente. A comunica\u00e7\u00e3o pr\u00e9via deve conter informa\u00e7\u00f5es da empresa e da obra, sendo importante a identifica\u00e7\u00e3o do respons\u00e1vel pelo preenchimento destas informa\u00e7\u00f5es. [&hellip;]\" \/>\n<meta property=\"og:url\" content=\"https:\/\/seconci.com.br\/site\/2023\/04\/19\/comunicacao-previa-de-obras-prevista-na-nr-18\/\" \/>\n<meta property=\"og:site_name\" content=\"Seconci Brasil\" \/>\n<meta property=\"article:published_time\" content=\"2023-04-19T11:46:04+00:00\" \/>\n<meta property=\"og:image\" content=\"https:\/\/seconci.com.br\/site\/wp-content\/uploads\/2023\/04\/341517623_902764250957069_7861026326263233297_n.jpg\" \/>\n\t<meta property=\"og:image:width\" content=\"1080\" \/>\n\t<meta property=\"og:image:height\" content=\"1080\" \/>\n\t<meta property=\"og:image:type\" content=\"image\/jpeg\" \/>\n<meta name=\"author\" content=\"Sidney Rocha\" \/>\n<meta name=\"twitter:card\" content=\"summary_large_image\" \/>\n<meta name=\"twitter:label1\" content=\"Escrito por\" \/>\n\t<meta name=\"twitter:data1\" content=\"Sidney Rocha\" \/>\n\t<meta name=\"twitter:label2\" content=\"Tempo estimado de leitura\" \/>\n\t<meta name=\"twitter:data2\" content=\"1 minuto\" \/>\n<script type=\"application\/ld+json\" class=\"yoast-schema-graph\">{\"@context\":\"https:\/\/schema.org\",\"@graph\":[{\"@type\":\"Article\",\"@id\":\"https:\/\/seconci.com.br\/site\/2023\/04\/19\/comunicacao-previa-de-obras-prevista-na-nr-18\/#article\",\"isPartOf\":{\"@id\":\"https:\/\/seconci.com.br\/site\/2023\/04\/19\/comunicacao-previa-de-obras-prevista-na-nr-18\/\"},\"author\":{\"name\":\"Sidney Rocha\",\"@id\":\"https:\/\/seconci.com.br\/site\/#\/schema\/person\/1d79afd97ddc8f2c68c1e88e298aa8e2\"},\"headline\":\"Comunica\u00e7\u00e3o Pr\u00e9via de Obras prevista na NR 18\",\"datePublished\":\"2023-04-19T11:46:04+00:00\",\"mainEntityOfPage\":{\"@id\":\"https:\/\/seconci.com.br\/site\/2023\/04\/19\/comunicacao-previa-de-obras-prevista-na-nr-18\/\"},\"wordCount\":201,\"publisher\":{\"@id\":\"https:\/\/seconci.com.br\/site\/#organization\"},\"image\":{\"@id\":\"https:\/\/seconci.com.br\/site\/2023\/04\/19\/comunicacao-previa-de-obras-prevista-na-nr-18\/#primaryimage\"},\"thumbnailUrl\":\"https:\/\/seconci.com.br\/site\/wp-content\/uploads\/2023\/04\/341517623_902764250957069_7861026326263233297_n.jpg\",\"articleSection\":[\"Seconci Brasil\"],\"inLanguage\":\"pt-PT\"},{\"@type\":\"WebPage\",\"@id\":\"https:\/\/seconci.com.br\/site\/2023\/04\/19\/comunicacao-previa-de-obras-prevista-na-nr-18\/\",\"url\":\"https:\/\/seconci.com.br\/site\/2023\/04\/19\/comunicacao-previa-de-obras-prevista-na-nr-18\/\",\"name\":\"Comunica\u00e7\u00e3o Pr\u00e9via de Obras prevista na NR 18 - Seconci Brasil\",\"isPartOf\":{\"@id\":\"https:\/\/seconci.com.br\/site\/#website\"},\"primaryImageOfPage\":{\"@id\":\"https:\/\/seconci.com.br\/site\/2023\/04\/19\/comunicacao-previa-de-obras-prevista-na-nr-18\/#primaryimage\"},\"image\":{\"@id\":\"https:\/\/seconci.com.br\/site\/2023\/04\/19\/comunicacao-previa-de-obras-prevista-na-nr-18\/#primaryimage\"},\"thumbnailUrl\":\"https:\/\/seconci.com.br\/site\/wp-content\/uploads\/2023\/04\/341517623_902764250957069_7861026326263233297_n.jpg\",\"datePublished\":\"2023-04-19T11:46:04+00:00\",\"breadcrumb\":{\"@id\":\"https:\/\/seconci.com.br\/site\/2023\/04\/19\/comunicacao-previa-de-obras-prevista-na-nr-18\/#breadcrumb\"},\"inLanguage\":\"pt-PT\",\"potentialAction\":[{\"@type\":\"ReadAction\",\"target\":[\"https:\/\/seconci.com.br\/site\/2023\/04\/19\/comunicacao-previa-de-obras-prevista-na-nr-18\/\"]}]},{\"@type\":\"ImageObject\",\"inLanguage\":\"pt-PT\",\"@id\":\"https:\/\/seconci.com.br\/site\/2023\/04\/19\/comunicacao-previa-de-obras-prevista-na-nr-18\/#primaryimage\",\"url\":\"https:\/\/seconci.com.br\/site\/wp-content\/uploads\/2023\/04\/341517623_902764250957069_7861026326263233297_n.jpg\",\"contentUrl\":\"https:\/\/seconci.com.br\/site\/wp-content\/uploads\/2023\/04\/341517623_902764250957069_7861026326263233297_n.jpg\",\"width\":1080,\"height\":1080},{\"@type\":\"BreadcrumbList\",\"@id\":\"https:\/\/seconci.com.br\/site\/2023\/04\/19\/comunicacao-previa-de-obras-prevista-na-nr-18\/#breadcrumb\",\"itemListElement\":[{\"@type\":\"ListItem\",\"position\":1,\"name\":\"In\u00edcio\",\"item\":\"https:\/\/seconci.com.br\/site\/\"},{\"@type\":\"ListItem\",\"position\":2,\"name\":\"Comunica\u00e7\u00e3o Pr\u00e9via de Obras prevista na NR 18\"}]},{\"@type\":\"WebSite\",\"@id\":\"https:\/\/seconci.com.br\/site\/#website\",\"url\":\"https:\/\/seconci.com.br\/site\/\",\"name\":\"Seconci Brasil\",\"description\":\"\",\"publisher\":{\"@id\":\"https:\/\/seconci.com.br\/site\/#organization\"},\"potentialAction\":[{\"@type\":\"SearchAction\",\"target\":{\"@type\":\"EntryPoint\",\"urlTemplate\":\"https:\/\/seconci.com.br\/site\/?s={search_term_string}\"},\"query-input\":{\"@type\":\"PropertyValueSpecification\",\"valueRequired\":true,\"valueName\":\"search_term_string\"}}],\"inLanguage\":\"pt-PT\"},{\"@type\":\"Organization\",\"@id\":\"https:\/\/seconci.com.br\/site\/#organization\",\"name\":\"Seconci Brasil\",\"url\":\"https:\/\/seconci.com.br\/site\/\",\"logo\":{\"@type\":\"ImageObject\",\"inLanguage\":\"pt-PT\",\"@id\":\"https:\/\/seconci.com.br\/site\/#\/schema\/logo\/image\/\",\"url\":\"https:\/\/seconci.com.br\/site\/wp-content\/uploads\/2024\/08\/Logo-Seconci-Brasil-branca-2.png\",\"contentUrl\":\"https:\/\/seconci.com.br\/site\/wp-content\/uploads\/2024\/08\/Logo-Seconci-Brasil-branca-2.png\",\"width\":1315,\"height\":598,\"caption\":\"Seconci Brasil\"},\"image\":{\"@id\":\"https:\/\/seconci.com.br\/site\/#\/schema\/logo\/image\/\"}},{\"@type\":\"Person\",\"@id\":\"https:\/\/seconci.com.br\/site\/#\/schema\/person\/1d79afd97ddc8f2c68c1e88e298aa8e2\",\"name\":\"Sidney Rocha\",\"description\":\"Comunicador e estagi\u00e1rio do Seconci Brasil.\",\"url\":\"https:\/\/seconci.com.br\/site\/author\/sidney-rocha\/\"}]}<\/script>\n<!-- \/ Yoast SEO plugin. -->","yoast_head_json":{"title":"Comunica\u00e7\u00e3o Pr\u00e9via de Obras prevista na NR 18 - Seconci Brasil","robots":{"index":"index","follow":"follow","max-snippet":"max-snippet:-1","max-image-preview":"max-image-preview:large","max-video-preview":"max-video-preview:-1"},"canonical":"https:\/\/seconci.com.br\/site\/2023\/04\/19\/comunicacao-previa-de-obras-prevista-na-nr-18\/","og_locale":"pt_PT","og_type":"article","og_title":"Comunica\u00e7\u00e3o Pr\u00e9via de Obras prevista na NR 18 - Seconci Brasil","og_description":"As organiza\u00e7\u00f5es executoras de obras devem fazer a Comunica\u00e7\u00e3o Pr\u00e9via de Obras em sistema informatizado da Subsecretaria de Inspe\u00e7\u00e3o do Trabalho &#8211; SIT, antes do in\u00edcio das atividades, de acordo com a legisla\u00e7\u00e3o vigente. A comunica\u00e7\u00e3o pr\u00e9via deve conter informa\u00e7\u00f5es da empresa e da obra, sendo importante a identifica\u00e7\u00e3o do respons\u00e1vel pelo preenchimento destas informa\u00e7\u00f5es. [&hellip;]","og_url":"https:\/\/seconci.com.br\/site\/2023\/04\/19\/comunicacao-previa-de-obras-prevista-na-nr-18\/","og_site_name":"Seconci Brasil","article_published_time":"2023-04-19T11:46:04+00:00","og_image":[{"width":1080,"height":1080,"url":"https:\/\/seconci.com.br\/site\/wp-content\/uploads\/2023\/04\/341517623_902764250957069_7861026326263233297_n.jpg","type":"image\/jpeg"}],"author":"Sidney Rocha","twitter_card":"summary_large_image","twitter_misc":{"Escrito por":"Sidney Rocha","Tempo estimado de leitura":"1 minuto"},"schema":{"@context":"https:\/\/schema.org","@graph":[{"@type":"Article","@id":"https:\/\/seconci.com.br\/site\/2023\/04\/19\/comunicacao-previa-de-obras-prevista-na-nr-18\/#article","isPartOf":{"@id":"https:\/\/seconci.com.br\/site\/2023\/04\/19\/comunicacao-previa-de-obras-prevista-na-nr-18\/"},"author":{"name":"Sidney Rocha","@id":"https:\/\/seconci.com.br\/site\/#\/schema\/person\/1d79afd97ddc8f2c68c1e88e298aa8e2"},"headline":"Comunica\u00e7\u00e3o Pr\u00e9via de Obras prevista na NR 18","datePublished":"2023-04-19T11:46:04+00:00","mainEntityOfPage":{"@id":"https:\/\/seconci.com.br\/site\/2023\/04\/19\/comunicacao-previa-de-obras-prevista-na-nr-18\/"},"wordCount":201,"publisher":{"@id":"https:\/\/seconci.com.br\/site\/#organization"},"image":{"@id":"https:\/\/seconci.com.br\/site\/2023\/04\/19\/comunicacao-previa-de-obras-prevista-na-nr-18\/#primaryimage"},"thumbnailUrl":"https:\/\/seconci.com.br\/site\/wp-content\/uploads\/2023\/04\/341517623_902764250957069_7861026326263233297_n.jpg","articleSection":["Seconci Brasil"],"inLanguage":"pt-PT"},{"@type":"WebPage","@id":"https:\/\/seconci.com.br\/site\/2023\/04\/19\/comunicacao-previa-de-obras-prevista-na-nr-18\/","url":"https:\/\/seconci.com.br\/site\/2023\/04\/19\/comunicacao-previa-de-obras-prevista-na-nr-18\/","name":"Comunica\u00e7\u00e3o Pr\u00e9via de Obras prevista na NR 18 - Seconci Brasil","isPartOf":{"@id":"https:\/\/seconci.com.br\/site\/#website"},"primaryImageOfPage":{"@id":"https:\/\/seconci.com.br\/site\/2023\/04\/19\/comunicacao-previa-de-obras-prevista-na-nr-18\/#primaryimage"},"image":{"@id":"https:\/\/seconci.com.br\/site\/2023\/04\/19\/comunicacao-previa-de-obras-prevista-na-nr-18\/#primaryimage"},"thumbnailUrl":"https:\/\/seconci.com.br\/site\/wp-content\/uploads\/2023\/04\/341517623_902764250957069_7861026326263233297_n.jpg","datePublished":"2023-04-19T11:46:04+00:00","breadcrumb":{"@id":"https:\/\/seconci.com.br\/site\/2023\/04\/19\/comunicacao-previa-de-obras-prevista-na-nr-18\/#breadcrumb"},"inLanguage":"pt-PT","potentialAction":[{"@type":"ReadAction","target":["https:\/\/seconci.com.br\/site\/2023\/04\/19\/comunicacao-previa-de-obras-prevista-na-nr-18\/"]}]},{"@type":"ImageObject","inLanguage":"pt-PT","@id":"https:\/\/seconci.com.br\/site\/2023\/04\/19\/comunicacao-previa-de-obras-prevista-na-nr-18\/#primaryimage","url":"https:\/\/seconci.com.br\/site\/wp-content\/uploads\/2023\/04\/341517623_902764250957069_7861026326263233297_n.jpg","contentUrl":"https:\/\/seconci.com.br\/site\/wp-content\/uploads\/2023\/04\/341517623_902764250957069_7861026326263233297_n.jpg","width":1080,"height":1080},{"@type":"BreadcrumbList","@id":"https:\/\/seconci.com.br\/site\/2023\/04\/19\/comunicacao-previa-de-obras-prevista-na-nr-18\/#breadcrumb","itemListElement":[{"@type":"ListItem","position":1,"name":"In\u00edcio","item":"https:\/\/seconci.com.br\/site\/"},{"@type":"ListItem","position":2,"name":"Comunica\u00e7\u00e3o Pr\u00e9via de Obras prevista na NR 18"}]},{"@type":"WebSite","@id":"https:\/\/seconci.com.br\/site\/#website","url":"https:\/\/seconci.com.br\/site\/","name":"Seconci Brasil","description":"","publisher":{"@id":"https:\/\/seconci.com.br\/site\/#organization"},"potentialAction":[{"@type":"SearchAction","target":{"@type":"EntryPoint","urlTemplate":"https:\/\/seconci.com.br\/site\/?s={search_term_string}"},"query-input":{"@type":"PropertyValueSpecification","valueRequired":true,"valueName":"search_term_string"}}],"inLanguage":"pt-PT"},{"@type":"Organization","@id":"https:\/\/seconci.com.br\/site\/#organization","name":"Seconci Brasil","url":"https:\/\/seconci.com.br\/site\/","logo":{"@type":"ImageObject","inLanguage":"pt-PT","@id":"https:\/\/seconci.com.br\/site\/#\/schema\/logo\/image\/","url":"https:\/\/seconci.com.br\/site\/wp-content\/uploads\/2024\/08\/Logo-Seconci-Brasil-branca-2.png","contentUrl":"https:\/\/seconci.com.br\/site\/wp-content\/uploads\/2024\/08\/Logo-Seconci-Brasil-branca-2.png","width":1315,"height":598,"caption":"Seconci Brasil"},"image":{"@id":"https:\/\/seconci.com.br\/site\/#\/schema\/logo\/image\/"}},{"@type":"Person","@id":"https:\/\/seconci.com.br\/site\/#\/schema\/person\/1d79afd97ddc8f2c68c1e88e298aa8e2","name":"Sidney Rocha","description":"Comunicador e estagi\u00e1rio do Seconci Brasil.","url":"https:\/\/seconci.com.br\/site\/author\/sidney-rocha\/"}]}},"_links":{"self":[{"href":"https:\/\/seconci.com.br\/site\/wp-json\/wp\/v2\/posts\/12747","targetHints":{"allow":["GET"]}}],"collection":[{"href":"https:\/\/seconci.com.br\/site\/wp-json\/wp\/v2\/posts"}],"about":[{"href":"https:\/\/seconci.com.br\/site\/wp-json\/wp\/v2\/types\/post"}],"author":[{"embeddable":true,"href":"https:\/\/seconci.com.br\/site\/wp-json\/wp\/v2\/users\/3"}],"replies":[{"embeddable":true,"href":"https:\/\/seconci.com.br\/site\/wp-json\/wp\/v2\/comments?post=12747"}],"version-history":[{"count":0,"href":"https:\/\/seconci.com.br\/site\/wp-json\/wp\/v2\/posts\/12747\/revisions"}],"wp:featuredmedia":[{"embeddable":true,"href":"https:\/\/seconci.com.br\/site\/wp-json\/wp\/v2\/media\/12748"}],"wp:attachment":[{"href":"https:\/\/seconci.com.br\/site\/wp-json\/wp\/v2\/media?parent=12747"}],"wp:term":[{"taxonomy":"category","embeddable":true,"href":"https:\/\/seconci.com.br\/site\/wp-json\/wp\/v2\/categories?post=12747"},{"taxonomy":"post_tag","embeddable":true,"href":"https:\/\/seconci.com.br\/site\/wp-json\/wp\/v2\/tags?post=12747"}],"curies":[{"name":"wp","href":"https:\/\/api.w.org\/{rel}","templated":true}]}}