{"id":12751,"date":"2023-04-20T12:23:29","date_gmt":"2023-04-20T12:23:29","guid":{"rendered":"https:\/\/seconci.com.br\/site\/?p=12751"},"modified":"2023-04-20T12:23:29","modified_gmt":"2023-04-20T12:23:29","slug":"mudancas-no-programa-de-alimentacao-do-trabalhador-entram-em-vigor-ja-em-maio","status":"publish","type":"post","link":"https:\/\/seconci.com.br\/site\/2023\/04\/20\/mudancas-no-programa-de-alimentacao-do-trabalhador-entram-em-vigor-ja-em-maio\/","title":{"rendered":"Mudan\u00e7as no Programa de Alimenta\u00e7\u00e3o do Trabalhador entram em vigor j\u00e1 em maio"},"content":{"rendered":"<p>Mudan\u00e7as no Programa de Alimenta\u00e7\u00e3o do Trabalhador (PAT), que foram sancionadas pelo Senado Federal em 2022, devem ser implantadas, em definitivo, a partir de 1\u00ba de maio de 2023. O objetivo do programa \u00e9 melhorar as condi\u00e7\u00f5es das refei\u00e7\u00f5es dos empregados brasileiros.<\/p>\n<p data-gtm-vis-first-on-screen-675107_59=\"56833\" data-gtm-vis-total-visible-time-675107_59=\"2000\">Uma das novas regras estabelecidas \u00e9 que os benef\u00edcios devem ser utilizados apenas para a compra de produtos aliment\u00edcios. N\u00e3o ser\u00e1 permitido comprar outros produtos, como cigarros, com vale-alimenta\u00e7\u00e3o (VA) e vale-refei\u00e7\u00e3o (VR). \u00c9 importante que as empresas orientem seus colaboradores sobre essa informa\u00e7\u00e3o para garantir a transpar\u00eancia da organiza\u00e7\u00e3o e evitar contesta\u00e7\u00f5es.<\/p>\n<p>Outro ponto importante que as empresas devem prestar aten\u00e7\u00e3o \u00e9 sobre o pagamento pr\u00e9-pago e o fim do rebate. Agora, o VA e o VR devem ser sempre pr\u00e9-pagos, ou seja, est\u00e1 proibido o pagamento posterior do benef\u00edcio. Al\u00e9m disso, n\u00e3o ser\u00e1 mais permitida a pr\u00e1tica conhecida como rebate, em que as empresas de benef\u00edcios eram autorizadas a dar descontos para as companhias contratantes.<\/p>\n<p>Essa pr\u00e1tica acabava tendo um vi\u00e9s negativo para o usu\u00e1rio, pois para recuperar o desconto, as bandeiras cobravam uma taxa maior dos estabelecimentos, o que era repassado para o cliente.<\/p>\n<p>Em 2023, o programa ainda pode sofrer outras altera\u00e7\u00f5es em discuss\u00e3o entre o Minist\u00e9rio do Trabalho e a Associa\u00e7\u00e3o Brasileira das Empresas de Benef\u00edcios ao Trabalhador (ABBT), como a amplia\u00e7\u00e3o da rede. Com a nova regulamenta\u00e7\u00e3o, o trabalhador poder\u00e1 usar seus benef\u00edcios mesmo em locais em que sua bandeira n\u00e3o tem credenciamento, desde que o estabelecimento aceita vale alimenta\u00e7\u00e3o e refei\u00e7\u00e3o. Isso aumentar\u00e1 a concorr\u00eancia e permitir\u00e1 mais vantagens tanto para os trabalhadores quanto para os estabelecimentos, que n\u00e3o estar\u00e3o presos a uma \u00fanica empresa.<\/p>\n<p>Outra regra em discuss\u00e3o \u00e9 sobre a portabilidade, que poder\u00e1 permitir que o trabalhador solicite ao contratante a portabilidade da bandeira do cart\u00e3o, sem custo, oferecendo mais liberdade para utilizar os benef\u00edcios.<\/p>\n<p>Para a diretora de marketing da Up Brasil, empresa especializada em cart\u00f5es de benef\u00edcios corporativos, Ta\u00eds Lange, as altera\u00e7\u00f5es ser\u00e3o positivas tanto para as empresas como para os trabalhadores. As empresas ter\u00e3o ganhos fiscais, como a dupla dedutibilidade do IR e a isen\u00e7\u00e3o dos encargos trabalhistas, al\u00e9m de um time mais produtivo e engajado. J\u00e1 os trabalhadores ter\u00e3o\u00a0<em>mais<\/em>\u00a0liberdade e economia no uso dos benef\u00edcios, al\u00e9m da possibilidade de amplia\u00e7\u00e3o em locais para se alimentar.<\/p>\n<p><em>Portal Cont\u00e1beis<\/em><\/p>\n","protected":false},"excerpt":{"rendered":"<p>Mudan\u00e7as no Programa de Alimenta\u00e7\u00e3o do Trabalhador (PAT), que foram sancionadas pelo Senado Federal em 2022, devem ser implantadas, em definitivo, a partir de 1\u00ba de maio de 2023. O objetivo do programa \u00e9 melhorar as condi\u00e7\u00f5es das refei\u00e7\u00f5es dos empregados brasileiros. Uma das novas regras estabelecidas \u00e9 que os benef\u00edcios devem ser utilizados apenas [&hellip;]<\/p>\n","protected":false},"author":3,"featured_media":12752,"comment_status":"closed","ping_status":"closed","sticky":false,"template":"","format":"standard","meta":{"footnotes":""},"categories":[92],"tags":[],"class_list":["post-12751","post","type-post","status-publish","format-standard","has-post-thumbnail","hentry","category-seconci-brasil"],"yoast_head":"<!-- This site is optimized with the Yoast SEO plugin v26.9 - https:\/\/yoast.com\/product\/yoast-seo-wordpress\/ -->\n<title>Mudan\u00e7as no Programa de Alimenta\u00e7\u00e3o do Trabalhador entram em vigor j\u00e1 em maio - Seconci Brasil<\/title>\n<meta name=\"robots\" content=\"index, follow, max-snippet:-1, max-image-preview:large, max-video-preview:-1\" \/>\n<link rel=\"canonical\" href=\"https:\/\/seconci.com.br\/site\/2023\/04\/20\/mudancas-no-programa-de-alimentacao-do-trabalhador-entram-em-vigor-ja-em-maio\/\" \/>\n<meta property=\"og:locale\" content=\"pt_PT\" \/>\n<meta property=\"og:type\" content=\"article\" \/>\n<meta property=\"og:title\" content=\"Mudan\u00e7as no Programa de Alimenta\u00e7\u00e3o do Trabalhador entram em vigor j\u00e1 em maio - Seconci Brasil\" \/>\n<meta property=\"og:description\" content=\"Mudan\u00e7as no Programa de Alimenta\u00e7\u00e3o do Trabalhador (PAT), que foram sancionadas pelo Senado Federal em 2022, devem ser implantadas, em definitivo, a partir de 1\u00ba de maio de 2023. O objetivo do programa \u00e9 melhorar as condi\u00e7\u00f5es das refei\u00e7\u00f5es dos empregados brasileiros. Uma das novas regras estabelecidas \u00e9 que os benef\u00edcios devem ser utilizados apenas [&hellip;]\" \/>\n<meta property=\"og:url\" content=\"https:\/\/seconci.com.br\/site\/2023\/04\/20\/mudancas-no-programa-de-alimentacao-do-trabalhador-entram-em-vigor-ja-em-maio\/\" \/>\n<meta property=\"og:site_name\" content=\"Seconci Brasil\" \/>\n<meta property=\"article:published_time\" content=\"2023-04-20T12:23:29+00:00\" \/>\n<meta property=\"og:image\" content=\"https:\/\/seconci.com.br\/site\/wp-content\/uploads\/2023\/04\/4.jpeg\" \/>\n\t<meta property=\"og:image:width\" content=\"300\" \/>\n\t<meta property=\"og:image:height\" content=\"168\" \/>\n\t<meta property=\"og:image:type\" content=\"image\/jpeg\" \/>\n<meta name=\"author\" content=\"Sidney Rocha\" \/>\n<meta name=\"twitter:card\" content=\"summary_large_image\" \/>\n<meta name=\"twitter:label1\" content=\"Escrito por\" \/>\n\t<meta name=\"twitter:data1\" content=\"Sidney Rocha\" \/>\n\t<meta name=\"twitter:label2\" content=\"Tempo estimado de leitura\" \/>\n\t<meta name=\"twitter:data2\" content=\"2 minutos\" \/>\n<script type=\"application\/ld+json\" class=\"yoast-schema-graph\">{\"@context\":\"https:\/\/schema.org\",\"@graph\":[{\"@type\":\"Article\",\"@id\":\"https:\/\/seconci.com.br\/site\/2023\/04\/20\/mudancas-no-programa-de-alimentacao-do-trabalhador-entram-em-vigor-ja-em-maio\/#article\",\"isPartOf\":{\"@id\":\"https:\/\/seconci.com.br\/site\/2023\/04\/20\/mudancas-no-programa-de-alimentacao-do-trabalhador-entram-em-vigor-ja-em-maio\/\"},\"author\":{\"name\":\"Sidney Rocha\",\"@id\":\"https:\/\/seconci.com.br\/site\/#\/schema\/person\/1d79afd97ddc8f2c68c1e88e298aa8e2\"},\"headline\":\"Mudan\u00e7as no Programa de Alimenta\u00e7\u00e3o do Trabalhador entram em vigor j\u00e1 em maio\",\"datePublished\":\"2023-04-20T12:23:29+00:00\",\"mainEntityOfPage\":{\"@id\":\"https:\/\/seconci.com.br\/site\/2023\/04\/20\/mudancas-no-programa-de-alimentacao-do-trabalhador-entram-em-vigor-ja-em-maio\/\"},\"wordCount\":444,\"publisher\":{\"@id\":\"https:\/\/seconci.com.br\/site\/#organization\"},\"image\":{\"@id\":\"https:\/\/seconci.com.br\/site\/2023\/04\/20\/mudancas-no-programa-de-alimentacao-do-trabalhador-entram-em-vigor-ja-em-maio\/#primaryimage\"},\"thumbnailUrl\":\"https:\/\/seconci.com.br\/site\/wp-content\/uploads\/2023\/04\/4.jpeg\",\"articleSection\":[\"Seconci Brasil\"],\"inLanguage\":\"pt-PT\"},{\"@type\":\"WebPage\",\"@id\":\"https:\/\/seconci.com.br\/site\/2023\/04\/20\/mudancas-no-programa-de-alimentacao-do-trabalhador-entram-em-vigor-ja-em-maio\/\",\"url\":\"https:\/\/seconci.com.br\/site\/2023\/04\/20\/mudancas-no-programa-de-alimentacao-do-trabalhador-entram-em-vigor-ja-em-maio\/\",\"name\":\"Mudan\u00e7as no Programa de Alimenta\u00e7\u00e3o do Trabalhador entram em vigor j\u00e1 em maio - Seconci Brasil\",\"isPartOf\":{\"@id\":\"https:\/\/seconci.com.br\/site\/#website\"},\"primaryImageOfPage\":{\"@id\":\"https:\/\/seconci.com.br\/site\/2023\/04\/20\/mudancas-no-programa-de-alimentacao-do-trabalhador-entram-em-vigor-ja-em-maio\/#primaryimage\"},\"image\":{\"@id\":\"https:\/\/seconci.com.br\/site\/2023\/04\/20\/mudancas-no-programa-de-alimentacao-do-trabalhador-entram-em-vigor-ja-em-maio\/#primaryimage\"},\"thumbnailUrl\":\"https:\/\/seconci.com.br\/site\/wp-content\/uploads\/2023\/04\/4.jpeg\",\"datePublished\":\"2023-04-20T12:23:29+00:00\",\"breadcrumb\":{\"@id\":\"https:\/\/seconci.com.br\/site\/2023\/04\/20\/mudancas-no-programa-de-alimentacao-do-trabalhador-entram-em-vigor-ja-em-maio\/#breadcrumb\"},\"inLanguage\":\"pt-PT\",\"potentialAction\":[{\"@type\":\"ReadAction\",\"target\":[\"https:\/\/seconci.com.br\/site\/2023\/04\/20\/mudancas-no-programa-de-alimentacao-do-trabalhador-entram-em-vigor-ja-em-maio\/\"]}]},{\"@type\":\"ImageObject\",\"inLanguage\":\"pt-PT\",\"@id\":\"https:\/\/seconci.com.br\/site\/2023\/04\/20\/mudancas-no-programa-de-alimentacao-do-trabalhador-entram-em-vigor-ja-em-maio\/#primaryimage\",\"url\":\"https:\/\/seconci.com.br\/site\/wp-content\/uploads\/2023\/04\/4.jpeg\",\"contentUrl\":\"https:\/\/seconci.com.br\/site\/wp-content\/uploads\/2023\/04\/4.jpeg\",\"width\":300,\"height\":168},{\"@type\":\"BreadcrumbList\",\"@id\":\"https:\/\/seconci.com.br\/site\/2023\/04\/20\/mudancas-no-programa-de-alimentacao-do-trabalhador-entram-em-vigor-ja-em-maio\/#breadcrumb\",\"itemListElement\":[{\"@type\":\"ListItem\",\"position\":1,\"name\":\"In\u00edcio\",\"item\":\"https:\/\/seconci.com.br\/site\/\"},{\"@type\":\"ListItem\",\"position\":2,\"name\":\"Mudan\u00e7as no Programa de Alimenta\u00e7\u00e3o do Trabalhador entram em vigor j\u00e1 em maio\"}]},{\"@type\":\"WebSite\",\"@id\":\"https:\/\/seconci.com.br\/site\/#website\",\"url\":\"https:\/\/seconci.com.br\/site\/\",\"name\":\"Seconci Brasil\",\"description\":\"\",\"publisher\":{\"@id\":\"https:\/\/seconci.com.br\/site\/#organization\"},\"potentialAction\":[{\"@type\":\"SearchAction\",\"target\":{\"@type\":\"EntryPoint\",\"urlTemplate\":\"https:\/\/seconci.com.br\/site\/?s={search_term_string}\"},\"query-input\":{\"@type\":\"PropertyValueSpecification\",\"valueRequired\":true,\"valueName\":\"search_term_string\"}}],\"inLanguage\":\"pt-PT\"},{\"@type\":\"Organization\",\"@id\":\"https:\/\/seconci.com.br\/site\/#organization\",\"name\":\"Seconci Brasil\",\"url\":\"https:\/\/seconci.com.br\/site\/\",\"logo\":{\"@type\":\"ImageObject\",\"inLanguage\":\"pt-PT\",\"@id\":\"https:\/\/seconci.com.br\/site\/#\/schema\/logo\/image\/\",\"url\":\"https:\/\/seconci.com.br\/site\/wp-content\/uploads\/2024\/08\/Logo-Seconci-Brasil-branca-2.png\",\"contentUrl\":\"https:\/\/seconci.com.br\/site\/wp-content\/uploads\/2024\/08\/Logo-Seconci-Brasil-branca-2.png\",\"width\":1315,\"height\":598,\"caption\":\"Seconci Brasil\"},\"image\":{\"@id\":\"https:\/\/seconci.com.br\/site\/#\/schema\/logo\/image\/\"}},{\"@type\":\"Person\",\"@id\":\"https:\/\/seconci.com.br\/site\/#\/schema\/person\/1d79afd97ddc8f2c68c1e88e298aa8e2\",\"name\":\"Sidney Rocha\",\"description\":\"Comunicador e estagi\u00e1rio do Seconci Brasil.\",\"url\":\"https:\/\/seconci.com.br\/site\/author\/sidney-rocha\/\"}]}<\/script>\n<!-- \/ Yoast SEO plugin. -->","yoast_head_json":{"title":"Mudan\u00e7as no Programa de Alimenta\u00e7\u00e3o do Trabalhador entram em vigor j\u00e1 em maio - Seconci Brasil","robots":{"index":"index","follow":"follow","max-snippet":"max-snippet:-1","max-image-preview":"max-image-preview:large","max-video-preview":"max-video-preview:-1"},"canonical":"https:\/\/seconci.com.br\/site\/2023\/04\/20\/mudancas-no-programa-de-alimentacao-do-trabalhador-entram-em-vigor-ja-em-maio\/","og_locale":"pt_PT","og_type":"article","og_title":"Mudan\u00e7as no Programa de Alimenta\u00e7\u00e3o do Trabalhador entram em vigor j\u00e1 em maio - Seconci Brasil","og_description":"Mudan\u00e7as no Programa de Alimenta\u00e7\u00e3o do Trabalhador (PAT), que foram sancionadas pelo Senado Federal em 2022, devem ser implantadas, em definitivo, a partir de 1\u00ba de maio de 2023. O objetivo do programa \u00e9 melhorar as condi\u00e7\u00f5es das refei\u00e7\u00f5es dos empregados brasileiros. Uma das novas regras estabelecidas \u00e9 que os benef\u00edcios devem ser utilizados apenas [&hellip;]","og_url":"https:\/\/seconci.com.br\/site\/2023\/04\/20\/mudancas-no-programa-de-alimentacao-do-trabalhador-entram-em-vigor-ja-em-maio\/","og_site_name":"Seconci Brasil","article_published_time":"2023-04-20T12:23:29+00:00","og_image":[{"width":300,"height":168,"url":"https:\/\/seconci.com.br\/site\/wp-content\/uploads\/2023\/04\/4.jpeg","type":"image\/jpeg"}],"author":"Sidney Rocha","twitter_card":"summary_large_image","twitter_misc":{"Escrito por":"Sidney Rocha","Tempo estimado de leitura":"2 minutos"},"schema":{"@context":"https:\/\/schema.org","@graph":[{"@type":"Article","@id":"https:\/\/seconci.com.br\/site\/2023\/04\/20\/mudancas-no-programa-de-alimentacao-do-trabalhador-entram-em-vigor-ja-em-maio\/#article","isPartOf":{"@id":"https:\/\/seconci.com.br\/site\/2023\/04\/20\/mudancas-no-programa-de-alimentacao-do-trabalhador-entram-em-vigor-ja-em-maio\/"},"author":{"name":"Sidney Rocha","@id":"https:\/\/seconci.com.br\/site\/#\/schema\/person\/1d79afd97ddc8f2c68c1e88e298aa8e2"},"headline":"Mudan\u00e7as no Programa de Alimenta\u00e7\u00e3o do Trabalhador entram em vigor j\u00e1 em maio","datePublished":"2023-04-20T12:23:29+00:00","mainEntityOfPage":{"@id":"https:\/\/seconci.com.br\/site\/2023\/04\/20\/mudancas-no-programa-de-alimentacao-do-trabalhador-entram-em-vigor-ja-em-maio\/"},"wordCount":444,"publisher":{"@id":"https:\/\/seconci.com.br\/site\/#organization"},"image":{"@id":"https:\/\/seconci.com.br\/site\/2023\/04\/20\/mudancas-no-programa-de-alimentacao-do-trabalhador-entram-em-vigor-ja-em-maio\/#primaryimage"},"thumbnailUrl":"https:\/\/seconci.com.br\/site\/wp-content\/uploads\/2023\/04\/4.jpeg","articleSection":["Seconci Brasil"],"inLanguage":"pt-PT"},{"@type":"WebPage","@id":"https:\/\/seconci.com.br\/site\/2023\/04\/20\/mudancas-no-programa-de-alimentacao-do-trabalhador-entram-em-vigor-ja-em-maio\/","url":"https:\/\/seconci.com.br\/site\/2023\/04\/20\/mudancas-no-programa-de-alimentacao-do-trabalhador-entram-em-vigor-ja-em-maio\/","name":"Mudan\u00e7as no Programa de Alimenta\u00e7\u00e3o do Trabalhador entram em vigor j\u00e1 em maio - Seconci Brasil","isPartOf":{"@id":"https:\/\/seconci.com.br\/site\/#website"},"primaryImageOfPage":{"@id":"https:\/\/seconci.com.br\/site\/2023\/04\/20\/mudancas-no-programa-de-alimentacao-do-trabalhador-entram-em-vigor-ja-em-maio\/#primaryimage"},"image":{"@id":"https:\/\/seconci.com.br\/site\/2023\/04\/20\/mudancas-no-programa-de-alimentacao-do-trabalhador-entram-em-vigor-ja-em-maio\/#primaryimage"},"thumbnailUrl":"https:\/\/seconci.com.br\/site\/wp-content\/uploads\/2023\/04\/4.jpeg","datePublished":"2023-04-20T12:23:29+00:00","breadcrumb":{"@id":"https:\/\/seconci.com.br\/site\/2023\/04\/20\/mudancas-no-programa-de-alimentacao-do-trabalhador-entram-em-vigor-ja-em-maio\/#breadcrumb"},"inLanguage":"pt-PT","potentialAction":[{"@type":"ReadAction","target":["https:\/\/seconci.com.br\/site\/2023\/04\/20\/mudancas-no-programa-de-alimentacao-do-trabalhador-entram-em-vigor-ja-em-maio\/"]}]},{"@type":"ImageObject","inLanguage":"pt-PT","@id":"https:\/\/seconci.com.br\/site\/2023\/04\/20\/mudancas-no-programa-de-alimentacao-do-trabalhador-entram-em-vigor-ja-em-maio\/#primaryimage","url":"https:\/\/seconci.com.br\/site\/wp-content\/uploads\/2023\/04\/4.jpeg","contentUrl":"https:\/\/seconci.com.br\/site\/wp-content\/uploads\/2023\/04\/4.jpeg","width":300,"height":168},{"@type":"BreadcrumbList","@id":"https:\/\/seconci.com.br\/site\/2023\/04\/20\/mudancas-no-programa-de-alimentacao-do-trabalhador-entram-em-vigor-ja-em-maio\/#breadcrumb","itemListElement":[{"@type":"ListItem","position":1,"name":"In\u00edcio","item":"https:\/\/seconci.com.br\/site\/"},{"@type":"ListItem","position":2,"name":"Mudan\u00e7as no Programa de Alimenta\u00e7\u00e3o do Trabalhador entram em vigor j\u00e1 em maio"}]},{"@type":"WebSite","@id":"https:\/\/seconci.com.br\/site\/#website","url":"https:\/\/seconci.com.br\/site\/","name":"Seconci Brasil","description":"","publisher":{"@id":"https:\/\/seconci.com.br\/site\/#organization"},"potentialAction":[{"@type":"SearchAction","target":{"@type":"EntryPoint","urlTemplate":"https:\/\/seconci.com.br\/site\/?s={search_term_string}"},"query-input":{"@type":"PropertyValueSpecification","valueRequired":true,"valueName":"search_term_string"}}],"inLanguage":"pt-PT"},{"@type":"Organization","@id":"https:\/\/seconci.com.br\/site\/#organization","name":"Seconci Brasil","url":"https:\/\/seconci.com.br\/site\/","logo":{"@type":"ImageObject","inLanguage":"pt-PT","@id":"https:\/\/seconci.com.br\/site\/#\/schema\/logo\/image\/","url":"https:\/\/seconci.com.br\/site\/wp-content\/uploads\/2024\/08\/Logo-Seconci-Brasil-branca-2.png","contentUrl":"https:\/\/seconci.com.br\/site\/wp-content\/uploads\/2024\/08\/Logo-Seconci-Brasil-branca-2.png","width":1315,"height":598,"caption":"Seconci Brasil"},"image":{"@id":"https:\/\/seconci.com.br\/site\/#\/schema\/logo\/image\/"}},{"@type":"Person","@id":"https:\/\/seconci.com.br\/site\/#\/schema\/person\/1d79afd97ddc8f2c68c1e88e298aa8e2","name":"Sidney Rocha","description":"Comunicador e estagi\u00e1rio do Seconci Brasil.","url":"https:\/\/seconci.com.br\/site\/author\/sidney-rocha\/"}]}},"_links":{"self":[{"href":"https:\/\/seconci.com.br\/site\/wp-json\/wp\/v2\/posts\/12751","targetHints":{"allow":["GET"]}}],"collection":[{"href":"https:\/\/seconci.com.br\/site\/wp-json\/wp\/v2\/posts"}],"about":[{"href":"https:\/\/seconci.com.br\/site\/wp-json\/wp\/v2\/types\/post"}],"author":[{"embeddable":true,"href":"https:\/\/seconci.com.br\/site\/wp-json\/wp\/v2\/users\/3"}],"replies":[{"embeddable":true,"href":"https:\/\/seconci.com.br\/site\/wp-json\/wp\/v2\/comments?post=12751"}],"version-history":[{"count":0,"href":"https:\/\/seconci.com.br\/site\/wp-json\/wp\/v2\/posts\/12751\/revisions"}],"wp:featuredmedia":[{"embeddable":true,"href":"https:\/\/seconci.com.br\/site\/wp-json\/wp\/v2\/media\/12752"}],"wp:attachment":[{"href":"https:\/\/seconci.com.br\/site\/wp-json\/wp\/v2\/media?parent=12751"}],"wp:term":[{"taxonomy":"category","embeddable":true,"href":"https:\/\/seconci.com.br\/site\/wp-json\/wp\/v2\/categories?post=12751"},{"taxonomy":"post_tag","embeddable":true,"href":"https:\/\/seconci.com.br\/site\/wp-json\/wp\/v2\/tags?post=12751"}],"curies":[{"name":"wp","href":"https:\/\/api.w.org\/{rel}","templated":true}]}}