{"id":12767,"date":"2023-04-28T12:05:01","date_gmt":"2023-04-28T12:05:01","guid":{"rendered":"https:\/\/seconci.com.br\/site\/?p=12767"},"modified":"2023-04-28T12:05:01","modified_gmt":"2023-04-28T12:05:01","slug":"seminario-tecnico-debate-areas-de-vivencia-na-industria-da-construcao","status":"publish","type":"post","link":"https:\/\/seconci.com.br\/site\/2023\/04\/28\/seminario-tecnico-debate-areas-de-vivencia-na-industria-da-construcao\/","title":{"rendered":"Semin\u00e1rio t\u00e9cnico debate \u00e1reas de viv\u00eancia na ind\u00fastria da constru\u00e7\u00e3o"},"content":{"rendered":"<p>A C\u00e2mara Brasileira da Ind\u00fastria da Constru\u00e7\u00e3o (CBIC), por meio da sua Comiss\u00e3o de Pol\u00edtica de Rela\u00e7\u00f5es Trabalhistas (CPRT\/CBIC), em correaliza\u00e7\u00e3o com o SESI Nacional e apoio especial do Seconci-Brasil, promoveu um semin\u00e1rio t\u00e9cnico para discutir a import\u00e2ncia das \u00e1reas de viv\u00eancia na ind\u00fastria da constru\u00e7\u00e3o, de acordo com a nova NR 18. Para os debatedores, esse tema \u00e9 fundamental para garantir a sa\u00fade e a seguran\u00e7a dos trabalhadores, bem como para o aumento da produtividade e a melhoria das condi\u00e7\u00f5es de trabalho.<\/p>\n<p>Para o presidente da Comiss\u00e3o de Pol\u00edtica de Rela\u00e7\u00f5es Trabalhistas (CPRT), Fernando Guedes, o tema \u00e9 delicado, mas \u00e9 preciso ser enfrentado \u201cde frente\u201d. \u201cPara a adequa\u00e7\u00e3o desse novo ambiente de trabalho \u00e0s regras previstas nas normas regulamentadoras demanda uma aten\u00e7\u00e3o muito grande dos profissionais que est\u00e3o envolvidos na execu\u00e7\u00e3o e no planejamento da obra e, especialmente, em seguran\u00e7a e sa\u00fade do trabalho\u201d, disse.<\/p>\n<p>\u201cEstamos realizando este semin\u00e1rio porque h\u00e1 a preocupa\u00e7\u00e3o de lembrar aos empres\u00e1rios sobre as \u00e1reas de viv\u00eancia, onde est\u00e1 o maior n\u00famero de autua\u00e7\u00e3o. \u00c9 muito importante essa quest\u00e3o\u201d, pontuou Haruo Ishikawa, L\u00edder de SST na CPRT\/CBIC e representante do Sinduscon e Seconci-SP.<\/p>\n<p>Presente tamb\u00e9m no debate, a Especialista de Desenvolvimento Industrial do SESI-DNI, Juliana Ferreira Santos, al\u00e9m de apresentar as principais medidas, destacou o impacto das \u00e1reas de viv\u00eancia na produtividade do trabalhador.<\/p>\n<p>\u201cEle ter\u00e1 um descanso adequado, uma boa alimenta\u00e7\u00e3o, uma melhora na disposi\u00e7\u00e3o e na capacidade de trabalho, al\u00e9m tamb\u00e9m de minimizar o tempo de inatividade da obra e diminuir as probabilidades de acidente\u201d, avaliou Juliana.<\/p>\n<p>Juliana Oliveira, Gerente de Seguran\u00e7a do Trabalho do Seconci-DF, participou do evento destacando a necessidade de se adequar \u00e0s normas regulamentadoras, em especial a NR 18, que trata das condi\u00e7\u00f5es e meio ambiente de trabalho na ind\u00fastria da constru\u00e7\u00e3o. \u201cDevem ser oferecidas condi\u00e7\u00f5es m\u00ednimas de seguran\u00e7a, conforto e privacidade e serem mantidas em perfeito estado de conserva\u00e7\u00e3o, higiene e limpeza\u201d, ressaltou Juliana Oliveira.<\/p>\n<p>\u201cN\u00e3o basta apenas cumprir a legisla\u00e7\u00e3o, \u00e9 preciso ir al\u00e9m e garantir que as \u00e1reas de viv\u00eancia atendam \u00e0s necessidades dos trabalhadores\u201d, complementou Ishikawa.<\/p>\n<p>A CBIC disponibiliza em seu site a publica\u00e7\u00e3o \u201c\u00c1reas de Viv\u00eancia \u2013 Cartilha orientativa com base na nova NR-18\u201d. O trabalho \u00e9 uma contribui\u00e7\u00e3o do setor produtivo organizado da ind\u00fastria da constru\u00e7\u00e3o e tem por objetivo auxiliar os gestores de obras na implanta\u00e7\u00e3o dos requisitos da nova Norma Regulamentadora NR-18, notadamente quanto \u00e0s \u00c1reas de Viv\u00eancia.<\/p>\n<p>A realiza\u00e7\u00e3o do Semin\u00e1rio tem interface com o projeto \u201cSeguran\u00e7a e Sa\u00fade no Trabalho e Rela\u00e7\u00f5es Trabalhistas na Ind\u00fastria da Constru\u00e7\u00e3o\u201d, da Comiss\u00e3o de Pol\u00edticas e Rela\u00e7\u00f5es Trabalhistas (CPRT) da CBIC, com a correaliza\u00e7\u00e3o do Servi\u00e7o Social da Ind\u00fastria (Sesi).<\/p>\n<p><em>Fonte: CBIC<\/em><\/p>\n","protected":false},"excerpt":{"rendered":"<p>A C\u00e2mara Brasileira da Ind\u00fastria da Constru\u00e7\u00e3o (CBIC), por meio da sua Comiss\u00e3o de Pol\u00edtica de Rela\u00e7\u00f5es Trabalhistas (CPRT\/CBIC), em correaliza\u00e7\u00e3o com o SESI Nacional e apoio especial do Seconci-Brasil, promoveu um semin\u00e1rio t\u00e9cnico para discutir a import\u00e2ncia das \u00e1reas de viv\u00eancia na ind\u00fastria da constru\u00e7\u00e3o, de acordo com a nova NR 18. Para os [&hellip;]<\/p>\n","protected":false},"author":3,"featured_media":12768,"comment_status":"closed","ping_status":"closed","sticky":false,"template":"","format":"standard","meta":{"footnotes":""},"categories":[92],"tags":[],"class_list":["post-12767","post","type-post","status-publish","format-standard","has-post-thumbnail","hentry","category-seconci-brasil"],"yoast_head":"<!-- This site is optimized with the Yoast SEO plugin v26.9 - https:\/\/yoast.com\/product\/yoast-seo-wordpress\/ -->\n<title>Semin\u00e1rio t\u00e9cnico debate \u00e1reas de viv\u00eancia na ind\u00fastria da constru\u00e7\u00e3o - Seconci Brasil<\/title>\n<meta name=\"robots\" content=\"index, follow, max-snippet:-1, max-image-preview:large, max-video-preview:-1\" \/>\n<link rel=\"canonical\" href=\"https:\/\/seconci.com.br\/site\/2023\/04\/28\/seminario-tecnico-debate-areas-de-vivencia-na-industria-da-construcao\/\" \/>\n<meta property=\"og:locale\" content=\"pt_PT\" \/>\n<meta property=\"og:type\" content=\"article\" \/>\n<meta property=\"og:title\" content=\"Semin\u00e1rio t\u00e9cnico debate \u00e1reas de viv\u00eancia na ind\u00fastria da constru\u00e7\u00e3o - Seconci Brasil\" \/>\n<meta property=\"og:description\" content=\"A C\u00e2mara Brasileira da Ind\u00fastria da Constru\u00e7\u00e3o (CBIC), por meio da sua Comiss\u00e3o de Pol\u00edtica de Rela\u00e7\u00f5es Trabalhistas (CPRT\/CBIC), em correaliza\u00e7\u00e3o com o SESI Nacional e apoio especial do Seconci-Brasil, promoveu um semin\u00e1rio t\u00e9cnico para discutir a import\u00e2ncia das \u00e1reas de viv\u00eancia na ind\u00fastria da constru\u00e7\u00e3o, de acordo com a nova NR 18. Para os [&hellip;]\" \/>\n<meta property=\"og:url\" content=\"https:\/\/seconci.com.br\/site\/2023\/04\/28\/seminario-tecnico-debate-areas-de-vivencia-na-industria-da-construcao\/\" \/>\n<meta property=\"og:site_name\" content=\"Seconci Brasil\" \/>\n<meta property=\"article:published_time\" content=\"2023-04-28T12:05:01+00:00\" \/>\n<meta property=\"og:image\" content=\"https:\/\/seconci.com.br\/site\/wp-content\/uploads\/2023\/04\/CBIC1-1024x584.png\" \/>\n\t<meta property=\"og:image:width\" content=\"1024\" \/>\n\t<meta property=\"og:image:height\" content=\"584\" \/>\n\t<meta property=\"og:image:type\" content=\"image\/png\" \/>\n<meta name=\"author\" content=\"Sidney Rocha\" \/>\n<meta name=\"twitter:card\" content=\"summary_large_image\" \/>\n<meta name=\"twitter:label1\" content=\"Escrito por\" \/>\n\t<meta name=\"twitter:data1\" content=\"Sidney Rocha\" \/>\n\t<meta name=\"twitter:label2\" content=\"Tempo estimado de leitura\" \/>\n\t<meta name=\"twitter:data2\" content=\"3 minutos\" \/>\n<script type=\"application\/ld+json\" class=\"yoast-schema-graph\">{\"@context\":\"https:\/\/schema.org\",\"@graph\":[{\"@type\":\"Article\",\"@id\":\"https:\/\/seconci.com.br\/site\/2023\/04\/28\/seminario-tecnico-debate-areas-de-vivencia-na-industria-da-construcao\/#article\",\"isPartOf\":{\"@id\":\"https:\/\/seconci.com.br\/site\/2023\/04\/28\/seminario-tecnico-debate-areas-de-vivencia-na-industria-da-construcao\/\"},\"author\":{\"name\":\"Sidney Rocha\",\"@id\":\"https:\/\/seconci.com.br\/site\/#\/schema\/person\/1d79afd97ddc8f2c68c1e88e298aa8e2\"},\"headline\":\"Semin\u00e1rio t\u00e9cnico debate \u00e1reas de viv\u00eancia na ind\u00fastria da constru\u00e7\u00e3o\",\"datePublished\":\"2023-04-28T12:05:01+00:00\",\"mainEntityOfPage\":{\"@id\":\"https:\/\/seconci.com.br\/site\/2023\/04\/28\/seminario-tecnico-debate-areas-de-vivencia-na-industria-da-construcao\/\"},\"wordCount\":521,\"publisher\":{\"@id\":\"https:\/\/seconci.com.br\/site\/#organization\"},\"image\":{\"@id\":\"https:\/\/seconci.com.br\/site\/2023\/04\/28\/seminario-tecnico-debate-areas-de-vivencia-na-industria-da-construcao\/#primaryimage\"},\"thumbnailUrl\":\"https:\/\/seconci.com.br\/site\/wp-content\/uploads\/2023\/04\/CBIC1.png\",\"articleSection\":[\"Seconci Brasil\"],\"inLanguage\":\"pt-PT\"},{\"@type\":\"WebPage\",\"@id\":\"https:\/\/seconci.com.br\/site\/2023\/04\/28\/seminario-tecnico-debate-areas-de-vivencia-na-industria-da-construcao\/\",\"url\":\"https:\/\/seconci.com.br\/site\/2023\/04\/28\/seminario-tecnico-debate-areas-de-vivencia-na-industria-da-construcao\/\",\"name\":\"Semin\u00e1rio t\u00e9cnico debate \u00e1reas de viv\u00eancia na ind\u00fastria da constru\u00e7\u00e3o - Seconci Brasil\",\"isPartOf\":{\"@id\":\"https:\/\/seconci.com.br\/site\/#website\"},\"primaryImageOfPage\":{\"@id\":\"https:\/\/seconci.com.br\/site\/2023\/04\/28\/seminario-tecnico-debate-areas-de-vivencia-na-industria-da-construcao\/#primaryimage\"},\"image\":{\"@id\":\"https:\/\/seconci.com.br\/site\/2023\/04\/28\/seminario-tecnico-debate-areas-de-vivencia-na-industria-da-construcao\/#primaryimage\"},\"thumbnailUrl\":\"https:\/\/seconci.com.br\/site\/wp-content\/uploads\/2023\/04\/CBIC1.png\",\"datePublished\":\"2023-04-28T12:05:01+00:00\",\"breadcrumb\":{\"@id\":\"https:\/\/seconci.com.br\/site\/2023\/04\/28\/seminario-tecnico-debate-areas-de-vivencia-na-industria-da-construcao\/#breadcrumb\"},\"inLanguage\":\"pt-PT\",\"potentialAction\":[{\"@type\":\"ReadAction\",\"target\":[\"https:\/\/seconci.com.br\/site\/2023\/04\/28\/seminario-tecnico-debate-areas-de-vivencia-na-industria-da-construcao\/\"]}]},{\"@type\":\"ImageObject\",\"inLanguage\":\"pt-PT\",\"@id\":\"https:\/\/seconci.com.br\/site\/2023\/04\/28\/seminario-tecnico-debate-areas-de-vivencia-na-industria-da-construcao\/#primaryimage\",\"url\":\"https:\/\/seconci.com.br\/site\/wp-content\/uploads\/2023\/04\/CBIC1.png\",\"contentUrl\":\"https:\/\/seconci.com.br\/site\/wp-content\/uploads\/2023\/04\/CBIC1.png\",\"width\":2748,\"height\":1566},{\"@type\":\"BreadcrumbList\",\"@id\":\"https:\/\/seconci.com.br\/site\/2023\/04\/28\/seminario-tecnico-debate-areas-de-vivencia-na-industria-da-construcao\/#breadcrumb\",\"itemListElement\":[{\"@type\":\"ListItem\",\"position\":1,\"name\":\"In\u00edcio\",\"item\":\"https:\/\/seconci.com.br\/site\/\"},{\"@type\":\"ListItem\",\"position\":2,\"name\":\"Semin\u00e1rio t\u00e9cnico debate \u00e1reas de viv\u00eancia na ind\u00fastria da constru\u00e7\u00e3o\"}]},{\"@type\":\"WebSite\",\"@id\":\"https:\/\/seconci.com.br\/site\/#website\",\"url\":\"https:\/\/seconci.com.br\/site\/\",\"name\":\"Seconci Brasil\",\"description\":\"\",\"publisher\":{\"@id\":\"https:\/\/seconci.com.br\/site\/#organization\"},\"potentialAction\":[{\"@type\":\"SearchAction\",\"target\":{\"@type\":\"EntryPoint\",\"urlTemplate\":\"https:\/\/seconci.com.br\/site\/?s={search_term_string}\"},\"query-input\":{\"@type\":\"PropertyValueSpecification\",\"valueRequired\":true,\"valueName\":\"search_term_string\"}}],\"inLanguage\":\"pt-PT\"},{\"@type\":\"Organization\",\"@id\":\"https:\/\/seconci.com.br\/site\/#organization\",\"name\":\"Seconci Brasil\",\"url\":\"https:\/\/seconci.com.br\/site\/\",\"logo\":{\"@type\":\"ImageObject\",\"inLanguage\":\"pt-PT\",\"@id\":\"https:\/\/seconci.com.br\/site\/#\/schema\/logo\/image\/\",\"url\":\"https:\/\/seconci.com.br\/site\/wp-content\/uploads\/2024\/08\/Logo-Seconci-Brasil-branca-2.png\",\"contentUrl\":\"https:\/\/seconci.com.br\/site\/wp-content\/uploads\/2024\/08\/Logo-Seconci-Brasil-branca-2.png\",\"width\":1315,\"height\":598,\"caption\":\"Seconci Brasil\"},\"image\":{\"@id\":\"https:\/\/seconci.com.br\/site\/#\/schema\/logo\/image\/\"}},{\"@type\":\"Person\",\"@id\":\"https:\/\/seconci.com.br\/site\/#\/schema\/person\/1d79afd97ddc8f2c68c1e88e298aa8e2\",\"name\":\"Sidney Rocha\",\"description\":\"Comunicador e estagi\u00e1rio do Seconci Brasil.\",\"url\":\"https:\/\/seconci.com.br\/site\/author\/sidney-rocha\/\"}]}<\/script>\n<!-- \/ Yoast SEO plugin. -->","yoast_head_json":{"title":"Semin\u00e1rio t\u00e9cnico debate \u00e1reas de viv\u00eancia na ind\u00fastria da constru\u00e7\u00e3o - Seconci Brasil","robots":{"index":"index","follow":"follow","max-snippet":"max-snippet:-1","max-image-preview":"max-image-preview:large","max-video-preview":"max-video-preview:-1"},"canonical":"https:\/\/seconci.com.br\/site\/2023\/04\/28\/seminario-tecnico-debate-areas-de-vivencia-na-industria-da-construcao\/","og_locale":"pt_PT","og_type":"article","og_title":"Semin\u00e1rio t\u00e9cnico debate \u00e1reas de viv\u00eancia na ind\u00fastria da constru\u00e7\u00e3o - Seconci Brasil","og_description":"A C\u00e2mara Brasileira da Ind\u00fastria da Constru\u00e7\u00e3o (CBIC), por meio da sua Comiss\u00e3o de Pol\u00edtica de Rela\u00e7\u00f5es Trabalhistas (CPRT\/CBIC), em correaliza\u00e7\u00e3o com o SESI Nacional e apoio especial do Seconci-Brasil, promoveu um semin\u00e1rio t\u00e9cnico para discutir a import\u00e2ncia das \u00e1reas de viv\u00eancia na ind\u00fastria da constru\u00e7\u00e3o, de acordo com a nova NR 18. Para os [&hellip;]","og_url":"https:\/\/seconci.com.br\/site\/2023\/04\/28\/seminario-tecnico-debate-areas-de-vivencia-na-industria-da-construcao\/","og_site_name":"Seconci Brasil","article_published_time":"2023-04-28T12:05:01+00:00","og_image":[{"width":1024,"height":584,"url":"https:\/\/seconci.com.br\/site\/wp-content\/uploads\/2023\/04\/CBIC1-1024x584.png","type":"image\/png"}],"author":"Sidney Rocha","twitter_card":"summary_large_image","twitter_misc":{"Escrito por":"Sidney Rocha","Tempo estimado de leitura":"3 minutos"},"schema":{"@context":"https:\/\/schema.org","@graph":[{"@type":"Article","@id":"https:\/\/seconci.com.br\/site\/2023\/04\/28\/seminario-tecnico-debate-areas-de-vivencia-na-industria-da-construcao\/#article","isPartOf":{"@id":"https:\/\/seconci.com.br\/site\/2023\/04\/28\/seminario-tecnico-debate-areas-de-vivencia-na-industria-da-construcao\/"},"author":{"name":"Sidney Rocha","@id":"https:\/\/seconci.com.br\/site\/#\/schema\/person\/1d79afd97ddc8f2c68c1e88e298aa8e2"},"headline":"Semin\u00e1rio t\u00e9cnico debate \u00e1reas de viv\u00eancia na ind\u00fastria da constru\u00e7\u00e3o","datePublished":"2023-04-28T12:05:01+00:00","mainEntityOfPage":{"@id":"https:\/\/seconci.com.br\/site\/2023\/04\/28\/seminario-tecnico-debate-areas-de-vivencia-na-industria-da-construcao\/"},"wordCount":521,"publisher":{"@id":"https:\/\/seconci.com.br\/site\/#organization"},"image":{"@id":"https:\/\/seconci.com.br\/site\/2023\/04\/28\/seminario-tecnico-debate-areas-de-vivencia-na-industria-da-construcao\/#primaryimage"},"thumbnailUrl":"https:\/\/seconci.com.br\/site\/wp-content\/uploads\/2023\/04\/CBIC1.png","articleSection":["Seconci Brasil"],"inLanguage":"pt-PT"},{"@type":"WebPage","@id":"https:\/\/seconci.com.br\/site\/2023\/04\/28\/seminario-tecnico-debate-areas-de-vivencia-na-industria-da-construcao\/","url":"https:\/\/seconci.com.br\/site\/2023\/04\/28\/seminario-tecnico-debate-areas-de-vivencia-na-industria-da-construcao\/","name":"Semin\u00e1rio t\u00e9cnico debate \u00e1reas de viv\u00eancia na ind\u00fastria da constru\u00e7\u00e3o - Seconci Brasil","isPartOf":{"@id":"https:\/\/seconci.com.br\/site\/#website"},"primaryImageOfPage":{"@id":"https:\/\/seconci.com.br\/site\/2023\/04\/28\/seminario-tecnico-debate-areas-de-vivencia-na-industria-da-construcao\/#primaryimage"},"image":{"@id":"https:\/\/seconci.com.br\/site\/2023\/04\/28\/seminario-tecnico-debate-areas-de-vivencia-na-industria-da-construcao\/#primaryimage"},"thumbnailUrl":"https:\/\/seconci.com.br\/site\/wp-content\/uploads\/2023\/04\/CBIC1.png","datePublished":"2023-04-28T12:05:01+00:00","breadcrumb":{"@id":"https:\/\/seconci.com.br\/site\/2023\/04\/28\/seminario-tecnico-debate-areas-de-vivencia-na-industria-da-construcao\/#breadcrumb"},"inLanguage":"pt-PT","potentialAction":[{"@type":"ReadAction","target":["https:\/\/seconci.com.br\/site\/2023\/04\/28\/seminario-tecnico-debate-areas-de-vivencia-na-industria-da-construcao\/"]}]},{"@type":"ImageObject","inLanguage":"pt-PT","@id":"https:\/\/seconci.com.br\/site\/2023\/04\/28\/seminario-tecnico-debate-areas-de-vivencia-na-industria-da-construcao\/#primaryimage","url":"https:\/\/seconci.com.br\/site\/wp-content\/uploads\/2023\/04\/CBIC1.png","contentUrl":"https:\/\/seconci.com.br\/site\/wp-content\/uploads\/2023\/04\/CBIC1.png","width":2748,"height":1566},{"@type":"BreadcrumbList","@id":"https:\/\/seconci.com.br\/site\/2023\/04\/28\/seminario-tecnico-debate-areas-de-vivencia-na-industria-da-construcao\/#breadcrumb","itemListElement":[{"@type":"ListItem","position":1,"name":"In\u00edcio","item":"https:\/\/seconci.com.br\/site\/"},{"@type":"ListItem","position":2,"name":"Semin\u00e1rio t\u00e9cnico debate \u00e1reas de viv\u00eancia na ind\u00fastria da constru\u00e7\u00e3o"}]},{"@type":"WebSite","@id":"https:\/\/seconci.com.br\/site\/#website","url":"https:\/\/seconci.com.br\/site\/","name":"Seconci Brasil","description":"","publisher":{"@id":"https:\/\/seconci.com.br\/site\/#organization"},"potentialAction":[{"@type":"SearchAction","target":{"@type":"EntryPoint","urlTemplate":"https:\/\/seconci.com.br\/site\/?s={search_term_string}"},"query-input":{"@type":"PropertyValueSpecification","valueRequired":true,"valueName":"search_term_string"}}],"inLanguage":"pt-PT"},{"@type":"Organization","@id":"https:\/\/seconci.com.br\/site\/#organization","name":"Seconci Brasil","url":"https:\/\/seconci.com.br\/site\/","logo":{"@type":"ImageObject","inLanguage":"pt-PT","@id":"https:\/\/seconci.com.br\/site\/#\/schema\/logo\/image\/","url":"https:\/\/seconci.com.br\/site\/wp-content\/uploads\/2024\/08\/Logo-Seconci-Brasil-branca-2.png","contentUrl":"https:\/\/seconci.com.br\/site\/wp-content\/uploads\/2024\/08\/Logo-Seconci-Brasil-branca-2.png","width":1315,"height":598,"caption":"Seconci Brasil"},"image":{"@id":"https:\/\/seconci.com.br\/site\/#\/schema\/logo\/image\/"}},{"@type":"Person","@id":"https:\/\/seconci.com.br\/site\/#\/schema\/person\/1d79afd97ddc8f2c68c1e88e298aa8e2","name":"Sidney Rocha","description":"Comunicador e estagi\u00e1rio do Seconci Brasil.","url":"https:\/\/seconci.com.br\/site\/author\/sidney-rocha\/"}]}},"_links":{"self":[{"href":"https:\/\/seconci.com.br\/site\/wp-json\/wp\/v2\/posts\/12767","targetHints":{"allow":["GET"]}}],"collection":[{"href":"https:\/\/seconci.com.br\/site\/wp-json\/wp\/v2\/posts"}],"about":[{"href":"https:\/\/seconci.com.br\/site\/wp-json\/wp\/v2\/types\/post"}],"author":[{"embeddable":true,"href":"https:\/\/seconci.com.br\/site\/wp-json\/wp\/v2\/users\/3"}],"replies":[{"embeddable":true,"href":"https:\/\/seconci.com.br\/site\/wp-json\/wp\/v2\/comments?post=12767"}],"version-history":[{"count":0,"href":"https:\/\/seconci.com.br\/site\/wp-json\/wp\/v2\/posts\/12767\/revisions"}],"wp:featuredmedia":[{"embeddable":true,"href":"https:\/\/seconci.com.br\/site\/wp-json\/wp\/v2\/media\/12768"}],"wp:attachment":[{"href":"https:\/\/seconci.com.br\/site\/wp-json\/wp\/v2\/media?parent=12767"}],"wp:term":[{"taxonomy":"category","embeddable":true,"href":"https:\/\/seconci.com.br\/site\/wp-json\/wp\/v2\/categories?post=12767"},{"taxonomy":"post_tag","embeddable":true,"href":"https:\/\/seconci.com.br\/site\/wp-json\/wp\/v2\/tags?post=12767"}],"curies":[{"name":"wp","href":"https:\/\/api.w.org\/{rel}","templated":true}]}}