{"id":12793,"date":"2023-05-08T12:10:30","date_gmt":"2023-05-08T12:10:30","guid":{"rendered":"https:\/\/seconci.com.br\/site\/?p=12793"},"modified":"2023-05-08T12:10:30","modified_gmt":"2023-05-08T12:10:30","slug":"oms-decreta-em-todo-o-mundo-fim-da-emergencia-de-covid-19-a-pior-do-seculo","status":"publish","type":"post","link":"https:\/\/seconci.com.br\/site\/2023\/05\/08\/oms-decreta-em-todo-o-mundo-fim-da-emergencia-de-covid-19-a-pior-do-seculo\/","title":{"rendered":"OMS decreta em todo o mundo fim da emerg\u00eancia de Covid-19, a pior do s\u00e9culo"},"content":{"rendered":"<p>Doen\u00e7a deixou oficiamente pelo menos 7 milh\u00f5es de mortos no mundo, est\u00e1 \u201csuficientemente controlada\u201d<\/p>\n<p>A Organiza\u00e7\u00e3o Mundial de Sa\u00fade anunciou nesta sexta-feira (5\/5) que est\u00e1 encerrada a emerg\u00eancia de Covid-19, declarada h\u00e1 mais de tr\u00eas anos. A doen\u00e7a, que deixou oficialmente pelo menos 7 milh\u00f5es de mortos no mundo, est\u00e1 \u201csuficientemente controlada\u201d. Apesar de ser declarado o fim da emerg\u00eancia, o t\u00edtulo de pandemia de Covid est\u00e1 mantido.\u00a0<strong><a href=\"https:\/\/www.otempo.com.br\/mundo\/fim-da-pandemia-relembre-datas-e-fatos-marcantes-da-covid-em-3-anos-1.2863206\" target=\"_blank\" rel=\"noreferrer noopener\">Relembre datas e fatos marcantes da doen\u00e7a.\u00a0<\/a><\/strong><\/p>\n<p>\u201cCom grande esperan\u00e7a declaro que a Covid-19 j\u00e1 n\u00e3o \u00e9 mais uma emerg\u00eancia sanit\u00e1ria de alcance internacional\u201d, afirmou o diretor-geral da OMS, Tedros Adhanom Ghebreyesus, estimando que a pandemia deixou \u201cpelo menos 20 milh\u00f5es\u201d de mortos, quase tr\u00eas vezes mais do que o balan\u00e7o oficial de sua organiza\u00e7\u00e3o.<\/p>\n<p>Tedros calcula que a pandemia deixou \u201cpelo menos 20 milh\u00f5es\u201d de mortos, quase tr\u00eas vezes mais do que o balan\u00e7o oficial de sua organiza\u00e7\u00e3o. Os especialistas ouvidos pelo diretor-geral consideraram \u201cque \u00e9 o momento de passar para uma gest\u00e3o a longo prazo da pandemia de Covid-19\u201d, apesar das incertezas que subsistem sobre a evolu\u00e7\u00e3o do v\u00edrus.<\/p>\n<p>O n\u00edvel m\u00e1ximo de alerta da organiza\u00e7\u00e3o foi declarado em 30 de janeiro de 2020, poucas semanas ap\u00f3s a detec\u00e7\u00e3o na China dos primeiros casos da doen\u00e7a viral respirat\u00f3ria contra a qual n\u00e3o havia tratamento espec\u00edfico na \u00e9poca.<\/p>\n<p>A OMS enfatizou que, embora a Covid-19 n\u00e3o seja mais uma emerg\u00eancia sanit\u00e1ria mundial, a doen\u00e7a n\u00e3o desapareceu. \u201cN\u00e3o podemos baixar a guarda\u201d, frisou a diretora t\u00e9cnica da OMS para a Covid-19, Maria Van Kerkhove, em declara\u00e7\u00f5es \u00e0 imprensa.<\/p>\n<p>&nbsp;<\/p>\n","protected":false},"excerpt":{"rendered":"<p>Doen\u00e7a deixou oficiamente pelo menos 7 milh\u00f5es de mortos no mundo, est\u00e1 \u201csuficientemente controlada\u201d A Organiza\u00e7\u00e3o Mundial de Sa\u00fade anunciou nesta sexta-feira (5\/5) que est\u00e1 encerrada a emerg\u00eancia de Covid-19, declarada h\u00e1 mais de tr\u00eas anos. A doen\u00e7a, que deixou oficialmente pelo menos 7 milh\u00f5es de mortos no mundo, est\u00e1 \u201csuficientemente controlada\u201d. Apesar de ser [&hellip;]<\/p>\n","protected":false},"author":3,"featured_media":12794,"comment_status":"closed","ping_status":"closed","sticky":false,"template":"","format":"standard","meta":{"footnotes":""},"categories":[94,92],"tags":[],"class_list":["post-12793","post","type-post","status-publish","format-standard","has-post-thumbnail","hentry","category-coronavirus","category-seconci-brasil"],"yoast_head":"<!-- This site is optimized with the Yoast SEO plugin v26.9 - https:\/\/yoast.com\/product\/yoast-seo-wordpress\/ -->\n<title>OMS decreta em todo o mundo fim da emerg\u00eancia de Covid-19, a pior do s\u00e9culo - Seconci Brasil<\/title>\n<meta name=\"robots\" content=\"index, follow, max-snippet:-1, max-image-preview:large, max-video-preview:-1\" \/>\n<link rel=\"canonical\" href=\"https:\/\/seconci.com.br\/site\/2023\/05\/08\/oms-decreta-em-todo-o-mundo-fim-da-emergencia-de-covid-19-a-pior-do-seculo\/\" \/>\n<meta property=\"og:locale\" content=\"pt_PT\" \/>\n<meta property=\"og:type\" content=\"article\" \/>\n<meta property=\"og:title\" content=\"OMS decreta em todo o mundo fim da emerg\u00eancia de Covid-19, a pior do s\u00e9culo - Seconci Brasil\" \/>\n<meta property=\"og:description\" content=\"Doen\u00e7a deixou oficiamente pelo menos 7 milh\u00f5es de mortos no mundo, est\u00e1 \u201csuficientemente controlada\u201d A Organiza\u00e7\u00e3o Mundial de Sa\u00fade anunciou nesta sexta-feira (5\/5) que est\u00e1 encerrada a emerg\u00eancia de Covid-19, declarada h\u00e1 mais de tr\u00eas anos. A doen\u00e7a, que deixou oficialmente pelo menos 7 milh\u00f5es de mortos no mundo, est\u00e1 \u201csuficientemente controlada\u201d. Apesar de ser [&hellip;]\" \/>\n<meta property=\"og:url\" content=\"https:\/\/seconci.com.br\/site\/2023\/05\/08\/oms-decreta-em-todo-o-mundo-fim-da-emergencia-de-covid-19-a-pior-do-seculo\/\" \/>\n<meta property=\"og:site_name\" content=\"Seconci Brasil\" \/>\n<meta property=\"article:published_time\" content=\"2023-05-08T12:10:30+00:00\" \/>\n<meta property=\"og:image\" content=\"https:\/\/seconci.com.br\/site\/wp-content\/uploads\/2023\/05\/person-putting-medical-mask-earth.jpg\" \/>\n\t<meta property=\"og:image:width\" content=\"5527\" \/>\n\t<meta property=\"og:image:height\" content=\"4136\" \/>\n\t<meta property=\"og:image:type\" content=\"image\/jpeg\" \/>\n<meta name=\"author\" content=\"Sidney Rocha\" \/>\n<meta name=\"twitter:card\" content=\"summary_large_image\" \/>\n<meta name=\"twitter:label1\" content=\"Escrito por\" \/>\n\t<meta name=\"twitter:data1\" content=\"Sidney Rocha\" \/>\n\t<meta name=\"twitter:label2\" content=\"Tempo estimado de leitura\" \/>\n\t<meta name=\"twitter:data2\" content=\"1 minuto\" \/>\n<script type=\"application\/ld+json\" class=\"yoast-schema-graph\">{\"@context\":\"https:\/\/schema.org\",\"@graph\":[{\"@type\":\"Article\",\"@id\":\"https:\/\/seconci.com.br\/site\/2023\/05\/08\/oms-decreta-em-todo-o-mundo-fim-da-emergencia-de-covid-19-a-pior-do-seculo\/#article\",\"isPartOf\":{\"@id\":\"https:\/\/seconci.com.br\/site\/2023\/05\/08\/oms-decreta-em-todo-o-mundo-fim-da-emergencia-de-covid-19-a-pior-do-seculo\/\"},\"author\":{\"name\":\"Sidney Rocha\",\"@id\":\"https:\/\/seconci.com.br\/site\/#\/schema\/person\/1d79afd97ddc8f2c68c1e88e298aa8e2\"},\"headline\":\"OMS decreta em todo o mundo fim da emerg\u00eancia de Covid-19, a pior do s\u00e9culo\",\"datePublished\":\"2023-05-08T12:10:30+00:00\",\"mainEntityOfPage\":{\"@id\":\"https:\/\/seconci.com.br\/site\/2023\/05\/08\/oms-decreta-em-todo-o-mundo-fim-da-emergencia-de-covid-19-a-pior-do-seculo\/\"},\"wordCount\":307,\"publisher\":{\"@id\":\"https:\/\/seconci.com.br\/site\/#organization\"},\"image\":{\"@id\":\"https:\/\/seconci.com.br\/site\/2023\/05\/08\/oms-decreta-em-todo-o-mundo-fim-da-emergencia-de-covid-19-a-pior-do-seculo\/#primaryimage\"},\"thumbnailUrl\":\"https:\/\/seconci.com.br\/site\/wp-content\/uploads\/2023\/05\/person-putting-medical-mask-earth.jpg\",\"articleSection\":[\"Coronav\u00edrus\",\"Seconci Brasil\"],\"inLanguage\":\"pt-PT\"},{\"@type\":\"WebPage\",\"@id\":\"https:\/\/seconci.com.br\/site\/2023\/05\/08\/oms-decreta-em-todo-o-mundo-fim-da-emergencia-de-covid-19-a-pior-do-seculo\/\",\"url\":\"https:\/\/seconci.com.br\/site\/2023\/05\/08\/oms-decreta-em-todo-o-mundo-fim-da-emergencia-de-covid-19-a-pior-do-seculo\/\",\"name\":\"OMS decreta em todo o mundo fim da emerg\u00eancia de Covid-19, a pior do s\u00e9culo - Seconci Brasil\",\"isPartOf\":{\"@id\":\"https:\/\/seconci.com.br\/site\/#website\"},\"primaryImageOfPage\":{\"@id\":\"https:\/\/seconci.com.br\/site\/2023\/05\/08\/oms-decreta-em-todo-o-mundo-fim-da-emergencia-de-covid-19-a-pior-do-seculo\/#primaryimage\"},\"image\":{\"@id\":\"https:\/\/seconci.com.br\/site\/2023\/05\/08\/oms-decreta-em-todo-o-mundo-fim-da-emergencia-de-covid-19-a-pior-do-seculo\/#primaryimage\"},\"thumbnailUrl\":\"https:\/\/seconci.com.br\/site\/wp-content\/uploads\/2023\/05\/person-putting-medical-mask-earth.jpg\",\"datePublished\":\"2023-05-08T12:10:30+00:00\",\"breadcrumb\":{\"@id\":\"https:\/\/seconci.com.br\/site\/2023\/05\/08\/oms-decreta-em-todo-o-mundo-fim-da-emergencia-de-covid-19-a-pior-do-seculo\/#breadcrumb\"},\"inLanguage\":\"pt-PT\",\"potentialAction\":[{\"@type\":\"ReadAction\",\"target\":[\"https:\/\/seconci.com.br\/site\/2023\/05\/08\/oms-decreta-em-todo-o-mundo-fim-da-emergencia-de-covid-19-a-pior-do-seculo\/\"]}]},{\"@type\":\"ImageObject\",\"inLanguage\":\"pt-PT\",\"@id\":\"https:\/\/seconci.com.br\/site\/2023\/05\/08\/oms-decreta-em-todo-o-mundo-fim-da-emergencia-de-covid-19-a-pior-do-seculo\/#primaryimage\",\"url\":\"https:\/\/seconci.com.br\/site\/wp-content\/uploads\/2023\/05\/person-putting-medical-mask-earth.jpg\",\"contentUrl\":\"https:\/\/seconci.com.br\/site\/wp-content\/uploads\/2023\/05\/person-putting-medical-mask-earth.jpg\",\"width\":5527,\"height\":4136},{\"@type\":\"BreadcrumbList\",\"@id\":\"https:\/\/seconci.com.br\/site\/2023\/05\/08\/oms-decreta-em-todo-o-mundo-fim-da-emergencia-de-covid-19-a-pior-do-seculo\/#breadcrumb\",\"itemListElement\":[{\"@type\":\"ListItem\",\"position\":1,\"name\":\"In\u00edcio\",\"item\":\"https:\/\/seconci.com.br\/site\/\"},{\"@type\":\"ListItem\",\"position\":2,\"name\":\"OMS decreta em todo o mundo fim da emerg\u00eancia de Covid-19, a pior do s\u00e9culo\"}]},{\"@type\":\"WebSite\",\"@id\":\"https:\/\/seconci.com.br\/site\/#website\",\"url\":\"https:\/\/seconci.com.br\/site\/\",\"name\":\"Seconci Brasil\",\"description\":\"\",\"publisher\":{\"@id\":\"https:\/\/seconci.com.br\/site\/#organization\"},\"potentialAction\":[{\"@type\":\"SearchAction\",\"target\":{\"@type\":\"EntryPoint\",\"urlTemplate\":\"https:\/\/seconci.com.br\/site\/?s={search_term_string}\"},\"query-input\":{\"@type\":\"PropertyValueSpecification\",\"valueRequired\":true,\"valueName\":\"search_term_string\"}}],\"inLanguage\":\"pt-PT\"},{\"@type\":\"Organization\",\"@id\":\"https:\/\/seconci.com.br\/site\/#organization\",\"name\":\"Seconci Brasil\",\"url\":\"https:\/\/seconci.com.br\/site\/\",\"logo\":{\"@type\":\"ImageObject\",\"inLanguage\":\"pt-PT\",\"@id\":\"https:\/\/seconci.com.br\/site\/#\/schema\/logo\/image\/\",\"url\":\"https:\/\/seconci.com.br\/site\/wp-content\/uploads\/2024\/08\/Logo-Seconci-Brasil-branca-2.png\",\"contentUrl\":\"https:\/\/seconci.com.br\/site\/wp-content\/uploads\/2024\/08\/Logo-Seconci-Brasil-branca-2.png\",\"width\":1315,\"height\":598,\"caption\":\"Seconci Brasil\"},\"image\":{\"@id\":\"https:\/\/seconci.com.br\/site\/#\/schema\/logo\/image\/\"}},{\"@type\":\"Person\",\"@id\":\"https:\/\/seconci.com.br\/site\/#\/schema\/person\/1d79afd97ddc8f2c68c1e88e298aa8e2\",\"name\":\"Sidney Rocha\",\"description\":\"Comunicador e estagi\u00e1rio do Seconci Brasil.\",\"url\":\"https:\/\/seconci.com.br\/site\/author\/sidney-rocha\/\"}]}<\/script>\n<!-- \/ Yoast SEO plugin. -->","yoast_head_json":{"title":"OMS decreta em todo o mundo fim da emerg\u00eancia de Covid-19, a pior do s\u00e9culo - Seconci Brasil","robots":{"index":"index","follow":"follow","max-snippet":"max-snippet:-1","max-image-preview":"max-image-preview:large","max-video-preview":"max-video-preview:-1"},"canonical":"https:\/\/seconci.com.br\/site\/2023\/05\/08\/oms-decreta-em-todo-o-mundo-fim-da-emergencia-de-covid-19-a-pior-do-seculo\/","og_locale":"pt_PT","og_type":"article","og_title":"OMS decreta em todo o mundo fim da emerg\u00eancia de Covid-19, a pior do s\u00e9culo - Seconci Brasil","og_description":"Doen\u00e7a deixou oficiamente pelo menos 7 milh\u00f5es de mortos no mundo, est\u00e1 \u201csuficientemente controlada\u201d A Organiza\u00e7\u00e3o Mundial de Sa\u00fade anunciou nesta sexta-feira (5\/5) que est\u00e1 encerrada a emerg\u00eancia de Covid-19, declarada h\u00e1 mais de tr\u00eas anos. A doen\u00e7a, que deixou oficialmente pelo menos 7 milh\u00f5es de mortos no mundo, est\u00e1 \u201csuficientemente controlada\u201d. Apesar de ser [&hellip;]","og_url":"https:\/\/seconci.com.br\/site\/2023\/05\/08\/oms-decreta-em-todo-o-mundo-fim-da-emergencia-de-covid-19-a-pior-do-seculo\/","og_site_name":"Seconci Brasil","article_published_time":"2023-05-08T12:10:30+00:00","og_image":[{"width":5527,"height":4136,"url":"https:\/\/seconci.com.br\/site\/wp-content\/uploads\/2023\/05\/person-putting-medical-mask-earth.jpg","type":"image\/jpeg"}],"author":"Sidney Rocha","twitter_card":"summary_large_image","twitter_misc":{"Escrito por":"Sidney Rocha","Tempo estimado de leitura":"1 minuto"},"schema":{"@context":"https:\/\/schema.org","@graph":[{"@type":"Article","@id":"https:\/\/seconci.com.br\/site\/2023\/05\/08\/oms-decreta-em-todo-o-mundo-fim-da-emergencia-de-covid-19-a-pior-do-seculo\/#article","isPartOf":{"@id":"https:\/\/seconci.com.br\/site\/2023\/05\/08\/oms-decreta-em-todo-o-mundo-fim-da-emergencia-de-covid-19-a-pior-do-seculo\/"},"author":{"name":"Sidney Rocha","@id":"https:\/\/seconci.com.br\/site\/#\/schema\/person\/1d79afd97ddc8f2c68c1e88e298aa8e2"},"headline":"OMS decreta em todo o mundo fim da emerg\u00eancia de Covid-19, a pior do s\u00e9culo","datePublished":"2023-05-08T12:10:30+00:00","mainEntityOfPage":{"@id":"https:\/\/seconci.com.br\/site\/2023\/05\/08\/oms-decreta-em-todo-o-mundo-fim-da-emergencia-de-covid-19-a-pior-do-seculo\/"},"wordCount":307,"publisher":{"@id":"https:\/\/seconci.com.br\/site\/#organization"},"image":{"@id":"https:\/\/seconci.com.br\/site\/2023\/05\/08\/oms-decreta-em-todo-o-mundo-fim-da-emergencia-de-covid-19-a-pior-do-seculo\/#primaryimage"},"thumbnailUrl":"https:\/\/seconci.com.br\/site\/wp-content\/uploads\/2023\/05\/person-putting-medical-mask-earth.jpg","articleSection":["Coronav\u00edrus","Seconci Brasil"],"inLanguage":"pt-PT"},{"@type":"WebPage","@id":"https:\/\/seconci.com.br\/site\/2023\/05\/08\/oms-decreta-em-todo-o-mundo-fim-da-emergencia-de-covid-19-a-pior-do-seculo\/","url":"https:\/\/seconci.com.br\/site\/2023\/05\/08\/oms-decreta-em-todo-o-mundo-fim-da-emergencia-de-covid-19-a-pior-do-seculo\/","name":"OMS decreta em todo o mundo fim da emerg\u00eancia de Covid-19, a pior do s\u00e9culo - Seconci Brasil","isPartOf":{"@id":"https:\/\/seconci.com.br\/site\/#website"},"primaryImageOfPage":{"@id":"https:\/\/seconci.com.br\/site\/2023\/05\/08\/oms-decreta-em-todo-o-mundo-fim-da-emergencia-de-covid-19-a-pior-do-seculo\/#primaryimage"},"image":{"@id":"https:\/\/seconci.com.br\/site\/2023\/05\/08\/oms-decreta-em-todo-o-mundo-fim-da-emergencia-de-covid-19-a-pior-do-seculo\/#primaryimage"},"thumbnailUrl":"https:\/\/seconci.com.br\/site\/wp-content\/uploads\/2023\/05\/person-putting-medical-mask-earth.jpg","datePublished":"2023-05-08T12:10:30+00:00","breadcrumb":{"@id":"https:\/\/seconci.com.br\/site\/2023\/05\/08\/oms-decreta-em-todo-o-mundo-fim-da-emergencia-de-covid-19-a-pior-do-seculo\/#breadcrumb"},"inLanguage":"pt-PT","potentialAction":[{"@type":"ReadAction","target":["https:\/\/seconci.com.br\/site\/2023\/05\/08\/oms-decreta-em-todo-o-mundo-fim-da-emergencia-de-covid-19-a-pior-do-seculo\/"]}]},{"@type":"ImageObject","inLanguage":"pt-PT","@id":"https:\/\/seconci.com.br\/site\/2023\/05\/08\/oms-decreta-em-todo-o-mundo-fim-da-emergencia-de-covid-19-a-pior-do-seculo\/#primaryimage","url":"https:\/\/seconci.com.br\/site\/wp-content\/uploads\/2023\/05\/person-putting-medical-mask-earth.jpg","contentUrl":"https:\/\/seconci.com.br\/site\/wp-content\/uploads\/2023\/05\/person-putting-medical-mask-earth.jpg","width":5527,"height":4136},{"@type":"BreadcrumbList","@id":"https:\/\/seconci.com.br\/site\/2023\/05\/08\/oms-decreta-em-todo-o-mundo-fim-da-emergencia-de-covid-19-a-pior-do-seculo\/#breadcrumb","itemListElement":[{"@type":"ListItem","position":1,"name":"In\u00edcio","item":"https:\/\/seconci.com.br\/site\/"},{"@type":"ListItem","position":2,"name":"OMS decreta em todo o mundo fim da emerg\u00eancia de Covid-19, a pior do s\u00e9culo"}]},{"@type":"WebSite","@id":"https:\/\/seconci.com.br\/site\/#website","url":"https:\/\/seconci.com.br\/site\/","name":"Seconci Brasil","description":"","publisher":{"@id":"https:\/\/seconci.com.br\/site\/#organization"},"potentialAction":[{"@type":"SearchAction","target":{"@type":"EntryPoint","urlTemplate":"https:\/\/seconci.com.br\/site\/?s={search_term_string}"},"query-input":{"@type":"PropertyValueSpecification","valueRequired":true,"valueName":"search_term_string"}}],"inLanguage":"pt-PT"},{"@type":"Organization","@id":"https:\/\/seconci.com.br\/site\/#organization","name":"Seconci Brasil","url":"https:\/\/seconci.com.br\/site\/","logo":{"@type":"ImageObject","inLanguage":"pt-PT","@id":"https:\/\/seconci.com.br\/site\/#\/schema\/logo\/image\/","url":"https:\/\/seconci.com.br\/site\/wp-content\/uploads\/2024\/08\/Logo-Seconci-Brasil-branca-2.png","contentUrl":"https:\/\/seconci.com.br\/site\/wp-content\/uploads\/2024\/08\/Logo-Seconci-Brasil-branca-2.png","width":1315,"height":598,"caption":"Seconci Brasil"},"image":{"@id":"https:\/\/seconci.com.br\/site\/#\/schema\/logo\/image\/"}},{"@type":"Person","@id":"https:\/\/seconci.com.br\/site\/#\/schema\/person\/1d79afd97ddc8f2c68c1e88e298aa8e2","name":"Sidney Rocha","description":"Comunicador e estagi\u00e1rio do Seconci Brasil.","url":"https:\/\/seconci.com.br\/site\/author\/sidney-rocha\/"}]}},"_links":{"self":[{"href":"https:\/\/seconci.com.br\/site\/wp-json\/wp\/v2\/posts\/12793","targetHints":{"allow":["GET"]}}],"collection":[{"href":"https:\/\/seconci.com.br\/site\/wp-json\/wp\/v2\/posts"}],"about":[{"href":"https:\/\/seconci.com.br\/site\/wp-json\/wp\/v2\/types\/post"}],"author":[{"embeddable":true,"href":"https:\/\/seconci.com.br\/site\/wp-json\/wp\/v2\/users\/3"}],"replies":[{"embeddable":true,"href":"https:\/\/seconci.com.br\/site\/wp-json\/wp\/v2\/comments?post=12793"}],"version-history":[{"count":0,"href":"https:\/\/seconci.com.br\/site\/wp-json\/wp\/v2\/posts\/12793\/revisions"}],"wp:featuredmedia":[{"embeddable":true,"href":"https:\/\/seconci.com.br\/site\/wp-json\/wp\/v2\/media\/12794"}],"wp:attachment":[{"href":"https:\/\/seconci.com.br\/site\/wp-json\/wp\/v2\/media?parent=12793"}],"wp:term":[{"taxonomy":"category","embeddable":true,"href":"https:\/\/seconci.com.br\/site\/wp-json\/wp\/v2\/categories?post=12793"},{"taxonomy":"post_tag","embeddable":true,"href":"https:\/\/seconci.com.br\/site\/wp-json\/wp\/v2\/tags?post=12793"}],"curies":[{"name":"wp","href":"https:\/\/api.w.org\/{rel}","templated":true}]}}