{"id":12946,"date":"2023-06-27T11:38:26","date_gmt":"2023-06-27T11:38:26","guid":{"rendered":"https:\/\/seconci.com.br\/site\/?p=12946"},"modified":"2023-06-27T11:38:26","modified_gmt":"2023-06-27T11:38:26","slug":"nr-35-propoe-medidas-para-utilizacao-de-escadas-no-trabalho","status":"publish","type":"post","link":"https:\/\/seconci.com.br\/site\/2023\/06\/27\/nr-35-propoe-medidas-para-utilizacao-de-escadas-no-trabalho\/","title":{"rendered":"NR-35 prop\u00f5e medidas para utiliza\u00e7\u00e3o de escadas no trabalho"},"content":{"rendered":"<p>A nova Norma Regulamentadora (NR) n\u00ba 35, que trata de trabalho em altura, prop\u00f5e o novo Anexo III \u2013 Escadas, previsto para entrar em vigor em 2 de janeiro de 2024, exceto os prazos adicionais espec\u00edficos indicados nos subitens 5.1.1, 5.2.1.1, 5.2.1.1.1, 5.2.2.1.1 e 5.2.2.3, que ficar\u00e3o vigentes a partir de 2 de janeiro de 2025.<\/p>\n<p>O texto estabelece requisitos e medidas de preven\u00e7\u00e3o para a utiliza\u00e7\u00e3o de escadas como meios de acesso ou como postos de trabalho, em trabalho em altura.<\/p>\n<p>Para as escadas fixas, j\u00e1 instaladas e em uso, quando o Anexo III da NR 35 entrar em vigor, n\u00e3o precisar\u00e3o ser, necessariamente, atualizadas de acordo com os novos requisitos estabelecidos nos subitens 5.1.1, 5.2.1.1 e 5.2.1.1.1.<\/p>\n<p>A regra para as escadas port\u00e1teis, j\u00e1 fabricadas ou em uso antes da entrada em vigor do Anexo III da NR 35, desde que atendam aos demais requisitos normativos aplic\u00e1veis do Anexo III, podem continuar sendo usadas at\u00e9 o final de sua vida \u00fatil.<\/p>\n<p><strong>Confira os principais pontos estabelecidos pelo Anexo III \u2013 Escadas:<\/strong><\/p>\n<ol>\n<li>Os requisitos descritos no Anexo III da NR 35 se aplicam somente \u00e0s escadas destinadas ao uso individual, n\u00e3o se aplicando, portanto, \u00e0s escadas de uso coletivo. Por escada de uso coletivo, entende-se aquelas utilizadas como meios de acesso e circula\u00e7\u00e3o em pr\u00e9dios, estruturas industriais e flutuantes, bem como aquelas utilizadas em situa\u00e7\u00f5es de emerg\u00eancia.<\/li>\n<li>As escadas de uso individual foram classificadas em 3 (tr\u00eas) tipos: escadas fixa vertical, escada port\u00e1til de encosto e escada port\u00e1til autossustent\u00e1vel.<\/li>\n<li>As escadas de uso individual devem satisfazer um ou mais dos seguintes requisitos: a) ser fabricadas de acordo com as normas t\u00e9cnicas nacionais vigentes por profissional legalmente habilitado; b) serem projetadas por profissionais legalmente habilitados, de acordo com as normas t\u00e9cnicas nacionais vigentes; ou c) serem certificadas de acordo com normas t\u00e9cnicas.<\/li>\n<li>As escadas devem: a) ser capazes de suportar as cargas aplicadas; b) ser constru\u00eddas com materiais e acabamentos que n\u00e3o causem danos ou les\u00f5es ao usu\u00e1rio durante o uso; c) passar por inspe\u00e7\u00e3o, inicial e peri\u00f3dica; e d) se forem feitas de madeira, as pe\u00e7as devem ser aplainadas em todas as faces e, no caso de aplica\u00e7\u00e3o de revestimento, esse deve ser transparente para facilitar a visualiza\u00e7\u00e3o de imperfei\u00e7\u00f5es.<\/li>\n<li>A escada de uso individual deve ser utilizada por uma pessoa de cada vez, exceto quando especificado pelo fabricante ou projetista que poder\u00e1 ser usada de forma simult\u00e2nea; e retirada de uso quando apresentar defeitos ou imperfei\u00e7\u00f5es que possam comprometer o seu funcionamento. Caso seja poss\u00edvel repar\u00e1-la, isso deve ser feito pelo fabricante, por uma empresa especializada ou por um trabalhador.<\/li>\n<\/ol>\n<p><em>Fonte: Ag\u00eancia CBIC<\/em><\/p>\n","protected":false},"excerpt":{"rendered":"<p>A nova Norma Regulamentadora (NR) n\u00ba 35, que trata de trabalho em altura, prop\u00f5e o novo Anexo III \u2013 Escadas, previsto para entrar em vigor em 2 de janeiro de 2024, exceto os prazos adicionais espec\u00edficos indicados nos subitens 5.1.1, 5.2.1.1, 5.2.1.1.1, 5.2.2.1.1 e 5.2.2.3, que ficar\u00e3o vigentes a partir de 2 de janeiro de [&hellip;]<\/p>\n","protected":false},"author":3,"featured_media":12527,"comment_status":"closed","ping_status":"closed","sticky":false,"template":"","format":"standard","meta":{"footnotes":""},"categories":[92],"tags":[],"class_list":["post-12946","post","type-post","status-publish","format-standard","has-post-thumbnail","hentry","category-seconci-brasil"],"yoast_head":"<!-- This site is optimized with the Yoast SEO plugin v26.9 - https:\/\/yoast.com\/product\/yoast-seo-wordpress\/ -->\n<title>NR-35 prop\u00f5e medidas para utiliza\u00e7\u00e3o de escadas no trabalho - Seconci Brasil<\/title>\n<meta name=\"robots\" content=\"index, follow, max-snippet:-1, max-image-preview:large, max-video-preview:-1\" \/>\n<link rel=\"canonical\" href=\"https:\/\/seconci.com.br\/site\/2023\/06\/27\/nr-35-propoe-medidas-para-utilizacao-de-escadas-no-trabalho\/\" \/>\n<meta property=\"og:locale\" content=\"pt_PT\" \/>\n<meta property=\"og:type\" content=\"article\" \/>\n<meta property=\"og:title\" content=\"NR-35 prop\u00f5e medidas para utiliza\u00e7\u00e3o de escadas no trabalho - Seconci Brasil\" \/>\n<meta property=\"og:description\" content=\"A nova Norma Regulamentadora (NR) n\u00ba 35, que trata de trabalho em altura, prop\u00f5e o novo Anexo III \u2013 Escadas, previsto para entrar em vigor em 2 de janeiro de 2024, exceto os prazos adicionais espec\u00edficos indicados nos subitens 5.1.1, 5.2.1.1, 5.2.1.1.1, 5.2.2.1.1 e 5.2.2.3, que ficar\u00e3o vigentes a partir de 2 de janeiro de [&hellip;]\" \/>\n<meta property=\"og:url\" content=\"https:\/\/seconci.com.br\/site\/2023\/06\/27\/nr-35-propoe-medidas-para-utilizacao-de-escadas-no-trabalho\/\" \/>\n<meta property=\"og:site_name\" content=\"Seconci Brasil\" \/>\n<meta property=\"article:published_time\" content=\"2023-06-27T11:38:26+00:00\" \/>\n<meta property=\"og:image\" content=\"https:\/\/seconci.com.br\/site\/wp-content\/uploads\/2023\/03\/silhueta-de-construcao-1024x684.jpg\" \/>\n\t<meta property=\"og:image:width\" content=\"1024\" \/>\n\t<meta property=\"og:image:height\" content=\"684\" \/>\n\t<meta property=\"og:image:type\" content=\"image\/jpeg\" \/>\n<meta name=\"author\" content=\"Sidney Rocha\" \/>\n<meta name=\"twitter:card\" content=\"summary_large_image\" \/>\n<meta name=\"twitter:label1\" content=\"Escrito por\" \/>\n\t<meta name=\"twitter:data1\" content=\"Sidney Rocha\" \/>\n\t<meta name=\"twitter:label2\" content=\"Tempo estimado de leitura\" \/>\n\t<meta name=\"twitter:data2\" content=\"2 minutos\" \/>\n<script type=\"application\/ld+json\" class=\"yoast-schema-graph\">{\"@context\":\"https:\/\/schema.org\",\"@graph\":[{\"@type\":\"Article\",\"@id\":\"https:\/\/seconci.com.br\/site\/2023\/06\/27\/nr-35-propoe-medidas-para-utilizacao-de-escadas-no-trabalho\/#article\",\"isPartOf\":{\"@id\":\"https:\/\/seconci.com.br\/site\/2023\/06\/27\/nr-35-propoe-medidas-para-utilizacao-de-escadas-no-trabalho\/\"},\"author\":{\"name\":\"Sidney Rocha\",\"@id\":\"https:\/\/seconci.com.br\/site\/#\/schema\/person\/1d79afd97ddc8f2c68c1e88e298aa8e2\"},\"headline\":\"NR-35 prop\u00f5e medidas para utiliza\u00e7\u00e3o de escadas no trabalho\",\"datePublished\":\"2023-06-27T11:38:26+00:00\",\"mainEntityOfPage\":{\"@id\":\"https:\/\/seconci.com.br\/site\/2023\/06\/27\/nr-35-propoe-medidas-para-utilizacao-de-escadas-no-trabalho\/\"},\"wordCount\":463,\"publisher\":{\"@id\":\"https:\/\/seconci.com.br\/site\/#organization\"},\"image\":{\"@id\":\"https:\/\/seconci.com.br\/site\/2023\/06\/27\/nr-35-propoe-medidas-para-utilizacao-de-escadas-no-trabalho\/#primaryimage\"},\"thumbnailUrl\":\"https:\/\/seconci.com.br\/site\/wp-content\/uploads\/2023\/03\/silhueta-de-construcao.jpg\",\"articleSection\":[\"Seconci Brasil\"],\"inLanguage\":\"pt-PT\"},{\"@type\":\"WebPage\",\"@id\":\"https:\/\/seconci.com.br\/site\/2023\/06\/27\/nr-35-propoe-medidas-para-utilizacao-de-escadas-no-trabalho\/\",\"url\":\"https:\/\/seconci.com.br\/site\/2023\/06\/27\/nr-35-propoe-medidas-para-utilizacao-de-escadas-no-trabalho\/\",\"name\":\"NR-35 prop\u00f5e medidas para utiliza\u00e7\u00e3o de escadas no trabalho - Seconci Brasil\",\"isPartOf\":{\"@id\":\"https:\/\/seconci.com.br\/site\/#website\"},\"primaryImageOfPage\":{\"@id\":\"https:\/\/seconci.com.br\/site\/2023\/06\/27\/nr-35-propoe-medidas-para-utilizacao-de-escadas-no-trabalho\/#primaryimage\"},\"image\":{\"@id\":\"https:\/\/seconci.com.br\/site\/2023\/06\/27\/nr-35-propoe-medidas-para-utilizacao-de-escadas-no-trabalho\/#primaryimage\"},\"thumbnailUrl\":\"https:\/\/seconci.com.br\/site\/wp-content\/uploads\/2023\/03\/silhueta-de-construcao.jpg\",\"datePublished\":\"2023-06-27T11:38:26+00:00\",\"breadcrumb\":{\"@id\":\"https:\/\/seconci.com.br\/site\/2023\/06\/27\/nr-35-propoe-medidas-para-utilizacao-de-escadas-no-trabalho\/#breadcrumb\"},\"inLanguage\":\"pt-PT\",\"potentialAction\":[{\"@type\":\"ReadAction\",\"target\":[\"https:\/\/seconci.com.br\/site\/2023\/06\/27\/nr-35-propoe-medidas-para-utilizacao-de-escadas-no-trabalho\/\"]}]},{\"@type\":\"ImageObject\",\"inLanguage\":\"pt-PT\",\"@id\":\"https:\/\/seconci.com.br\/site\/2023\/06\/27\/nr-35-propoe-medidas-para-utilizacao-de-escadas-no-trabalho\/#primaryimage\",\"url\":\"https:\/\/seconci.com.br\/site\/wp-content\/uploads\/2023\/03\/silhueta-de-construcao.jpg\",\"contentUrl\":\"https:\/\/seconci.com.br\/site\/wp-content\/uploads\/2023\/03\/silhueta-de-construcao.jpg\",\"width\":5496,\"height\":3672,\"caption\":\"construction silhouette\"},{\"@type\":\"BreadcrumbList\",\"@id\":\"https:\/\/seconci.com.br\/site\/2023\/06\/27\/nr-35-propoe-medidas-para-utilizacao-de-escadas-no-trabalho\/#breadcrumb\",\"itemListElement\":[{\"@type\":\"ListItem\",\"position\":1,\"name\":\"In\u00edcio\",\"item\":\"https:\/\/seconci.com.br\/site\/\"},{\"@type\":\"ListItem\",\"position\":2,\"name\":\"NR-35 prop\u00f5e medidas para utiliza\u00e7\u00e3o de escadas no trabalho\"}]},{\"@type\":\"WebSite\",\"@id\":\"https:\/\/seconci.com.br\/site\/#website\",\"url\":\"https:\/\/seconci.com.br\/site\/\",\"name\":\"Seconci Brasil\",\"description\":\"\",\"publisher\":{\"@id\":\"https:\/\/seconci.com.br\/site\/#organization\"},\"potentialAction\":[{\"@type\":\"SearchAction\",\"target\":{\"@type\":\"EntryPoint\",\"urlTemplate\":\"https:\/\/seconci.com.br\/site\/?s={search_term_string}\"},\"query-input\":{\"@type\":\"PropertyValueSpecification\",\"valueRequired\":true,\"valueName\":\"search_term_string\"}}],\"inLanguage\":\"pt-PT\"},{\"@type\":\"Organization\",\"@id\":\"https:\/\/seconci.com.br\/site\/#organization\",\"name\":\"Seconci Brasil\",\"url\":\"https:\/\/seconci.com.br\/site\/\",\"logo\":{\"@type\":\"ImageObject\",\"inLanguage\":\"pt-PT\",\"@id\":\"https:\/\/seconci.com.br\/site\/#\/schema\/logo\/image\/\",\"url\":\"https:\/\/seconci.com.br\/site\/wp-content\/uploads\/2024\/08\/Logo-Seconci-Brasil-branca-2.png\",\"contentUrl\":\"https:\/\/seconci.com.br\/site\/wp-content\/uploads\/2024\/08\/Logo-Seconci-Brasil-branca-2.png\",\"width\":1315,\"height\":598,\"caption\":\"Seconci Brasil\"},\"image\":{\"@id\":\"https:\/\/seconci.com.br\/site\/#\/schema\/logo\/image\/\"}},{\"@type\":\"Person\",\"@id\":\"https:\/\/seconci.com.br\/site\/#\/schema\/person\/1d79afd97ddc8f2c68c1e88e298aa8e2\",\"name\":\"Sidney Rocha\",\"description\":\"Comunicador e estagi\u00e1rio do Seconci Brasil.\",\"url\":\"https:\/\/seconci.com.br\/site\/author\/sidney-rocha\/\"}]}<\/script>\n<!-- \/ Yoast SEO plugin. -->","yoast_head_json":{"title":"NR-35 prop\u00f5e medidas para utiliza\u00e7\u00e3o de escadas no trabalho - Seconci Brasil","robots":{"index":"index","follow":"follow","max-snippet":"max-snippet:-1","max-image-preview":"max-image-preview:large","max-video-preview":"max-video-preview:-1"},"canonical":"https:\/\/seconci.com.br\/site\/2023\/06\/27\/nr-35-propoe-medidas-para-utilizacao-de-escadas-no-trabalho\/","og_locale":"pt_PT","og_type":"article","og_title":"NR-35 prop\u00f5e medidas para utiliza\u00e7\u00e3o de escadas no trabalho - Seconci Brasil","og_description":"A nova Norma Regulamentadora (NR) n\u00ba 35, que trata de trabalho em altura, prop\u00f5e o novo Anexo III \u2013 Escadas, previsto para entrar em vigor em 2 de janeiro de 2024, exceto os prazos adicionais espec\u00edficos indicados nos subitens 5.1.1, 5.2.1.1, 5.2.1.1.1, 5.2.2.1.1 e 5.2.2.3, que ficar\u00e3o vigentes a partir de 2 de janeiro de [&hellip;]","og_url":"https:\/\/seconci.com.br\/site\/2023\/06\/27\/nr-35-propoe-medidas-para-utilizacao-de-escadas-no-trabalho\/","og_site_name":"Seconci Brasil","article_published_time":"2023-06-27T11:38:26+00:00","og_image":[{"width":1024,"height":684,"url":"https:\/\/seconci.com.br\/site\/wp-content\/uploads\/2023\/03\/silhueta-de-construcao-1024x684.jpg","type":"image\/jpeg"}],"author":"Sidney Rocha","twitter_card":"summary_large_image","twitter_misc":{"Escrito por":"Sidney Rocha","Tempo estimado de leitura":"2 minutos"},"schema":{"@context":"https:\/\/schema.org","@graph":[{"@type":"Article","@id":"https:\/\/seconci.com.br\/site\/2023\/06\/27\/nr-35-propoe-medidas-para-utilizacao-de-escadas-no-trabalho\/#article","isPartOf":{"@id":"https:\/\/seconci.com.br\/site\/2023\/06\/27\/nr-35-propoe-medidas-para-utilizacao-de-escadas-no-trabalho\/"},"author":{"name":"Sidney Rocha","@id":"https:\/\/seconci.com.br\/site\/#\/schema\/person\/1d79afd97ddc8f2c68c1e88e298aa8e2"},"headline":"NR-35 prop\u00f5e medidas para utiliza\u00e7\u00e3o de escadas no trabalho","datePublished":"2023-06-27T11:38:26+00:00","mainEntityOfPage":{"@id":"https:\/\/seconci.com.br\/site\/2023\/06\/27\/nr-35-propoe-medidas-para-utilizacao-de-escadas-no-trabalho\/"},"wordCount":463,"publisher":{"@id":"https:\/\/seconci.com.br\/site\/#organization"},"image":{"@id":"https:\/\/seconci.com.br\/site\/2023\/06\/27\/nr-35-propoe-medidas-para-utilizacao-de-escadas-no-trabalho\/#primaryimage"},"thumbnailUrl":"https:\/\/seconci.com.br\/site\/wp-content\/uploads\/2023\/03\/silhueta-de-construcao.jpg","articleSection":["Seconci Brasil"],"inLanguage":"pt-PT"},{"@type":"WebPage","@id":"https:\/\/seconci.com.br\/site\/2023\/06\/27\/nr-35-propoe-medidas-para-utilizacao-de-escadas-no-trabalho\/","url":"https:\/\/seconci.com.br\/site\/2023\/06\/27\/nr-35-propoe-medidas-para-utilizacao-de-escadas-no-trabalho\/","name":"NR-35 prop\u00f5e medidas para utiliza\u00e7\u00e3o de escadas no trabalho - Seconci Brasil","isPartOf":{"@id":"https:\/\/seconci.com.br\/site\/#website"},"primaryImageOfPage":{"@id":"https:\/\/seconci.com.br\/site\/2023\/06\/27\/nr-35-propoe-medidas-para-utilizacao-de-escadas-no-trabalho\/#primaryimage"},"image":{"@id":"https:\/\/seconci.com.br\/site\/2023\/06\/27\/nr-35-propoe-medidas-para-utilizacao-de-escadas-no-trabalho\/#primaryimage"},"thumbnailUrl":"https:\/\/seconci.com.br\/site\/wp-content\/uploads\/2023\/03\/silhueta-de-construcao.jpg","datePublished":"2023-06-27T11:38:26+00:00","breadcrumb":{"@id":"https:\/\/seconci.com.br\/site\/2023\/06\/27\/nr-35-propoe-medidas-para-utilizacao-de-escadas-no-trabalho\/#breadcrumb"},"inLanguage":"pt-PT","potentialAction":[{"@type":"ReadAction","target":["https:\/\/seconci.com.br\/site\/2023\/06\/27\/nr-35-propoe-medidas-para-utilizacao-de-escadas-no-trabalho\/"]}]},{"@type":"ImageObject","inLanguage":"pt-PT","@id":"https:\/\/seconci.com.br\/site\/2023\/06\/27\/nr-35-propoe-medidas-para-utilizacao-de-escadas-no-trabalho\/#primaryimage","url":"https:\/\/seconci.com.br\/site\/wp-content\/uploads\/2023\/03\/silhueta-de-construcao.jpg","contentUrl":"https:\/\/seconci.com.br\/site\/wp-content\/uploads\/2023\/03\/silhueta-de-construcao.jpg","width":5496,"height":3672,"caption":"construction silhouette"},{"@type":"BreadcrumbList","@id":"https:\/\/seconci.com.br\/site\/2023\/06\/27\/nr-35-propoe-medidas-para-utilizacao-de-escadas-no-trabalho\/#breadcrumb","itemListElement":[{"@type":"ListItem","position":1,"name":"In\u00edcio","item":"https:\/\/seconci.com.br\/site\/"},{"@type":"ListItem","position":2,"name":"NR-35 prop\u00f5e medidas para utiliza\u00e7\u00e3o de escadas no trabalho"}]},{"@type":"WebSite","@id":"https:\/\/seconci.com.br\/site\/#website","url":"https:\/\/seconci.com.br\/site\/","name":"Seconci Brasil","description":"","publisher":{"@id":"https:\/\/seconci.com.br\/site\/#organization"},"potentialAction":[{"@type":"SearchAction","target":{"@type":"EntryPoint","urlTemplate":"https:\/\/seconci.com.br\/site\/?s={search_term_string}"},"query-input":{"@type":"PropertyValueSpecification","valueRequired":true,"valueName":"search_term_string"}}],"inLanguage":"pt-PT"},{"@type":"Organization","@id":"https:\/\/seconci.com.br\/site\/#organization","name":"Seconci Brasil","url":"https:\/\/seconci.com.br\/site\/","logo":{"@type":"ImageObject","inLanguage":"pt-PT","@id":"https:\/\/seconci.com.br\/site\/#\/schema\/logo\/image\/","url":"https:\/\/seconci.com.br\/site\/wp-content\/uploads\/2024\/08\/Logo-Seconci-Brasil-branca-2.png","contentUrl":"https:\/\/seconci.com.br\/site\/wp-content\/uploads\/2024\/08\/Logo-Seconci-Brasil-branca-2.png","width":1315,"height":598,"caption":"Seconci Brasil"},"image":{"@id":"https:\/\/seconci.com.br\/site\/#\/schema\/logo\/image\/"}},{"@type":"Person","@id":"https:\/\/seconci.com.br\/site\/#\/schema\/person\/1d79afd97ddc8f2c68c1e88e298aa8e2","name":"Sidney Rocha","description":"Comunicador e estagi\u00e1rio do Seconci Brasil.","url":"https:\/\/seconci.com.br\/site\/author\/sidney-rocha\/"}]}},"_links":{"self":[{"href":"https:\/\/seconci.com.br\/site\/wp-json\/wp\/v2\/posts\/12946","targetHints":{"allow":["GET"]}}],"collection":[{"href":"https:\/\/seconci.com.br\/site\/wp-json\/wp\/v2\/posts"}],"about":[{"href":"https:\/\/seconci.com.br\/site\/wp-json\/wp\/v2\/types\/post"}],"author":[{"embeddable":true,"href":"https:\/\/seconci.com.br\/site\/wp-json\/wp\/v2\/users\/3"}],"replies":[{"embeddable":true,"href":"https:\/\/seconci.com.br\/site\/wp-json\/wp\/v2\/comments?post=12946"}],"version-history":[{"count":0,"href":"https:\/\/seconci.com.br\/site\/wp-json\/wp\/v2\/posts\/12946\/revisions"}],"wp:featuredmedia":[{"embeddable":true,"href":"https:\/\/seconci.com.br\/site\/wp-json\/wp\/v2\/media\/12527"}],"wp:attachment":[{"href":"https:\/\/seconci.com.br\/site\/wp-json\/wp\/v2\/media?parent=12946"}],"wp:term":[{"taxonomy":"category","embeddable":true,"href":"https:\/\/seconci.com.br\/site\/wp-json\/wp\/v2\/categories?post=12946"},{"taxonomy":"post_tag","embeddable":true,"href":"https:\/\/seconci.com.br\/site\/wp-json\/wp\/v2\/tags?post=12946"}],"curies":[{"name":"wp","href":"https:\/\/api.w.org\/{rel}","templated":true}]}}