{"id":13011,"date":"2023-07-19T11:21:51","date_gmt":"2023-07-19T11:21:51","guid":{"rendered":"https:\/\/seconci.com.br\/site\/?p=13011"},"modified":"2023-07-19T11:21:51","modified_gmt":"2023-07-19T11:21:51","slug":"confira-nova-nr-35-sobre-planejamento-e-organizacao-do-trabalho-em-altura","status":"publish","type":"post","link":"https:\/\/seconci.com.br\/site\/2023\/07\/19\/confira-nova-nr-35-sobre-planejamento-e-organizacao-do-trabalho-em-altura\/","title":{"rendered":"Confira nova NR-35 sobre Planejamento e Organiza\u00e7\u00e3o do Trabalho em Altura"},"content":{"rendered":"<p>O item 35.5 da Norma Regulamentadora N\u00ba 35 estabelece os requisitos sobre o planejamento e organiza\u00e7\u00e3o do trabalho em altura destacando a observa\u00e7\u00e3o da seguinte hierarquia:<\/p>\n<ol>\n<li>a) medidas para evitar o trabalho em altura, sempre que existir meio alternativo de execu\u00e7\u00e3o;<\/li>\n<li>b) medidas que eliminem o risco de queda dos trabalhadores, na impossibilidade de execu\u00e7\u00e3o do trabalho de outra forma; e<\/li>\n<li>c) medidas que minimizem as consequ\u00eancias da queda, quando o risco de queda n\u00e3o puder ser eliminado.<\/li>\n<\/ol>\n<p>A norma disp\u00f5e que todo trabalho em altura deve ser realizado sob supervis\u00e3o, cuja forma deve ser definida pela An\u00e1lise de Risco \u2013 AR, de acordo com as peculiaridades da atividade, considerando, dentre outros: o local em que os servi\u00e7os ser\u00e3o executados e seu entorno; o isolamento e a sinaliza\u00e7\u00e3o no entorno da \u00e1rea de trabalho; o estabelecimento dos sistemas e pontos de ancoragem; as condi\u00e7\u00f5es meteorol\u00f3gicas adversas; a sele\u00e7\u00e3o, inspe\u00e7\u00e3o, forma de utiliza\u00e7\u00e3o e limita\u00e7\u00e3o de uso dos sistemas de prote\u00e7\u00e3o coletiva e individual, atendendo \u00e0s normas t\u00e9cnicas vigentes, \u00e0s orienta\u00e7\u00f5es do fabricante ou projetista e aos princ\u00edpios da redu\u00e7\u00e3o do impacto e dos fatores de queda.<\/p>\n<p>No caso das atividades rotineiras de trabalho em altura, a norma prev\u00ea que a AR pode constar no procedimento operacional.<\/p>\n<p>J\u00e1 as atividades de trabalho em altura n\u00e3o rotineiras devem ser previamente autorizadas mediante Permiss\u00e3o de Trabalho-PT.<\/p>\n<p><a href=\"https:\/\/www.in.gov.br\/en\/web\/dou\/-\/portaria-mtp-n-4.218-de-20-de-dezembro-de-2022-452404673\">Clique aqui e confira a nova NR-25!\u00a0<\/a><\/p>\n<p>O tema tem interface com o projeto \u201cSeguran\u00e7a e Sa\u00fade no Trabalho e Rela\u00e7\u00f5es Trabalhistas na Ind\u00fastria da Constru\u00e7\u00e3o\u201d, da Comiss\u00e3o de Pol\u00edticas e Rela\u00e7\u00f5es Trabalhistas (CPRT) da CBIC, com a correaliza\u00e7\u00e3o do Servi\u00e7o Social da Ind\u00fastria (Sesi).<\/p>\n<p><em>Fonte: CBIC<\/em><\/p>\n","protected":false},"excerpt":{"rendered":"<p>O item 35.5 da Norma Regulamentadora N\u00ba 35 estabelece os requisitos sobre o planejamento e organiza\u00e7\u00e3o do trabalho em altura destacando a observa\u00e7\u00e3o da seguinte hierarquia: a) medidas para evitar o trabalho em altura, sempre que existir meio alternativo de execu\u00e7\u00e3o; b) medidas que eliminem o risco de queda dos trabalhadores, na impossibilidade de execu\u00e7\u00e3o [&hellip;]<\/p>\n","protected":false},"author":3,"featured_media":13012,"comment_status":"closed","ping_status":"closed","sticky":false,"template":"","format":"standard","meta":{"footnotes":""},"categories":[92],"tags":[],"class_list":["post-13011","post","type-post","status-publish","format-standard","has-post-thumbnail","hentry","category-seconci-brasil"],"yoast_head":"<!-- This site is optimized with the Yoast SEO plugin v26.9 - https:\/\/yoast.com\/product\/yoast-seo-wordpress\/ -->\n<title>Confira nova NR-35 sobre Planejamento e Organiza\u00e7\u00e3o do Trabalho em Altura - Seconci Brasil<\/title>\n<meta name=\"robots\" content=\"index, follow, max-snippet:-1, max-image-preview:large, max-video-preview:-1\" \/>\n<link rel=\"canonical\" href=\"https:\/\/seconci.com.br\/site\/2023\/07\/19\/confira-nova-nr-35-sobre-planejamento-e-organizacao-do-trabalho-em-altura\/\" \/>\n<meta property=\"og:locale\" content=\"pt_PT\" \/>\n<meta property=\"og:type\" content=\"article\" \/>\n<meta property=\"og:title\" content=\"Confira nova NR-35 sobre Planejamento e Organiza\u00e7\u00e3o do Trabalho em Altura - Seconci Brasil\" \/>\n<meta property=\"og:description\" content=\"O item 35.5 da Norma Regulamentadora N\u00ba 35 estabelece os requisitos sobre o planejamento e organiza\u00e7\u00e3o do trabalho em altura destacando a observa\u00e7\u00e3o da seguinte hierarquia: a) medidas para evitar o trabalho em altura, sempre que existir meio alternativo de execu\u00e7\u00e3o; b) medidas que eliminem o risco de queda dos trabalhadores, na impossibilidade de execu\u00e7\u00e3o [&hellip;]\" \/>\n<meta property=\"og:url\" content=\"https:\/\/seconci.com.br\/site\/2023\/07\/19\/confira-nova-nr-35-sobre-planejamento-e-organizacao-do-trabalho-em-altura\/\" \/>\n<meta property=\"og:site_name\" content=\"Seconci Brasil\" \/>\n<meta property=\"article:published_time\" content=\"2023-07-19T11:21:51+00:00\" \/>\n<meta property=\"og:image\" content=\"https:\/\/seconci.com.br\/site\/wp-content\/uploads\/2023\/07\/sstmarcoprioridadewide.png\" \/>\n\t<meta property=\"og:image:width\" content=\"1920\" \/>\n\t<meta property=\"og:image:height\" content=\"1080\" \/>\n\t<meta property=\"og:image:type\" content=\"image\/png\" \/>\n<meta name=\"author\" content=\"Sidney Rocha\" \/>\n<meta name=\"twitter:card\" content=\"summary_large_image\" \/>\n<meta name=\"twitter:label1\" content=\"Escrito por\" \/>\n\t<meta name=\"twitter:data1\" content=\"Sidney Rocha\" \/>\n\t<meta name=\"twitter:label2\" content=\"Tempo estimado de leitura\" \/>\n\t<meta name=\"twitter:data2\" content=\"2 minutos\" \/>\n<script type=\"application\/ld+json\" class=\"yoast-schema-graph\">{\"@context\":\"https:\/\/schema.org\",\"@graph\":[{\"@type\":\"Article\",\"@id\":\"https:\/\/seconci.com.br\/site\/2023\/07\/19\/confira-nova-nr-35-sobre-planejamento-e-organizacao-do-trabalho-em-altura\/#article\",\"isPartOf\":{\"@id\":\"https:\/\/seconci.com.br\/site\/2023\/07\/19\/confira-nova-nr-35-sobre-planejamento-e-organizacao-do-trabalho-em-altura\/\"},\"author\":{\"name\":\"Sidney Rocha\",\"@id\":\"https:\/\/seconci.com.br\/site\/#\/schema\/person\/1d79afd97ddc8f2c68c1e88e298aa8e2\"},\"headline\":\"Confira nova NR-35 sobre Planejamento e Organiza\u00e7\u00e3o do Trabalho em Altura\",\"datePublished\":\"2023-07-19T11:21:51+00:00\",\"mainEntityOfPage\":{\"@id\":\"https:\/\/seconci.com.br\/site\/2023\/07\/19\/confira-nova-nr-35-sobre-planejamento-e-organizacao-do-trabalho-em-altura\/\"},\"wordCount\":315,\"publisher\":{\"@id\":\"https:\/\/seconci.com.br\/site\/#organization\"},\"image\":{\"@id\":\"https:\/\/seconci.com.br\/site\/2023\/07\/19\/confira-nova-nr-35-sobre-planejamento-e-organizacao-do-trabalho-em-altura\/#primaryimage\"},\"thumbnailUrl\":\"https:\/\/seconci.com.br\/site\/wp-content\/uploads\/2023\/07\/sstmarcoprioridadewide.png\",\"articleSection\":[\"Seconci Brasil\"],\"inLanguage\":\"pt-PT\"},{\"@type\":\"WebPage\",\"@id\":\"https:\/\/seconci.com.br\/site\/2023\/07\/19\/confira-nova-nr-35-sobre-planejamento-e-organizacao-do-trabalho-em-altura\/\",\"url\":\"https:\/\/seconci.com.br\/site\/2023\/07\/19\/confira-nova-nr-35-sobre-planejamento-e-organizacao-do-trabalho-em-altura\/\",\"name\":\"Confira nova NR-35 sobre Planejamento e Organiza\u00e7\u00e3o do Trabalho em Altura - Seconci Brasil\",\"isPartOf\":{\"@id\":\"https:\/\/seconci.com.br\/site\/#website\"},\"primaryImageOfPage\":{\"@id\":\"https:\/\/seconci.com.br\/site\/2023\/07\/19\/confira-nova-nr-35-sobre-planejamento-e-organizacao-do-trabalho-em-altura\/#primaryimage\"},\"image\":{\"@id\":\"https:\/\/seconci.com.br\/site\/2023\/07\/19\/confira-nova-nr-35-sobre-planejamento-e-organizacao-do-trabalho-em-altura\/#primaryimage\"},\"thumbnailUrl\":\"https:\/\/seconci.com.br\/site\/wp-content\/uploads\/2023\/07\/sstmarcoprioridadewide.png\",\"datePublished\":\"2023-07-19T11:21:51+00:00\",\"breadcrumb\":{\"@id\":\"https:\/\/seconci.com.br\/site\/2023\/07\/19\/confira-nova-nr-35-sobre-planejamento-e-organizacao-do-trabalho-em-altura\/#breadcrumb\"},\"inLanguage\":\"pt-PT\",\"potentialAction\":[{\"@type\":\"ReadAction\",\"target\":[\"https:\/\/seconci.com.br\/site\/2023\/07\/19\/confira-nova-nr-35-sobre-planejamento-e-organizacao-do-trabalho-em-altura\/\"]}]},{\"@type\":\"ImageObject\",\"inLanguage\":\"pt-PT\",\"@id\":\"https:\/\/seconci.com.br\/site\/2023\/07\/19\/confira-nova-nr-35-sobre-planejamento-e-organizacao-do-trabalho-em-altura\/#primaryimage\",\"url\":\"https:\/\/seconci.com.br\/site\/wp-content\/uploads\/2023\/07\/sstmarcoprioridadewide.png\",\"contentUrl\":\"https:\/\/seconci.com.br\/site\/wp-content\/uploads\/2023\/07\/sstmarcoprioridadewide.png\",\"width\":1920,\"height\":1080},{\"@type\":\"BreadcrumbList\",\"@id\":\"https:\/\/seconci.com.br\/site\/2023\/07\/19\/confira-nova-nr-35-sobre-planejamento-e-organizacao-do-trabalho-em-altura\/#breadcrumb\",\"itemListElement\":[{\"@type\":\"ListItem\",\"position\":1,\"name\":\"In\u00edcio\",\"item\":\"https:\/\/seconci.com.br\/site\/\"},{\"@type\":\"ListItem\",\"position\":2,\"name\":\"Confira nova NR-35 sobre Planejamento e Organiza\u00e7\u00e3o do Trabalho em Altura\"}]},{\"@type\":\"WebSite\",\"@id\":\"https:\/\/seconci.com.br\/site\/#website\",\"url\":\"https:\/\/seconci.com.br\/site\/\",\"name\":\"Seconci Brasil\",\"description\":\"\",\"publisher\":{\"@id\":\"https:\/\/seconci.com.br\/site\/#organization\"},\"potentialAction\":[{\"@type\":\"SearchAction\",\"target\":{\"@type\":\"EntryPoint\",\"urlTemplate\":\"https:\/\/seconci.com.br\/site\/?s={search_term_string}\"},\"query-input\":{\"@type\":\"PropertyValueSpecification\",\"valueRequired\":true,\"valueName\":\"search_term_string\"}}],\"inLanguage\":\"pt-PT\"},{\"@type\":\"Organization\",\"@id\":\"https:\/\/seconci.com.br\/site\/#organization\",\"name\":\"Seconci Brasil\",\"url\":\"https:\/\/seconci.com.br\/site\/\",\"logo\":{\"@type\":\"ImageObject\",\"inLanguage\":\"pt-PT\",\"@id\":\"https:\/\/seconci.com.br\/site\/#\/schema\/logo\/image\/\",\"url\":\"https:\/\/seconci.com.br\/site\/wp-content\/uploads\/2024\/08\/Logo-Seconci-Brasil-branca-2.png\",\"contentUrl\":\"https:\/\/seconci.com.br\/site\/wp-content\/uploads\/2024\/08\/Logo-Seconci-Brasil-branca-2.png\",\"width\":1315,\"height\":598,\"caption\":\"Seconci Brasil\"},\"image\":{\"@id\":\"https:\/\/seconci.com.br\/site\/#\/schema\/logo\/image\/\"}},{\"@type\":\"Person\",\"@id\":\"https:\/\/seconci.com.br\/site\/#\/schema\/person\/1d79afd97ddc8f2c68c1e88e298aa8e2\",\"name\":\"Sidney Rocha\",\"description\":\"Comunicador e estagi\u00e1rio do Seconci Brasil.\",\"url\":\"https:\/\/seconci.com.br\/site\/author\/sidney-rocha\/\"}]}<\/script>\n<!-- \/ Yoast SEO plugin. -->","yoast_head_json":{"title":"Confira nova NR-35 sobre Planejamento e Organiza\u00e7\u00e3o do Trabalho em Altura - Seconci Brasil","robots":{"index":"index","follow":"follow","max-snippet":"max-snippet:-1","max-image-preview":"max-image-preview:large","max-video-preview":"max-video-preview:-1"},"canonical":"https:\/\/seconci.com.br\/site\/2023\/07\/19\/confira-nova-nr-35-sobre-planejamento-e-organizacao-do-trabalho-em-altura\/","og_locale":"pt_PT","og_type":"article","og_title":"Confira nova NR-35 sobre Planejamento e Organiza\u00e7\u00e3o do Trabalho em Altura - Seconci Brasil","og_description":"O item 35.5 da Norma Regulamentadora N\u00ba 35 estabelece os requisitos sobre o planejamento e organiza\u00e7\u00e3o do trabalho em altura destacando a observa\u00e7\u00e3o da seguinte hierarquia: a) medidas para evitar o trabalho em altura, sempre que existir meio alternativo de execu\u00e7\u00e3o; b) medidas que eliminem o risco de queda dos trabalhadores, na impossibilidade de execu\u00e7\u00e3o [&hellip;]","og_url":"https:\/\/seconci.com.br\/site\/2023\/07\/19\/confira-nova-nr-35-sobre-planejamento-e-organizacao-do-trabalho-em-altura\/","og_site_name":"Seconci Brasil","article_published_time":"2023-07-19T11:21:51+00:00","og_image":[{"width":1920,"height":1080,"url":"https:\/\/seconci.com.br\/site\/wp-content\/uploads\/2023\/07\/sstmarcoprioridadewide.png","type":"image\/png"}],"author":"Sidney Rocha","twitter_card":"summary_large_image","twitter_misc":{"Escrito por":"Sidney Rocha","Tempo estimado de leitura":"2 minutos"},"schema":{"@context":"https:\/\/schema.org","@graph":[{"@type":"Article","@id":"https:\/\/seconci.com.br\/site\/2023\/07\/19\/confira-nova-nr-35-sobre-planejamento-e-organizacao-do-trabalho-em-altura\/#article","isPartOf":{"@id":"https:\/\/seconci.com.br\/site\/2023\/07\/19\/confira-nova-nr-35-sobre-planejamento-e-organizacao-do-trabalho-em-altura\/"},"author":{"name":"Sidney Rocha","@id":"https:\/\/seconci.com.br\/site\/#\/schema\/person\/1d79afd97ddc8f2c68c1e88e298aa8e2"},"headline":"Confira nova NR-35 sobre Planejamento e Organiza\u00e7\u00e3o do Trabalho em Altura","datePublished":"2023-07-19T11:21:51+00:00","mainEntityOfPage":{"@id":"https:\/\/seconci.com.br\/site\/2023\/07\/19\/confira-nova-nr-35-sobre-planejamento-e-organizacao-do-trabalho-em-altura\/"},"wordCount":315,"publisher":{"@id":"https:\/\/seconci.com.br\/site\/#organization"},"image":{"@id":"https:\/\/seconci.com.br\/site\/2023\/07\/19\/confira-nova-nr-35-sobre-planejamento-e-organizacao-do-trabalho-em-altura\/#primaryimage"},"thumbnailUrl":"https:\/\/seconci.com.br\/site\/wp-content\/uploads\/2023\/07\/sstmarcoprioridadewide.png","articleSection":["Seconci Brasil"],"inLanguage":"pt-PT"},{"@type":"WebPage","@id":"https:\/\/seconci.com.br\/site\/2023\/07\/19\/confira-nova-nr-35-sobre-planejamento-e-organizacao-do-trabalho-em-altura\/","url":"https:\/\/seconci.com.br\/site\/2023\/07\/19\/confira-nova-nr-35-sobre-planejamento-e-organizacao-do-trabalho-em-altura\/","name":"Confira nova NR-35 sobre Planejamento e Organiza\u00e7\u00e3o do Trabalho em Altura - Seconci Brasil","isPartOf":{"@id":"https:\/\/seconci.com.br\/site\/#website"},"primaryImageOfPage":{"@id":"https:\/\/seconci.com.br\/site\/2023\/07\/19\/confira-nova-nr-35-sobre-planejamento-e-organizacao-do-trabalho-em-altura\/#primaryimage"},"image":{"@id":"https:\/\/seconci.com.br\/site\/2023\/07\/19\/confira-nova-nr-35-sobre-planejamento-e-organizacao-do-trabalho-em-altura\/#primaryimage"},"thumbnailUrl":"https:\/\/seconci.com.br\/site\/wp-content\/uploads\/2023\/07\/sstmarcoprioridadewide.png","datePublished":"2023-07-19T11:21:51+00:00","breadcrumb":{"@id":"https:\/\/seconci.com.br\/site\/2023\/07\/19\/confira-nova-nr-35-sobre-planejamento-e-organizacao-do-trabalho-em-altura\/#breadcrumb"},"inLanguage":"pt-PT","potentialAction":[{"@type":"ReadAction","target":["https:\/\/seconci.com.br\/site\/2023\/07\/19\/confira-nova-nr-35-sobre-planejamento-e-organizacao-do-trabalho-em-altura\/"]}]},{"@type":"ImageObject","inLanguage":"pt-PT","@id":"https:\/\/seconci.com.br\/site\/2023\/07\/19\/confira-nova-nr-35-sobre-planejamento-e-organizacao-do-trabalho-em-altura\/#primaryimage","url":"https:\/\/seconci.com.br\/site\/wp-content\/uploads\/2023\/07\/sstmarcoprioridadewide.png","contentUrl":"https:\/\/seconci.com.br\/site\/wp-content\/uploads\/2023\/07\/sstmarcoprioridadewide.png","width":1920,"height":1080},{"@type":"BreadcrumbList","@id":"https:\/\/seconci.com.br\/site\/2023\/07\/19\/confira-nova-nr-35-sobre-planejamento-e-organizacao-do-trabalho-em-altura\/#breadcrumb","itemListElement":[{"@type":"ListItem","position":1,"name":"In\u00edcio","item":"https:\/\/seconci.com.br\/site\/"},{"@type":"ListItem","position":2,"name":"Confira nova NR-35 sobre Planejamento e Organiza\u00e7\u00e3o do Trabalho em Altura"}]},{"@type":"WebSite","@id":"https:\/\/seconci.com.br\/site\/#website","url":"https:\/\/seconci.com.br\/site\/","name":"Seconci Brasil","description":"","publisher":{"@id":"https:\/\/seconci.com.br\/site\/#organization"},"potentialAction":[{"@type":"SearchAction","target":{"@type":"EntryPoint","urlTemplate":"https:\/\/seconci.com.br\/site\/?s={search_term_string}"},"query-input":{"@type":"PropertyValueSpecification","valueRequired":true,"valueName":"search_term_string"}}],"inLanguage":"pt-PT"},{"@type":"Organization","@id":"https:\/\/seconci.com.br\/site\/#organization","name":"Seconci Brasil","url":"https:\/\/seconci.com.br\/site\/","logo":{"@type":"ImageObject","inLanguage":"pt-PT","@id":"https:\/\/seconci.com.br\/site\/#\/schema\/logo\/image\/","url":"https:\/\/seconci.com.br\/site\/wp-content\/uploads\/2024\/08\/Logo-Seconci-Brasil-branca-2.png","contentUrl":"https:\/\/seconci.com.br\/site\/wp-content\/uploads\/2024\/08\/Logo-Seconci-Brasil-branca-2.png","width":1315,"height":598,"caption":"Seconci Brasil"},"image":{"@id":"https:\/\/seconci.com.br\/site\/#\/schema\/logo\/image\/"}},{"@type":"Person","@id":"https:\/\/seconci.com.br\/site\/#\/schema\/person\/1d79afd97ddc8f2c68c1e88e298aa8e2","name":"Sidney Rocha","description":"Comunicador e estagi\u00e1rio do Seconci Brasil.","url":"https:\/\/seconci.com.br\/site\/author\/sidney-rocha\/"}]}},"_links":{"self":[{"href":"https:\/\/seconci.com.br\/site\/wp-json\/wp\/v2\/posts\/13011","targetHints":{"allow":["GET"]}}],"collection":[{"href":"https:\/\/seconci.com.br\/site\/wp-json\/wp\/v2\/posts"}],"about":[{"href":"https:\/\/seconci.com.br\/site\/wp-json\/wp\/v2\/types\/post"}],"author":[{"embeddable":true,"href":"https:\/\/seconci.com.br\/site\/wp-json\/wp\/v2\/users\/3"}],"replies":[{"embeddable":true,"href":"https:\/\/seconci.com.br\/site\/wp-json\/wp\/v2\/comments?post=13011"}],"version-history":[{"count":0,"href":"https:\/\/seconci.com.br\/site\/wp-json\/wp\/v2\/posts\/13011\/revisions"}],"wp:featuredmedia":[{"embeddable":true,"href":"https:\/\/seconci.com.br\/site\/wp-json\/wp\/v2\/media\/13012"}],"wp:attachment":[{"href":"https:\/\/seconci.com.br\/site\/wp-json\/wp\/v2\/media?parent=13011"}],"wp:term":[{"taxonomy":"category","embeddable":true,"href":"https:\/\/seconci.com.br\/site\/wp-json\/wp\/v2\/categories?post=13011"},{"taxonomy":"post_tag","embeddable":true,"href":"https:\/\/seconci.com.br\/site\/wp-json\/wp\/v2\/tags?post=13011"}],"curies":[{"name":"wp","href":"https:\/\/api.w.org\/{rel}","templated":true}]}}