{"id":13970,"date":"2024-06-18T11:44:54","date_gmt":"2024-06-18T11:44:54","guid":{"rendered":"https:\/\/seconci.com.br\/site\/?p=13970"},"modified":"2024-06-18T11:44:54","modified_gmt":"2024-06-18T11:44:54","slug":"lancamento-canpat-construcao-2024-acontece-esta-semana","status":"publish","type":"post","link":"https:\/\/seconci.com.br\/site\/2024\/06\/18\/lancamento-canpat-construcao-2024-acontece-esta-semana\/","title":{"rendered":"Lan\u00e7amento CANPAT Constru\u00e7\u00e3o 2024 acontece esta semana"},"content":{"rendered":"<p>O impacto das Normas Regulamentadoras na gest\u00e3o de Seguran\u00e7a e Sa\u00fade no Trabalho (SST) na ind\u00fastria da constru\u00e7\u00e3o \u00e9 tema destaque do lan\u00e7amento da CANPAT Constru\u00e7\u00e3o 2024, na pr\u00f3xima quinta-feira (20), \u00e0s 10h, em formato virtual.<\/p>\n<p>O evento, promovido pela C\u00e2mara Brasileira da Ind\u00fastria da Constru\u00e7\u00e3o (CBIC), por meio da sua Comiss\u00e3o de Pol\u00edtica de Rela\u00e7\u00f5es Trabalhistas (CPRT), ser\u00e1 um preparat\u00f3rio para a Semana CANPAT Constru\u00e7\u00e3o, que ocorrer\u00e1 de 7 a 11 de outubro.<\/p>\n<p>O debate contar\u00e1 com os seguintes convidados:<\/p>\n<ul>\n<li>Vice-presidente de Pol\u00edtica de Rela\u00e7\u00f5es Trabalhistas da CBIC, Ricardo Michelon;<\/li>\n<li>Presidente da Seconci-Brasil, Antonio Carlos Salgueiro de Ara\u00fajo;<\/li>\n<li>Gerente de Solu\u00e7\u00f5es Integradas de Sa\u00fade e Seguran\u00e7a do Departamento Nacional do SESI, Katyana Arag\u00e3o;<\/li>\n<li>Secret\u00e1rio de Inspe\u00e7\u00e3o do Trabalho Substituto do Minist\u00e9rio do Trabalho e Emprego, Rog\u00e9rio Silva Ara\u00fajo;<\/li>\n<li>Vice-presidente de Rela\u00e7\u00f5es Capital-Trabalho e membro do Comit\u00ea de Tecnologia e Qualidade (CTQ) do Sinduscon-SP e conselheiro do Seconci-SP, Haruo Ishikawa;<\/li>\n<li>Auditor fiscal do trabalho, Ant\u00f4nio Pereira do Nascimento;<\/li>\n<li>Gerente de seguran\u00e7a ocupacional do Seconci-SP, Jos\u00e9 Bassili.<\/li>\n<\/ul>\n<p><a href=\"https:\/\/brasil.cbic.org.br\/evento-lancamento-canpat-2024\">Clique aqui e participe!<\/a><\/p>\n<p>O tema tem interface com o projeto\u00a0<b>\u201cConhecimento, Seguran\u00e7a e Sa\u00fade no Trabalho\u201d,\u00a0<\/b>da Comiss\u00e3o de Pol\u00edtica de Rela\u00e7\u00f5es Trabalhistas (CPRT) da CBIC, com a correaliza\u00e7\u00e3o do Servi\u00e7o Social da Ind\u00fastria (Sesi).<\/p>\n","protected":false},"excerpt":{"rendered":"<p>O impacto das Normas Regulamentadoras na gest\u00e3o de Seguran\u00e7a e Sa\u00fade no Trabalho (SST) na ind\u00fastria da constru\u00e7\u00e3o \u00e9 tema destaque do lan\u00e7amento da CANPAT Constru\u00e7\u00e3o 2024, na pr\u00f3xima quinta-feira (20), \u00e0s 10h, em formato virtual. O evento, promovido pela C\u00e2mara Brasileira da Ind\u00fastria da Constru\u00e7\u00e3o (CBIC), por meio da sua Comiss\u00e3o de Pol\u00edtica de [&hellip;]<\/p>\n","protected":false},"author":3,"featured_media":13971,"comment_status":"closed","ping_status":"closed","sticky":false,"template":"","format":"standard","meta":{"footnotes":""},"categories":[92],"tags":[],"class_list":["post-13970","post","type-post","status-publish","format-standard","has-post-thumbnail","hentry","category-seconci-brasil"],"yoast_head":"<!-- This site is optimized with the Yoast SEO plugin v26.9 - https:\/\/yoast.com\/product\/yoast-seo-wordpress\/ -->\n<title>Lan\u00e7amento CANPAT Constru\u00e7\u00e3o 2024 acontece esta semana - Seconci Brasil<\/title>\n<meta name=\"robots\" content=\"index, follow, max-snippet:-1, max-image-preview:large, max-video-preview:-1\" \/>\n<link rel=\"canonical\" href=\"https:\/\/seconci.com.br\/site\/2024\/06\/18\/lancamento-canpat-construcao-2024-acontece-esta-semana\/\" \/>\n<meta property=\"og:locale\" content=\"pt_PT\" \/>\n<meta property=\"og:type\" content=\"article\" \/>\n<meta property=\"og:title\" content=\"Lan\u00e7amento CANPAT Constru\u00e7\u00e3o 2024 acontece esta semana - Seconci Brasil\" \/>\n<meta property=\"og:description\" content=\"O impacto das Normas Regulamentadoras na gest\u00e3o de Seguran\u00e7a e Sa\u00fade no Trabalho (SST) na ind\u00fastria da constru\u00e7\u00e3o \u00e9 tema destaque do lan\u00e7amento da CANPAT Constru\u00e7\u00e3o 2024, na pr\u00f3xima quinta-feira (20), \u00e0s 10h, em formato virtual. O evento, promovido pela C\u00e2mara Brasileira da Ind\u00fastria da Constru\u00e7\u00e3o (CBIC), por meio da sua Comiss\u00e3o de Pol\u00edtica de [&hellip;]\" \/>\n<meta property=\"og:url\" content=\"https:\/\/seconci.com.br\/site\/2024\/06\/18\/lancamento-canpat-construcao-2024-acontece-esta-semana\/\" \/>\n<meta property=\"og:site_name\" content=\"Seconci Brasil\" \/>\n<meta property=\"article:published_time\" content=\"2024-06-18T11:44:54+00:00\" \/>\n<meta property=\"og:image\" content=\"https:\/\/seconci.com.br\/site\/wp-content\/uploads\/2024\/06\/canpat2024programacaowide-1.png\" \/>\n\t<meta property=\"og:image:width\" content=\"1920\" \/>\n\t<meta property=\"og:image:height\" content=\"1080\" \/>\n\t<meta property=\"og:image:type\" content=\"image\/png\" \/>\n<meta name=\"author\" content=\"Sidney Rocha\" \/>\n<meta name=\"twitter:card\" content=\"summary_large_image\" \/>\n<meta name=\"twitter:label1\" content=\"Escrito por\" \/>\n\t<meta name=\"twitter:data1\" content=\"Sidney Rocha\" \/>\n\t<meta name=\"twitter:label2\" content=\"Tempo estimado de leitura\" \/>\n\t<meta name=\"twitter:data2\" content=\"1 minuto\" \/>\n<script type=\"application\/ld+json\" class=\"yoast-schema-graph\">{\"@context\":\"https:\/\/schema.org\",\"@graph\":[{\"@type\":\"Article\",\"@id\":\"https:\/\/seconci.com.br\/site\/2024\/06\/18\/lancamento-canpat-construcao-2024-acontece-esta-semana\/#article\",\"isPartOf\":{\"@id\":\"https:\/\/seconci.com.br\/site\/2024\/06\/18\/lancamento-canpat-construcao-2024-acontece-esta-semana\/\"},\"author\":{\"name\":\"Sidney Rocha\",\"@id\":\"https:\/\/seconci.com.br\/site\/#\/schema\/person\/1d79afd97ddc8f2c68c1e88e298aa8e2\"},\"headline\":\"Lan\u00e7amento CANPAT Constru\u00e7\u00e3o 2024 acontece esta semana\",\"datePublished\":\"2024-06-18T11:44:54+00:00\",\"mainEntityOfPage\":{\"@id\":\"https:\/\/seconci.com.br\/site\/2024\/06\/18\/lancamento-canpat-construcao-2024-acontece-esta-semana\/\"},\"wordCount\":244,\"publisher\":{\"@id\":\"https:\/\/seconci.com.br\/site\/#organization\"},\"image\":{\"@id\":\"https:\/\/seconci.com.br\/site\/2024\/06\/18\/lancamento-canpat-construcao-2024-acontece-esta-semana\/#primaryimage\"},\"thumbnailUrl\":\"https:\/\/seconci.com.br\/site\/wp-content\/uploads\/2024\/06\/canpat2024programacaowide-1.png\",\"articleSection\":[\"Seconci Brasil\"],\"inLanguage\":\"pt-PT\"},{\"@type\":\"WebPage\",\"@id\":\"https:\/\/seconci.com.br\/site\/2024\/06\/18\/lancamento-canpat-construcao-2024-acontece-esta-semana\/\",\"url\":\"https:\/\/seconci.com.br\/site\/2024\/06\/18\/lancamento-canpat-construcao-2024-acontece-esta-semana\/\",\"name\":\"Lan\u00e7amento CANPAT Constru\u00e7\u00e3o 2024 acontece esta semana - Seconci Brasil\",\"isPartOf\":{\"@id\":\"https:\/\/seconci.com.br\/site\/#website\"},\"primaryImageOfPage\":{\"@id\":\"https:\/\/seconci.com.br\/site\/2024\/06\/18\/lancamento-canpat-construcao-2024-acontece-esta-semana\/#primaryimage\"},\"image\":{\"@id\":\"https:\/\/seconci.com.br\/site\/2024\/06\/18\/lancamento-canpat-construcao-2024-acontece-esta-semana\/#primaryimage\"},\"thumbnailUrl\":\"https:\/\/seconci.com.br\/site\/wp-content\/uploads\/2024\/06\/canpat2024programacaowide-1.png\",\"datePublished\":\"2024-06-18T11:44:54+00:00\",\"breadcrumb\":{\"@id\":\"https:\/\/seconci.com.br\/site\/2024\/06\/18\/lancamento-canpat-construcao-2024-acontece-esta-semana\/#breadcrumb\"},\"inLanguage\":\"pt-PT\",\"potentialAction\":[{\"@type\":\"ReadAction\",\"target\":[\"https:\/\/seconci.com.br\/site\/2024\/06\/18\/lancamento-canpat-construcao-2024-acontece-esta-semana\/\"]}]},{\"@type\":\"ImageObject\",\"inLanguage\":\"pt-PT\",\"@id\":\"https:\/\/seconci.com.br\/site\/2024\/06\/18\/lancamento-canpat-construcao-2024-acontece-esta-semana\/#primaryimage\",\"url\":\"https:\/\/seconci.com.br\/site\/wp-content\/uploads\/2024\/06\/canpat2024programacaowide-1.png\",\"contentUrl\":\"https:\/\/seconci.com.br\/site\/wp-content\/uploads\/2024\/06\/canpat2024programacaowide-1.png\",\"width\":1920,\"height\":1080},{\"@type\":\"BreadcrumbList\",\"@id\":\"https:\/\/seconci.com.br\/site\/2024\/06\/18\/lancamento-canpat-construcao-2024-acontece-esta-semana\/#breadcrumb\",\"itemListElement\":[{\"@type\":\"ListItem\",\"position\":1,\"name\":\"In\u00edcio\",\"item\":\"https:\/\/seconci.com.br\/site\/\"},{\"@type\":\"ListItem\",\"position\":2,\"name\":\"Lan\u00e7amento CANPAT Constru\u00e7\u00e3o 2024 acontece esta semana\"}]},{\"@type\":\"WebSite\",\"@id\":\"https:\/\/seconci.com.br\/site\/#website\",\"url\":\"https:\/\/seconci.com.br\/site\/\",\"name\":\"Seconci Brasil\",\"description\":\"\",\"publisher\":{\"@id\":\"https:\/\/seconci.com.br\/site\/#organization\"},\"potentialAction\":[{\"@type\":\"SearchAction\",\"target\":{\"@type\":\"EntryPoint\",\"urlTemplate\":\"https:\/\/seconci.com.br\/site\/?s={search_term_string}\"},\"query-input\":{\"@type\":\"PropertyValueSpecification\",\"valueRequired\":true,\"valueName\":\"search_term_string\"}}],\"inLanguage\":\"pt-PT\"},{\"@type\":\"Organization\",\"@id\":\"https:\/\/seconci.com.br\/site\/#organization\",\"name\":\"Seconci Brasil\",\"url\":\"https:\/\/seconci.com.br\/site\/\",\"logo\":{\"@type\":\"ImageObject\",\"inLanguage\":\"pt-PT\",\"@id\":\"https:\/\/seconci.com.br\/site\/#\/schema\/logo\/image\/\",\"url\":\"https:\/\/seconci.com.br\/site\/wp-content\/uploads\/2024\/08\/Logo-Seconci-Brasil-branca-2.png\",\"contentUrl\":\"https:\/\/seconci.com.br\/site\/wp-content\/uploads\/2024\/08\/Logo-Seconci-Brasil-branca-2.png\",\"width\":1315,\"height\":598,\"caption\":\"Seconci Brasil\"},\"image\":{\"@id\":\"https:\/\/seconci.com.br\/site\/#\/schema\/logo\/image\/\"}},{\"@type\":\"Person\",\"@id\":\"https:\/\/seconci.com.br\/site\/#\/schema\/person\/1d79afd97ddc8f2c68c1e88e298aa8e2\",\"name\":\"Sidney Rocha\",\"description\":\"Comunicador e estagi\u00e1rio do Seconci Brasil.\",\"url\":\"https:\/\/seconci.com.br\/site\/author\/sidney-rocha\/\"}]}<\/script>\n<!-- \/ Yoast SEO plugin. -->","yoast_head_json":{"title":"Lan\u00e7amento CANPAT Constru\u00e7\u00e3o 2024 acontece esta semana - Seconci Brasil","robots":{"index":"index","follow":"follow","max-snippet":"max-snippet:-1","max-image-preview":"max-image-preview:large","max-video-preview":"max-video-preview:-1"},"canonical":"https:\/\/seconci.com.br\/site\/2024\/06\/18\/lancamento-canpat-construcao-2024-acontece-esta-semana\/","og_locale":"pt_PT","og_type":"article","og_title":"Lan\u00e7amento CANPAT Constru\u00e7\u00e3o 2024 acontece esta semana - Seconci Brasil","og_description":"O impacto das Normas Regulamentadoras na gest\u00e3o de Seguran\u00e7a e Sa\u00fade no Trabalho (SST) na ind\u00fastria da constru\u00e7\u00e3o \u00e9 tema destaque do lan\u00e7amento da CANPAT Constru\u00e7\u00e3o 2024, na pr\u00f3xima quinta-feira (20), \u00e0s 10h, em formato virtual. O evento, promovido pela C\u00e2mara Brasileira da Ind\u00fastria da Constru\u00e7\u00e3o (CBIC), por meio da sua Comiss\u00e3o de Pol\u00edtica de [&hellip;]","og_url":"https:\/\/seconci.com.br\/site\/2024\/06\/18\/lancamento-canpat-construcao-2024-acontece-esta-semana\/","og_site_name":"Seconci Brasil","article_published_time":"2024-06-18T11:44:54+00:00","og_image":[{"width":1920,"height":1080,"url":"https:\/\/seconci.com.br\/site\/wp-content\/uploads\/2024\/06\/canpat2024programacaowide-1.png","type":"image\/png"}],"author":"Sidney Rocha","twitter_card":"summary_large_image","twitter_misc":{"Escrito por":"Sidney Rocha","Tempo estimado de leitura":"1 minuto"},"schema":{"@context":"https:\/\/schema.org","@graph":[{"@type":"Article","@id":"https:\/\/seconci.com.br\/site\/2024\/06\/18\/lancamento-canpat-construcao-2024-acontece-esta-semana\/#article","isPartOf":{"@id":"https:\/\/seconci.com.br\/site\/2024\/06\/18\/lancamento-canpat-construcao-2024-acontece-esta-semana\/"},"author":{"name":"Sidney Rocha","@id":"https:\/\/seconci.com.br\/site\/#\/schema\/person\/1d79afd97ddc8f2c68c1e88e298aa8e2"},"headline":"Lan\u00e7amento CANPAT Constru\u00e7\u00e3o 2024 acontece esta semana","datePublished":"2024-06-18T11:44:54+00:00","mainEntityOfPage":{"@id":"https:\/\/seconci.com.br\/site\/2024\/06\/18\/lancamento-canpat-construcao-2024-acontece-esta-semana\/"},"wordCount":244,"publisher":{"@id":"https:\/\/seconci.com.br\/site\/#organization"},"image":{"@id":"https:\/\/seconci.com.br\/site\/2024\/06\/18\/lancamento-canpat-construcao-2024-acontece-esta-semana\/#primaryimage"},"thumbnailUrl":"https:\/\/seconci.com.br\/site\/wp-content\/uploads\/2024\/06\/canpat2024programacaowide-1.png","articleSection":["Seconci Brasil"],"inLanguage":"pt-PT"},{"@type":"WebPage","@id":"https:\/\/seconci.com.br\/site\/2024\/06\/18\/lancamento-canpat-construcao-2024-acontece-esta-semana\/","url":"https:\/\/seconci.com.br\/site\/2024\/06\/18\/lancamento-canpat-construcao-2024-acontece-esta-semana\/","name":"Lan\u00e7amento CANPAT Constru\u00e7\u00e3o 2024 acontece esta semana - Seconci Brasil","isPartOf":{"@id":"https:\/\/seconci.com.br\/site\/#website"},"primaryImageOfPage":{"@id":"https:\/\/seconci.com.br\/site\/2024\/06\/18\/lancamento-canpat-construcao-2024-acontece-esta-semana\/#primaryimage"},"image":{"@id":"https:\/\/seconci.com.br\/site\/2024\/06\/18\/lancamento-canpat-construcao-2024-acontece-esta-semana\/#primaryimage"},"thumbnailUrl":"https:\/\/seconci.com.br\/site\/wp-content\/uploads\/2024\/06\/canpat2024programacaowide-1.png","datePublished":"2024-06-18T11:44:54+00:00","breadcrumb":{"@id":"https:\/\/seconci.com.br\/site\/2024\/06\/18\/lancamento-canpat-construcao-2024-acontece-esta-semana\/#breadcrumb"},"inLanguage":"pt-PT","potentialAction":[{"@type":"ReadAction","target":["https:\/\/seconci.com.br\/site\/2024\/06\/18\/lancamento-canpat-construcao-2024-acontece-esta-semana\/"]}]},{"@type":"ImageObject","inLanguage":"pt-PT","@id":"https:\/\/seconci.com.br\/site\/2024\/06\/18\/lancamento-canpat-construcao-2024-acontece-esta-semana\/#primaryimage","url":"https:\/\/seconci.com.br\/site\/wp-content\/uploads\/2024\/06\/canpat2024programacaowide-1.png","contentUrl":"https:\/\/seconci.com.br\/site\/wp-content\/uploads\/2024\/06\/canpat2024programacaowide-1.png","width":1920,"height":1080},{"@type":"BreadcrumbList","@id":"https:\/\/seconci.com.br\/site\/2024\/06\/18\/lancamento-canpat-construcao-2024-acontece-esta-semana\/#breadcrumb","itemListElement":[{"@type":"ListItem","position":1,"name":"In\u00edcio","item":"https:\/\/seconci.com.br\/site\/"},{"@type":"ListItem","position":2,"name":"Lan\u00e7amento CANPAT Constru\u00e7\u00e3o 2024 acontece esta semana"}]},{"@type":"WebSite","@id":"https:\/\/seconci.com.br\/site\/#website","url":"https:\/\/seconci.com.br\/site\/","name":"Seconci Brasil","description":"","publisher":{"@id":"https:\/\/seconci.com.br\/site\/#organization"},"potentialAction":[{"@type":"SearchAction","target":{"@type":"EntryPoint","urlTemplate":"https:\/\/seconci.com.br\/site\/?s={search_term_string}"},"query-input":{"@type":"PropertyValueSpecification","valueRequired":true,"valueName":"search_term_string"}}],"inLanguage":"pt-PT"},{"@type":"Organization","@id":"https:\/\/seconci.com.br\/site\/#organization","name":"Seconci Brasil","url":"https:\/\/seconci.com.br\/site\/","logo":{"@type":"ImageObject","inLanguage":"pt-PT","@id":"https:\/\/seconci.com.br\/site\/#\/schema\/logo\/image\/","url":"https:\/\/seconci.com.br\/site\/wp-content\/uploads\/2024\/08\/Logo-Seconci-Brasil-branca-2.png","contentUrl":"https:\/\/seconci.com.br\/site\/wp-content\/uploads\/2024\/08\/Logo-Seconci-Brasil-branca-2.png","width":1315,"height":598,"caption":"Seconci Brasil"},"image":{"@id":"https:\/\/seconci.com.br\/site\/#\/schema\/logo\/image\/"}},{"@type":"Person","@id":"https:\/\/seconci.com.br\/site\/#\/schema\/person\/1d79afd97ddc8f2c68c1e88e298aa8e2","name":"Sidney Rocha","description":"Comunicador e estagi\u00e1rio do Seconci Brasil.","url":"https:\/\/seconci.com.br\/site\/author\/sidney-rocha\/"}]}},"_links":{"self":[{"href":"https:\/\/seconci.com.br\/site\/wp-json\/wp\/v2\/posts\/13970","targetHints":{"allow":["GET"]}}],"collection":[{"href":"https:\/\/seconci.com.br\/site\/wp-json\/wp\/v2\/posts"}],"about":[{"href":"https:\/\/seconci.com.br\/site\/wp-json\/wp\/v2\/types\/post"}],"author":[{"embeddable":true,"href":"https:\/\/seconci.com.br\/site\/wp-json\/wp\/v2\/users\/3"}],"replies":[{"embeddable":true,"href":"https:\/\/seconci.com.br\/site\/wp-json\/wp\/v2\/comments?post=13970"}],"version-history":[{"count":0,"href":"https:\/\/seconci.com.br\/site\/wp-json\/wp\/v2\/posts\/13970\/revisions"}],"wp:featuredmedia":[{"embeddable":true,"href":"https:\/\/seconci.com.br\/site\/wp-json\/wp\/v2\/media\/13971"}],"wp:attachment":[{"href":"https:\/\/seconci.com.br\/site\/wp-json\/wp\/v2\/media?parent=13970"}],"wp:term":[{"taxonomy":"category","embeddable":true,"href":"https:\/\/seconci.com.br\/site\/wp-json\/wp\/v2\/categories?post=13970"},{"taxonomy":"post_tag","embeddable":true,"href":"https:\/\/seconci.com.br\/site\/wp-json\/wp\/v2\/tags?post=13970"}],"curies":[{"name":"wp","href":"https:\/\/api.w.org\/{rel}","templated":true}]}}