{"id":13981,"date":"2024-06-21T11:25:23","date_gmt":"2024-06-21T11:25:23","guid":{"rendered":"https:\/\/seconci.com.br\/site\/?p=13981"},"modified":"2024-06-21T11:43:02","modified_gmt":"2024-06-21T11:43:02","slug":"canpat-tera-foco-no-impacto-das-normas-na-gestao-de-sst","status":"publish","type":"post","link":"https:\/\/seconci.com.br\/site\/2024\/06\/21\/canpat-tera-foco-no-impacto-das-normas-na-gestao-de-sst\/","title":{"rendered":"CANPAT ter\u00e1 foco no impacto das normas na gest\u00e3o de SST"},"content":{"rendered":"<p>A C\u00e2mara Brasileira da Ind\u00fastria da Constru\u00e7\u00e3o (CBIC) lan\u00e7ou, nesta quinta-feira (20), em evento online, a Campanha Nacional de Preven\u00e7\u00e3o de Acidentes do Trabalho na Ind\u00fastria da Constru\u00e7\u00e3o \u2013 CANPAT Constru\u00e7\u00e3o 2024, com o tema central \u2018Impactos das normas regulamentadoras na gest\u00e3o da sa\u00fade e seguran\u00e7a do trabalho na ind\u00fastria da constru\u00e7\u00e3o\u2019. A iniciativa, que se estende at\u00e9 11 de outubro, busca conscientizar trabalhadores, empregadores e demais atores do setor sobre a import\u00e2ncia da seguran\u00e7a no trabalho e dos impactos das Normas Regulamentadoras (NRs) na gest\u00e3o da SST.<\/p>\n<p>O vice-presidente da Comiss\u00e3o de Preven\u00e7\u00e3o de Acidentes de Trabalho (CPRT) da CBIC, Ricardo Michelon, destacou a relev\u00e2ncia do tema para o setor. \u201cEsse ano, vamos abordar a import\u00e2ncia normas regulamentadoras na gest\u00e3o de SST no setor. \u00c9 um assunto de extrema relev\u00e2ncia para o nosso setor e que vamos desenvolver esse tema em conjunto\u201d, disse.<\/p>\n<p>Michelon ressaltou ainda a import\u00e2ncia da cultura de preven\u00e7\u00e3o, pois, para ele, ela contribui para a evolu\u00e7\u00e3o das equipes de trabalho, da evolu\u00e7\u00e3o do setor como um todo. \u201cA preven\u00e7\u00e3o tamb\u00e9m tem um papel fundamental nesse desafio de aumentar a atratividade de profissionais para o nosso setor da constru\u00e7\u00e3o\u201d, avaliou.<\/p>\n<p>O presidente da Associa\u00e7\u00e3o Seconci Brasil, Antonio Carlos Salgueiro, corroborou a import\u00e2ncia da seguran\u00e7a como fator de atratividade para o setor. \u201cSabemos que a constru\u00e7\u00e3o civil, pela natureza da atividade, possui um alto grau de risco de acidentes e, por isso, exige de todos n\u00f3s o grande comprometimento em a\u00e7\u00f5es que ajudem a conscientizar para a preven\u00e7\u00e3o dos acidentes no ambiente de trabalho\u201d, enfatizou.<\/p>\n<p>Trazendo o ponto de vista do Poder Executivo, o secret\u00e1rio de Inspe\u00e7\u00e3o do Trabalho substituto do Minist\u00e9rio do Trabalho e Emprego, Rog\u00e9rio Ara\u00fajo, refor\u00e7ou o compromisso do governo com a seguran\u00e7a na constru\u00e7\u00e3o civil. \u201c\u00c9 muito gratificante fazer parte desse momento, para trazer informa\u00e7\u00f5es para os atores envolvidos na preven\u00e7\u00e3o de acidentes no trabalho na ind\u00fastria da constru\u00e7\u00e3o \u2013 que \u00e9 um setor extremamente importante para o desenvolvimento e crescimento do pa\u00eds, gera\u00e7\u00e3o de empregos\u201d, destacou.<\/p>\n<p>A gerente de Solu\u00e7\u00f5es Integradas de Sa\u00fade e Seguran\u00e7a do Departamento Nacional do Servi\u00e7o Social da Ind\u00fastria (Sesi), Katyana Arag\u00e3o, apresentou as iniciativas da institui\u00e7\u00e3o na \u00e1rea. \u201cO Sesi vem desde 2016 atuando numa estrat\u00e9gia de digitaliza\u00e7\u00e3o dos seus produtos com foco na amplia\u00e7\u00e3o do acesso a sa\u00fade para os trabalhadores. Acesso a mais sa\u00fade para os trabalhadores \u00e9 mais produtividade para as empresas e a ind\u00fastria da constru\u00e7\u00e3o faz parte\u201d, adiantou.<\/p>\n<p>O presidente do Servi\u00e7o Social da Constru\u00e7\u00e3o Civil do Estado de S\u00e3o Paulo (Seconci-SP), vice-presidente do Sindicato da Ind\u00fastria da Constru\u00e7\u00e3o Civil do Distrito Federal (Sinduscon-SP) e coordenador de SST da CPRT\/CBIC, Haruo Ishikawa, enfatizou a import\u00e2ncia da CANPAT Constru\u00e7\u00e3o. \u201cEssa Campanha tem sido muito relevante para fortalecer a sa\u00fade e seguran\u00e7a do trabalho na constru\u00e7\u00e3o\u201d, registrou.<\/p>\n<p>Ishikawa finalizou sua participa\u00e7\u00e3o com um chamado \u00e0 a\u00e7\u00e3o. \u201dAs nossas empresas precisam melhorar, continuamente, a gest\u00e3o de sa\u00fade e seguran\u00e7a. Como eu falo sempre, investir em seguran\u00e7a d\u00e1 lucro para a empresa\u201d, convocou Ishikawa.<\/p>\n<p>O tema tem interface com o projeto \u2018Conhecimento, Seguran\u00e7a e Sa\u00fade no Trabalho\u2019, da CPRT da CBIC, com a correaliza\u00e7\u00e3o do Sesi Nacional.<\/p>\n<p><em>Fonte: Ag\u00eancia CBIC<\/em><\/p>\n","protected":false},"excerpt":{"rendered":"<p>A C\u00e2mara Brasileira da Ind\u00fastria da Constru\u00e7\u00e3o (CBIC) lan\u00e7ou, nesta quinta-feira (20), em evento online, a Campanha Nacional de Preven\u00e7\u00e3o de Acidentes do Trabalho na Ind\u00fastria da Constru\u00e7\u00e3o \u2013 CANPAT Constru\u00e7\u00e3o 2024, com o tema central \u2018Impactos das normas regulamentadoras na gest\u00e3o da sa\u00fade e seguran\u00e7a do trabalho na ind\u00fastria da constru\u00e7\u00e3o\u2019. A iniciativa, que [&hellip;]<\/p>\n","protected":false},"author":3,"featured_media":13984,"comment_status":"closed","ping_status":"closed","sticky":false,"template":"","format":"standard","meta":{"footnotes":""},"categories":[92],"tags":[],"class_list":["post-13981","post","type-post","status-publish","format-standard","has-post-thumbnail","hentry","category-seconci-brasil"],"yoast_head":"<!-- This site is optimized with the Yoast SEO plugin v26.9 - https:\/\/yoast.com\/product\/yoast-seo-wordpress\/ -->\n<title>CANPAT ter\u00e1 foco no impacto das normas na gest\u00e3o de SST - Seconci Brasil<\/title>\n<meta name=\"robots\" content=\"index, follow, max-snippet:-1, max-image-preview:large, max-video-preview:-1\" \/>\n<link rel=\"canonical\" href=\"https:\/\/seconci.com.br\/site\/2024\/06\/21\/canpat-tera-foco-no-impacto-das-normas-na-gestao-de-sst\/\" \/>\n<meta property=\"og:locale\" content=\"pt_PT\" \/>\n<meta property=\"og:type\" content=\"article\" \/>\n<meta property=\"og:title\" content=\"CANPAT ter\u00e1 foco no impacto das normas na gest\u00e3o de SST - Seconci Brasil\" \/>\n<meta property=\"og:description\" content=\"A C\u00e2mara Brasileira da Ind\u00fastria da Constru\u00e7\u00e3o (CBIC) lan\u00e7ou, nesta quinta-feira (20), em evento online, a Campanha Nacional de Preven\u00e7\u00e3o de Acidentes do Trabalho na Ind\u00fastria da Constru\u00e7\u00e3o \u2013 CANPAT Constru\u00e7\u00e3o 2024, com o tema central \u2018Impactos das normas regulamentadoras na gest\u00e3o da sa\u00fade e seguran\u00e7a do trabalho na ind\u00fastria da constru\u00e7\u00e3o\u2019. A iniciativa, que [&hellip;]\" \/>\n<meta property=\"og:url\" content=\"https:\/\/seconci.com.br\/site\/2024\/06\/21\/canpat-tera-foco-no-impacto-das-normas-na-gestao-de-sst\/\" \/>\n<meta property=\"og:site_name\" content=\"Seconci Brasil\" \/>\n<meta property=\"article:published_time\" content=\"2024-06-21T11:25:23+00:00\" \/>\n<meta property=\"article:modified_time\" content=\"2024-06-21T11:43:02+00:00\" \/>\n<meta property=\"og:image\" content=\"https:\/\/seconci.com.br\/site\/wp-content\/uploads\/2024\/06\/whatsapp-image-2024-06-05-at-192352.jpeg\" \/>\n\t<meta property=\"og:image:width\" content=\"1600\" \/>\n\t<meta property=\"og:image:height\" content=\"900\" \/>\n\t<meta property=\"og:image:type\" content=\"image\/jpeg\" \/>\n<meta name=\"author\" content=\"Sidney Rocha\" \/>\n<meta name=\"twitter:card\" content=\"summary_large_image\" \/>\n<meta name=\"twitter:label1\" content=\"Escrito por\" \/>\n\t<meta name=\"twitter:data1\" content=\"Sidney Rocha\" \/>\n\t<meta name=\"twitter:label2\" content=\"Tempo estimado de leitura\" \/>\n\t<meta name=\"twitter:data2\" content=\"3 minutos\" \/>\n<script type=\"application\/ld+json\" class=\"yoast-schema-graph\">{\"@context\":\"https:\/\/schema.org\",\"@graph\":[{\"@type\":\"Article\",\"@id\":\"https:\/\/seconci.com.br\/site\/2024\/06\/21\/canpat-tera-foco-no-impacto-das-normas-na-gestao-de-sst\/#article\",\"isPartOf\":{\"@id\":\"https:\/\/seconci.com.br\/site\/2024\/06\/21\/canpat-tera-foco-no-impacto-das-normas-na-gestao-de-sst\/\"},\"author\":{\"name\":\"Sidney Rocha\",\"@id\":\"https:\/\/seconci.com.br\/site\/#\/schema\/person\/1d79afd97ddc8f2c68c1e88e298aa8e2\"},\"headline\":\"CANPAT ter\u00e1 foco no impacto das normas na gest\u00e3o de SST\",\"datePublished\":\"2024-06-21T11:25:23+00:00\",\"dateModified\":\"2024-06-21T11:43:02+00:00\",\"mainEntityOfPage\":{\"@id\":\"https:\/\/seconci.com.br\/site\/2024\/06\/21\/canpat-tera-foco-no-impacto-das-normas-na-gestao-de-sst\/\"},\"wordCount\":610,\"publisher\":{\"@id\":\"https:\/\/seconci.com.br\/site\/#organization\"},\"image\":{\"@id\":\"https:\/\/seconci.com.br\/site\/2024\/06\/21\/canpat-tera-foco-no-impacto-das-normas-na-gestao-de-sst\/#primaryimage\"},\"thumbnailUrl\":\"https:\/\/seconci.com.br\/site\/wp-content\/uploads\/2024\/06\/whatsapp-image-2024-06-05-at-192352.jpeg\",\"articleSection\":[\"Seconci Brasil\"],\"inLanguage\":\"pt-PT\"},{\"@type\":\"WebPage\",\"@id\":\"https:\/\/seconci.com.br\/site\/2024\/06\/21\/canpat-tera-foco-no-impacto-das-normas-na-gestao-de-sst\/\",\"url\":\"https:\/\/seconci.com.br\/site\/2024\/06\/21\/canpat-tera-foco-no-impacto-das-normas-na-gestao-de-sst\/\",\"name\":\"CANPAT ter\u00e1 foco no impacto das normas na gest\u00e3o de SST - Seconci Brasil\",\"isPartOf\":{\"@id\":\"https:\/\/seconci.com.br\/site\/#website\"},\"primaryImageOfPage\":{\"@id\":\"https:\/\/seconci.com.br\/site\/2024\/06\/21\/canpat-tera-foco-no-impacto-das-normas-na-gestao-de-sst\/#primaryimage\"},\"image\":{\"@id\":\"https:\/\/seconci.com.br\/site\/2024\/06\/21\/canpat-tera-foco-no-impacto-das-normas-na-gestao-de-sst\/#primaryimage\"},\"thumbnailUrl\":\"https:\/\/seconci.com.br\/site\/wp-content\/uploads\/2024\/06\/whatsapp-image-2024-06-05-at-192352.jpeg\",\"datePublished\":\"2024-06-21T11:25:23+00:00\",\"dateModified\":\"2024-06-21T11:43:02+00:00\",\"breadcrumb\":{\"@id\":\"https:\/\/seconci.com.br\/site\/2024\/06\/21\/canpat-tera-foco-no-impacto-das-normas-na-gestao-de-sst\/#breadcrumb\"},\"inLanguage\":\"pt-PT\",\"potentialAction\":[{\"@type\":\"ReadAction\",\"target\":[\"https:\/\/seconci.com.br\/site\/2024\/06\/21\/canpat-tera-foco-no-impacto-das-normas-na-gestao-de-sst\/\"]}]},{\"@type\":\"ImageObject\",\"inLanguage\":\"pt-PT\",\"@id\":\"https:\/\/seconci.com.br\/site\/2024\/06\/21\/canpat-tera-foco-no-impacto-das-normas-na-gestao-de-sst\/#primaryimage\",\"url\":\"https:\/\/seconci.com.br\/site\/wp-content\/uploads\/2024\/06\/whatsapp-image-2024-06-05-at-192352.jpeg\",\"contentUrl\":\"https:\/\/seconci.com.br\/site\/wp-content\/uploads\/2024\/06\/whatsapp-image-2024-06-05-at-192352.jpeg\",\"width\":1600,\"height\":900},{\"@type\":\"BreadcrumbList\",\"@id\":\"https:\/\/seconci.com.br\/site\/2024\/06\/21\/canpat-tera-foco-no-impacto-das-normas-na-gestao-de-sst\/#breadcrumb\",\"itemListElement\":[{\"@type\":\"ListItem\",\"position\":1,\"name\":\"In\u00edcio\",\"item\":\"https:\/\/seconci.com.br\/site\/\"},{\"@type\":\"ListItem\",\"position\":2,\"name\":\"CANPAT ter\u00e1 foco no impacto das normas na gest\u00e3o de SST\"}]},{\"@type\":\"WebSite\",\"@id\":\"https:\/\/seconci.com.br\/site\/#website\",\"url\":\"https:\/\/seconci.com.br\/site\/\",\"name\":\"Seconci Brasil\",\"description\":\"\",\"publisher\":{\"@id\":\"https:\/\/seconci.com.br\/site\/#organization\"},\"potentialAction\":[{\"@type\":\"SearchAction\",\"target\":{\"@type\":\"EntryPoint\",\"urlTemplate\":\"https:\/\/seconci.com.br\/site\/?s={search_term_string}\"},\"query-input\":{\"@type\":\"PropertyValueSpecification\",\"valueRequired\":true,\"valueName\":\"search_term_string\"}}],\"inLanguage\":\"pt-PT\"},{\"@type\":\"Organization\",\"@id\":\"https:\/\/seconci.com.br\/site\/#organization\",\"name\":\"Seconci Brasil\",\"url\":\"https:\/\/seconci.com.br\/site\/\",\"logo\":{\"@type\":\"ImageObject\",\"inLanguage\":\"pt-PT\",\"@id\":\"https:\/\/seconci.com.br\/site\/#\/schema\/logo\/image\/\",\"url\":\"https:\/\/seconci.com.br\/site\/wp-content\/uploads\/2024\/08\/Logo-Seconci-Brasil-branca-2.png\",\"contentUrl\":\"https:\/\/seconci.com.br\/site\/wp-content\/uploads\/2024\/08\/Logo-Seconci-Brasil-branca-2.png\",\"width\":1315,\"height\":598,\"caption\":\"Seconci Brasil\"},\"image\":{\"@id\":\"https:\/\/seconci.com.br\/site\/#\/schema\/logo\/image\/\"}},{\"@type\":\"Person\",\"@id\":\"https:\/\/seconci.com.br\/site\/#\/schema\/person\/1d79afd97ddc8f2c68c1e88e298aa8e2\",\"name\":\"Sidney Rocha\",\"description\":\"Comunicador e estagi\u00e1rio do Seconci Brasil.\",\"url\":\"https:\/\/seconci.com.br\/site\/author\/sidney-rocha\/\"}]}<\/script>\n<!-- \/ Yoast SEO plugin. -->","yoast_head_json":{"title":"CANPAT ter\u00e1 foco no impacto das normas na gest\u00e3o de SST - Seconci Brasil","robots":{"index":"index","follow":"follow","max-snippet":"max-snippet:-1","max-image-preview":"max-image-preview:large","max-video-preview":"max-video-preview:-1"},"canonical":"https:\/\/seconci.com.br\/site\/2024\/06\/21\/canpat-tera-foco-no-impacto-das-normas-na-gestao-de-sst\/","og_locale":"pt_PT","og_type":"article","og_title":"CANPAT ter\u00e1 foco no impacto das normas na gest\u00e3o de SST - Seconci Brasil","og_description":"A C\u00e2mara Brasileira da Ind\u00fastria da Constru\u00e7\u00e3o (CBIC) lan\u00e7ou, nesta quinta-feira (20), em evento online, a Campanha Nacional de Preven\u00e7\u00e3o de Acidentes do Trabalho na Ind\u00fastria da Constru\u00e7\u00e3o \u2013 CANPAT Constru\u00e7\u00e3o 2024, com o tema central \u2018Impactos das normas regulamentadoras na gest\u00e3o da sa\u00fade e seguran\u00e7a do trabalho na ind\u00fastria da constru\u00e7\u00e3o\u2019. A iniciativa, que [&hellip;]","og_url":"https:\/\/seconci.com.br\/site\/2024\/06\/21\/canpat-tera-foco-no-impacto-das-normas-na-gestao-de-sst\/","og_site_name":"Seconci Brasil","article_published_time":"2024-06-21T11:25:23+00:00","article_modified_time":"2024-06-21T11:43:02+00:00","og_image":[{"width":1600,"height":900,"url":"https:\/\/seconci.com.br\/site\/wp-content\/uploads\/2024\/06\/whatsapp-image-2024-06-05-at-192352.jpeg","type":"image\/jpeg"}],"author":"Sidney Rocha","twitter_card":"summary_large_image","twitter_misc":{"Escrito por":"Sidney Rocha","Tempo estimado de leitura":"3 minutos"},"schema":{"@context":"https:\/\/schema.org","@graph":[{"@type":"Article","@id":"https:\/\/seconci.com.br\/site\/2024\/06\/21\/canpat-tera-foco-no-impacto-das-normas-na-gestao-de-sst\/#article","isPartOf":{"@id":"https:\/\/seconci.com.br\/site\/2024\/06\/21\/canpat-tera-foco-no-impacto-das-normas-na-gestao-de-sst\/"},"author":{"name":"Sidney Rocha","@id":"https:\/\/seconci.com.br\/site\/#\/schema\/person\/1d79afd97ddc8f2c68c1e88e298aa8e2"},"headline":"CANPAT ter\u00e1 foco no impacto das normas na gest\u00e3o de SST","datePublished":"2024-06-21T11:25:23+00:00","dateModified":"2024-06-21T11:43:02+00:00","mainEntityOfPage":{"@id":"https:\/\/seconci.com.br\/site\/2024\/06\/21\/canpat-tera-foco-no-impacto-das-normas-na-gestao-de-sst\/"},"wordCount":610,"publisher":{"@id":"https:\/\/seconci.com.br\/site\/#organization"},"image":{"@id":"https:\/\/seconci.com.br\/site\/2024\/06\/21\/canpat-tera-foco-no-impacto-das-normas-na-gestao-de-sst\/#primaryimage"},"thumbnailUrl":"https:\/\/seconci.com.br\/site\/wp-content\/uploads\/2024\/06\/whatsapp-image-2024-06-05-at-192352.jpeg","articleSection":["Seconci Brasil"],"inLanguage":"pt-PT"},{"@type":"WebPage","@id":"https:\/\/seconci.com.br\/site\/2024\/06\/21\/canpat-tera-foco-no-impacto-das-normas-na-gestao-de-sst\/","url":"https:\/\/seconci.com.br\/site\/2024\/06\/21\/canpat-tera-foco-no-impacto-das-normas-na-gestao-de-sst\/","name":"CANPAT ter\u00e1 foco no impacto das normas na gest\u00e3o de SST - Seconci Brasil","isPartOf":{"@id":"https:\/\/seconci.com.br\/site\/#website"},"primaryImageOfPage":{"@id":"https:\/\/seconci.com.br\/site\/2024\/06\/21\/canpat-tera-foco-no-impacto-das-normas-na-gestao-de-sst\/#primaryimage"},"image":{"@id":"https:\/\/seconci.com.br\/site\/2024\/06\/21\/canpat-tera-foco-no-impacto-das-normas-na-gestao-de-sst\/#primaryimage"},"thumbnailUrl":"https:\/\/seconci.com.br\/site\/wp-content\/uploads\/2024\/06\/whatsapp-image-2024-06-05-at-192352.jpeg","datePublished":"2024-06-21T11:25:23+00:00","dateModified":"2024-06-21T11:43:02+00:00","breadcrumb":{"@id":"https:\/\/seconci.com.br\/site\/2024\/06\/21\/canpat-tera-foco-no-impacto-das-normas-na-gestao-de-sst\/#breadcrumb"},"inLanguage":"pt-PT","potentialAction":[{"@type":"ReadAction","target":["https:\/\/seconci.com.br\/site\/2024\/06\/21\/canpat-tera-foco-no-impacto-das-normas-na-gestao-de-sst\/"]}]},{"@type":"ImageObject","inLanguage":"pt-PT","@id":"https:\/\/seconci.com.br\/site\/2024\/06\/21\/canpat-tera-foco-no-impacto-das-normas-na-gestao-de-sst\/#primaryimage","url":"https:\/\/seconci.com.br\/site\/wp-content\/uploads\/2024\/06\/whatsapp-image-2024-06-05-at-192352.jpeg","contentUrl":"https:\/\/seconci.com.br\/site\/wp-content\/uploads\/2024\/06\/whatsapp-image-2024-06-05-at-192352.jpeg","width":1600,"height":900},{"@type":"BreadcrumbList","@id":"https:\/\/seconci.com.br\/site\/2024\/06\/21\/canpat-tera-foco-no-impacto-das-normas-na-gestao-de-sst\/#breadcrumb","itemListElement":[{"@type":"ListItem","position":1,"name":"In\u00edcio","item":"https:\/\/seconci.com.br\/site\/"},{"@type":"ListItem","position":2,"name":"CANPAT ter\u00e1 foco no impacto das normas na gest\u00e3o de SST"}]},{"@type":"WebSite","@id":"https:\/\/seconci.com.br\/site\/#website","url":"https:\/\/seconci.com.br\/site\/","name":"Seconci Brasil","description":"","publisher":{"@id":"https:\/\/seconci.com.br\/site\/#organization"},"potentialAction":[{"@type":"SearchAction","target":{"@type":"EntryPoint","urlTemplate":"https:\/\/seconci.com.br\/site\/?s={search_term_string}"},"query-input":{"@type":"PropertyValueSpecification","valueRequired":true,"valueName":"search_term_string"}}],"inLanguage":"pt-PT"},{"@type":"Organization","@id":"https:\/\/seconci.com.br\/site\/#organization","name":"Seconci Brasil","url":"https:\/\/seconci.com.br\/site\/","logo":{"@type":"ImageObject","inLanguage":"pt-PT","@id":"https:\/\/seconci.com.br\/site\/#\/schema\/logo\/image\/","url":"https:\/\/seconci.com.br\/site\/wp-content\/uploads\/2024\/08\/Logo-Seconci-Brasil-branca-2.png","contentUrl":"https:\/\/seconci.com.br\/site\/wp-content\/uploads\/2024\/08\/Logo-Seconci-Brasil-branca-2.png","width":1315,"height":598,"caption":"Seconci Brasil"},"image":{"@id":"https:\/\/seconci.com.br\/site\/#\/schema\/logo\/image\/"}},{"@type":"Person","@id":"https:\/\/seconci.com.br\/site\/#\/schema\/person\/1d79afd97ddc8f2c68c1e88e298aa8e2","name":"Sidney Rocha","description":"Comunicador e estagi\u00e1rio do Seconci Brasil.","url":"https:\/\/seconci.com.br\/site\/author\/sidney-rocha\/"}]}},"_links":{"self":[{"href":"https:\/\/seconci.com.br\/site\/wp-json\/wp\/v2\/posts\/13981","targetHints":{"allow":["GET"]}}],"collection":[{"href":"https:\/\/seconci.com.br\/site\/wp-json\/wp\/v2\/posts"}],"about":[{"href":"https:\/\/seconci.com.br\/site\/wp-json\/wp\/v2\/types\/post"}],"author":[{"embeddable":true,"href":"https:\/\/seconci.com.br\/site\/wp-json\/wp\/v2\/users\/3"}],"replies":[{"embeddable":true,"href":"https:\/\/seconci.com.br\/site\/wp-json\/wp\/v2\/comments?post=13981"}],"version-history":[{"count":0,"href":"https:\/\/seconci.com.br\/site\/wp-json\/wp\/v2\/posts\/13981\/revisions"}],"wp:featuredmedia":[{"embeddable":true,"href":"https:\/\/seconci.com.br\/site\/wp-json\/wp\/v2\/media\/13984"}],"wp:attachment":[{"href":"https:\/\/seconci.com.br\/site\/wp-json\/wp\/v2\/media?parent=13981"}],"wp:term":[{"taxonomy":"category","embeddable":true,"href":"https:\/\/seconci.com.br\/site\/wp-json\/wp\/v2\/categories?post=13981"},{"taxonomy":"post_tag","embeddable":true,"href":"https:\/\/seconci.com.br\/site\/wp-json\/wp\/v2\/tags?post=13981"}],"curies":[{"name":"wp","href":"https:\/\/api.w.org\/{rel}","templated":true}]}}