{"id":13985,"date":"2024-06-24T11:27:38","date_gmt":"2024-06-24T11:27:38","guid":{"rendered":"https:\/\/seconci.com.br\/site\/?p=13985"},"modified":"2024-06-24T11:27:38","modified_gmt":"2024-06-24T11:27:38","slug":"programa-que-capacita-mulheres-para-a-construcao-forma-sua-primeira-turma","status":"publish","type":"post","link":"https:\/\/seconci.com.br\/site\/2024\/06\/24\/programa-que-capacita-mulheres-para-a-construcao-forma-sua-primeira-turma\/","title":{"rendered":"Programa que capacita mulheres para a constru\u00e7\u00e3o forma sua primeira turma"},"content":{"rendered":"<p>Em 11 de junho, 20 formandas receberam o certificado de conclus\u00e3o do programa Elas na Constru\u00e7\u00e3o, que visa capacitar mulheres que est\u00e3o em situa\u00e7\u00e3o de vulnerabilidade social para atuar no mercado de constru\u00e7\u00e3o. Realizado na sede do Sebrae, em Sorocaba (SP), o evento marcou tamb\u00e9m o lan\u00e7amento do novo ciclo que iniciar\u00e1 em julho.<\/p>\n<p>O SindusCon-SP, que tamb\u00e9m \u00e9 parceiro no programa, esteve no encontro representado pela coordenadora regional, Viviane Vieira. Segundo a coordenadora, o SindusCon-SP participou da sele\u00e7\u00e3o das candidatas para as vagas disponibilizadas pela Construtora Planeta.<\/p>\n<p>Na abertura do encontro participaram a gerente regional do Seconci-SP, Ester Gon\u00e7alves; o gerente regional do Sebrae, Alexandre Martins; o representante da Secretaria Rela\u00e7\u00f5es de Trabalho e Qualifica\u00e7\u00e3o Profissional (Sert), Bruno Santana, que na cerim\u00f4nia representou o prefeito de Sorocaba, Rodrigo Manga; o instrutor do Senai, Emerson Silva; a representante da Secretaria da Cidadania, Rita Souza e a representante da Facens, Splice e Ag\u00eancia Atua, Karina Leonetti.<\/p>\n<p>O projeto foi desenhado em formato de Trilha de Capacita\u00e7\u00e3o, sendo que na primeira fase elas participam do Programa 1000 Mulheres do Sebrae, focado em intelig\u00eancia emocional. Nas fases seguintes elas participam de cursos t\u00e9cnicos ministrados pelo Senai, Seconci-SP, Saint Globain e Hidr\u00e1ulica Tropeiro. Ao terminarem a capacita\u00e7\u00e3o, elas podem ser absorvidas nas empresas como colaboradoras ou podem empreender abrindo uma micro empresa.<\/p>\n<h2 class=\"wp-block-heading\">Empregabilidade<\/h2>\n<p>Ap\u00f3s a entrega do certificado para as mulheres que participaram do primeiro ciclo, a diretora financeira da Construtora Planeta, Welma Pereira, anunciou a contrata\u00e7\u00e3o de cinco participantes do programa. \u201cQuero agradecer voc\u00eas por terem aceitado trabalhar na Construtora Planeta. Acreditamos que as mulheres na constru\u00e7\u00e3o civil representam compet\u00eancia e sensibilidade. Hoje, mais de 30% do nosso quadro de colaboradores \u00e9 formado por mulheres e voc\u00eas v\u00eam somar com esse time\u201d, ressaltou.<\/p>\n<h2 class=\"wp-block-heading\">Novo ciclo<\/h2>\n<p>Durante o encontro, foi lan\u00e7ado tamb\u00e9m o segundo ciclo do programa \u201cElas na Constru\u00e7\u00e3o\u201d que est\u00e1 com inscri\u00e7\u00f5es abertas at\u00e9 o final de junho. As novas turmas iniciar\u00e3o nos meses de julho e agosto.<\/p>\n<p>Al\u00e9m do treinamento 1000 Mulheres \u2013 Intelig\u00eancia Emocional e empoderamento realizado pelo Sebrae no formato on-line, as participantes ter\u00e3o tamb\u00e9m cursos da NR-18 e poder\u00e3o optar pelos cursos de Constru\u00e7\u00e3o de alvenaria, Curso de Instala\u00e7\u00e3o de Piso Vin\u00edlico, Curso de Argamassas, rejuntes e impermeabilizantes e Curso de Hidr\u00e1ulica.<\/p>\n<p>Para participar, \u00e9 necess\u00e1rio ter mais de 18 anos. As inscri\u00e7\u00f5es podem ser feitas no link:\u00a0<a role=\"link\" href=\"https:\/\/forms.office.com\/r\/i2k5sxhszy\" target=\"_blank\" rel=\"noreferrer noopener\">https:\/\/forms.office.com\/r\/i2k5sxhszy<\/a>.<\/p>\n<ul>\n<li><em>As informa\u00e7\u00f5es s\u00e3o da VPO Comunica\u00e7\u00e3o<\/em><\/li>\n<\/ul>\n","protected":false},"excerpt":{"rendered":"<p>Em 11 de junho, 20 formandas receberam o certificado de conclus\u00e3o do programa Elas na Constru\u00e7\u00e3o, que visa capacitar mulheres que est\u00e3o em situa\u00e7\u00e3o de vulnerabilidade social para atuar no mercado de constru\u00e7\u00e3o. Realizado na sede do Sebrae, em Sorocaba (SP), o evento marcou tamb\u00e9m o lan\u00e7amento do novo ciclo que iniciar\u00e1 em julho. O [&hellip;]<\/p>\n","protected":false},"author":3,"featured_media":13986,"comment_status":"closed","ping_status":"closed","sticky":false,"template":"","format":"standard","meta":{"footnotes":""},"categories":[92],"tags":[],"class_list":["post-13985","post","type-post","status-publish","format-standard","has-post-thumbnail","hentry","category-seconci-brasil"],"yoast_head":"<!-- This site is optimized with the Yoast SEO plugin v26.9 - https:\/\/yoast.com\/product\/yoast-seo-wordpress\/ -->\n<title>Programa que capacita mulheres para a constru\u00e7\u00e3o forma sua primeira turma - Seconci Brasil<\/title>\n<meta name=\"robots\" content=\"index, follow, max-snippet:-1, max-image-preview:large, max-video-preview:-1\" \/>\n<link rel=\"canonical\" href=\"https:\/\/seconci.com.br\/site\/2024\/06\/24\/programa-que-capacita-mulheres-para-a-construcao-forma-sua-primeira-turma\/\" \/>\n<meta property=\"og:locale\" content=\"pt_PT\" \/>\n<meta property=\"og:type\" content=\"article\" \/>\n<meta property=\"og:title\" content=\"Programa que capacita mulheres para a constru\u00e7\u00e3o forma sua primeira turma - Seconci Brasil\" \/>\n<meta property=\"og:description\" content=\"Em 11 de junho, 20 formandas receberam o certificado de conclus\u00e3o do programa Elas na Constru\u00e7\u00e3o, que visa capacitar mulheres que est\u00e3o em situa\u00e7\u00e3o de vulnerabilidade social para atuar no mercado de constru\u00e7\u00e3o. Realizado na sede do Sebrae, em Sorocaba (SP), o evento marcou tamb\u00e9m o lan\u00e7amento do novo ciclo que iniciar\u00e1 em julho. O [&hellip;]\" \/>\n<meta property=\"og:url\" content=\"https:\/\/seconci.com.br\/site\/2024\/06\/24\/programa-que-capacita-mulheres-para-a-construcao-forma-sua-primeira-turma\/\" \/>\n<meta property=\"og:site_name\" content=\"Seconci Brasil\" \/>\n<meta property=\"article:published_time\" content=\"2024-06-24T11:27:38+00:00\" \/>\n<meta property=\"og:image\" content=\"https:\/\/seconci.com.br\/site\/wp-content\/uploads\/2024\/06\/pexels-thisisengineering-3862371.jpg\" \/>\n\t<meta property=\"og:image:width\" content=\"1280\" \/>\n\t<meta property=\"og:image:height\" content=\"740\" \/>\n\t<meta property=\"og:image:type\" content=\"image\/jpeg\" \/>\n<meta name=\"author\" content=\"Sidney Rocha\" \/>\n<meta name=\"twitter:card\" content=\"summary_large_image\" \/>\n<meta name=\"twitter:label1\" content=\"Escrito por\" \/>\n\t<meta name=\"twitter:data1\" content=\"Sidney Rocha\" \/>\n\t<meta name=\"twitter:label2\" content=\"Tempo estimado de leitura\" \/>\n\t<meta name=\"twitter:data2\" content=\"2 minutos\" \/>\n<script type=\"application\/ld+json\" class=\"yoast-schema-graph\">{\"@context\":\"https:\/\/schema.org\",\"@graph\":[{\"@type\":\"Article\",\"@id\":\"https:\/\/seconci.com.br\/site\/2024\/06\/24\/programa-que-capacita-mulheres-para-a-construcao-forma-sua-primeira-turma\/#article\",\"isPartOf\":{\"@id\":\"https:\/\/seconci.com.br\/site\/2024\/06\/24\/programa-que-capacita-mulheres-para-a-construcao-forma-sua-primeira-turma\/\"},\"author\":{\"name\":\"Sidney Rocha\",\"@id\":\"https:\/\/seconci.com.br\/site\/#\/schema\/person\/1d79afd97ddc8f2c68c1e88e298aa8e2\"},\"headline\":\"Programa que capacita mulheres para a constru\u00e7\u00e3o forma sua primeira turma\",\"datePublished\":\"2024-06-24T11:27:38+00:00\",\"mainEntityOfPage\":{\"@id\":\"https:\/\/seconci.com.br\/site\/2024\/06\/24\/programa-que-capacita-mulheres-para-a-construcao-forma-sua-primeira-turma\/\"},\"wordCount\":451,\"publisher\":{\"@id\":\"https:\/\/seconci.com.br\/site\/#organization\"},\"image\":{\"@id\":\"https:\/\/seconci.com.br\/site\/2024\/06\/24\/programa-que-capacita-mulheres-para-a-construcao-forma-sua-primeira-turma\/#primaryimage\"},\"thumbnailUrl\":\"https:\/\/seconci.com.br\/site\/wp-content\/uploads\/2024\/06\/pexels-thisisengineering-3862371.jpg\",\"articleSection\":[\"Seconci Brasil\"],\"inLanguage\":\"pt-PT\"},{\"@type\":\"WebPage\",\"@id\":\"https:\/\/seconci.com.br\/site\/2024\/06\/24\/programa-que-capacita-mulheres-para-a-construcao-forma-sua-primeira-turma\/\",\"url\":\"https:\/\/seconci.com.br\/site\/2024\/06\/24\/programa-que-capacita-mulheres-para-a-construcao-forma-sua-primeira-turma\/\",\"name\":\"Programa que capacita mulheres para a constru\u00e7\u00e3o forma sua primeira turma - Seconci Brasil\",\"isPartOf\":{\"@id\":\"https:\/\/seconci.com.br\/site\/#website\"},\"primaryImageOfPage\":{\"@id\":\"https:\/\/seconci.com.br\/site\/2024\/06\/24\/programa-que-capacita-mulheres-para-a-construcao-forma-sua-primeira-turma\/#primaryimage\"},\"image\":{\"@id\":\"https:\/\/seconci.com.br\/site\/2024\/06\/24\/programa-que-capacita-mulheres-para-a-construcao-forma-sua-primeira-turma\/#primaryimage\"},\"thumbnailUrl\":\"https:\/\/seconci.com.br\/site\/wp-content\/uploads\/2024\/06\/pexels-thisisengineering-3862371.jpg\",\"datePublished\":\"2024-06-24T11:27:38+00:00\",\"breadcrumb\":{\"@id\":\"https:\/\/seconci.com.br\/site\/2024\/06\/24\/programa-que-capacita-mulheres-para-a-construcao-forma-sua-primeira-turma\/#breadcrumb\"},\"inLanguage\":\"pt-PT\",\"potentialAction\":[{\"@type\":\"ReadAction\",\"target\":[\"https:\/\/seconci.com.br\/site\/2024\/06\/24\/programa-que-capacita-mulheres-para-a-construcao-forma-sua-primeira-turma\/\"]}]},{\"@type\":\"ImageObject\",\"inLanguage\":\"pt-PT\",\"@id\":\"https:\/\/seconci.com.br\/site\/2024\/06\/24\/programa-que-capacita-mulheres-para-a-construcao-forma-sua-primeira-turma\/#primaryimage\",\"url\":\"https:\/\/seconci.com.br\/site\/wp-content\/uploads\/2024\/06\/pexels-thisisengineering-3862371.jpg\",\"contentUrl\":\"https:\/\/seconci.com.br\/site\/wp-content\/uploads\/2024\/06\/pexels-thisisengineering-3862371.jpg\",\"width\":1280,\"height\":740},{\"@type\":\"BreadcrumbList\",\"@id\":\"https:\/\/seconci.com.br\/site\/2024\/06\/24\/programa-que-capacita-mulheres-para-a-construcao-forma-sua-primeira-turma\/#breadcrumb\",\"itemListElement\":[{\"@type\":\"ListItem\",\"position\":1,\"name\":\"In\u00edcio\",\"item\":\"https:\/\/seconci.com.br\/site\/\"},{\"@type\":\"ListItem\",\"position\":2,\"name\":\"Programa que capacita mulheres para a constru\u00e7\u00e3o forma sua primeira turma\"}]},{\"@type\":\"WebSite\",\"@id\":\"https:\/\/seconci.com.br\/site\/#website\",\"url\":\"https:\/\/seconci.com.br\/site\/\",\"name\":\"Seconci Brasil\",\"description\":\"\",\"publisher\":{\"@id\":\"https:\/\/seconci.com.br\/site\/#organization\"},\"potentialAction\":[{\"@type\":\"SearchAction\",\"target\":{\"@type\":\"EntryPoint\",\"urlTemplate\":\"https:\/\/seconci.com.br\/site\/?s={search_term_string}\"},\"query-input\":{\"@type\":\"PropertyValueSpecification\",\"valueRequired\":true,\"valueName\":\"search_term_string\"}}],\"inLanguage\":\"pt-PT\"},{\"@type\":\"Organization\",\"@id\":\"https:\/\/seconci.com.br\/site\/#organization\",\"name\":\"Seconci Brasil\",\"url\":\"https:\/\/seconci.com.br\/site\/\",\"logo\":{\"@type\":\"ImageObject\",\"inLanguage\":\"pt-PT\",\"@id\":\"https:\/\/seconci.com.br\/site\/#\/schema\/logo\/image\/\",\"url\":\"https:\/\/seconci.com.br\/site\/wp-content\/uploads\/2024\/08\/Logo-Seconci-Brasil-branca-2.png\",\"contentUrl\":\"https:\/\/seconci.com.br\/site\/wp-content\/uploads\/2024\/08\/Logo-Seconci-Brasil-branca-2.png\",\"width\":1315,\"height\":598,\"caption\":\"Seconci Brasil\"},\"image\":{\"@id\":\"https:\/\/seconci.com.br\/site\/#\/schema\/logo\/image\/\"}},{\"@type\":\"Person\",\"@id\":\"https:\/\/seconci.com.br\/site\/#\/schema\/person\/1d79afd97ddc8f2c68c1e88e298aa8e2\",\"name\":\"Sidney Rocha\",\"description\":\"Comunicador e estagi\u00e1rio do Seconci Brasil.\",\"url\":\"https:\/\/seconci.com.br\/site\/author\/sidney-rocha\/\"}]}<\/script>\n<!-- \/ Yoast SEO plugin. -->","yoast_head_json":{"title":"Programa que capacita mulheres para a constru\u00e7\u00e3o forma sua primeira turma - Seconci Brasil","robots":{"index":"index","follow":"follow","max-snippet":"max-snippet:-1","max-image-preview":"max-image-preview:large","max-video-preview":"max-video-preview:-1"},"canonical":"https:\/\/seconci.com.br\/site\/2024\/06\/24\/programa-que-capacita-mulheres-para-a-construcao-forma-sua-primeira-turma\/","og_locale":"pt_PT","og_type":"article","og_title":"Programa que capacita mulheres para a constru\u00e7\u00e3o forma sua primeira turma - Seconci Brasil","og_description":"Em 11 de junho, 20 formandas receberam o certificado de conclus\u00e3o do programa Elas na Constru\u00e7\u00e3o, que visa capacitar mulheres que est\u00e3o em situa\u00e7\u00e3o de vulnerabilidade social para atuar no mercado de constru\u00e7\u00e3o. Realizado na sede do Sebrae, em Sorocaba (SP), o evento marcou tamb\u00e9m o lan\u00e7amento do novo ciclo que iniciar\u00e1 em julho. O [&hellip;]","og_url":"https:\/\/seconci.com.br\/site\/2024\/06\/24\/programa-que-capacita-mulheres-para-a-construcao-forma-sua-primeira-turma\/","og_site_name":"Seconci Brasil","article_published_time":"2024-06-24T11:27:38+00:00","og_image":[{"width":1280,"height":740,"url":"https:\/\/seconci.com.br\/site\/wp-content\/uploads\/2024\/06\/pexels-thisisengineering-3862371.jpg","type":"image\/jpeg"}],"author":"Sidney Rocha","twitter_card":"summary_large_image","twitter_misc":{"Escrito por":"Sidney Rocha","Tempo estimado de leitura":"2 minutos"},"schema":{"@context":"https:\/\/schema.org","@graph":[{"@type":"Article","@id":"https:\/\/seconci.com.br\/site\/2024\/06\/24\/programa-que-capacita-mulheres-para-a-construcao-forma-sua-primeira-turma\/#article","isPartOf":{"@id":"https:\/\/seconci.com.br\/site\/2024\/06\/24\/programa-que-capacita-mulheres-para-a-construcao-forma-sua-primeira-turma\/"},"author":{"name":"Sidney Rocha","@id":"https:\/\/seconci.com.br\/site\/#\/schema\/person\/1d79afd97ddc8f2c68c1e88e298aa8e2"},"headline":"Programa que capacita mulheres para a constru\u00e7\u00e3o forma sua primeira turma","datePublished":"2024-06-24T11:27:38+00:00","mainEntityOfPage":{"@id":"https:\/\/seconci.com.br\/site\/2024\/06\/24\/programa-que-capacita-mulheres-para-a-construcao-forma-sua-primeira-turma\/"},"wordCount":451,"publisher":{"@id":"https:\/\/seconci.com.br\/site\/#organization"},"image":{"@id":"https:\/\/seconci.com.br\/site\/2024\/06\/24\/programa-que-capacita-mulheres-para-a-construcao-forma-sua-primeira-turma\/#primaryimage"},"thumbnailUrl":"https:\/\/seconci.com.br\/site\/wp-content\/uploads\/2024\/06\/pexels-thisisengineering-3862371.jpg","articleSection":["Seconci Brasil"],"inLanguage":"pt-PT"},{"@type":"WebPage","@id":"https:\/\/seconci.com.br\/site\/2024\/06\/24\/programa-que-capacita-mulheres-para-a-construcao-forma-sua-primeira-turma\/","url":"https:\/\/seconci.com.br\/site\/2024\/06\/24\/programa-que-capacita-mulheres-para-a-construcao-forma-sua-primeira-turma\/","name":"Programa que capacita mulheres para a constru\u00e7\u00e3o forma sua primeira turma - Seconci Brasil","isPartOf":{"@id":"https:\/\/seconci.com.br\/site\/#website"},"primaryImageOfPage":{"@id":"https:\/\/seconci.com.br\/site\/2024\/06\/24\/programa-que-capacita-mulheres-para-a-construcao-forma-sua-primeira-turma\/#primaryimage"},"image":{"@id":"https:\/\/seconci.com.br\/site\/2024\/06\/24\/programa-que-capacita-mulheres-para-a-construcao-forma-sua-primeira-turma\/#primaryimage"},"thumbnailUrl":"https:\/\/seconci.com.br\/site\/wp-content\/uploads\/2024\/06\/pexels-thisisengineering-3862371.jpg","datePublished":"2024-06-24T11:27:38+00:00","breadcrumb":{"@id":"https:\/\/seconci.com.br\/site\/2024\/06\/24\/programa-que-capacita-mulheres-para-a-construcao-forma-sua-primeira-turma\/#breadcrumb"},"inLanguage":"pt-PT","potentialAction":[{"@type":"ReadAction","target":["https:\/\/seconci.com.br\/site\/2024\/06\/24\/programa-que-capacita-mulheres-para-a-construcao-forma-sua-primeira-turma\/"]}]},{"@type":"ImageObject","inLanguage":"pt-PT","@id":"https:\/\/seconci.com.br\/site\/2024\/06\/24\/programa-que-capacita-mulheres-para-a-construcao-forma-sua-primeira-turma\/#primaryimage","url":"https:\/\/seconci.com.br\/site\/wp-content\/uploads\/2024\/06\/pexels-thisisengineering-3862371.jpg","contentUrl":"https:\/\/seconci.com.br\/site\/wp-content\/uploads\/2024\/06\/pexels-thisisengineering-3862371.jpg","width":1280,"height":740},{"@type":"BreadcrumbList","@id":"https:\/\/seconci.com.br\/site\/2024\/06\/24\/programa-que-capacita-mulheres-para-a-construcao-forma-sua-primeira-turma\/#breadcrumb","itemListElement":[{"@type":"ListItem","position":1,"name":"In\u00edcio","item":"https:\/\/seconci.com.br\/site\/"},{"@type":"ListItem","position":2,"name":"Programa que capacita mulheres para a constru\u00e7\u00e3o forma sua primeira turma"}]},{"@type":"WebSite","@id":"https:\/\/seconci.com.br\/site\/#website","url":"https:\/\/seconci.com.br\/site\/","name":"Seconci Brasil","description":"","publisher":{"@id":"https:\/\/seconci.com.br\/site\/#organization"},"potentialAction":[{"@type":"SearchAction","target":{"@type":"EntryPoint","urlTemplate":"https:\/\/seconci.com.br\/site\/?s={search_term_string}"},"query-input":{"@type":"PropertyValueSpecification","valueRequired":true,"valueName":"search_term_string"}}],"inLanguage":"pt-PT"},{"@type":"Organization","@id":"https:\/\/seconci.com.br\/site\/#organization","name":"Seconci Brasil","url":"https:\/\/seconci.com.br\/site\/","logo":{"@type":"ImageObject","inLanguage":"pt-PT","@id":"https:\/\/seconci.com.br\/site\/#\/schema\/logo\/image\/","url":"https:\/\/seconci.com.br\/site\/wp-content\/uploads\/2024\/08\/Logo-Seconci-Brasil-branca-2.png","contentUrl":"https:\/\/seconci.com.br\/site\/wp-content\/uploads\/2024\/08\/Logo-Seconci-Brasil-branca-2.png","width":1315,"height":598,"caption":"Seconci Brasil"},"image":{"@id":"https:\/\/seconci.com.br\/site\/#\/schema\/logo\/image\/"}},{"@type":"Person","@id":"https:\/\/seconci.com.br\/site\/#\/schema\/person\/1d79afd97ddc8f2c68c1e88e298aa8e2","name":"Sidney Rocha","description":"Comunicador e estagi\u00e1rio do Seconci Brasil.","url":"https:\/\/seconci.com.br\/site\/author\/sidney-rocha\/"}]}},"_links":{"self":[{"href":"https:\/\/seconci.com.br\/site\/wp-json\/wp\/v2\/posts\/13985","targetHints":{"allow":["GET"]}}],"collection":[{"href":"https:\/\/seconci.com.br\/site\/wp-json\/wp\/v2\/posts"}],"about":[{"href":"https:\/\/seconci.com.br\/site\/wp-json\/wp\/v2\/types\/post"}],"author":[{"embeddable":true,"href":"https:\/\/seconci.com.br\/site\/wp-json\/wp\/v2\/users\/3"}],"replies":[{"embeddable":true,"href":"https:\/\/seconci.com.br\/site\/wp-json\/wp\/v2\/comments?post=13985"}],"version-history":[{"count":0,"href":"https:\/\/seconci.com.br\/site\/wp-json\/wp\/v2\/posts\/13985\/revisions"}],"wp:featuredmedia":[{"embeddable":true,"href":"https:\/\/seconci.com.br\/site\/wp-json\/wp\/v2\/media\/13986"}],"wp:attachment":[{"href":"https:\/\/seconci.com.br\/site\/wp-json\/wp\/v2\/media?parent=13985"}],"wp:term":[{"taxonomy":"category","embeddable":true,"href":"https:\/\/seconci.com.br\/site\/wp-json\/wp\/v2\/categories?post=13985"},{"taxonomy":"post_tag","embeddable":true,"href":"https:\/\/seconci.com.br\/site\/wp-json\/wp\/v2\/tags?post=13985"}],"curies":[{"name":"wp","href":"https:\/\/api.w.org\/{rel}","templated":true}]}}