{"id":13998,"date":"2024-06-27T11:59:38","date_gmt":"2024-06-27T11:59:38","guid":{"rendered":"https:\/\/seconci.com.br\/site\/?p=13998"},"modified":"2024-06-27T11:59:38","modified_gmt":"2024-06-27T11:59:38","slug":"saude-e-seguranca-do-trabalhador-deve-ser-preservada-afirma-auditor-durante-lancamento-da-canpat-2024","status":"publish","type":"post","link":"https:\/\/seconci.com.br\/site\/2024\/06\/27\/saude-e-seguranca-do-trabalhador-deve-ser-preservada-afirma-auditor-durante-lancamento-da-canpat-2024\/","title":{"rendered":"\u2018Sa\u00fade e seguran\u00e7a do trabalhador deve ser preservada\u2019, afirma auditor durante lan\u00e7amento da CANPAT 2024"},"content":{"rendered":"<p>O mais importante \u00e9 a sa\u00fade e seguran\u00e7a do trabalhador e deve ser preservada, disse o auditor fiscal do trabalho de S\u00e3o Paulo, Ant\u00f4nio Pereira, durante o painel \u201cImpacto das normas regulamentadoras na gest\u00e3o da Seguran\u00e7a e Sa\u00fade no Trabalho (SST) no setor da constru\u00e7\u00e3o civil\u201d, que aconteceu no decorrer do lan\u00e7amento da Campanha Nacional de Preven\u00e7\u00e3o de Acidentes do Trabalho na Ind\u00fastria da Constru\u00e7\u00e3o (CANPAT Constru\u00e7\u00e3o 2024), realizado nesta quinta-feira (20) pela C\u00e2mara Brasileira da Ind\u00fastria da Constru\u00e7\u00e3o (CBIC).<\/p>\n<p>Durante o evento, mediado por Jos\u00e9 Bassili, gerente de seguran\u00e7a ocupacional do Servi\u00e7o Social da Constru\u00e7\u00e3o Civil do Estado de S\u00e3o Paulo (Seconci\/SP), o auditor fiscal do trabalho destacou a preval\u00eancia de acidentes graves na constru\u00e7\u00e3o civil, como quedas e choques el\u00e9tricos, e suas consequ\u00eancias. \u201cSe voc\u00eas considerarem as maiores dificuldades que a gente tem em todas as atividades econ\u00f4micas, muitas t\u00eam a ver com a constru\u00e7\u00e3o civil. Um dos maiores deles \u00e9 a quest\u00e3o da queda e choque el\u00e9trico\u201d, afirmou.<\/p>\n<p>Ele ressaltou que os impactos dos acidentes de trabalho s\u00e3o profundos, afetando a imagem da empresa, a produtividade e a gest\u00e3o. Pereira enfatizou a import\u00e2ncia de preservar a sa\u00fade e seguran\u00e7a do trabalhador para manter a produtividade e a vida laboral dos empregados. \u201cO mais importante \u00e9 a sa\u00fade e seguran\u00e7a do trabalhador, que ela deva ser preservada\u201d, disse.<\/p>\n<p>Tamb\u00e9m presente no encontro, a gerente de Solu\u00e7\u00f5es Integradas de Sa\u00fade e Seguran\u00e7a do Departamento Nacional do Servi\u00e7o Social da Ind\u00fastria (Sesi), Katyana Arag\u00e3o, abordou a necessidade de sensibilizar os empres\u00e1rios sobre os benef\u00edcios da SST. \u201cEscutar o trabalhador tem sido um crescimento para n\u00f3s\u201d, afirmou, explicando que entender as necessidades dos trabalhadores e suas condi\u00e7\u00f5es de trabalho impacta diretamente na produtividade.<\/p>\n<p>Katyana mencionou que problemas de sa\u00fade, como dores nas costas e quest\u00f5es de sa\u00fade mental, incluindo depress\u00e3o, influenciam significativamente o desempenho dos trabalhadores. \u201c\u00c9 preciso que sensibilize os empres\u00e1rios sobre sa\u00fade e seguran\u00e7a porque torna o trabalhador mais produtivo, gera mais neg\u00f3cios e gera satisfa\u00e7\u00e3o para todos\u201d, concluiu.<\/p>\n<p>Ambos os especialistas comentaram sobre a import\u00e2ncia das normas regulamentadoras. Pereira destacou que a revis\u00e3o da NR 18 visa dar mais liberdade \u00e0s empresas para definirem medidas de prote\u00e7\u00e3o, especialmente coletivas. \u201cA ideia de trabalhar mais com o projeto\u201d, disse ele, enfatizando a necessidade de implementar as normas de forma eficiente.<\/p>\n<p>A gerente do Sesi, por sua vez, elogiou o Programa de Gest\u00e3o de Riscos (NR 01), que, segundo ela, trouxe muitos benef\u00edcios para a gest\u00e3o de riscos na constru\u00e7\u00e3o. \u201cEla foi muito discutida, teve a participa\u00e7\u00e3o ativa de todos e est\u00e1 sendo revista agora para ser aprimorada\u201d, afirmou.<\/p>\n<p>Al\u00e9m disso, Katyana tamb\u00e9m enfatizou a import\u00e2ncia de uma abordagem baseada em dados e o uso da tecnologia para uma gest\u00e3o eficiente dos riscos. \u201cAtrav\u00e9s desses esfor\u00e7os, espera-se n\u00e3o apenas a redu\u00e7\u00e3o de acidentes e doen\u00e7as ocupacionais, mas tamb\u00e9m um aumento na produtividade e satisfa\u00e7\u00e3o dos trabalhadores e empres\u00e1rios do setor\u201d, finalizou.<\/p>\n<p>O tema tem interface com o projeto \u201cConhecimento, Seguran\u00e7a e Sa\u00fade no Trabalho\u201d, da Comiss\u00e3o de Pol\u00edtica de Rela\u00e7\u00f5es Trabalhistas (CPRT) da CBIC, com a correaliza\u00e7\u00e3o do Servi\u00e7o Social da Ind\u00fastria (Sesi).<\/p>\n<p><em>Fonte: Ag\u00eancia CBIC<\/em><\/p>\n","protected":false},"excerpt":{"rendered":"<p>O mais importante \u00e9 a sa\u00fade e seguran\u00e7a do trabalhador e deve ser preservada, disse o auditor fiscal do trabalho de S\u00e3o Paulo, Ant\u00f4nio Pereira, durante o painel \u201cImpacto das normas regulamentadoras na gest\u00e3o da Seguran\u00e7a e Sa\u00fade no Trabalho (SST) no setor da constru\u00e7\u00e3o civil\u201d, que aconteceu no decorrer do lan\u00e7amento da Campanha Nacional [&hellip;]<\/p>\n","protected":false},"author":3,"featured_media":13999,"comment_status":"closed","ping_status":"closed","sticky":false,"template":"","format":"standard","meta":{"footnotes":""},"categories":[92],"tags":[],"class_list":["post-13998","post","type-post","status-publish","format-standard","has-post-thumbnail","hentry","category-seconci-brasil"],"yoast_head":"<!-- This site is optimized with the Yoast SEO plugin v26.9 - https:\/\/yoast.com\/product\/yoast-seo-wordpress\/ -->\n<title>\u2018Sa\u00fade e seguran\u00e7a do trabalhador deve ser preservada\u2019, afirma auditor durante lan\u00e7amento da CANPAT 2024 - Seconci Brasil<\/title>\n<meta name=\"robots\" content=\"index, follow, max-snippet:-1, max-image-preview:large, max-video-preview:-1\" \/>\n<link rel=\"canonical\" href=\"https:\/\/seconci.com.br\/site\/2024\/06\/27\/saude-e-seguranca-do-trabalhador-deve-ser-preservada-afirma-auditor-durante-lancamento-da-canpat-2024\/\" \/>\n<meta property=\"og:locale\" content=\"pt_PT\" \/>\n<meta property=\"og:type\" content=\"article\" \/>\n<meta property=\"og:title\" content=\"\u2018Sa\u00fade e seguran\u00e7a do trabalhador deve ser preservada\u2019, afirma auditor durante lan\u00e7amento da CANPAT 2024 - Seconci Brasil\" \/>\n<meta property=\"og:description\" content=\"O mais importante \u00e9 a sa\u00fade e seguran\u00e7a do trabalhador e deve ser preservada, disse o auditor fiscal do trabalho de S\u00e3o Paulo, Ant\u00f4nio Pereira, durante o painel \u201cImpacto das normas regulamentadoras na gest\u00e3o da Seguran\u00e7a e Sa\u00fade no Trabalho (SST) no setor da constru\u00e7\u00e3o civil\u201d, que aconteceu no decorrer do lan\u00e7amento da Campanha Nacional [&hellip;]\" \/>\n<meta property=\"og:url\" content=\"https:\/\/seconci.com.br\/site\/2024\/06\/27\/saude-e-seguranca-do-trabalhador-deve-ser-preservada-afirma-auditor-durante-lancamento-da-canpat-2024\/\" \/>\n<meta property=\"og:site_name\" content=\"Seconci Brasil\" \/>\n<meta property=\"article:published_time\" content=\"2024-06-27T11:59:38+00:00\" \/>\n<meta property=\"og:image\" content=\"https:\/\/seconci.com.br\/site\/wp-content\/uploads\/2024\/06\/whatsapp-image-2024-06-21-at-23830-pm.jpeg\" \/>\n\t<meta property=\"og:image:width\" content=\"1600\" \/>\n\t<meta property=\"og:image:height\" content=\"872\" \/>\n\t<meta property=\"og:image:type\" content=\"image\/jpeg\" \/>\n<meta name=\"author\" content=\"Sidney Rocha\" \/>\n<meta name=\"twitter:card\" content=\"summary_large_image\" \/>\n<meta name=\"twitter:label1\" content=\"Escrito por\" \/>\n\t<meta name=\"twitter:data1\" content=\"Sidney Rocha\" \/>\n\t<meta name=\"twitter:label2\" content=\"Tempo estimado de leitura\" \/>\n\t<meta name=\"twitter:data2\" content=\"3 minutos\" \/>\n<script type=\"application\/ld+json\" class=\"yoast-schema-graph\">{\"@context\":\"https:\/\/schema.org\",\"@graph\":[{\"@type\":\"Article\",\"@id\":\"https:\/\/seconci.com.br\/site\/2024\/06\/27\/saude-e-seguranca-do-trabalhador-deve-ser-preservada-afirma-auditor-durante-lancamento-da-canpat-2024\/#article\",\"isPartOf\":{\"@id\":\"https:\/\/seconci.com.br\/site\/2024\/06\/27\/saude-e-seguranca-do-trabalhador-deve-ser-preservada-afirma-auditor-durante-lancamento-da-canpat-2024\/\"},\"author\":{\"name\":\"Sidney Rocha\",\"@id\":\"https:\/\/seconci.com.br\/site\/#\/schema\/person\/1d79afd97ddc8f2c68c1e88e298aa8e2\"},\"headline\":\"\u2018Sa\u00fade e seguran\u00e7a do trabalhador deve ser preservada\u2019, afirma auditor durante lan\u00e7amento da CANPAT 2024\",\"datePublished\":\"2024-06-27T11:59:38+00:00\",\"mainEntityOfPage\":{\"@id\":\"https:\/\/seconci.com.br\/site\/2024\/06\/27\/saude-e-seguranca-do-trabalhador-deve-ser-preservada-afirma-auditor-durante-lancamento-da-canpat-2024\/\"},\"wordCount\":612,\"publisher\":{\"@id\":\"https:\/\/seconci.com.br\/site\/#organization\"},\"image\":{\"@id\":\"https:\/\/seconci.com.br\/site\/2024\/06\/27\/saude-e-seguranca-do-trabalhador-deve-ser-preservada-afirma-auditor-durante-lancamento-da-canpat-2024\/#primaryimage\"},\"thumbnailUrl\":\"https:\/\/seconci.com.br\/site\/wp-content\/uploads\/2024\/06\/whatsapp-image-2024-06-21-at-23830-pm.jpeg\",\"articleSection\":[\"Seconci Brasil\"],\"inLanguage\":\"pt-PT\"},{\"@type\":\"WebPage\",\"@id\":\"https:\/\/seconci.com.br\/site\/2024\/06\/27\/saude-e-seguranca-do-trabalhador-deve-ser-preservada-afirma-auditor-durante-lancamento-da-canpat-2024\/\",\"url\":\"https:\/\/seconci.com.br\/site\/2024\/06\/27\/saude-e-seguranca-do-trabalhador-deve-ser-preservada-afirma-auditor-durante-lancamento-da-canpat-2024\/\",\"name\":\"\u2018Sa\u00fade e seguran\u00e7a do trabalhador deve ser preservada\u2019, afirma auditor durante lan\u00e7amento da CANPAT 2024 - Seconci Brasil\",\"isPartOf\":{\"@id\":\"https:\/\/seconci.com.br\/site\/#website\"},\"primaryImageOfPage\":{\"@id\":\"https:\/\/seconci.com.br\/site\/2024\/06\/27\/saude-e-seguranca-do-trabalhador-deve-ser-preservada-afirma-auditor-durante-lancamento-da-canpat-2024\/#primaryimage\"},\"image\":{\"@id\":\"https:\/\/seconci.com.br\/site\/2024\/06\/27\/saude-e-seguranca-do-trabalhador-deve-ser-preservada-afirma-auditor-durante-lancamento-da-canpat-2024\/#primaryimage\"},\"thumbnailUrl\":\"https:\/\/seconci.com.br\/site\/wp-content\/uploads\/2024\/06\/whatsapp-image-2024-06-21-at-23830-pm.jpeg\",\"datePublished\":\"2024-06-27T11:59:38+00:00\",\"breadcrumb\":{\"@id\":\"https:\/\/seconci.com.br\/site\/2024\/06\/27\/saude-e-seguranca-do-trabalhador-deve-ser-preservada-afirma-auditor-durante-lancamento-da-canpat-2024\/#breadcrumb\"},\"inLanguage\":\"pt-PT\",\"potentialAction\":[{\"@type\":\"ReadAction\",\"target\":[\"https:\/\/seconci.com.br\/site\/2024\/06\/27\/saude-e-seguranca-do-trabalhador-deve-ser-preservada-afirma-auditor-durante-lancamento-da-canpat-2024\/\"]}]},{\"@type\":\"ImageObject\",\"inLanguage\":\"pt-PT\",\"@id\":\"https:\/\/seconci.com.br\/site\/2024\/06\/27\/saude-e-seguranca-do-trabalhador-deve-ser-preservada-afirma-auditor-durante-lancamento-da-canpat-2024\/#primaryimage\",\"url\":\"https:\/\/seconci.com.br\/site\/wp-content\/uploads\/2024\/06\/whatsapp-image-2024-06-21-at-23830-pm.jpeg\",\"contentUrl\":\"https:\/\/seconci.com.br\/site\/wp-content\/uploads\/2024\/06\/whatsapp-image-2024-06-21-at-23830-pm.jpeg\",\"width\":1600,\"height\":872},{\"@type\":\"BreadcrumbList\",\"@id\":\"https:\/\/seconci.com.br\/site\/2024\/06\/27\/saude-e-seguranca-do-trabalhador-deve-ser-preservada-afirma-auditor-durante-lancamento-da-canpat-2024\/#breadcrumb\",\"itemListElement\":[{\"@type\":\"ListItem\",\"position\":1,\"name\":\"In\u00edcio\",\"item\":\"https:\/\/seconci.com.br\/site\/\"},{\"@type\":\"ListItem\",\"position\":2,\"name\":\"\u2018Sa\u00fade e seguran\u00e7a do trabalhador deve ser preservada\u2019, afirma auditor durante lan\u00e7amento da CANPAT 2024\"}]},{\"@type\":\"WebSite\",\"@id\":\"https:\/\/seconci.com.br\/site\/#website\",\"url\":\"https:\/\/seconci.com.br\/site\/\",\"name\":\"Seconci Brasil\",\"description\":\"\",\"publisher\":{\"@id\":\"https:\/\/seconci.com.br\/site\/#organization\"},\"potentialAction\":[{\"@type\":\"SearchAction\",\"target\":{\"@type\":\"EntryPoint\",\"urlTemplate\":\"https:\/\/seconci.com.br\/site\/?s={search_term_string}\"},\"query-input\":{\"@type\":\"PropertyValueSpecification\",\"valueRequired\":true,\"valueName\":\"search_term_string\"}}],\"inLanguage\":\"pt-PT\"},{\"@type\":\"Organization\",\"@id\":\"https:\/\/seconci.com.br\/site\/#organization\",\"name\":\"Seconci Brasil\",\"url\":\"https:\/\/seconci.com.br\/site\/\",\"logo\":{\"@type\":\"ImageObject\",\"inLanguage\":\"pt-PT\",\"@id\":\"https:\/\/seconci.com.br\/site\/#\/schema\/logo\/image\/\",\"url\":\"https:\/\/seconci.com.br\/site\/wp-content\/uploads\/2024\/08\/Logo-Seconci-Brasil-branca-2.png\",\"contentUrl\":\"https:\/\/seconci.com.br\/site\/wp-content\/uploads\/2024\/08\/Logo-Seconci-Brasil-branca-2.png\",\"width\":1315,\"height\":598,\"caption\":\"Seconci Brasil\"},\"image\":{\"@id\":\"https:\/\/seconci.com.br\/site\/#\/schema\/logo\/image\/\"}},{\"@type\":\"Person\",\"@id\":\"https:\/\/seconci.com.br\/site\/#\/schema\/person\/1d79afd97ddc8f2c68c1e88e298aa8e2\",\"name\":\"Sidney Rocha\",\"description\":\"Comunicador e estagi\u00e1rio do Seconci Brasil.\",\"url\":\"https:\/\/seconci.com.br\/site\/author\/sidney-rocha\/\"}]}<\/script>\n<!-- \/ Yoast SEO plugin. -->","yoast_head_json":{"title":"\u2018Sa\u00fade e seguran\u00e7a do trabalhador deve ser preservada\u2019, afirma auditor durante lan\u00e7amento da CANPAT 2024 - Seconci Brasil","robots":{"index":"index","follow":"follow","max-snippet":"max-snippet:-1","max-image-preview":"max-image-preview:large","max-video-preview":"max-video-preview:-1"},"canonical":"https:\/\/seconci.com.br\/site\/2024\/06\/27\/saude-e-seguranca-do-trabalhador-deve-ser-preservada-afirma-auditor-durante-lancamento-da-canpat-2024\/","og_locale":"pt_PT","og_type":"article","og_title":"\u2018Sa\u00fade e seguran\u00e7a do trabalhador deve ser preservada\u2019, afirma auditor durante lan\u00e7amento da CANPAT 2024 - Seconci Brasil","og_description":"O mais importante \u00e9 a sa\u00fade e seguran\u00e7a do trabalhador e deve ser preservada, disse o auditor fiscal do trabalho de S\u00e3o Paulo, Ant\u00f4nio Pereira, durante o painel \u201cImpacto das normas regulamentadoras na gest\u00e3o da Seguran\u00e7a e Sa\u00fade no Trabalho (SST) no setor da constru\u00e7\u00e3o civil\u201d, que aconteceu no decorrer do lan\u00e7amento da Campanha Nacional [&hellip;]","og_url":"https:\/\/seconci.com.br\/site\/2024\/06\/27\/saude-e-seguranca-do-trabalhador-deve-ser-preservada-afirma-auditor-durante-lancamento-da-canpat-2024\/","og_site_name":"Seconci Brasil","article_published_time":"2024-06-27T11:59:38+00:00","og_image":[{"width":1600,"height":872,"url":"https:\/\/seconci.com.br\/site\/wp-content\/uploads\/2024\/06\/whatsapp-image-2024-06-21-at-23830-pm.jpeg","type":"image\/jpeg"}],"author":"Sidney Rocha","twitter_card":"summary_large_image","twitter_misc":{"Escrito por":"Sidney Rocha","Tempo estimado de leitura":"3 minutos"},"schema":{"@context":"https:\/\/schema.org","@graph":[{"@type":"Article","@id":"https:\/\/seconci.com.br\/site\/2024\/06\/27\/saude-e-seguranca-do-trabalhador-deve-ser-preservada-afirma-auditor-durante-lancamento-da-canpat-2024\/#article","isPartOf":{"@id":"https:\/\/seconci.com.br\/site\/2024\/06\/27\/saude-e-seguranca-do-trabalhador-deve-ser-preservada-afirma-auditor-durante-lancamento-da-canpat-2024\/"},"author":{"name":"Sidney Rocha","@id":"https:\/\/seconci.com.br\/site\/#\/schema\/person\/1d79afd97ddc8f2c68c1e88e298aa8e2"},"headline":"\u2018Sa\u00fade e seguran\u00e7a do trabalhador deve ser preservada\u2019, afirma auditor durante lan\u00e7amento da CANPAT 2024","datePublished":"2024-06-27T11:59:38+00:00","mainEntityOfPage":{"@id":"https:\/\/seconci.com.br\/site\/2024\/06\/27\/saude-e-seguranca-do-trabalhador-deve-ser-preservada-afirma-auditor-durante-lancamento-da-canpat-2024\/"},"wordCount":612,"publisher":{"@id":"https:\/\/seconci.com.br\/site\/#organization"},"image":{"@id":"https:\/\/seconci.com.br\/site\/2024\/06\/27\/saude-e-seguranca-do-trabalhador-deve-ser-preservada-afirma-auditor-durante-lancamento-da-canpat-2024\/#primaryimage"},"thumbnailUrl":"https:\/\/seconci.com.br\/site\/wp-content\/uploads\/2024\/06\/whatsapp-image-2024-06-21-at-23830-pm.jpeg","articleSection":["Seconci Brasil"],"inLanguage":"pt-PT"},{"@type":"WebPage","@id":"https:\/\/seconci.com.br\/site\/2024\/06\/27\/saude-e-seguranca-do-trabalhador-deve-ser-preservada-afirma-auditor-durante-lancamento-da-canpat-2024\/","url":"https:\/\/seconci.com.br\/site\/2024\/06\/27\/saude-e-seguranca-do-trabalhador-deve-ser-preservada-afirma-auditor-durante-lancamento-da-canpat-2024\/","name":"\u2018Sa\u00fade e seguran\u00e7a do trabalhador deve ser preservada\u2019, afirma auditor durante lan\u00e7amento da CANPAT 2024 - Seconci Brasil","isPartOf":{"@id":"https:\/\/seconci.com.br\/site\/#website"},"primaryImageOfPage":{"@id":"https:\/\/seconci.com.br\/site\/2024\/06\/27\/saude-e-seguranca-do-trabalhador-deve-ser-preservada-afirma-auditor-durante-lancamento-da-canpat-2024\/#primaryimage"},"image":{"@id":"https:\/\/seconci.com.br\/site\/2024\/06\/27\/saude-e-seguranca-do-trabalhador-deve-ser-preservada-afirma-auditor-durante-lancamento-da-canpat-2024\/#primaryimage"},"thumbnailUrl":"https:\/\/seconci.com.br\/site\/wp-content\/uploads\/2024\/06\/whatsapp-image-2024-06-21-at-23830-pm.jpeg","datePublished":"2024-06-27T11:59:38+00:00","breadcrumb":{"@id":"https:\/\/seconci.com.br\/site\/2024\/06\/27\/saude-e-seguranca-do-trabalhador-deve-ser-preservada-afirma-auditor-durante-lancamento-da-canpat-2024\/#breadcrumb"},"inLanguage":"pt-PT","potentialAction":[{"@type":"ReadAction","target":["https:\/\/seconci.com.br\/site\/2024\/06\/27\/saude-e-seguranca-do-trabalhador-deve-ser-preservada-afirma-auditor-durante-lancamento-da-canpat-2024\/"]}]},{"@type":"ImageObject","inLanguage":"pt-PT","@id":"https:\/\/seconci.com.br\/site\/2024\/06\/27\/saude-e-seguranca-do-trabalhador-deve-ser-preservada-afirma-auditor-durante-lancamento-da-canpat-2024\/#primaryimage","url":"https:\/\/seconci.com.br\/site\/wp-content\/uploads\/2024\/06\/whatsapp-image-2024-06-21-at-23830-pm.jpeg","contentUrl":"https:\/\/seconci.com.br\/site\/wp-content\/uploads\/2024\/06\/whatsapp-image-2024-06-21-at-23830-pm.jpeg","width":1600,"height":872},{"@type":"BreadcrumbList","@id":"https:\/\/seconci.com.br\/site\/2024\/06\/27\/saude-e-seguranca-do-trabalhador-deve-ser-preservada-afirma-auditor-durante-lancamento-da-canpat-2024\/#breadcrumb","itemListElement":[{"@type":"ListItem","position":1,"name":"In\u00edcio","item":"https:\/\/seconci.com.br\/site\/"},{"@type":"ListItem","position":2,"name":"\u2018Sa\u00fade e seguran\u00e7a do trabalhador deve ser preservada\u2019, afirma auditor durante lan\u00e7amento da CANPAT 2024"}]},{"@type":"WebSite","@id":"https:\/\/seconci.com.br\/site\/#website","url":"https:\/\/seconci.com.br\/site\/","name":"Seconci Brasil","description":"","publisher":{"@id":"https:\/\/seconci.com.br\/site\/#organization"},"potentialAction":[{"@type":"SearchAction","target":{"@type":"EntryPoint","urlTemplate":"https:\/\/seconci.com.br\/site\/?s={search_term_string}"},"query-input":{"@type":"PropertyValueSpecification","valueRequired":true,"valueName":"search_term_string"}}],"inLanguage":"pt-PT"},{"@type":"Organization","@id":"https:\/\/seconci.com.br\/site\/#organization","name":"Seconci Brasil","url":"https:\/\/seconci.com.br\/site\/","logo":{"@type":"ImageObject","inLanguage":"pt-PT","@id":"https:\/\/seconci.com.br\/site\/#\/schema\/logo\/image\/","url":"https:\/\/seconci.com.br\/site\/wp-content\/uploads\/2024\/08\/Logo-Seconci-Brasil-branca-2.png","contentUrl":"https:\/\/seconci.com.br\/site\/wp-content\/uploads\/2024\/08\/Logo-Seconci-Brasil-branca-2.png","width":1315,"height":598,"caption":"Seconci Brasil"},"image":{"@id":"https:\/\/seconci.com.br\/site\/#\/schema\/logo\/image\/"}},{"@type":"Person","@id":"https:\/\/seconci.com.br\/site\/#\/schema\/person\/1d79afd97ddc8f2c68c1e88e298aa8e2","name":"Sidney Rocha","description":"Comunicador e estagi\u00e1rio do Seconci Brasil.","url":"https:\/\/seconci.com.br\/site\/author\/sidney-rocha\/"}]}},"_links":{"self":[{"href":"https:\/\/seconci.com.br\/site\/wp-json\/wp\/v2\/posts\/13998","targetHints":{"allow":["GET"]}}],"collection":[{"href":"https:\/\/seconci.com.br\/site\/wp-json\/wp\/v2\/posts"}],"about":[{"href":"https:\/\/seconci.com.br\/site\/wp-json\/wp\/v2\/types\/post"}],"author":[{"embeddable":true,"href":"https:\/\/seconci.com.br\/site\/wp-json\/wp\/v2\/users\/3"}],"replies":[{"embeddable":true,"href":"https:\/\/seconci.com.br\/site\/wp-json\/wp\/v2\/comments?post=13998"}],"version-history":[{"count":0,"href":"https:\/\/seconci.com.br\/site\/wp-json\/wp\/v2\/posts\/13998\/revisions"}],"wp:featuredmedia":[{"embeddable":true,"href":"https:\/\/seconci.com.br\/site\/wp-json\/wp\/v2\/media\/13999"}],"wp:attachment":[{"href":"https:\/\/seconci.com.br\/site\/wp-json\/wp\/v2\/media?parent=13998"}],"wp:term":[{"taxonomy":"category","embeddable":true,"href":"https:\/\/seconci.com.br\/site\/wp-json\/wp\/v2\/categories?post=13998"},{"taxonomy":"post_tag","embeddable":true,"href":"https:\/\/seconci.com.br\/site\/wp-json\/wp\/v2\/tags?post=13998"}],"curies":[{"name":"wp","href":"https:\/\/api.w.org\/{rel}","templated":true}]}}