{"id":14673,"date":"2024-08-09T11:57:36","date_gmt":"2024-08-09T11:57:36","guid":{"rendered":"https:\/\/seconci.com.br\/site\/?p=14673"},"modified":"2024-08-09T11:57:37","modified_gmt":"2024-08-09T11:57:37","slug":"burnout-abre-cat","status":"publish","type":"post","link":"https:\/\/seconci.com.br\/site\/2024\/08\/09\/burnout-abre-cat\/","title":{"rendered":"Burnout abre CAT?"},"content":{"rendered":"\n<p>A S\u00edndrome de Burnout, tamb\u00e9m conhecida como S\u00edndrome do Esgotamento Profissional, \u00e9 um dist\u00farbio emocional que se manifesta atrav\u00e9s de sintomas de exaust\u00e3o extrema, estresse cr\u00f4nico e esgotamento f\u00edsico e mental. Esta condi\u00e7\u00e3o resulta, em grande parte, de situa\u00e7\u00f5es de trabalho desgastantes que exigem altos n\u00edveis de competitividade ou responsabilidade. A principal causa do Burnout \u00e9 o excesso de trabalho, que leva os trabalhadores a um estado de constante sobrecarga e press\u00e3o, impactando severamente sua sa\u00fade mental e bem-estar.<\/p>\n\n\n\n<p>No contexto das legisla\u00e7\u00f5es trabalhistas brasileiras, o reconhecimento e a gest\u00e3o adequada da S\u00edndrome de Burnout s\u00e3o importantes e a Comunica\u00e7\u00e3o de Acidente de Trabalho (CAT) \u00e9 um instrumento para registrar acidentes de trabalho, trajetos e doen\u00e7as ocupacionais, como o Burnout. Este processo n\u00e3o s\u00f3 formaliza a condi\u00e7\u00e3o como doen\u00e7a ocupacional, mas tamb\u00e9m garante que o trabalhador tenha acesso aos direitos e benef\u00edcios previstos pela legisla\u00e7\u00e3o.<\/p>\n\n\n\n<p>\u00c9 de extrema import\u00e2ncia que empresas e profissionais de sa\u00fade ocupacional estejam atentos \u00e0s exig\u00eancias legais e aos procedimentos corretos para a gest\u00e3o da S\u00edndrome de Burnout, assegurando um ambiente de trabalho mais saud\u00e1vel e produtivo para todos.<\/p>\n\n\n\n<p><strong>CAT (S-2210)<\/strong><\/p>\n\n\n\n<p>A Comunica\u00e7\u00e3o de Acidente de Trabalho (CAT) tem por objetivo registrar um acidente de trabalho, acidente de trajeto ou reconhecer uma doen\u00e7a ocupacional. \u00c9 importante destacar que o prazo para comunicar o eSocial \u00e9 o primeiro dia \u00fatil ap\u00f3s a ocorr\u00eancia do acidente ou, em caso de \u00f3bito, de imediato.<\/p>\n\n\n\n<p><strong>DEVO ABRIR CAT PARA UM COLABORADOR QUE FOI DIAGNOSTICADO COM S\u00cdNDROME DE BURNOUT?<\/strong><\/p>\n\n\n\n<p><strong>Sim. Deve-se abrir uma Comunica\u00e7\u00e3o de Acidente de Trabalho (CAT)&nbsp;<\/strong>para um colaborador diagnosticado com S\u00edndrome de Burnout, por ser uma&nbsp;<strong><em>doen\u00e7a ocupacional.<\/em><\/strong><\/p>\n\n\n\n<p>De acordo com o leiaute do eSocial (vers\u00e3o S-1.2), na CAT, \u00e9 necess\u00e1rio preencher o detalhamento da parte atingida e do agente causador do acidente de trabalho. No caso da S\u00edndrome de Burnout, a parte atingida geralmente \u00e9 o sistema nervoso, com \u00eanfase nos aspectos psicol\u00f3gicos e emocionais do trabalhador. O agente causador \u00e9 o estresse ocupacional cr\u00f4nico, decorrente de sobrecarga de trabalho, press\u00e3o por resultados, falta de apoio no ambiente de trabalho, entre outros fatores psicossociais.<\/p>\n\n\n\n<p><strong>QUAL CID UTILIZAR PARA ABERTURA DA CAT para Burnout<\/strong><\/p>\n\n\n\n<p>Vale destacar que a inclus\u00e3o da CID \u00e9 obrigat\u00f3ria para a abertura de uma CAT, juntamente com o atestado m\u00e9dico, conforme exigido pelo leiaute do eSocial. Embora a defini\u00e7\u00e3o espec\u00edfica da CID deva ser estabelecida pelo m\u00e9dico, podemos mencionar uma poss\u00edvel CID frequentemente associada a esses casos:<\/p>\n\n\n\n<p><strong>(CID Z73.0)&nbsp;<\/strong>\u2013 Conforme a Portaria n\u00ba 1.339, de 18 de novembro de 1999, o Minist\u00e9rio da Sa\u00fade instituiu uma lista de Doen\u00e7as Relacionadas ao Trabalho. Entre essas doen\u00e7as, foi inclu\u00edda a Sensa\u00e7\u00e3o de Estar Acabado, tamb\u00e9m conhecida como&nbsp;<strong>\u201cS\u00edndrome de Burnout\u201d ou \u201cS\u00edndrome do Esgotamento Profissional\u201d (CID Z73.0).<\/strong><\/p>\n\n\n\n<p><strong>MULTAS DO EVENTO S-2210 \u2013 CAT<\/strong><\/p>\n\n\n\n<p>As multas relacionadas ao evento S-2210 (CAT) no eSocial podem ser aplicadas devido ao n\u00e3o cumprimento do prazo ou \u00e0 aus\u00eancia do envio do evento. A Instru\u00e7\u00e3o Normativa n\u00ba 128 (IN 128) orienta sobre a aplica\u00e7\u00e3o dessas multas.<\/p>\n\n\n\n<p>O Art. 351 da IN 128 diz, no inciso 3\u00ba, que se o prazo da CAT n\u00e3o for cumprido devidamente, a empresa fica sujeita a pena de multa aplicada na forma do art. 286 do RPS.<\/p>\n\n\n\n<p>Referente aos valores, a multa por n\u00e3o envio do evento S-2210 ou emiss\u00e3o da CAT pode variar conforme o sal\u00e1rio de contribui\u00e7\u00e3o, que atualmente vai de R$ 1.412,00 (m\u00ednimo) a R$ 7.786,02 (teto m\u00e1ximo do INSS). O valor da multa pode ser m\u00ednimo ou m\u00e1ximo, dependendo da irregularidade, e \u00e9 aumentado em caso de reincid\u00eancia. As multas s\u00e3o aplicadas por funcion\u00e1rio afetado.<\/p>\n\n\n\n<p><strong>CONCLUS\u00c3O<\/strong><\/p>\n\n\n\n<p>A S\u00edndrome de Burnout \u00e9 uma doen\u00e7a ocupacional reconhecida e deve ser tratada com a devida seriedade no ambiente de trabalho. A abertura de uma Comunica\u00e7\u00e3o de Acidente de Trabalho (CAT) para colaboradores diagnosticados com esta condi\u00e7\u00e3o \u00e9 essencial, tanto para garantir o cumprimento das normas trabalhistas quanto para proporcionar o suporte necess\u00e1rio ao trabalhador afetado.<\/p>\n\n\n\n<p>A correta identifica\u00e7\u00e3o, documenta\u00e7\u00e3o e comunica\u00e7\u00e3o dos casos de S\u00edndrome de Burnout s\u00e3o passos fundamentais para a prote\u00e7\u00e3o do trabalhador e para o cumprimento das obriga\u00e7\u00f5es legais das empresas. Isso garante o bem-estar dos colaboradores e contribui diretamente para um ambiente de trabalho mais saud\u00e1vel e produtivo.<\/p>\n\n\n\n<p><em>Portal ESO<\/em><\/p>\n","protected":false},"excerpt":{"rendered":"<p>A S\u00edndrome de Burnout, tamb\u00e9m conhecida como S\u00edndrome do Esgotamento Profissional, \u00e9 um dist\u00farbio emocional que se manifesta atrav\u00e9s de sintomas de exaust\u00e3o extrema, estresse cr\u00f4nico e esgotamento f\u00edsico e mental. Esta condi\u00e7\u00e3o resulta, em grande parte, de situa\u00e7\u00f5es de trabalho desgastantes que exigem altos n\u00edveis de competitividade ou responsabilidade. A principal causa do Burnout [&hellip;]<\/p>\n","protected":false},"author":3,"featured_media":14674,"comment_status":"closed","ping_status":"closed","sticky":false,"template":"","format":"standard","meta":{"footnotes":""},"categories":[92],"tags":[],"class_list":["post-14673","post","type-post","status-publish","format-standard","has-post-thumbnail","hentry","category-seconci-brasil"],"yoast_head":"<!-- This site is optimized with the Yoast SEO plugin v26.9 - https:\/\/yoast.com\/product\/yoast-seo-wordpress\/ -->\n<title>Burnout abre CAT? - Seconci Brasil<\/title>\n<meta name=\"description\" content=\"A S\u00edndrome de Burnout, tamb\u00e9m conhecida como S\u00edndrome do Esgotamento Profissional, \u00e9 um dist\u00farbio emocional que se manifesta atrav\u00e9s de sintomas de exaust\u00e3o extrema, estresse cr\u00f4nico e esgotamento f\u00edsico e mental.\" \/>\n<meta name=\"robots\" content=\"index, follow, max-snippet:-1, max-image-preview:large, max-video-preview:-1\" \/>\n<link rel=\"canonical\" href=\"https:\/\/seconci.com.br\/site\/2024\/08\/09\/burnout-abre-cat\/\" \/>\n<meta property=\"og:locale\" content=\"pt_PT\" \/>\n<meta property=\"og:type\" content=\"article\" \/>\n<meta property=\"og:title\" content=\"Burnout abre CAT? - Seconci Brasil\" \/>\n<meta property=\"og:description\" content=\"A S\u00edndrome de Burnout, tamb\u00e9m conhecida como S\u00edndrome do Esgotamento Profissional, \u00e9 um dist\u00farbio emocional que se manifesta atrav\u00e9s de sintomas de exaust\u00e3o extrema, estresse cr\u00f4nico e esgotamento f\u00edsico e mental.\" \/>\n<meta property=\"og:url\" content=\"https:\/\/seconci.com.br\/site\/2024\/08\/09\/burnout-abre-cat\/\" \/>\n<meta property=\"og:site_name\" content=\"Seconci Brasil\" \/>\n<meta property=\"article:published_time\" content=\"2024-08-09T11:57:36+00:00\" \/>\n<meta property=\"article:modified_time\" content=\"2024-08-09T11:57:37+00:00\" \/>\n<meta property=\"og:image\" content=\"https:\/\/seconci.com.br\/site\/wp-content\/uploads\/2024\/08\/stressed-businessman-trying-meet-deadline-accounting-work-scaled.jpg\" \/>\n\t<meta property=\"og:image:width\" content=\"2560\" \/>\n\t<meta property=\"og:image:height\" content=\"1707\" \/>\n\t<meta property=\"og:image:type\" content=\"image\/jpeg\" \/>\n<meta name=\"author\" content=\"Sidney Rocha\" \/>\n<meta name=\"twitter:card\" content=\"summary_large_image\" \/>\n<meta name=\"twitter:label1\" content=\"Escrito por\" \/>\n\t<meta name=\"twitter:data1\" content=\"Sidney Rocha\" \/>\n\t<meta name=\"twitter:label2\" content=\"Tempo estimado de leitura\" \/>\n\t<meta name=\"twitter:data2\" content=\"5 minutos\" \/>\n<script type=\"application\/ld+json\" class=\"yoast-schema-graph\">{\"@context\":\"https:\/\/schema.org\",\"@graph\":[{\"@type\":\"Article\",\"@id\":\"https:\/\/seconci.com.br\/site\/2024\/08\/09\/burnout-abre-cat\/#article\",\"isPartOf\":{\"@id\":\"https:\/\/seconci.com.br\/site\/2024\/08\/09\/burnout-abre-cat\/\"},\"author\":{\"name\":\"Sidney Rocha\",\"@id\":\"https:\/\/seconci.com.br\/site\/#\/schema\/person\/1d79afd97ddc8f2c68c1e88e298aa8e2\"},\"headline\":\"Burnout abre CAT?\",\"datePublished\":\"2024-08-09T11:57:36+00:00\",\"dateModified\":\"2024-08-09T11:57:37+00:00\",\"mainEntityOfPage\":{\"@id\":\"https:\/\/seconci.com.br\/site\/2024\/08\/09\/burnout-abre-cat\/\"},\"wordCount\":772,\"publisher\":{\"@id\":\"https:\/\/seconci.com.br\/site\/#organization\"},\"image\":{\"@id\":\"https:\/\/seconci.com.br\/site\/2024\/08\/09\/burnout-abre-cat\/#primaryimage\"},\"thumbnailUrl\":\"https:\/\/seconci.com.br\/site\/wp-content\/uploads\/2024\/08\/stressed-businessman-trying-meet-deadline-accounting-work-scaled.jpg\",\"articleSection\":[\"Seconci Brasil\"],\"inLanguage\":\"pt-PT\"},{\"@type\":\"WebPage\",\"@id\":\"https:\/\/seconci.com.br\/site\/2024\/08\/09\/burnout-abre-cat\/\",\"url\":\"https:\/\/seconci.com.br\/site\/2024\/08\/09\/burnout-abre-cat\/\",\"name\":\"Burnout abre CAT? - Seconci Brasil\",\"isPartOf\":{\"@id\":\"https:\/\/seconci.com.br\/site\/#website\"},\"primaryImageOfPage\":{\"@id\":\"https:\/\/seconci.com.br\/site\/2024\/08\/09\/burnout-abre-cat\/#primaryimage\"},\"image\":{\"@id\":\"https:\/\/seconci.com.br\/site\/2024\/08\/09\/burnout-abre-cat\/#primaryimage\"},\"thumbnailUrl\":\"https:\/\/seconci.com.br\/site\/wp-content\/uploads\/2024\/08\/stressed-businessman-trying-meet-deadline-accounting-work-scaled.jpg\",\"datePublished\":\"2024-08-09T11:57:36+00:00\",\"dateModified\":\"2024-08-09T11:57:37+00:00\",\"description\":\"A S\u00edndrome de Burnout, tamb\u00e9m conhecida como S\u00edndrome do Esgotamento Profissional, \u00e9 um dist\u00farbio emocional que se manifesta atrav\u00e9s de sintomas de exaust\u00e3o extrema, estresse cr\u00f4nico e esgotamento f\u00edsico e mental.\",\"breadcrumb\":{\"@id\":\"https:\/\/seconci.com.br\/site\/2024\/08\/09\/burnout-abre-cat\/#breadcrumb\"},\"inLanguage\":\"pt-PT\",\"potentialAction\":[{\"@type\":\"ReadAction\",\"target\":[\"https:\/\/seconci.com.br\/site\/2024\/08\/09\/burnout-abre-cat\/\"]}]},{\"@type\":\"ImageObject\",\"inLanguage\":\"pt-PT\",\"@id\":\"https:\/\/seconci.com.br\/site\/2024\/08\/09\/burnout-abre-cat\/#primaryimage\",\"url\":\"https:\/\/seconci.com.br\/site\/wp-content\/uploads\/2024\/08\/stressed-businessman-trying-meet-deadline-accounting-work-scaled.jpg\",\"contentUrl\":\"https:\/\/seconci.com.br\/site\/wp-content\/uploads\/2024\/08\/stressed-businessman-trying-meet-deadline-accounting-work-scaled.jpg\",\"width\":2560,\"height\":1707,\"caption\":\"Stressed businessman trying to meet deadline for accounting work, feeling under pressure from his home office setup. Entrepreneur is overworked working on financial planning.\"},{\"@type\":\"BreadcrumbList\",\"@id\":\"https:\/\/seconci.com.br\/site\/2024\/08\/09\/burnout-abre-cat\/#breadcrumb\",\"itemListElement\":[{\"@type\":\"ListItem\",\"position\":1,\"name\":\"In\u00edcio\",\"item\":\"https:\/\/seconci.com.br\/site\/\"},{\"@type\":\"ListItem\",\"position\":2,\"name\":\"Burnout abre CAT?\"}]},{\"@type\":\"WebSite\",\"@id\":\"https:\/\/seconci.com.br\/site\/#website\",\"url\":\"https:\/\/seconci.com.br\/site\/\",\"name\":\"Seconci Brasil\",\"description\":\"\",\"publisher\":{\"@id\":\"https:\/\/seconci.com.br\/site\/#organization\"},\"potentialAction\":[{\"@type\":\"SearchAction\",\"target\":{\"@type\":\"EntryPoint\",\"urlTemplate\":\"https:\/\/seconci.com.br\/site\/?s={search_term_string}\"},\"query-input\":{\"@type\":\"PropertyValueSpecification\",\"valueRequired\":true,\"valueName\":\"search_term_string\"}}],\"inLanguage\":\"pt-PT\"},{\"@type\":\"Organization\",\"@id\":\"https:\/\/seconci.com.br\/site\/#organization\",\"name\":\"Seconci Brasil\",\"url\":\"https:\/\/seconci.com.br\/site\/\",\"logo\":{\"@type\":\"ImageObject\",\"inLanguage\":\"pt-PT\",\"@id\":\"https:\/\/seconci.com.br\/site\/#\/schema\/logo\/image\/\",\"url\":\"https:\/\/seconci.com.br\/site\/wp-content\/uploads\/2024\/08\/Logo-Seconci-Brasil-branca-2.png\",\"contentUrl\":\"https:\/\/seconci.com.br\/site\/wp-content\/uploads\/2024\/08\/Logo-Seconci-Brasil-branca-2.png\",\"width\":1315,\"height\":598,\"caption\":\"Seconci Brasil\"},\"image\":{\"@id\":\"https:\/\/seconci.com.br\/site\/#\/schema\/logo\/image\/\"}},{\"@type\":\"Person\",\"@id\":\"https:\/\/seconci.com.br\/site\/#\/schema\/person\/1d79afd97ddc8f2c68c1e88e298aa8e2\",\"name\":\"Sidney Rocha\",\"description\":\"Comunicador e estagi\u00e1rio do Seconci Brasil.\",\"url\":\"https:\/\/seconci.com.br\/site\/author\/sidney-rocha\/\"}]}<\/script>\n<!-- \/ Yoast SEO plugin. -->","yoast_head_json":{"title":"Burnout abre CAT? - Seconci Brasil","description":"A S\u00edndrome de Burnout, tamb\u00e9m conhecida como S\u00edndrome do Esgotamento Profissional, \u00e9 um dist\u00farbio emocional que se manifesta atrav\u00e9s de sintomas de exaust\u00e3o extrema, estresse cr\u00f4nico e esgotamento f\u00edsico e mental.","robots":{"index":"index","follow":"follow","max-snippet":"max-snippet:-1","max-image-preview":"max-image-preview:large","max-video-preview":"max-video-preview:-1"},"canonical":"https:\/\/seconci.com.br\/site\/2024\/08\/09\/burnout-abre-cat\/","og_locale":"pt_PT","og_type":"article","og_title":"Burnout abre CAT? - Seconci Brasil","og_description":"A S\u00edndrome de Burnout, tamb\u00e9m conhecida como S\u00edndrome do Esgotamento Profissional, \u00e9 um dist\u00farbio emocional que se manifesta atrav\u00e9s de sintomas de exaust\u00e3o extrema, estresse cr\u00f4nico e esgotamento f\u00edsico e mental.","og_url":"https:\/\/seconci.com.br\/site\/2024\/08\/09\/burnout-abre-cat\/","og_site_name":"Seconci Brasil","article_published_time":"2024-08-09T11:57:36+00:00","article_modified_time":"2024-08-09T11:57:37+00:00","og_image":[{"width":2560,"height":1707,"url":"https:\/\/seconci.com.br\/site\/wp-content\/uploads\/2024\/08\/stressed-businessman-trying-meet-deadline-accounting-work-scaled.jpg","type":"image\/jpeg"}],"author":"Sidney Rocha","twitter_card":"summary_large_image","twitter_misc":{"Escrito por":"Sidney Rocha","Tempo estimado de leitura":"5 minutos"},"schema":{"@context":"https:\/\/schema.org","@graph":[{"@type":"Article","@id":"https:\/\/seconci.com.br\/site\/2024\/08\/09\/burnout-abre-cat\/#article","isPartOf":{"@id":"https:\/\/seconci.com.br\/site\/2024\/08\/09\/burnout-abre-cat\/"},"author":{"name":"Sidney Rocha","@id":"https:\/\/seconci.com.br\/site\/#\/schema\/person\/1d79afd97ddc8f2c68c1e88e298aa8e2"},"headline":"Burnout abre CAT?","datePublished":"2024-08-09T11:57:36+00:00","dateModified":"2024-08-09T11:57:37+00:00","mainEntityOfPage":{"@id":"https:\/\/seconci.com.br\/site\/2024\/08\/09\/burnout-abre-cat\/"},"wordCount":772,"publisher":{"@id":"https:\/\/seconci.com.br\/site\/#organization"},"image":{"@id":"https:\/\/seconci.com.br\/site\/2024\/08\/09\/burnout-abre-cat\/#primaryimage"},"thumbnailUrl":"https:\/\/seconci.com.br\/site\/wp-content\/uploads\/2024\/08\/stressed-businessman-trying-meet-deadline-accounting-work-scaled.jpg","articleSection":["Seconci Brasil"],"inLanguage":"pt-PT"},{"@type":"WebPage","@id":"https:\/\/seconci.com.br\/site\/2024\/08\/09\/burnout-abre-cat\/","url":"https:\/\/seconci.com.br\/site\/2024\/08\/09\/burnout-abre-cat\/","name":"Burnout abre CAT? - Seconci Brasil","isPartOf":{"@id":"https:\/\/seconci.com.br\/site\/#website"},"primaryImageOfPage":{"@id":"https:\/\/seconci.com.br\/site\/2024\/08\/09\/burnout-abre-cat\/#primaryimage"},"image":{"@id":"https:\/\/seconci.com.br\/site\/2024\/08\/09\/burnout-abre-cat\/#primaryimage"},"thumbnailUrl":"https:\/\/seconci.com.br\/site\/wp-content\/uploads\/2024\/08\/stressed-businessman-trying-meet-deadline-accounting-work-scaled.jpg","datePublished":"2024-08-09T11:57:36+00:00","dateModified":"2024-08-09T11:57:37+00:00","description":"A S\u00edndrome de Burnout, tamb\u00e9m conhecida como S\u00edndrome do Esgotamento Profissional, \u00e9 um dist\u00farbio emocional que se manifesta atrav\u00e9s de sintomas de exaust\u00e3o extrema, estresse cr\u00f4nico e esgotamento f\u00edsico e mental.","breadcrumb":{"@id":"https:\/\/seconci.com.br\/site\/2024\/08\/09\/burnout-abre-cat\/#breadcrumb"},"inLanguage":"pt-PT","potentialAction":[{"@type":"ReadAction","target":["https:\/\/seconci.com.br\/site\/2024\/08\/09\/burnout-abre-cat\/"]}]},{"@type":"ImageObject","inLanguage":"pt-PT","@id":"https:\/\/seconci.com.br\/site\/2024\/08\/09\/burnout-abre-cat\/#primaryimage","url":"https:\/\/seconci.com.br\/site\/wp-content\/uploads\/2024\/08\/stressed-businessman-trying-meet-deadline-accounting-work-scaled.jpg","contentUrl":"https:\/\/seconci.com.br\/site\/wp-content\/uploads\/2024\/08\/stressed-businessman-trying-meet-deadline-accounting-work-scaled.jpg","width":2560,"height":1707,"caption":"Stressed businessman trying to meet deadline for accounting work, feeling under pressure from his home office setup. Entrepreneur is overworked working on financial planning."},{"@type":"BreadcrumbList","@id":"https:\/\/seconci.com.br\/site\/2024\/08\/09\/burnout-abre-cat\/#breadcrumb","itemListElement":[{"@type":"ListItem","position":1,"name":"In\u00edcio","item":"https:\/\/seconci.com.br\/site\/"},{"@type":"ListItem","position":2,"name":"Burnout abre CAT?"}]},{"@type":"WebSite","@id":"https:\/\/seconci.com.br\/site\/#website","url":"https:\/\/seconci.com.br\/site\/","name":"Seconci Brasil","description":"","publisher":{"@id":"https:\/\/seconci.com.br\/site\/#organization"},"potentialAction":[{"@type":"SearchAction","target":{"@type":"EntryPoint","urlTemplate":"https:\/\/seconci.com.br\/site\/?s={search_term_string}"},"query-input":{"@type":"PropertyValueSpecification","valueRequired":true,"valueName":"search_term_string"}}],"inLanguage":"pt-PT"},{"@type":"Organization","@id":"https:\/\/seconci.com.br\/site\/#organization","name":"Seconci Brasil","url":"https:\/\/seconci.com.br\/site\/","logo":{"@type":"ImageObject","inLanguage":"pt-PT","@id":"https:\/\/seconci.com.br\/site\/#\/schema\/logo\/image\/","url":"https:\/\/seconci.com.br\/site\/wp-content\/uploads\/2024\/08\/Logo-Seconci-Brasil-branca-2.png","contentUrl":"https:\/\/seconci.com.br\/site\/wp-content\/uploads\/2024\/08\/Logo-Seconci-Brasil-branca-2.png","width":1315,"height":598,"caption":"Seconci Brasil"},"image":{"@id":"https:\/\/seconci.com.br\/site\/#\/schema\/logo\/image\/"}},{"@type":"Person","@id":"https:\/\/seconci.com.br\/site\/#\/schema\/person\/1d79afd97ddc8f2c68c1e88e298aa8e2","name":"Sidney Rocha","description":"Comunicador e estagi\u00e1rio do Seconci Brasil.","url":"https:\/\/seconci.com.br\/site\/author\/sidney-rocha\/"}]}},"_links":{"self":[{"href":"https:\/\/seconci.com.br\/site\/wp-json\/wp\/v2\/posts\/14673","targetHints":{"allow":["GET"]}}],"collection":[{"href":"https:\/\/seconci.com.br\/site\/wp-json\/wp\/v2\/posts"}],"about":[{"href":"https:\/\/seconci.com.br\/site\/wp-json\/wp\/v2\/types\/post"}],"author":[{"embeddable":true,"href":"https:\/\/seconci.com.br\/site\/wp-json\/wp\/v2\/users\/3"}],"replies":[{"embeddable":true,"href":"https:\/\/seconci.com.br\/site\/wp-json\/wp\/v2\/comments?post=14673"}],"version-history":[{"count":0,"href":"https:\/\/seconci.com.br\/site\/wp-json\/wp\/v2\/posts\/14673\/revisions"}],"wp:featuredmedia":[{"embeddable":true,"href":"https:\/\/seconci.com.br\/site\/wp-json\/wp\/v2\/media\/14674"}],"wp:attachment":[{"href":"https:\/\/seconci.com.br\/site\/wp-json\/wp\/v2\/media?parent=14673"}],"wp:term":[{"taxonomy":"category","embeddable":true,"href":"https:\/\/seconci.com.br\/site\/wp-json\/wp\/v2\/categories?post=14673"},{"taxonomy":"post_tag","embeddable":true,"href":"https:\/\/seconci.com.br\/site\/wp-json\/wp\/v2\/tags?post=14673"}],"curies":[{"name":"wp","href":"https:\/\/api.w.org\/{rel}","templated":true}]}}