{"id":14679,"date":"2024-08-12T13:31:42","date_gmt":"2024-08-12T13:31:42","guid":{"rendered":"https:\/\/seconci.com.br\/site\/?p=14679"},"modified":"2024-08-12T13:31:44","modified_gmt":"2024-08-12T13:31:44","slug":"seconci-sp-celebra-seus-60-anos-com-programacao-cultural-dedicada-aos-trabalhadores-da-construcao","status":"publish","type":"post","link":"https:\/\/seconci.com.br\/site\/2024\/08\/12\/seconci-sp-celebra-seus-60-anos-com-programacao-cultural-dedicada-aos-trabalhadores-da-construcao\/","title":{"rendered":"Seconci-SP celebra seus 60 anos com programa\u00e7\u00e3o cultural dedicada aos trabalhadores da constru\u00e7\u00e3o"},"content":{"rendered":"\n<p>Para celebrar os seus 60 anos comemorados neste 2024, o Seconci-SP deu in\u00edcio a uma programa\u00e7\u00e3o cultural inteiramente dedicada aos trabalhadores da ind\u00fastria da constru\u00e7\u00e3o e seus familiares.<\/p>\n\n\n\n<p>Segundo Maristela Honda, presidente do Seconci-SP, \u201cpara marcar uma data t\u00e3o importante como esta, decidimos homenagear nossos trabalhadores, com espet\u00e1culos inesquec\u00edveis de arte, cultura e divers\u00e3o, proporcionando-lhes viv\u00eancias de qualidade com seus familiares\u201d.<\/p>\n\n\n\n<p>A programa\u00e7\u00e3o consiste na apresenta\u00e7\u00e3o gratuita de pe\u00e7as de teatro na Capital e em todas as Regionais do Seconci-SP, em parceria com o Sesi-SP.<\/p>\n\n\n\n<p>Os eventos se iniciaram por Sorocaba, com apresenta\u00e7\u00e3o da divertida pe\u00e7a \u201cAdams \u2013 O Musical\u201d. Produzido pela diretora teatral Sady Medeiros, o mesmo espet\u00e1culo ser\u00e1 apresentado para os trabalhadores da Capital em 31 de agosto, no Teatro do Seconci-SP.<\/p>\n\n\n\n<p>A impag\u00e1vel com\u00e9dia \u201cA Megera Domada\u201d, de William Shakespeare, foi apresentada em Bauru. J\u00e1 a renomada pe\u00e7a \u201cO Auto da Compadecida\u201d, do escritor e romancista Ariano Suassuna, foi apresentada aos trabalhadores de S\u00e3o Jos\u00e9 dos Campos na semana passada e ser\u00e1 exibida aos de Mogi das Cruzes nesta semana.<\/p>\n\n\n\n<p>Em setembro, os trabalhadores de Piracicaba assistir\u00e3o ao musical \u201cO M\u00e1gico de Oz\u201d, produzido pelo programa Divers\u00e3o em Cena. As demais Regionais do SindusCon-SP est\u00e3o agendando as respectivas apresenta\u00e7\u00f5es.<\/p>\n\n\n\n<p><em>Fonte: Seconci-SP<\/em><\/p>\n","protected":false},"excerpt":{"rendered":"<p>Para celebrar os seus 60 anos comemorados neste 2024, o Seconci-SP deu in\u00edcio a uma programa\u00e7\u00e3o cultural inteiramente dedicada aos trabalhadores da ind\u00fastria da constru\u00e7\u00e3o e seus familiares. Segundo Maristela Honda, presidente do Seconci-SP, \u201cpara marcar uma data t\u00e3o importante como esta, decidimos homenagear nossos trabalhadores, com espet\u00e1culos inesquec\u00edveis de arte, cultura e divers\u00e3o, proporcionando-lhes [&hellip;]<\/p>\n","protected":false},"author":3,"featured_media":13827,"comment_status":"closed","ping_status":"closed","sticky":false,"template":"","format":"standard","meta":{"footnotes":""},"categories":[92],"tags":[],"class_list":["post-14679","post","type-post","status-publish","format-standard","has-post-thumbnail","hentry","category-seconci-brasil"],"yoast_head":"<!-- This site is optimized with the Yoast SEO plugin v26.9 - https:\/\/yoast.com\/product\/yoast-seo-wordpress\/ -->\n<title>Seconci-SP celebra seus 60 anos com programa\u00e7\u00e3o cultural dedicada aos trabalhadores da constru\u00e7\u00e3o<\/title>\n<meta name=\"description\" content=\"Para celebrar os seus 60 anos comemorados neste 2024, o Seconci-SP deu in\u00edcio a uma programa\u00e7\u00e3o cultural inteiramente dedicada aos trabalhadores da ind\u00fastria da constru\u00e7\u00e3o e seus familiares.\" \/>\n<meta name=\"robots\" content=\"index, follow, max-snippet:-1, max-image-preview:large, max-video-preview:-1\" \/>\n<link rel=\"canonical\" href=\"https:\/\/seconci.com.br\/site\/2024\/08\/12\/seconci-sp-celebra-seus-60-anos-com-programacao-cultural-dedicada-aos-trabalhadores-da-construcao\/\" \/>\n<meta property=\"og:locale\" content=\"pt_PT\" \/>\n<meta property=\"og:type\" content=\"article\" \/>\n<meta property=\"og:title\" content=\"Seconci-SP celebra seus 60 anos com programa\u00e7\u00e3o cultural dedicada aos trabalhadores da constru\u00e7\u00e3o\" \/>\n<meta property=\"og:description\" content=\"Para celebrar os seus 60 anos comemorados neste 2024, o Seconci-SP deu in\u00edcio a uma programa\u00e7\u00e3o cultural inteiramente dedicada aos trabalhadores da ind\u00fastria da constru\u00e7\u00e3o e seus familiares.\" \/>\n<meta property=\"og:url\" content=\"https:\/\/seconci.com.br\/site\/2024\/08\/12\/seconci-sp-celebra-seus-60-anos-com-programacao-cultural-dedicada-aos-trabalhadores-da-construcao\/\" \/>\n<meta property=\"og:site_name\" content=\"Seconci Brasil\" \/>\n<meta property=\"article:published_time\" content=\"2024-08-12T13:31:42+00:00\" \/>\n<meta property=\"article:modified_time\" content=\"2024-08-12T13:31:44+00:00\" \/>\n<meta property=\"og:image\" content=\"https:\/\/seconci.com.br\/site\/wp-content\/uploads\/2024\/04\/Unidade-Central-do-Seconci-SP-conquista-Acreditacao-ONA.jpg\" \/>\n\t<meta property=\"og:image:width\" content=\"1080\" \/>\n\t<meta property=\"og:image:height\" content=\"500\" \/>\n\t<meta property=\"og:image:type\" content=\"image\/jpeg\" \/>\n<meta name=\"author\" content=\"Sidney Rocha\" \/>\n<meta name=\"twitter:card\" content=\"summary_large_image\" \/>\n<meta name=\"twitter:label1\" content=\"Escrito por\" \/>\n\t<meta name=\"twitter:data1\" content=\"Sidney Rocha\" \/>\n\t<meta name=\"twitter:label2\" content=\"Tempo estimado de leitura\" \/>\n\t<meta name=\"twitter:data2\" content=\"2 minutos\" \/>\n<script type=\"application\/ld+json\" class=\"yoast-schema-graph\">{\"@context\":\"https:\/\/schema.org\",\"@graph\":[{\"@type\":\"Article\",\"@id\":\"https:\/\/seconci.com.br\/site\/2024\/08\/12\/seconci-sp-celebra-seus-60-anos-com-programacao-cultural-dedicada-aos-trabalhadores-da-construcao\/#article\",\"isPartOf\":{\"@id\":\"https:\/\/seconci.com.br\/site\/2024\/08\/12\/seconci-sp-celebra-seus-60-anos-com-programacao-cultural-dedicada-aos-trabalhadores-da-construcao\/\"},\"author\":{\"name\":\"Sidney Rocha\",\"@id\":\"https:\/\/seconci.com.br\/site\/#\/schema\/person\/1d79afd97ddc8f2c68c1e88e298aa8e2\"},\"headline\":\"Seconci-SP celebra seus 60 anos com programa\u00e7\u00e3o cultural dedicada aos trabalhadores da constru\u00e7\u00e3o\",\"datePublished\":\"2024-08-12T13:31:42+00:00\",\"dateModified\":\"2024-08-12T13:31:44+00:00\",\"mainEntityOfPage\":{\"@id\":\"https:\/\/seconci.com.br\/site\/2024\/08\/12\/seconci-sp-celebra-seus-60-anos-com-programacao-cultural-dedicada-aos-trabalhadores-da-construcao\/\"},\"wordCount\":238,\"publisher\":{\"@id\":\"https:\/\/seconci.com.br\/site\/#organization\"},\"image\":{\"@id\":\"https:\/\/seconci.com.br\/site\/2024\/08\/12\/seconci-sp-celebra-seus-60-anos-com-programacao-cultural-dedicada-aos-trabalhadores-da-construcao\/#primaryimage\"},\"thumbnailUrl\":\"https:\/\/seconci.com.br\/site\/wp-content\/uploads\/2024\/04\/Unidade-Central-do-Seconci-SP-conquista-Acreditacao-ONA.jpg\",\"articleSection\":[\"Seconci Brasil\"],\"inLanguage\":\"pt-PT\"},{\"@type\":\"WebPage\",\"@id\":\"https:\/\/seconci.com.br\/site\/2024\/08\/12\/seconci-sp-celebra-seus-60-anos-com-programacao-cultural-dedicada-aos-trabalhadores-da-construcao\/\",\"url\":\"https:\/\/seconci.com.br\/site\/2024\/08\/12\/seconci-sp-celebra-seus-60-anos-com-programacao-cultural-dedicada-aos-trabalhadores-da-construcao\/\",\"name\":\"Seconci-SP celebra seus 60 anos com programa\u00e7\u00e3o cultural dedicada aos trabalhadores da constru\u00e7\u00e3o\",\"isPartOf\":{\"@id\":\"https:\/\/seconci.com.br\/site\/#website\"},\"primaryImageOfPage\":{\"@id\":\"https:\/\/seconci.com.br\/site\/2024\/08\/12\/seconci-sp-celebra-seus-60-anos-com-programacao-cultural-dedicada-aos-trabalhadores-da-construcao\/#primaryimage\"},\"image\":{\"@id\":\"https:\/\/seconci.com.br\/site\/2024\/08\/12\/seconci-sp-celebra-seus-60-anos-com-programacao-cultural-dedicada-aos-trabalhadores-da-construcao\/#primaryimage\"},\"thumbnailUrl\":\"https:\/\/seconci.com.br\/site\/wp-content\/uploads\/2024\/04\/Unidade-Central-do-Seconci-SP-conquista-Acreditacao-ONA.jpg\",\"datePublished\":\"2024-08-12T13:31:42+00:00\",\"dateModified\":\"2024-08-12T13:31:44+00:00\",\"description\":\"Para celebrar os seus 60 anos comemorados neste 2024, o Seconci-SP deu in\u00edcio a uma programa\u00e7\u00e3o cultural inteiramente dedicada aos trabalhadores da ind\u00fastria da constru\u00e7\u00e3o e seus familiares.\",\"breadcrumb\":{\"@id\":\"https:\/\/seconci.com.br\/site\/2024\/08\/12\/seconci-sp-celebra-seus-60-anos-com-programacao-cultural-dedicada-aos-trabalhadores-da-construcao\/#breadcrumb\"},\"inLanguage\":\"pt-PT\",\"potentialAction\":[{\"@type\":\"ReadAction\",\"target\":[\"https:\/\/seconci.com.br\/site\/2024\/08\/12\/seconci-sp-celebra-seus-60-anos-com-programacao-cultural-dedicada-aos-trabalhadores-da-construcao\/\"]}]},{\"@type\":\"ImageObject\",\"inLanguage\":\"pt-PT\",\"@id\":\"https:\/\/seconci.com.br\/site\/2024\/08\/12\/seconci-sp-celebra-seus-60-anos-com-programacao-cultural-dedicada-aos-trabalhadores-da-construcao\/#primaryimage\",\"url\":\"https:\/\/seconci.com.br\/site\/wp-content\/uploads\/2024\/04\/Unidade-Central-do-Seconci-SP-conquista-Acreditacao-ONA.jpg\",\"contentUrl\":\"https:\/\/seconci.com.br\/site\/wp-content\/uploads\/2024\/04\/Unidade-Central-do-Seconci-SP-conquista-Acreditacao-ONA.jpg\",\"width\":1080,\"height\":500},{\"@type\":\"BreadcrumbList\",\"@id\":\"https:\/\/seconci.com.br\/site\/2024\/08\/12\/seconci-sp-celebra-seus-60-anos-com-programacao-cultural-dedicada-aos-trabalhadores-da-construcao\/#breadcrumb\",\"itemListElement\":[{\"@type\":\"ListItem\",\"position\":1,\"name\":\"In\u00edcio\",\"item\":\"https:\/\/seconci.com.br\/site\/\"},{\"@type\":\"ListItem\",\"position\":2,\"name\":\"Seconci-SP celebra seus 60 anos com programa\u00e7\u00e3o cultural dedicada aos trabalhadores da constru\u00e7\u00e3o\"}]},{\"@type\":\"WebSite\",\"@id\":\"https:\/\/seconci.com.br\/site\/#website\",\"url\":\"https:\/\/seconci.com.br\/site\/\",\"name\":\"Seconci Brasil\",\"description\":\"\",\"publisher\":{\"@id\":\"https:\/\/seconci.com.br\/site\/#organization\"},\"potentialAction\":[{\"@type\":\"SearchAction\",\"target\":{\"@type\":\"EntryPoint\",\"urlTemplate\":\"https:\/\/seconci.com.br\/site\/?s={search_term_string}\"},\"query-input\":{\"@type\":\"PropertyValueSpecification\",\"valueRequired\":true,\"valueName\":\"search_term_string\"}}],\"inLanguage\":\"pt-PT\"},{\"@type\":\"Organization\",\"@id\":\"https:\/\/seconci.com.br\/site\/#organization\",\"name\":\"Seconci Brasil\",\"url\":\"https:\/\/seconci.com.br\/site\/\",\"logo\":{\"@type\":\"ImageObject\",\"inLanguage\":\"pt-PT\",\"@id\":\"https:\/\/seconci.com.br\/site\/#\/schema\/logo\/image\/\",\"url\":\"https:\/\/seconci.com.br\/site\/wp-content\/uploads\/2024\/08\/Logo-Seconci-Brasil-branca-2.png\",\"contentUrl\":\"https:\/\/seconci.com.br\/site\/wp-content\/uploads\/2024\/08\/Logo-Seconci-Brasil-branca-2.png\",\"width\":1315,\"height\":598,\"caption\":\"Seconci Brasil\"},\"image\":{\"@id\":\"https:\/\/seconci.com.br\/site\/#\/schema\/logo\/image\/\"}},{\"@type\":\"Person\",\"@id\":\"https:\/\/seconci.com.br\/site\/#\/schema\/person\/1d79afd97ddc8f2c68c1e88e298aa8e2\",\"name\":\"Sidney Rocha\",\"description\":\"Comunicador e estagi\u00e1rio do Seconci Brasil.\",\"url\":\"https:\/\/seconci.com.br\/site\/author\/sidney-rocha\/\"}]}<\/script>\n<!-- \/ Yoast SEO plugin. -->","yoast_head_json":{"title":"Seconci-SP celebra seus 60 anos com programa\u00e7\u00e3o cultural dedicada aos trabalhadores da constru\u00e7\u00e3o","description":"Para celebrar os seus 60 anos comemorados neste 2024, o Seconci-SP deu in\u00edcio a uma programa\u00e7\u00e3o cultural inteiramente dedicada aos trabalhadores da ind\u00fastria da constru\u00e7\u00e3o e seus familiares.","robots":{"index":"index","follow":"follow","max-snippet":"max-snippet:-1","max-image-preview":"max-image-preview:large","max-video-preview":"max-video-preview:-1"},"canonical":"https:\/\/seconci.com.br\/site\/2024\/08\/12\/seconci-sp-celebra-seus-60-anos-com-programacao-cultural-dedicada-aos-trabalhadores-da-construcao\/","og_locale":"pt_PT","og_type":"article","og_title":"Seconci-SP celebra seus 60 anos com programa\u00e7\u00e3o cultural dedicada aos trabalhadores da constru\u00e7\u00e3o","og_description":"Para celebrar os seus 60 anos comemorados neste 2024, o Seconci-SP deu in\u00edcio a uma programa\u00e7\u00e3o cultural inteiramente dedicada aos trabalhadores da ind\u00fastria da constru\u00e7\u00e3o e seus familiares.","og_url":"https:\/\/seconci.com.br\/site\/2024\/08\/12\/seconci-sp-celebra-seus-60-anos-com-programacao-cultural-dedicada-aos-trabalhadores-da-construcao\/","og_site_name":"Seconci Brasil","article_published_time":"2024-08-12T13:31:42+00:00","article_modified_time":"2024-08-12T13:31:44+00:00","og_image":[{"width":1080,"height":500,"url":"https:\/\/seconci.com.br\/site\/wp-content\/uploads\/2024\/04\/Unidade-Central-do-Seconci-SP-conquista-Acreditacao-ONA.jpg","type":"image\/jpeg"}],"author":"Sidney Rocha","twitter_card":"summary_large_image","twitter_misc":{"Escrito por":"Sidney Rocha","Tempo estimado de leitura":"2 minutos"},"schema":{"@context":"https:\/\/schema.org","@graph":[{"@type":"Article","@id":"https:\/\/seconci.com.br\/site\/2024\/08\/12\/seconci-sp-celebra-seus-60-anos-com-programacao-cultural-dedicada-aos-trabalhadores-da-construcao\/#article","isPartOf":{"@id":"https:\/\/seconci.com.br\/site\/2024\/08\/12\/seconci-sp-celebra-seus-60-anos-com-programacao-cultural-dedicada-aos-trabalhadores-da-construcao\/"},"author":{"name":"Sidney Rocha","@id":"https:\/\/seconci.com.br\/site\/#\/schema\/person\/1d79afd97ddc8f2c68c1e88e298aa8e2"},"headline":"Seconci-SP celebra seus 60 anos com programa\u00e7\u00e3o cultural dedicada aos trabalhadores da constru\u00e7\u00e3o","datePublished":"2024-08-12T13:31:42+00:00","dateModified":"2024-08-12T13:31:44+00:00","mainEntityOfPage":{"@id":"https:\/\/seconci.com.br\/site\/2024\/08\/12\/seconci-sp-celebra-seus-60-anos-com-programacao-cultural-dedicada-aos-trabalhadores-da-construcao\/"},"wordCount":238,"publisher":{"@id":"https:\/\/seconci.com.br\/site\/#organization"},"image":{"@id":"https:\/\/seconci.com.br\/site\/2024\/08\/12\/seconci-sp-celebra-seus-60-anos-com-programacao-cultural-dedicada-aos-trabalhadores-da-construcao\/#primaryimage"},"thumbnailUrl":"https:\/\/seconci.com.br\/site\/wp-content\/uploads\/2024\/04\/Unidade-Central-do-Seconci-SP-conquista-Acreditacao-ONA.jpg","articleSection":["Seconci Brasil"],"inLanguage":"pt-PT"},{"@type":"WebPage","@id":"https:\/\/seconci.com.br\/site\/2024\/08\/12\/seconci-sp-celebra-seus-60-anos-com-programacao-cultural-dedicada-aos-trabalhadores-da-construcao\/","url":"https:\/\/seconci.com.br\/site\/2024\/08\/12\/seconci-sp-celebra-seus-60-anos-com-programacao-cultural-dedicada-aos-trabalhadores-da-construcao\/","name":"Seconci-SP celebra seus 60 anos com programa\u00e7\u00e3o cultural dedicada aos trabalhadores da constru\u00e7\u00e3o","isPartOf":{"@id":"https:\/\/seconci.com.br\/site\/#website"},"primaryImageOfPage":{"@id":"https:\/\/seconci.com.br\/site\/2024\/08\/12\/seconci-sp-celebra-seus-60-anos-com-programacao-cultural-dedicada-aos-trabalhadores-da-construcao\/#primaryimage"},"image":{"@id":"https:\/\/seconci.com.br\/site\/2024\/08\/12\/seconci-sp-celebra-seus-60-anos-com-programacao-cultural-dedicada-aos-trabalhadores-da-construcao\/#primaryimage"},"thumbnailUrl":"https:\/\/seconci.com.br\/site\/wp-content\/uploads\/2024\/04\/Unidade-Central-do-Seconci-SP-conquista-Acreditacao-ONA.jpg","datePublished":"2024-08-12T13:31:42+00:00","dateModified":"2024-08-12T13:31:44+00:00","description":"Para celebrar os seus 60 anos comemorados neste 2024, o Seconci-SP deu in\u00edcio a uma programa\u00e7\u00e3o cultural inteiramente dedicada aos trabalhadores da ind\u00fastria da constru\u00e7\u00e3o e seus familiares.","breadcrumb":{"@id":"https:\/\/seconci.com.br\/site\/2024\/08\/12\/seconci-sp-celebra-seus-60-anos-com-programacao-cultural-dedicada-aos-trabalhadores-da-construcao\/#breadcrumb"},"inLanguage":"pt-PT","potentialAction":[{"@type":"ReadAction","target":["https:\/\/seconci.com.br\/site\/2024\/08\/12\/seconci-sp-celebra-seus-60-anos-com-programacao-cultural-dedicada-aos-trabalhadores-da-construcao\/"]}]},{"@type":"ImageObject","inLanguage":"pt-PT","@id":"https:\/\/seconci.com.br\/site\/2024\/08\/12\/seconci-sp-celebra-seus-60-anos-com-programacao-cultural-dedicada-aos-trabalhadores-da-construcao\/#primaryimage","url":"https:\/\/seconci.com.br\/site\/wp-content\/uploads\/2024\/04\/Unidade-Central-do-Seconci-SP-conquista-Acreditacao-ONA.jpg","contentUrl":"https:\/\/seconci.com.br\/site\/wp-content\/uploads\/2024\/04\/Unidade-Central-do-Seconci-SP-conquista-Acreditacao-ONA.jpg","width":1080,"height":500},{"@type":"BreadcrumbList","@id":"https:\/\/seconci.com.br\/site\/2024\/08\/12\/seconci-sp-celebra-seus-60-anos-com-programacao-cultural-dedicada-aos-trabalhadores-da-construcao\/#breadcrumb","itemListElement":[{"@type":"ListItem","position":1,"name":"In\u00edcio","item":"https:\/\/seconci.com.br\/site\/"},{"@type":"ListItem","position":2,"name":"Seconci-SP celebra seus 60 anos com programa\u00e7\u00e3o cultural dedicada aos trabalhadores da constru\u00e7\u00e3o"}]},{"@type":"WebSite","@id":"https:\/\/seconci.com.br\/site\/#website","url":"https:\/\/seconci.com.br\/site\/","name":"Seconci Brasil","description":"","publisher":{"@id":"https:\/\/seconci.com.br\/site\/#organization"},"potentialAction":[{"@type":"SearchAction","target":{"@type":"EntryPoint","urlTemplate":"https:\/\/seconci.com.br\/site\/?s={search_term_string}"},"query-input":{"@type":"PropertyValueSpecification","valueRequired":true,"valueName":"search_term_string"}}],"inLanguage":"pt-PT"},{"@type":"Organization","@id":"https:\/\/seconci.com.br\/site\/#organization","name":"Seconci Brasil","url":"https:\/\/seconci.com.br\/site\/","logo":{"@type":"ImageObject","inLanguage":"pt-PT","@id":"https:\/\/seconci.com.br\/site\/#\/schema\/logo\/image\/","url":"https:\/\/seconci.com.br\/site\/wp-content\/uploads\/2024\/08\/Logo-Seconci-Brasil-branca-2.png","contentUrl":"https:\/\/seconci.com.br\/site\/wp-content\/uploads\/2024\/08\/Logo-Seconci-Brasil-branca-2.png","width":1315,"height":598,"caption":"Seconci Brasil"},"image":{"@id":"https:\/\/seconci.com.br\/site\/#\/schema\/logo\/image\/"}},{"@type":"Person","@id":"https:\/\/seconci.com.br\/site\/#\/schema\/person\/1d79afd97ddc8f2c68c1e88e298aa8e2","name":"Sidney Rocha","description":"Comunicador e estagi\u00e1rio do Seconci Brasil.","url":"https:\/\/seconci.com.br\/site\/author\/sidney-rocha\/"}]}},"_links":{"self":[{"href":"https:\/\/seconci.com.br\/site\/wp-json\/wp\/v2\/posts\/14679","targetHints":{"allow":["GET"]}}],"collection":[{"href":"https:\/\/seconci.com.br\/site\/wp-json\/wp\/v2\/posts"}],"about":[{"href":"https:\/\/seconci.com.br\/site\/wp-json\/wp\/v2\/types\/post"}],"author":[{"embeddable":true,"href":"https:\/\/seconci.com.br\/site\/wp-json\/wp\/v2\/users\/3"}],"replies":[{"embeddable":true,"href":"https:\/\/seconci.com.br\/site\/wp-json\/wp\/v2\/comments?post=14679"}],"version-history":[{"count":1,"href":"https:\/\/seconci.com.br\/site\/wp-json\/wp\/v2\/posts\/14679\/revisions"}],"predecessor-version":[{"id":14692,"href":"https:\/\/seconci.com.br\/site\/wp-json\/wp\/v2\/posts\/14679\/revisions\/14692"}],"wp:featuredmedia":[{"embeddable":true,"href":"https:\/\/seconci.com.br\/site\/wp-json\/wp\/v2\/media\/13827"}],"wp:attachment":[{"href":"https:\/\/seconci.com.br\/site\/wp-json\/wp\/v2\/media?parent=14679"}],"wp:term":[{"taxonomy":"category","embeddable":true,"href":"https:\/\/seconci.com.br\/site\/wp-json\/wp\/v2\/categories?post=14679"},{"taxonomy":"post_tag","embeddable":true,"href":"https:\/\/seconci.com.br\/site\/wp-json\/wp\/v2\/tags?post=14679"}],"curies":[{"name":"wp","href":"https:\/\/api.w.org\/{rel}","templated":true}]}}