{"id":14700,"date":"2024-08-13T11:50:56","date_gmt":"2024-08-13T11:50:56","guid":{"rendered":"https:\/\/seconci.com.br\/site\/?p=14700"},"modified":"2024-08-13T11:50:57","modified_gmt":"2024-08-13T11:50:57","slug":"agosto-lilas-projeto-do-seconci-df-sensibiliza-trabalhadores","status":"publish","type":"post","link":"https:\/\/seconci.com.br\/site\/2024\/08\/13\/agosto-lilas-projeto-do-seconci-df-sensibiliza-trabalhadores\/","title":{"rendered":"Agosto Lil\u00e1s \u2013 Projeto do Seconci-DF sensibiliza trabalhadores"},"content":{"rendered":"\n<p>Com objetivo de tornar os homens protetores das mulheres, v\u00e1rios canteiros de obras est\u00e3o sendo visitados para falar sobre preven\u00e7\u00e3o e combate \u00e0 viol\u00eancia dom\u00e9stica e familiar.<\/p>\n\n\n\n<p>Falar sobre viol\u00eancia contra mulher com os trabalhadores e torn\u00e1-los protetores e defensores da causa. Esse \u00e9 um dos objetivos do projeto \u2018EU PROTEJO AS MULHERES\u2019, iniciativa do Servi\u00e7o Social da Ind\u00fastria da Constru\u00e7\u00e3o Civil do DF (Seconci-DF), em parceria com o Sindicato da Ind\u00fastria da Constru\u00e7\u00e3o (Sinduscon-DF) e do Sindicato dos Trabalhadores da Constru\u00e7\u00e3o de Bras\u00edlia (Sticombe). At\u00e9 o momento, a equipe j\u00e1 visitou 10 canteiros de obras com cerca de 1.500 trabalhadores sensibilizados.<\/p>\n\n\n\n<p>\u2018EU PROTEJO AS MULHERES\u2019 come\u00e7a com uma palestra de sensibiliza\u00e7\u00e3o, em seguida h\u00e1 a entrega de um adesivo para fixa\u00e7\u00e3o nos capacetes. Mas o projeto vai muito al\u00e9m disso, como explica a assistente social do Seconci-DF, Roseane dos Santos. \u201cN\u00f3s vamos at\u00e9 o canteiro para que eles saibam que estamos preocupados e queremos ajudar; nossa ajuda est\u00e1 dispon\u00edvel para a v\u00edtima, os familiares e o potencial agressor. Precisamos entender por que essa viol\u00eancia est\u00e1 acontecendo e como amparar quem precisa: para isso, contamos com nossos profissionais do psicossocial para dar seguimento depois da palestra em atendimentos individualizados de quem precisa ou esteja passando por algum tipo de viol\u00eancia\u201d, conta Roseane.<\/p>\n\n\n\n<p>Acompanhando Roseane durante as palestras, o t\u00e9cnico de seguran\u00e7a do trabalho do Seconci-DF, Solano Nascimento, refor\u00e7a a import\u00e2ncia desse tema dentro das obras. Ele comenta que sempre h\u00e1 algum relato de algu\u00e9m que presenciou uma situa\u00e7\u00e3o de viol\u00eancia, seja de um parente, familiar ou amigo pr\u00f3ximo. \u201cTem sido um trabalho de descobertas e de conversa com os trabalhadores. Muitos conseguem relatar situa\u00e7\u00f5es vivenciadas sobre o tema e isso \u00e9 enriquecedor porque mostra para os colegas a import\u00e2ncia do tema e de se falar sobre o assunto nos canteiros\u201d, afirma Solano.<\/p>\n\n\n\n<p>Corroborando a fala do Solano, durante visita num canteiro no Sudoeste, um dos trabalhadores quis relatar sua experi\u00eancia. O carpinteiro Claudionor do Nascimento contou para a equipe do projeto que uma irm\u00e3 esteve em situa\u00e7\u00e3o de viol\u00eancia. \u201cA palestra foi muito esclarecedora e, muitas vezes, a gente esconde esse tipo de situa\u00e7\u00e3o por n\u00e3o ter coragem de expor, falar dos assuntos que acontecem nas fam\u00edlias brasileiras. O tema abordado na palestra do Seconci \u00e9 vivenciado por muitas fam\u00edlias que n\u00e3o sabem como pedir socorro e esse apoio \u00e9 um caminho que pode ajudar quem precisa\u201d, finalizou Claudionor.<\/p>\n\n\n\n<p>At\u00e9 o final de agosto, est\u00e3o previstas mais 7 palestras do projeto com alcance estimado de mais de dois mil trabalhadores. Os trabalhadores, familiares e mulheres que precisam de apoio, podem entrar em contato com o servi\u00e7o psicossocial da institui\u00e7\u00e3o para mais informa\u00e7\u00f5es e agendamento com os profissionais da \u00e1rea. Basta ligar para (61) 3399-1888 ramal 211 ou entrar em contato pelo e-mail social@seconci-df.org.br .<\/p>\n\n\n\n<p><em>Fonte: Seconci-DF<\/em><\/p>\n","protected":false},"excerpt":{"rendered":"<p>Com objetivo de tornar os homens protetores das mulheres, v\u00e1rios canteiros de obras est\u00e3o sendo visitados para falar sobre preven\u00e7\u00e3o e combate \u00e0 viol\u00eancia dom\u00e9stica e familiar. Falar sobre viol\u00eancia contra mulher com os trabalhadores e torn\u00e1-los protetores e defensores da causa. Esse \u00e9 um dos objetivos do projeto \u2018EU PROTEJO AS MULHERES\u2019, iniciativa do [&hellip;]<\/p>\n","protected":false},"author":3,"featured_media":14701,"comment_status":"closed","ping_status":"closed","sticky":false,"template":"","format":"standard","meta":{"footnotes":""},"categories":[92],"tags":[],"class_list":["post-14700","post","type-post","status-publish","format-standard","has-post-thumbnail","hentry","category-seconci-brasil"],"yoast_head":"<!-- This site is optimized with the Yoast SEO plugin v26.9 - https:\/\/yoast.com\/product\/yoast-seo-wordpress\/ -->\n<title>Agosto Lil\u00e1s \u2013 Projeto do Seconci-DF sensibiliza trabalhadores - Seconci Brasil<\/title>\n<meta name=\"description\" content=\"Com objetivo de tornar os homens protetores das mulheres, v\u00e1rios canteiros de obras est\u00e3o sendo visitados para falar sobre preven\u00e7\u00e3o e combate \u00e0 viol\u00eancia dom\u00e9stica e familiar.\" \/>\n<meta name=\"robots\" content=\"index, follow, max-snippet:-1, max-image-preview:large, max-video-preview:-1\" \/>\n<link rel=\"canonical\" href=\"https:\/\/seconci.com.br\/site\/2024\/08\/13\/agosto-lilas-projeto-do-seconci-df-sensibiliza-trabalhadores\/\" \/>\n<meta property=\"og:locale\" content=\"pt_PT\" \/>\n<meta property=\"og:type\" content=\"article\" \/>\n<meta property=\"og:title\" content=\"Agosto Lil\u00e1s \u2013 Projeto do Seconci-DF sensibiliza trabalhadores - Seconci Brasil\" \/>\n<meta property=\"og:description\" content=\"Com objetivo de tornar os homens protetores das mulheres, v\u00e1rios canteiros de obras est\u00e3o sendo visitados para falar sobre preven\u00e7\u00e3o e combate \u00e0 viol\u00eancia dom\u00e9stica e familiar.\" \/>\n<meta property=\"og:url\" content=\"https:\/\/seconci.com.br\/site\/2024\/08\/13\/agosto-lilas-projeto-do-seconci-df-sensibiliza-trabalhadores\/\" \/>\n<meta property=\"og:site_name\" content=\"Seconci Brasil\" \/>\n<meta property=\"article:published_time\" content=\"2024-08-13T11:50:56+00:00\" \/>\n<meta property=\"article:modified_time\" content=\"2024-08-13T11:50:57+00:00\" \/>\n<meta property=\"og:image\" content=\"https:\/\/seconci.com.br\/site\/wp-content\/uploads\/2024\/08\/WhatsApp-Image-2024-08-09-at-14.41.35.jpeg\" \/>\n\t<meta property=\"og:image:width\" content=\"1280\" \/>\n\t<meta property=\"og:image:height\" content=\"960\" \/>\n\t<meta property=\"og:image:type\" content=\"image\/jpeg\" \/>\n<meta name=\"author\" content=\"Sidney Rocha\" \/>\n<meta name=\"twitter:card\" content=\"summary_large_image\" \/>\n<meta name=\"twitter:label1\" content=\"Escrito por\" \/>\n\t<meta name=\"twitter:data1\" content=\"Sidney Rocha\" \/>\n\t<meta name=\"twitter:label2\" content=\"Tempo estimado de leitura\" \/>\n\t<meta name=\"twitter:data2\" content=\"3 minutos\" \/>\n<script type=\"application\/ld+json\" class=\"yoast-schema-graph\">{\"@context\":\"https:\/\/schema.org\",\"@graph\":[{\"@type\":\"Article\",\"@id\":\"https:\/\/seconci.com.br\/site\/2024\/08\/13\/agosto-lilas-projeto-do-seconci-df-sensibiliza-trabalhadores\/#article\",\"isPartOf\":{\"@id\":\"https:\/\/seconci.com.br\/site\/2024\/08\/13\/agosto-lilas-projeto-do-seconci-df-sensibiliza-trabalhadores\/\"},\"author\":{\"name\":\"Sidney Rocha\",\"@id\":\"https:\/\/seconci.com.br\/site\/#\/schema\/person\/1d79afd97ddc8f2c68c1e88e298aa8e2\"},\"headline\":\"Agosto Lil\u00e1s \u2013 Projeto do Seconci-DF sensibiliza trabalhadores\",\"datePublished\":\"2024-08-13T11:50:56+00:00\",\"dateModified\":\"2024-08-13T11:50:57+00:00\",\"mainEntityOfPage\":{\"@id\":\"https:\/\/seconci.com.br\/site\/2024\/08\/13\/agosto-lilas-projeto-do-seconci-df-sensibiliza-trabalhadores\/\"},\"wordCount\":511,\"publisher\":{\"@id\":\"https:\/\/seconci.com.br\/site\/#organization\"},\"image\":{\"@id\":\"https:\/\/seconci.com.br\/site\/2024\/08\/13\/agosto-lilas-projeto-do-seconci-df-sensibiliza-trabalhadores\/#primaryimage\"},\"thumbnailUrl\":\"https:\/\/seconci.com.br\/site\/wp-content\/uploads\/2024\/08\/WhatsApp-Image-2024-08-09-at-14.41.35.jpeg\",\"articleSection\":[\"Seconci Brasil\"],\"inLanguage\":\"pt-PT\"},{\"@type\":\"WebPage\",\"@id\":\"https:\/\/seconci.com.br\/site\/2024\/08\/13\/agosto-lilas-projeto-do-seconci-df-sensibiliza-trabalhadores\/\",\"url\":\"https:\/\/seconci.com.br\/site\/2024\/08\/13\/agosto-lilas-projeto-do-seconci-df-sensibiliza-trabalhadores\/\",\"name\":\"Agosto Lil\u00e1s \u2013 Projeto do Seconci-DF sensibiliza trabalhadores - Seconci Brasil\",\"isPartOf\":{\"@id\":\"https:\/\/seconci.com.br\/site\/#website\"},\"primaryImageOfPage\":{\"@id\":\"https:\/\/seconci.com.br\/site\/2024\/08\/13\/agosto-lilas-projeto-do-seconci-df-sensibiliza-trabalhadores\/#primaryimage\"},\"image\":{\"@id\":\"https:\/\/seconci.com.br\/site\/2024\/08\/13\/agosto-lilas-projeto-do-seconci-df-sensibiliza-trabalhadores\/#primaryimage\"},\"thumbnailUrl\":\"https:\/\/seconci.com.br\/site\/wp-content\/uploads\/2024\/08\/WhatsApp-Image-2024-08-09-at-14.41.35.jpeg\",\"datePublished\":\"2024-08-13T11:50:56+00:00\",\"dateModified\":\"2024-08-13T11:50:57+00:00\",\"description\":\"Com objetivo de tornar os homens protetores das mulheres, v\u00e1rios canteiros de obras est\u00e3o sendo visitados para falar sobre preven\u00e7\u00e3o e combate \u00e0 viol\u00eancia dom\u00e9stica e familiar.\",\"breadcrumb\":{\"@id\":\"https:\/\/seconci.com.br\/site\/2024\/08\/13\/agosto-lilas-projeto-do-seconci-df-sensibiliza-trabalhadores\/#breadcrumb\"},\"inLanguage\":\"pt-PT\",\"potentialAction\":[{\"@type\":\"ReadAction\",\"target\":[\"https:\/\/seconci.com.br\/site\/2024\/08\/13\/agosto-lilas-projeto-do-seconci-df-sensibiliza-trabalhadores\/\"]}]},{\"@type\":\"ImageObject\",\"inLanguage\":\"pt-PT\",\"@id\":\"https:\/\/seconci.com.br\/site\/2024\/08\/13\/agosto-lilas-projeto-do-seconci-df-sensibiliza-trabalhadores\/#primaryimage\",\"url\":\"https:\/\/seconci.com.br\/site\/wp-content\/uploads\/2024\/08\/WhatsApp-Image-2024-08-09-at-14.41.35.jpeg\",\"contentUrl\":\"https:\/\/seconci.com.br\/site\/wp-content\/uploads\/2024\/08\/WhatsApp-Image-2024-08-09-at-14.41.35.jpeg\",\"width\":1280,\"height\":960},{\"@type\":\"BreadcrumbList\",\"@id\":\"https:\/\/seconci.com.br\/site\/2024\/08\/13\/agosto-lilas-projeto-do-seconci-df-sensibiliza-trabalhadores\/#breadcrumb\",\"itemListElement\":[{\"@type\":\"ListItem\",\"position\":1,\"name\":\"In\u00edcio\",\"item\":\"https:\/\/seconci.com.br\/site\/\"},{\"@type\":\"ListItem\",\"position\":2,\"name\":\"Agosto Lil\u00e1s \u2013 Projeto do Seconci-DF sensibiliza trabalhadores\"}]},{\"@type\":\"WebSite\",\"@id\":\"https:\/\/seconci.com.br\/site\/#website\",\"url\":\"https:\/\/seconci.com.br\/site\/\",\"name\":\"Seconci Brasil\",\"description\":\"\",\"publisher\":{\"@id\":\"https:\/\/seconci.com.br\/site\/#organization\"},\"potentialAction\":[{\"@type\":\"SearchAction\",\"target\":{\"@type\":\"EntryPoint\",\"urlTemplate\":\"https:\/\/seconci.com.br\/site\/?s={search_term_string}\"},\"query-input\":{\"@type\":\"PropertyValueSpecification\",\"valueRequired\":true,\"valueName\":\"search_term_string\"}}],\"inLanguage\":\"pt-PT\"},{\"@type\":\"Organization\",\"@id\":\"https:\/\/seconci.com.br\/site\/#organization\",\"name\":\"Seconci Brasil\",\"url\":\"https:\/\/seconci.com.br\/site\/\",\"logo\":{\"@type\":\"ImageObject\",\"inLanguage\":\"pt-PT\",\"@id\":\"https:\/\/seconci.com.br\/site\/#\/schema\/logo\/image\/\",\"url\":\"https:\/\/seconci.com.br\/site\/wp-content\/uploads\/2024\/08\/Logo-Seconci-Brasil-branca-2.png\",\"contentUrl\":\"https:\/\/seconci.com.br\/site\/wp-content\/uploads\/2024\/08\/Logo-Seconci-Brasil-branca-2.png\",\"width\":1315,\"height\":598,\"caption\":\"Seconci Brasil\"},\"image\":{\"@id\":\"https:\/\/seconci.com.br\/site\/#\/schema\/logo\/image\/\"}},{\"@type\":\"Person\",\"@id\":\"https:\/\/seconci.com.br\/site\/#\/schema\/person\/1d79afd97ddc8f2c68c1e88e298aa8e2\",\"name\":\"Sidney Rocha\",\"description\":\"Comunicador e estagi\u00e1rio do Seconci Brasil.\",\"url\":\"https:\/\/seconci.com.br\/site\/author\/sidney-rocha\/\"}]}<\/script>\n<!-- \/ Yoast SEO plugin. -->","yoast_head_json":{"title":"Agosto Lil\u00e1s \u2013 Projeto do Seconci-DF sensibiliza trabalhadores - Seconci Brasil","description":"Com objetivo de tornar os homens protetores das mulheres, v\u00e1rios canteiros de obras est\u00e3o sendo visitados para falar sobre preven\u00e7\u00e3o e combate \u00e0 viol\u00eancia dom\u00e9stica e familiar.","robots":{"index":"index","follow":"follow","max-snippet":"max-snippet:-1","max-image-preview":"max-image-preview:large","max-video-preview":"max-video-preview:-1"},"canonical":"https:\/\/seconci.com.br\/site\/2024\/08\/13\/agosto-lilas-projeto-do-seconci-df-sensibiliza-trabalhadores\/","og_locale":"pt_PT","og_type":"article","og_title":"Agosto Lil\u00e1s \u2013 Projeto do Seconci-DF sensibiliza trabalhadores - Seconci Brasil","og_description":"Com objetivo de tornar os homens protetores das mulheres, v\u00e1rios canteiros de obras est\u00e3o sendo visitados para falar sobre preven\u00e7\u00e3o e combate \u00e0 viol\u00eancia dom\u00e9stica e familiar.","og_url":"https:\/\/seconci.com.br\/site\/2024\/08\/13\/agosto-lilas-projeto-do-seconci-df-sensibiliza-trabalhadores\/","og_site_name":"Seconci Brasil","article_published_time":"2024-08-13T11:50:56+00:00","article_modified_time":"2024-08-13T11:50:57+00:00","og_image":[{"width":1280,"height":960,"url":"https:\/\/seconci.com.br\/site\/wp-content\/uploads\/2024\/08\/WhatsApp-Image-2024-08-09-at-14.41.35.jpeg","type":"image\/jpeg"}],"author":"Sidney Rocha","twitter_card":"summary_large_image","twitter_misc":{"Escrito por":"Sidney Rocha","Tempo estimado de leitura":"3 minutos"},"schema":{"@context":"https:\/\/schema.org","@graph":[{"@type":"Article","@id":"https:\/\/seconci.com.br\/site\/2024\/08\/13\/agosto-lilas-projeto-do-seconci-df-sensibiliza-trabalhadores\/#article","isPartOf":{"@id":"https:\/\/seconci.com.br\/site\/2024\/08\/13\/agosto-lilas-projeto-do-seconci-df-sensibiliza-trabalhadores\/"},"author":{"name":"Sidney Rocha","@id":"https:\/\/seconci.com.br\/site\/#\/schema\/person\/1d79afd97ddc8f2c68c1e88e298aa8e2"},"headline":"Agosto Lil\u00e1s \u2013 Projeto do Seconci-DF sensibiliza trabalhadores","datePublished":"2024-08-13T11:50:56+00:00","dateModified":"2024-08-13T11:50:57+00:00","mainEntityOfPage":{"@id":"https:\/\/seconci.com.br\/site\/2024\/08\/13\/agosto-lilas-projeto-do-seconci-df-sensibiliza-trabalhadores\/"},"wordCount":511,"publisher":{"@id":"https:\/\/seconci.com.br\/site\/#organization"},"image":{"@id":"https:\/\/seconci.com.br\/site\/2024\/08\/13\/agosto-lilas-projeto-do-seconci-df-sensibiliza-trabalhadores\/#primaryimage"},"thumbnailUrl":"https:\/\/seconci.com.br\/site\/wp-content\/uploads\/2024\/08\/WhatsApp-Image-2024-08-09-at-14.41.35.jpeg","articleSection":["Seconci Brasil"],"inLanguage":"pt-PT"},{"@type":"WebPage","@id":"https:\/\/seconci.com.br\/site\/2024\/08\/13\/agosto-lilas-projeto-do-seconci-df-sensibiliza-trabalhadores\/","url":"https:\/\/seconci.com.br\/site\/2024\/08\/13\/agosto-lilas-projeto-do-seconci-df-sensibiliza-trabalhadores\/","name":"Agosto Lil\u00e1s \u2013 Projeto do Seconci-DF sensibiliza trabalhadores - Seconci Brasil","isPartOf":{"@id":"https:\/\/seconci.com.br\/site\/#website"},"primaryImageOfPage":{"@id":"https:\/\/seconci.com.br\/site\/2024\/08\/13\/agosto-lilas-projeto-do-seconci-df-sensibiliza-trabalhadores\/#primaryimage"},"image":{"@id":"https:\/\/seconci.com.br\/site\/2024\/08\/13\/agosto-lilas-projeto-do-seconci-df-sensibiliza-trabalhadores\/#primaryimage"},"thumbnailUrl":"https:\/\/seconci.com.br\/site\/wp-content\/uploads\/2024\/08\/WhatsApp-Image-2024-08-09-at-14.41.35.jpeg","datePublished":"2024-08-13T11:50:56+00:00","dateModified":"2024-08-13T11:50:57+00:00","description":"Com objetivo de tornar os homens protetores das mulheres, v\u00e1rios canteiros de obras est\u00e3o sendo visitados para falar sobre preven\u00e7\u00e3o e combate \u00e0 viol\u00eancia dom\u00e9stica e familiar.","breadcrumb":{"@id":"https:\/\/seconci.com.br\/site\/2024\/08\/13\/agosto-lilas-projeto-do-seconci-df-sensibiliza-trabalhadores\/#breadcrumb"},"inLanguage":"pt-PT","potentialAction":[{"@type":"ReadAction","target":["https:\/\/seconci.com.br\/site\/2024\/08\/13\/agosto-lilas-projeto-do-seconci-df-sensibiliza-trabalhadores\/"]}]},{"@type":"ImageObject","inLanguage":"pt-PT","@id":"https:\/\/seconci.com.br\/site\/2024\/08\/13\/agosto-lilas-projeto-do-seconci-df-sensibiliza-trabalhadores\/#primaryimage","url":"https:\/\/seconci.com.br\/site\/wp-content\/uploads\/2024\/08\/WhatsApp-Image-2024-08-09-at-14.41.35.jpeg","contentUrl":"https:\/\/seconci.com.br\/site\/wp-content\/uploads\/2024\/08\/WhatsApp-Image-2024-08-09-at-14.41.35.jpeg","width":1280,"height":960},{"@type":"BreadcrumbList","@id":"https:\/\/seconci.com.br\/site\/2024\/08\/13\/agosto-lilas-projeto-do-seconci-df-sensibiliza-trabalhadores\/#breadcrumb","itemListElement":[{"@type":"ListItem","position":1,"name":"In\u00edcio","item":"https:\/\/seconci.com.br\/site\/"},{"@type":"ListItem","position":2,"name":"Agosto Lil\u00e1s \u2013 Projeto do Seconci-DF sensibiliza trabalhadores"}]},{"@type":"WebSite","@id":"https:\/\/seconci.com.br\/site\/#website","url":"https:\/\/seconci.com.br\/site\/","name":"Seconci Brasil","description":"","publisher":{"@id":"https:\/\/seconci.com.br\/site\/#organization"},"potentialAction":[{"@type":"SearchAction","target":{"@type":"EntryPoint","urlTemplate":"https:\/\/seconci.com.br\/site\/?s={search_term_string}"},"query-input":{"@type":"PropertyValueSpecification","valueRequired":true,"valueName":"search_term_string"}}],"inLanguage":"pt-PT"},{"@type":"Organization","@id":"https:\/\/seconci.com.br\/site\/#organization","name":"Seconci Brasil","url":"https:\/\/seconci.com.br\/site\/","logo":{"@type":"ImageObject","inLanguage":"pt-PT","@id":"https:\/\/seconci.com.br\/site\/#\/schema\/logo\/image\/","url":"https:\/\/seconci.com.br\/site\/wp-content\/uploads\/2024\/08\/Logo-Seconci-Brasil-branca-2.png","contentUrl":"https:\/\/seconci.com.br\/site\/wp-content\/uploads\/2024\/08\/Logo-Seconci-Brasil-branca-2.png","width":1315,"height":598,"caption":"Seconci Brasil"},"image":{"@id":"https:\/\/seconci.com.br\/site\/#\/schema\/logo\/image\/"}},{"@type":"Person","@id":"https:\/\/seconci.com.br\/site\/#\/schema\/person\/1d79afd97ddc8f2c68c1e88e298aa8e2","name":"Sidney Rocha","description":"Comunicador e estagi\u00e1rio do Seconci Brasil.","url":"https:\/\/seconci.com.br\/site\/author\/sidney-rocha\/"}]}},"_links":{"self":[{"href":"https:\/\/seconci.com.br\/site\/wp-json\/wp\/v2\/posts\/14700","targetHints":{"allow":["GET"]}}],"collection":[{"href":"https:\/\/seconci.com.br\/site\/wp-json\/wp\/v2\/posts"}],"about":[{"href":"https:\/\/seconci.com.br\/site\/wp-json\/wp\/v2\/types\/post"}],"author":[{"embeddable":true,"href":"https:\/\/seconci.com.br\/site\/wp-json\/wp\/v2\/users\/3"}],"replies":[{"embeddable":true,"href":"https:\/\/seconci.com.br\/site\/wp-json\/wp\/v2\/comments?post=14700"}],"version-history":[{"count":1,"href":"https:\/\/seconci.com.br\/site\/wp-json\/wp\/v2\/posts\/14700\/revisions"}],"predecessor-version":[{"id":14702,"href":"https:\/\/seconci.com.br\/site\/wp-json\/wp\/v2\/posts\/14700\/revisions\/14702"}],"wp:featuredmedia":[{"embeddable":true,"href":"https:\/\/seconci.com.br\/site\/wp-json\/wp\/v2\/media\/14701"}],"wp:attachment":[{"href":"https:\/\/seconci.com.br\/site\/wp-json\/wp\/v2\/media?parent=14700"}],"wp:term":[{"taxonomy":"category","embeddable":true,"href":"https:\/\/seconci.com.br\/site\/wp-json\/wp\/v2\/categories?post=14700"},{"taxonomy":"post_tag","embeddable":true,"href":"https:\/\/seconci.com.br\/site\/wp-json\/wp\/v2\/tags?post=14700"}],"curies":[{"name":"wp","href":"https:\/\/api.w.org\/{rel}","templated":true}]}}