{"id":14704,"date":"2024-08-14T11:37:29","date_gmt":"2024-08-14T11:37:29","guid":{"rendered":"https:\/\/seconci.com.br\/site\/?p=14704"},"modified":"2024-08-14T11:44:18","modified_gmt":"2024-08-14T11:44:18","slug":"inscreva-se-no-evento-que-o-seconci-mg-ira-promover-no-construa-minas-2024","status":"publish","type":"post","link":"https:\/\/seconci.com.br\/site\/2024\/08\/14\/inscreva-se-no-evento-que-o-seconci-mg-ira-promover-no-construa-minas-2024\/","title":{"rendered":"Inscreva-se no evento que o Seconci-MG ir\u00e1 promover no Construa Minas 2024"},"content":{"rendered":"\n<p>A C\u00e2mara Brasileira da Ind\u00fastria da Constru\u00e7\u00e3o (CBIC) e o Sindicato da Ind\u00fastria da Constru\u00e7\u00e3o Civil no Estado de Minas Gerais (Sinduscon-MG) est\u00e3o ultimando os preparativos para a terceira edi\u00e7\u00e3o do Construa Minas. O evento, que conta com o apoio do Sebrae Nacional, se tornou um dos mais relevantes encontros da cadeia produtiva da Constru\u00e7\u00e3o de Minas Gerais e acontecer\u00e1 na capital mineira,&nbsp;<strong>no per\u00edodo de 19 a 23 de agosto<\/strong>, no The One Eventos.&nbsp;<\/p>\n\n\n\n<p>O Construa Minas conta com a participa\u00e7\u00e3o de mais de 25 entidades do setor. O evento ter\u00e1 uma programa\u00e7\u00e3o qualificada e com especialistas de renome nacional, que debater\u00e3o temas como inova\u00e7\u00e3o, produtividade, normas t\u00e9cnicas, tend\u00eancias, BIM, sustentabilidade e industrializa\u00e7\u00e3o em mais de 100 horas de palestras.<\/p>\n\n\n\n<p>Na manh\u00e3 do&nbsp;<strong>dia 23 de agosto<\/strong>, sexta-feira, das 8h \u00e0s 12h, o<strong>&nbsp;Seconci-MG<\/strong>&nbsp;ir\u00e1 promover o semin\u00e1rio \u201cTrabalho em Altura \u2013 tudo o que voc\u00ea precisa saber sobre ancoragens, EPI e Projetos\u201d. O evento contar\u00e1 com debates e exposi\u00e7\u00f5es de especialistas no assunto, com expertise em quest\u00f5es t\u00e9cnicas e normativas em torno do trabalho em altura (NR35). As vagas s\u00e3o gratuitas e limitadas! Acesse a programa\u00e7\u00e3o geral do Construa Minas e conhe\u00e7a os temas das palestras que iremos realizar.<\/p>\n\n\n\n<p><strong>DATA:&nbsp;<\/strong>23 de agosto de 2024 (sexta-feira)<\/p>\n\n\n\n<p><strong>HOR\u00c1RIO<\/strong>: 08h00 \u00e0s 12h00<\/p>\n\n\n\n<p><strong>LOCAL<\/strong>:&nbsp;<strong>Audit\u00f3rio C<\/strong>&nbsp;do The One Eventos \u2013 Av. Raja Gab\u00e1glia, n\u00ba 1143 \u2013 Luxemburgo \u2013 Belo Horizonte\/MG<\/p>\n\n\n\n<p><strong><mark>INSCRI\u00c7\u00d5ES GRATUITAS: <\/mark><\/strong><a href=\"https:\/\/www.construaminas.com.br\/pgr_23trabalhoemaltura.html\"><strong>https:\/\/www.construaminas.com.br\/pgr_23trabalhoemaltura.html<\/strong><\/a><\/p>\n\n\n\n<p><strong>PROGRAMA\u00c7\u00c3O<\/strong><\/p>\n\n\n\n<p><strong>08h30<\/strong>&nbsp;\u2013 Recep\u00e7\u00e3o<\/p>\n\n\n\n<p><strong>08h50<\/strong>&nbsp;\u2013 Abertura<\/p>\n\n\n\n<p><strong>09h05<\/strong>&nbsp;\u2013 Painel \u201c<strong>DESAFIOS PARA A GEST\u00c3O DE SST NO SETOR DA CONSTRU\u00c7\u00c3O E A IMPORT\u00c2NCIA DOS PROJETOS E NORMAS VIGENTES (NOVAS NBRS), COM FOCO NO TRABALHO EM ALTURA\u201d<\/strong><\/p>\n\n\n\n<p>Palestrantes:<\/p>\n\n\n\n<ul class=\"wp-block-list\">\n<li><strong>ANDREIA KAUCHER DARMSTADTER<\/strong>: Engenheira de Seguran\u00e7a do Trabalho, Supervisora do Departamento de Seguran\u00e7a no Trabalho do Seconci-MG. Representou a bancada patronal no CPR-MG e no CPN, comit\u00eas que trataram das Condi\u00e7\u00f5es e Meio Ambiente do Trabalho na Ind\u00fastria da Constru\u00e7\u00e3o. Participou da elabora\u00e7\u00e3o e participa do processo de revis\u00e3o e atualiza\u00e7\u00e3o da nova NR18, integrando, tamb\u00e9m, a Comiss\u00e3o Tripartite Tem\u00e1tica (CNTT) para discutir e acompanhar sua implementa\u00e7\u00e3o. Colabora em comit\u00eas t\u00e9cnicos da ABNT.\u00a0<\/li>\n\n\n\n<li><strong>RICARDO FLEURY BARCELLOS<\/strong>: Engenheiro Civil, Auditor Fiscal do Minist\u00e9rio do Trabalho, Coordenador do antigo Comit\u00ea Permanente Regional (CPR-MG), que tratou das Condi\u00e7\u00f5es e Meio Ambiente do Trabalho na Ind\u00fastria da Constru\u00e7\u00e3o.<\/li>\n<\/ul>\n\n\n\n<p><strong>09h55<\/strong>&nbsp;\u2013 Interven\u00e7\u00e3o c\u00eanica<strong>&nbsp;\u2013 TODO CULTURA<\/strong><\/p>\n\n\n\n<p>\u2013 Grupo de produ\u00e7\u00e3o teatral e audiovisual, especializado em comunica\u00e7\u00e3o para conscientiza\u00e7\u00e3o, treinamentos, responsabilidade social e ambiental para o meio corporativo. Desenvolve conte\u00fados criativos para Sipats, eventos de capacita\u00e7\u00e3o e treinamentos e programa\u00e7\u00e3o para TV interna e Endomarketing.<\/p>\n\n\n\n<p><strong>10h00<\/strong>&nbsp;\u2013 Palestra t\u00e9cnica&nbsp;<strong>\u201cANCORAGEM \u00c9 TUDO IGUAL\u201d?<\/strong><\/p>\n\n\n\n<p>Palestrante:<\/p>\n\n\n\n<ul class=\"wp-block-list\">\n<li><strong>RODRIGO FONSECA:<\/strong>\u00a0Engenheiro Civil e de Engenharia de Seguran\u00e7a do Trabalho, Engenheiro de Projetos e Sistemas de Ancoragem, da Kronos Solu\u00e7\u00f5es e Projetos LTDA. Coordenador de equipes de resgate em espa\u00e7o confinado e altura. Atualmente coordena a Comiss\u00e3o T\u00e9cnica de Estudos Normativos (CTEN) da AnimaSeg. Ministra palestras, cursos e workshops abordando normas de seguran\u00e7a do trabalho, Ancoragem, Linhas de Vida e Controle de p\u00e2nico. Instrutor das disciplinas \u201cTrabalho em Altura\u201d e \u201cEspa\u00e7os Confinados\u201d na ALPIFIRE SERVI\u00c7OS ESPECIAIS.<\/li>\n<\/ul>\n\n\n\n<p><strong>10h30<\/strong>&nbsp;\u2013 Intervalo para caf\u00e9<\/p>\n\n\n\n<p><strong>10h45<\/strong>&nbsp;\u2013 Interven\u00e7\u00e3o c\u00eanica&nbsp;<strong>\u201cFA\u00c7O PARTE\u201d \u2013 TODO CULTURA<\/strong><\/p>\n\n\n\n<p><strong>10h50<\/strong>&nbsp;\u2013 Palestra&nbsp;<strong>\u201cDIFEREN\u00c7AS&nbsp; NOS CINTOS PARA TRABALHOS EM ALTURA E OS CUIDADOS NECESS\u00c1RIOS\u201d<\/strong><\/p>\n\n\n\n<p>Palestrante:<\/p>\n\n\n\n<ul class=\"wp-block-list\">\n<li><strong>ROG\u00c9RIO DOS SANTOS SOUSA<\/strong>: Engenheiro Mec\u00e2nico, integra v\u00e1rios comit\u00eas da Associa\u00e7\u00e3o Brasileira de Normas T\u00e9cnicas (ABNT). Gerente de produtos da Mine Safety Appliances, fabricante de produtos de seguran\u00e7a sofisticados , que ajudam a proteger trabalhadores que podem estar expostos a uma variedade de condi\u00e7\u00f5es perigosas.\u00a0\u00a0\u00a0<\/li>\n<\/ul>\n\n\n\n<p><strong>Para fazer sua inscri\u00e7\u00e3o:<\/strong><\/p>\n\n\n\n<p><strong>Passo 1<\/strong>&nbsp;\u2013 Escolha a categoria (estudante, profissional etc)<\/p>\n\n\n\n<p><strong>Passo 2&nbsp;<\/strong>\u2013 Selecione o evento:<\/p>\n\n\n\n<figure class=\"wp-block-image\"><img decoding=\"async\" src=\"https:\/\/seconci-mg.org.br\/wp-content\/uploads\/2024\/07\/inscricai-construa-minas-1024x330.png\" alt=\"\" class=\"wp-image-6187\"\/><\/figure>\n\n\n\n<p><strong>Passo 3 \u2013&nbsp;<\/strong>Informe seus dados (nome, tel, empresa etc)<\/p>\n\n\n\n<p>Conclua a inscri\u00e7\u00e3o.<\/p>\n\n\n\n<p><em>Fonte: Seconci-MG<\/em><\/p>\n\n\n\n<p><\/p>\n","protected":false},"excerpt":{"rendered":"<p>A C\u00e2mara Brasileira da Ind\u00fastria da Constru\u00e7\u00e3o (CBIC) e o Sindicato da Ind\u00fastria da Constru\u00e7\u00e3o Civil no Estado de Minas Gerais (Sinduscon-MG) est\u00e3o ultimando os preparativos para a terceira edi\u00e7\u00e3o do Construa Minas. O evento, que conta com o apoio do Sebrae Nacional, se tornou um dos mais relevantes encontros da cadeia produtiva da Constru\u00e7\u00e3o [&hellip;]<\/p>\n","protected":false},"author":3,"featured_media":14705,"comment_status":"closed","ping_status":"closed","sticky":false,"template":"","format":"standard","meta":{"footnotes":""},"categories":[92],"tags":[],"class_list":["post-14704","post","type-post","status-publish","format-standard","has-post-thumbnail","hentry","category-seconci-brasil"],"yoast_head":"<!-- This site is optimized with the Yoast SEO plugin v26.9 - https:\/\/yoast.com\/product\/yoast-seo-wordpress\/ -->\n<title>Inscreva-se no evento que o Seconci-MG ir\u00e1 promover no Construa Minas 2024<\/title>\n<meta name=\"description\" content=\"O Construa Minas conta com a participa\u00e7\u00e3o de mais de 25 entidades do setor. O evento ter\u00e1 uma programa\u00e7\u00e3o qualificada e com especialistas de renome nacional, que debater\u00e3o temas como inova\u00e7\u00e3o, produtividade, normas t\u00e9cnicas, tend\u00eancias, BIM, sustentabilidade e industrializa\u00e7\u00e3o em mais de 100 horas de palestras.\" \/>\n<meta name=\"robots\" content=\"index, follow, max-snippet:-1, max-image-preview:large, max-video-preview:-1\" \/>\n<link rel=\"canonical\" href=\"https:\/\/seconci.com.br\/site\/2024\/08\/14\/inscreva-se-no-evento-que-o-seconci-mg-ira-promover-no-construa-minas-2024\/\" \/>\n<meta property=\"og:locale\" content=\"pt_PT\" \/>\n<meta property=\"og:type\" content=\"article\" \/>\n<meta property=\"og:title\" content=\"Inscreva-se no evento que o Seconci-MG ir\u00e1 promover no Construa Minas 2024\" \/>\n<meta property=\"og:description\" content=\"O Construa Minas conta com a participa\u00e7\u00e3o de mais de 25 entidades do setor. O evento ter\u00e1 uma programa\u00e7\u00e3o qualificada e com especialistas de renome nacional, que debater\u00e3o temas como inova\u00e7\u00e3o, produtividade, normas t\u00e9cnicas, tend\u00eancias, BIM, sustentabilidade e industrializa\u00e7\u00e3o em mais de 100 horas de palestras.\" \/>\n<meta property=\"og:url\" content=\"https:\/\/seconci.com.br\/site\/2024\/08\/14\/inscreva-se-no-evento-que-o-seconci-mg-ira-promover-no-construa-minas-2024\/\" \/>\n<meta property=\"og:site_name\" content=\"Seconci Brasil\" \/>\n<meta property=\"article:published_time\" content=\"2024-08-14T11:37:29+00:00\" \/>\n<meta property=\"article:modified_time\" content=\"2024-08-14T11:44:18+00:00\" \/>\n<meta property=\"og:image\" content=\"https:\/\/seconci.com.br\/site\/wp-content\/uploads\/2024\/08\/Construa-minas-inscricoes-abertas-julho-24-768x768-1.png\" \/>\n\t<meta property=\"og:image:width\" content=\"768\" \/>\n\t<meta property=\"og:image:height\" content=\"768\" \/>\n\t<meta property=\"og:image:type\" content=\"image\/png\" \/>\n<meta name=\"author\" content=\"Sidney Rocha\" \/>\n<meta name=\"twitter:card\" content=\"summary_large_image\" \/>\n<meta name=\"twitter:label1\" content=\"Escrito por\" \/>\n\t<meta name=\"twitter:data1\" content=\"Sidney Rocha\" \/>\n\t<meta name=\"twitter:label2\" content=\"Tempo estimado de leitura\" \/>\n\t<meta name=\"twitter:data2\" content=\"4 minutos\" \/>\n<script type=\"application\/ld+json\" class=\"yoast-schema-graph\">{\"@context\":\"https:\/\/schema.org\",\"@graph\":[{\"@type\":\"Article\",\"@id\":\"https:\/\/seconci.com.br\/site\/2024\/08\/14\/inscreva-se-no-evento-que-o-seconci-mg-ira-promover-no-construa-minas-2024\/#article\",\"isPartOf\":{\"@id\":\"https:\/\/seconci.com.br\/site\/2024\/08\/14\/inscreva-se-no-evento-que-o-seconci-mg-ira-promover-no-construa-minas-2024\/\"},\"author\":{\"name\":\"Sidney Rocha\",\"@id\":\"https:\/\/seconci.com.br\/site\/#\/schema\/person\/1d79afd97ddc8f2c68c1e88e298aa8e2\"},\"headline\":\"Inscreva-se no evento que o Seconci-MG ir\u00e1 promover no Construa Minas 2024\",\"datePublished\":\"2024-08-14T11:37:29+00:00\",\"dateModified\":\"2024-08-14T11:44:18+00:00\",\"mainEntityOfPage\":{\"@id\":\"https:\/\/seconci.com.br\/site\/2024\/08\/14\/inscreva-se-no-evento-que-o-seconci-mg-ira-promover-no-construa-minas-2024\/\"},\"wordCount\":709,\"publisher\":{\"@id\":\"https:\/\/seconci.com.br\/site\/#organization\"},\"image\":{\"@id\":\"https:\/\/seconci.com.br\/site\/2024\/08\/14\/inscreva-se-no-evento-que-o-seconci-mg-ira-promover-no-construa-minas-2024\/#primaryimage\"},\"thumbnailUrl\":\"https:\/\/seconci.com.br\/site\/wp-content\/uploads\/2024\/08\/Construa-minas-inscricoes-abertas-julho-24-768x768-1.png\",\"articleSection\":[\"Seconci Brasil\"],\"inLanguage\":\"pt-PT\"},{\"@type\":\"WebPage\",\"@id\":\"https:\/\/seconci.com.br\/site\/2024\/08\/14\/inscreva-se-no-evento-que-o-seconci-mg-ira-promover-no-construa-minas-2024\/\",\"url\":\"https:\/\/seconci.com.br\/site\/2024\/08\/14\/inscreva-se-no-evento-que-o-seconci-mg-ira-promover-no-construa-minas-2024\/\",\"name\":\"Inscreva-se no evento que o Seconci-MG ir\u00e1 promover no Construa Minas 2024\",\"isPartOf\":{\"@id\":\"https:\/\/seconci.com.br\/site\/#website\"},\"primaryImageOfPage\":{\"@id\":\"https:\/\/seconci.com.br\/site\/2024\/08\/14\/inscreva-se-no-evento-que-o-seconci-mg-ira-promover-no-construa-minas-2024\/#primaryimage\"},\"image\":{\"@id\":\"https:\/\/seconci.com.br\/site\/2024\/08\/14\/inscreva-se-no-evento-que-o-seconci-mg-ira-promover-no-construa-minas-2024\/#primaryimage\"},\"thumbnailUrl\":\"https:\/\/seconci.com.br\/site\/wp-content\/uploads\/2024\/08\/Construa-minas-inscricoes-abertas-julho-24-768x768-1.png\",\"datePublished\":\"2024-08-14T11:37:29+00:00\",\"dateModified\":\"2024-08-14T11:44:18+00:00\",\"description\":\"O Construa Minas conta com a participa\u00e7\u00e3o de mais de 25 entidades do setor. O evento ter\u00e1 uma programa\u00e7\u00e3o qualificada e com especialistas de renome nacional, que debater\u00e3o temas como inova\u00e7\u00e3o, produtividade, normas t\u00e9cnicas, tend\u00eancias, BIM, sustentabilidade e industrializa\u00e7\u00e3o em mais de 100 horas de palestras.\",\"breadcrumb\":{\"@id\":\"https:\/\/seconci.com.br\/site\/2024\/08\/14\/inscreva-se-no-evento-que-o-seconci-mg-ira-promover-no-construa-minas-2024\/#breadcrumb\"},\"inLanguage\":\"pt-PT\",\"potentialAction\":[{\"@type\":\"ReadAction\",\"target\":[\"https:\/\/seconci.com.br\/site\/2024\/08\/14\/inscreva-se-no-evento-que-o-seconci-mg-ira-promover-no-construa-minas-2024\/\"]}]},{\"@type\":\"ImageObject\",\"inLanguage\":\"pt-PT\",\"@id\":\"https:\/\/seconci.com.br\/site\/2024\/08\/14\/inscreva-se-no-evento-que-o-seconci-mg-ira-promover-no-construa-minas-2024\/#primaryimage\",\"url\":\"https:\/\/seconci.com.br\/site\/wp-content\/uploads\/2024\/08\/Construa-minas-inscricoes-abertas-julho-24-768x768-1.png\",\"contentUrl\":\"https:\/\/seconci.com.br\/site\/wp-content\/uploads\/2024\/08\/Construa-minas-inscricoes-abertas-julho-24-768x768-1.png\",\"width\":768,\"height\":768},{\"@type\":\"BreadcrumbList\",\"@id\":\"https:\/\/seconci.com.br\/site\/2024\/08\/14\/inscreva-se-no-evento-que-o-seconci-mg-ira-promover-no-construa-minas-2024\/#breadcrumb\",\"itemListElement\":[{\"@type\":\"ListItem\",\"position\":1,\"name\":\"In\u00edcio\",\"item\":\"https:\/\/seconci.com.br\/site\/\"},{\"@type\":\"ListItem\",\"position\":2,\"name\":\"Inscreva-se no evento que o Seconci-MG ir\u00e1 promover no Construa Minas 2024\"}]},{\"@type\":\"WebSite\",\"@id\":\"https:\/\/seconci.com.br\/site\/#website\",\"url\":\"https:\/\/seconci.com.br\/site\/\",\"name\":\"Seconci Brasil\",\"description\":\"\",\"publisher\":{\"@id\":\"https:\/\/seconci.com.br\/site\/#organization\"},\"potentialAction\":[{\"@type\":\"SearchAction\",\"target\":{\"@type\":\"EntryPoint\",\"urlTemplate\":\"https:\/\/seconci.com.br\/site\/?s={search_term_string}\"},\"query-input\":{\"@type\":\"PropertyValueSpecification\",\"valueRequired\":true,\"valueName\":\"search_term_string\"}}],\"inLanguage\":\"pt-PT\"},{\"@type\":\"Organization\",\"@id\":\"https:\/\/seconci.com.br\/site\/#organization\",\"name\":\"Seconci Brasil\",\"url\":\"https:\/\/seconci.com.br\/site\/\",\"logo\":{\"@type\":\"ImageObject\",\"inLanguage\":\"pt-PT\",\"@id\":\"https:\/\/seconci.com.br\/site\/#\/schema\/logo\/image\/\",\"url\":\"https:\/\/seconci.com.br\/site\/wp-content\/uploads\/2024\/08\/Logo-Seconci-Brasil-branca-2.png\",\"contentUrl\":\"https:\/\/seconci.com.br\/site\/wp-content\/uploads\/2024\/08\/Logo-Seconci-Brasil-branca-2.png\",\"width\":1315,\"height\":598,\"caption\":\"Seconci Brasil\"},\"image\":{\"@id\":\"https:\/\/seconci.com.br\/site\/#\/schema\/logo\/image\/\"}},{\"@type\":\"Person\",\"@id\":\"https:\/\/seconci.com.br\/site\/#\/schema\/person\/1d79afd97ddc8f2c68c1e88e298aa8e2\",\"name\":\"Sidney Rocha\",\"description\":\"Comunicador e estagi\u00e1rio do Seconci Brasil.\",\"url\":\"https:\/\/seconci.com.br\/site\/author\/sidney-rocha\/\"}]}<\/script>\n<!-- \/ Yoast SEO plugin. -->","yoast_head_json":{"title":"Inscreva-se no evento que o Seconci-MG ir\u00e1 promover no Construa Minas 2024","description":"O Construa Minas conta com a participa\u00e7\u00e3o de mais de 25 entidades do setor. O evento ter\u00e1 uma programa\u00e7\u00e3o qualificada e com especialistas de renome nacional, que debater\u00e3o temas como inova\u00e7\u00e3o, produtividade, normas t\u00e9cnicas, tend\u00eancias, BIM, sustentabilidade e industrializa\u00e7\u00e3o em mais de 100 horas de palestras.","robots":{"index":"index","follow":"follow","max-snippet":"max-snippet:-1","max-image-preview":"max-image-preview:large","max-video-preview":"max-video-preview:-1"},"canonical":"https:\/\/seconci.com.br\/site\/2024\/08\/14\/inscreva-se-no-evento-que-o-seconci-mg-ira-promover-no-construa-minas-2024\/","og_locale":"pt_PT","og_type":"article","og_title":"Inscreva-se no evento que o Seconci-MG ir\u00e1 promover no Construa Minas 2024","og_description":"O Construa Minas conta com a participa\u00e7\u00e3o de mais de 25 entidades do setor. O evento ter\u00e1 uma programa\u00e7\u00e3o qualificada e com especialistas de renome nacional, que debater\u00e3o temas como inova\u00e7\u00e3o, produtividade, normas t\u00e9cnicas, tend\u00eancias, BIM, sustentabilidade e industrializa\u00e7\u00e3o em mais de 100 horas de palestras.","og_url":"https:\/\/seconci.com.br\/site\/2024\/08\/14\/inscreva-se-no-evento-que-o-seconci-mg-ira-promover-no-construa-minas-2024\/","og_site_name":"Seconci Brasil","article_published_time":"2024-08-14T11:37:29+00:00","article_modified_time":"2024-08-14T11:44:18+00:00","og_image":[{"width":768,"height":768,"url":"https:\/\/seconci.com.br\/site\/wp-content\/uploads\/2024\/08\/Construa-minas-inscricoes-abertas-julho-24-768x768-1.png","type":"image\/png"}],"author":"Sidney Rocha","twitter_card":"summary_large_image","twitter_misc":{"Escrito por":"Sidney Rocha","Tempo estimado de leitura":"4 minutos"},"schema":{"@context":"https:\/\/schema.org","@graph":[{"@type":"Article","@id":"https:\/\/seconci.com.br\/site\/2024\/08\/14\/inscreva-se-no-evento-que-o-seconci-mg-ira-promover-no-construa-minas-2024\/#article","isPartOf":{"@id":"https:\/\/seconci.com.br\/site\/2024\/08\/14\/inscreva-se-no-evento-que-o-seconci-mg-ira-promover-no-construa-minas-2024\/"},"author":{"name":"Sidney Rocha","@id":"https:\/\/seconci.com.br\/site\/#\/schema\/person\/1d79afd97ddc8f2c68c1e88e298aa8e2"},"headline":"Inscreva-se no evento que o Seconci-MG ir\u00e1 promover no Construa Minas 2024","datePublished":"2024-08-14T11:37:29+00:00","dateModified":"2024-08-14T11:44:18+00:00","mainEntityOfPage":{"@id":"https:\/\/seconci.com.br\/site\/2024\/08\/14\/inscreva-se-no-evento-que-o-seconci-mg-ira-promover-no-construa-minas-2024\/"},"wordCount":709,"publisher":{"@id":"https:\/\/seconci.com.br\/site\/#organization"},"image":{"@id":"https:\/\/seconci.com.br\/site\/2024\/08\/14\/inscreva-se-no-evento-que-o-seconci-mg-ira-promover-no-construa-minas-2024\/#primaryimage"},"thumbnailUrl":"https:\/\/seconci.com.br\/site\/wp-content\/uploads\/2024\/08\/Construa-minas-inscricoes-abertas-julho-24-768x768-1.png","articleSection":["Seconci Brasil"],"inLanguage":"pt-PT"},{"@type":"WebPage","@id":"https:\/\/seconci.com.br\/site\/2024\/08\/14\/inscreva-se-no-evento-que-o-seconci-mg-ira-promover-no-construa-minas-2024\/","url":"https:\/\/seconci.com.br\/site\/2024\/08\/14\/inscreva-se-no-evento-que-o-seconci-mg-ira-promover-no-construa-minas-2024\/","name":"Inscreva-se no evento que o Seconci-MG ir\u00e1 promover no Construa Minas 2024","isPartOf":{"@id":"https:\/\/seconci.com.br\/site\/#website"},"primaryImageOfPage":{"@id":"https:\/\/seconci.com.br\/site\/2024\/08\/14\/inscreva-se-no-evento-que-o-seconci-mg-ira-promover-no-construa-minas-2024\/#primaryimage"},"image":{"@id":"https:\/\/seconci.com.br\/site\/2024\/08\/14\/inscreva-se-no-evento-que-o-seconci-mg-ira-promover-no-construa-minas-2024\/#primaryimage"},"thumbnailUrl":"https:\/\/seconci.com.br\/site\/wp-content\/uploads\/2024\/08\/Construa-minas-inscricoes-abertas-julho-24-768x768-1.png","datePublished":"2024-08-14T11:37:29+00:00","dateModified":"2024-08-14T11:44:18+00:00","description":"O Construa Minas conta com a participa\u00e7\u00e3o de mais de 25 entidades do setor. O evento ter\u00e1 uma programa\u00e7\u00e3o qualificada e com especialistas de renome nacional, que debater\u00e3o temas como inova\u00e7\u00e3o, produtividade, normas t\u00e9cnicas, tend\u00eancias, BIM, sustentabilidade e industrializa\u00e7\u00e3o em mais de 100 horas de palestras.","breadcrumb":{"@id":"https:\/\/seconci.com.br\/site\/2024\/08\/14\/inscreva-se-no-evento-que-o-seconci-mg-ira-promover-no-construa-minas-2024\/#breadcrumb"},"inLanguage":"pt-PT","potentialAction":[{"@type":"ReadAction","target":["https:\/\/seconci.com.br\/site\/2024\/08\/14\/inscreva-se-no-evento-que-o-seconci-mg-ira-promover-no-construa-minas-2024\/"]}]},{"@type":"ImageObject","inLanguage":"pt-PT","@id":"https:\/\/seconci.com.br\/site\/2024\/08\/14\/inscreva-se-no-evento-que-o-seconci-mg-ira-promover-no-construa-minas-2024\/#primaryimage","url":"https:\/\/seconci.com.br\/site\/wp-content\/uploads\/2024\/08\/Construa-minas-inscricoes-abertas-julho-24-768x768-1.png","contentUrl":"https:\/\/seconci.com.br\/site\/wp-content\/uploads\/2024\/08\/Construa-minas-inscricoes-abertas-julho-24-768x768-1.png","width":768,"height":768},{"@type":"BreadcrumbList","@id":"https:\/\/seconci.com.br\/site\/2024\/08\/14\/inscreva-se-no-evento-que-o-seconci-mg-ira-promover-no-construa-minas-2024\/#breadcrumb","itemListElement":[{"@type":"ListItem","position":1,"name":"In\u00edcio","item":"https:\/\/seconci.com.br\/site\/"},{"@type":"ListItem","position":2,"name":"Inscreva-se no evento que o Seconci-MG ir\u00e1 promover no Construa Minas 2024"}]},{"@type":"WebSite","@id":"https:\/\/seconci.com.br\/site\/#website","url":"https:\/\/seconci.com.br\/site\/","name":"Seconci Brasil","description":"","publisher":{"@id":"https:\/\/seconci.com.br\/site\/#organization"},"potentialAction":[{"@type":"SearchAction","target":{"@type":"EntryPoint","urlTemplate":"https:\/\/seconci.com.br\/site\/?s={search_term_string}"},"query-input":{"@type":"PropertyValueSpecification","valueRequired":true,"valueName":"search_term_string"}}],"inLanguage":"pt-PT"},{"@type":"Organization","@id":"https:\/\/seconci.com.br\/site\/#organization","name":"Seconci Brasil","url":"https:\/\/seconci.com.br\/site\/","logo":{"@type":"ImageObject","inLanguage":"pt-PT","@id":"https:\/\/seconci.com.br\/site\/#\/schema\/logo\/image\/","url":"https:\/\/seconci.com.br\/site\/wp-content\/uploads\/2024\/08\/Logo-Seconci-Brasil-branca-2.png","contentUrl":"https:\/\/seconci.com.br\/site\/wp-content\/uploads\/2024\/08\/Logo-Seconci-Brasil-branca-2.png","width":1315,"height":598,"caption":"Seconci Brasil"},"image":{"@id":"https:\/\/seconci.com.br\/site\/#\/schema\/logo\/image\/"}},{"@type":"Person","@id":"https:\/\/seconci.com.br\/site\/#\/schema\/person\/1d79afd97ddc8f2c68c1e88e298aa8e2","name":"Sidney Rocha","description":"Comunicador e estagi\u00e1rio do Seconci Brasil.","url":"https:\/\/seconci.com.br\/site\/author\/sidney-rocha\/"}]}},"_links":{"self":[{"href":"https:\/\/seconci.com.br\/site\/wp-json\/wp\/v2\/posts\/14704","targetHints":{"allow":["GET"]}}],"collection":[{"href":"https:\/\/seconci.com.br\/site\/wp-json\/wp\/v2\/posts"}],"about":[{"href":"https:\/\/seconci.com.br\/site\/wp-json\/wp\/v2\/types\/post"}],"author":[{"embeddable":true,"href":"https:\/\/seconci.com.br\/site\/wp-json\/wp\/v2\/users\/3"}],"replies":[{"embeddable":true,"href":"https:\/\/seconci.com.br\/site\/wp-json\/wp\/v2\/comments?post=14704"}],"version-history":[{"count":1,"href":"https:\/\/seconci.com.br\/site\/wp-json\/wp\/v2\/posts\/14704\/revisions"}],"predecessor-version":[{"id":14706,"href":"https:\/\/seconci.com.br\/site\/wp-json\/wp\/v2\/posts\/14704\/revisions\/14706"}],"wp:featuredmedia":[{"embeddable":true,"href":"https:\/\/seconci.com.br\/site\/wp-json\/wp\/v2\/media\/14705"}],"wp:attachment":[{"href":"https:\/\/seconci.com.br\/site\/wp-json\/wp\/v2\/media?parent=14704"}],"wp:term":[{"taxonomy":"category","embeddable":true,"href":"https:\/\/seconci.com.br\/site\/wp-json\/wp\/v2\/categories?post=14704"},{"taxonomy":"post_tag","embeddable":true,"href":"https:\/\/seconci.com.br\/site\/wp-json\/wp\/v2\/tags?post=14704"}],"curies":[{"name":"wp","href":"https:\/\/api.w.org\/{rel}","templated":true}]}}