{"id":14717,"date":"2024-08-15T12:19:40","date_gmt":"2024-08-15T12:19:40","guid":{"rendered":"https:\/\/seconci.com.br\/site\/?p=14717"},"modified":"2024-08-15T12:19:41","modified_gmt":"2024-08-15T12:19:41","slug":"ense-2024-seconci-mg-sera-o-anfitriao-desta-edicao-do-evento","status":"publish","type":"post","link":"https:\/\/seconci.com.br\/site\/2024\/08\/15\/ense-2024-seconci-mg-sera-o-anfitriao-desta-edicao-do-evento\/","title":{"rendered":"ENSE 2024: Seconci-MG ser\u00e1 o anfitri\u00e3o desta edi\u00e7\u00e3o do evento"},"content":{"rendered":"\n<p>O Encontro Nacional dos Seconcis (ENSE), evento anual promovido pela Associa\u00e7\u00e3o de Servi\u00e7os Sociais da Constru\u00e7\u00e3o (Seconci Brasil), acontecer\u00e1 nos dias 26 e 27 de setembro, e o Seconci-MG ser\u00e1 o anfitri\u00e3o do evento.<\/p>\n\n\n\n<p>No \u00faltimo dia 09 de agosto, a Gerente Executiva do Seconci-Brasil, Denise Noleto, esteve em Belo Horizonte, na sede da entidade mineira, para uma reuni\u00e3o de alinhamento de provid\u00eancias com foco na organiza\u00e7\u00e3o do encontro.<\/p>\n\n\n\n<p>O ENSE re\u00fane representantes dos Seconcis em atividade no pa\u00eds, proporcionando um ambiente para a troca de experi\u00eancias e o debate sobre pautas fundamentais para o setor, voltadas para a presta\u00e7\u00e3o de servi\u00e7os aos trabalhadores e empresas da constru\u00e7\u00e3o. O objetivo principal \u00e9 oportunizar a reuni\u00e3o de gestores e profissionais das entidades regionais para discutir e compartilhar boas pr\u00e1ticas, nas \u00e1reas administrativa, estrat\u00e9gica e t\u00e9cnica.<\/p>\n","protected":false},"excerpt":{"rendered":"<p>O Encontro Nacional dos Seconcis (ENSE), evento anual promovido pela Associa\u00e7\u00e3o de Servi\u00e7os Sociais da Constru\u00e7\u00e3o (Seconci Brasil), acontecer\u00e1 nos dias 26 e 27 de setembro, e o Seconci-MG ser\u00e1 o anfitri\u00e3o do evento. No \u00faltimo dia 09 de agosto, a Gerente Executiva do Seconci-Brasil, Denise Noleto, esteve em Belo Horizonte, na sede da entidade [&hellip;]<\/p>\n","protected":false},"author":3,"featured_media":14718,"comment_status":"closed","ping_status":"closed","sticky":false,"template":"","format":"standard","meta":{"footnotes":""},"categories":[92],"tags":[],"class_list":["post-14717","post","type-post","status-publish","format-standard","has-post-thumbnail","hentry","category-seconci-brasil"],"yoast_head":"<!-- This site is optimized with the Yoast SEO plugin v26.9 - https:\/\/yoast.com\/product\/yoast-seo-wordpress\/ -->\n<title>ENSE 2024: Seconci-MG ser\u00e1 o anfitri\u00e3o desta edi\u00e7\u00e3o do evento - Seconci Brasil<\/title>\n<meta name=\"description\" content=\"O Encontro Nacional dos Seconcis (ENSE), evento anual promovido pela Associa\u00e7\u00e3o de Servi\u00e7os Sociais da Constru\u00e7\u00e3o (Seconci Brasil), acontecer\u00e1 nos dias 26 e 27 de setembro, e o Seconci-MG ser\u00e1 o anfitri\u00e3o do evento.\" \/>\n<meta name=\"robots\" content=\"index, follow, max-snippet:-1, max-image-preview:large, max-video-preview:-1\" \/>\n<link rel=\"canonical\" href=\"https:\/\/seconci.com.br\/site\/2024\/08\/15\/ense-2024-seconci-mg-sera-o-anfitriao-desta-edicao-do-evento\/\" \/>\n<meta property=\"og:locale\" content=\"pt_PT\" \/>\n<meta property=\"og:type\" content=\"article\" \/>\n<meta property=\"og:title\" content=\"ENSE 2024: Seconci-MG ser\u00e1 o anfitri\u00e3o desta edi\u00e7\u00e3o do evento - Seconci Brasil\" \/>\n<meta property=\"og:description\" content=\"O Encontro Nacional dos Seconcis (ENSE), evento anual promovido pela Associa\u00e7\u00e3o de Servi\u00e7os Sociais da Constru\u00e7\u00e3o (Seconci Brasil), acontecer\u00e1 nos dias 26 e 27 de setembro, e o Seconci-MG ser\u00e1 o anfitri\u00e3o do evento.\" \/>\n<meta property=\"og:url\" content=\"https:\/\/seconci.com.br\/site\/2024\/08\/15\/ense-2024-seconci-mg-sera-o-anfitriao-desta-edicao-do-evento\/\" \/>\n<meta property=\"og:site_name\" content=\"Seconci Brasil\" \/>\n<meta property=\"article:published_time\" content=\"2024-08-15T12:19:40+00:00\" \/>\n<meta property=\"article:modified_time\" content=\"2024-08-15T12:19:41+00:00\" \/>\n<meta property=\"og:image\" content=\"https:\/\/seconci.com.br\/site\/wp-content\/uploads\/2024\/08\/fachadahorizontal.jpg\" \/>\n\t<meta property=\"og:image:width\" content=\"840\" \/>\n\t<meta property=\"og:image:height\" content=\"560\" \/>\n\t<meta property=\"og:image:type\" content=\"image\/jpeg\" \/>\n<meta name=\"author\" content=\"Sidney Rocha\" \/>\n<meta name=\"twitter:card\" content=\"summary_large_image\" \/>\n<meta name=\"twitter:label1\" content=\"Escrito por\" \/>\n\t<meta name=\"twitter:data1\" content=\"Sidney Rocha\" \/>\n\t<meta name=\"twitter:label2\" content=\"Tempo estimado de leitura\" \/>\n\t<meta name=\"twitter:data2\" content=\"1 minuto\" \/>\n<script type=\"application\/ld+json\" class=\"yoast-schema-graph\">{\"@context\":\"https:\/\/schema.org\",\"@graph\":[{\"@type\":\"Article\",\"@id\":\"https:\/\/seconci.com.br\/site\/2024\/08\/15\/ense-2024-seconci-mg-sera-o-anfitriao-desta-edicao-do-evento\/#article\",\"isPartOf\":{\"@id\":\"https:\/\/seconci.com.br\/site\/2024\/08\/15\/ense-2024-seconci-mg-sera-o-anfitriao-desta-edicao-do-evento\/\"},\"author\":{\"name\":\"Sidney Rocha\",\"@id\":\"https:\/\/seconci.com.br\/site\/#\/schema\/person\/1d79afd97ddc8f2c68c1e88e298aa8e2\"},\"headline\":\"ENSE 2024: Seconci-MG ser\u00e1 o anfitri\u00e3o desta edi\u00e7\u00e3o do evento\",\"datePublished\":\"2024-08-15T12:19:40+00:00\",\"dateModified\":\"2024-08-15T12:19:41+00:00\",\"mainEntityOfPage\":{\"@id\":\"https:\/\/seconci.com.br\/site\/2024\/08\/15\/ense-2024-seconci-mg-sera-o-anfitriao-desta-edicao-do-evento\/\"},\"wordCount\":158,\"publisher\":{\"@id\":\"https:\/\/seconci.com.br\/site\/#organization\"},\"image\":{\"@id\":\"https:\/\/seconci.com.br\/site\/2024\/08\/15\/ense-2024-seconci-mg-sera-o-anfitriao-desta-edicao-do-evento\/#primaryimage\"},\"thumbnailUrl\":\"https:\/\/seconci.com.br\/site\/wp-content\/uploads\/2024\/08\/fachadahorizontal.jpg\",\"articleSection\":[\"Seconci Brasil\"],\"inLanguage\":\"pt-PT\"},{\"@type\":\"WebPage\",\"@id\":\"https:\/\/seconci.com.br\/site\/2024\/08\/15\/ense-2024-seconci-mg-sera-o-anfitriao-desta-edicao-do-evento\/\",\"url\":\"https:\/\/seconci.com.br\/site\/2024\/08\/15\/ense-2024-seconci-mg-sera-o-anfitriao-desta-edicao-do-evento\/\",\"name\":\"ENSE 2024: Seconci-MG ser\u00e1 o anfitri\u00e3o desta edi\u00e7\u00e3o do evento - Seconci Brasil\",\"isPartOf\":{\"@id\":\"https:\/\/seconci.com.br\/site\/#website\"},\"primaryImageOfPage\":{\"@id\":\"https:\/\/seconci.com.br\/site\/2024\/08\/15\/ense-2024-seconci-mg-sera-o-anfitriao-desta-edicao-do-evento\/#primaryimage\"},\"image\":{\"@id\":\"https:\/\/seconci.com.br\/site\/2024\/08\/15\/ense-2024-seconci-mg-sera-o-anfitriao-desta-edicao-do-evento\/#primaryimage\"},\"thumbnailUrl\":\"https:\/\/seconci.com.br\/site\/wp-content\/uploads\/2024\/08\/fachadahorizontal.jpg\",\"datePublished\":\"2024-08-15T12:19:40+00:00\",\"dateModified\":\"2024-08-15T12:19:41+00:00\",\"description\":\"O Encontro Nacional dos Seconcis (ENSE), evento anual promovido pela Associa\u00e7\u00e3o de Servi\u00e7os Sociais da Constru\u00e7\u00e3o (Seconci Brasil), acontecer\u00e1 nos dias 26 e 27 de setembro, e o Seconci-MG ser\u00e1 o anfitri\u00e3o do evento.\",\"breadcrumb\":{\"@id\":\"https:\/\/seconci.com.br\/site\/2024\/08\/15\/ense-2024-seconci-mg-sera-o-anfitriao-desta-edicao-do-evento\/#breadcrumb\"},\"inLanguage\":\"pt-PT\",\"potentialAction\":[{\"@type\":\"ReadAction\",\"target\":[\"https:\/\/seconci.com.br\/site\/2024\/08\/15\/ense-2024-seconci-mg-sera-o-anfitriao-desta-edicao-do-evento\/\"]}]},{\"@type\":\"ImageObject\",\"inLanguage\":\"pt-PT\",\"@id\":\"https:\/\/seconci.com.br\/site\/2024\/08\/15\/ense-2024-seconci-mg-sera-o-anfitriao-desta-edicao-do-evento\/#primaryimage\",\"url\":\"https:\/\/seconci.com.br\/site\/wp-content\/uploads\/2024\/08\/fachadahorizontal.jpg\",\"contentUrl\":\"https:\/\/seconci.com.br\/site\/wp-content\/uploads\/2024\/08\/fachadahorizontal.jpg\",\"width\":840,\"height\":560},{\"@type\":\"BreadcrumbList\",\"@id\":\"https:\/\/seconci.com.br\/site\/2024\/08\/15\/ense-2024-seconci-mg-sera-o-anfitriao-desta-edicao-do-evento\/#breadcrumb\",\"itemListElement\":[{\"@type\":\"ListItem\",\"position\":1,\"name\":\"In\u00edcio\",\"item\":\"https:\/\/seconci.com.br\/site\/\"},{\"@type\":\"ListItem\",\"position\":2,\"name\":\"ENSE 2024: Seconci-MG ser\u00e1 o anfitri\u00e3o desta edi\u00e7\u00e3o do evento\"}]},{\"@type\":\"WebSite\",\"@id\":\"https:\/\/seconci.com.br\/site\/#website\",\"url\":\"https:\/\/seconci.com.br\/site\/\",\"name\":\"Seconci Brasil\",\"description\":\"\",\"publisher\":{\"@id\":\"https:\/\/seconci.com.br\/site\/#organization\"},\"potentialAction\":[{\"@type\":\"SearchAction\",\"target\":{\"@type\":\"EntryPoint\",\"urlTemplate\":\"https:\/\/seconci.com.br\/site\/?s={search_term_string}\"},\"query-input\":{\"@type\":\"PropertyValueSpecification\",\"valueRequired\":true,\"valueName\":\"search_term_string\"}}],\"inLanguage\":\"pt-PT\"},{\"@type\":\"Organization\",\"@id\":\"https:\/\/seconci.com.br\/site\/#organization\",\"name\":\"Seconci Brasil\",\"url\":\"https:\/\/seconci.com.br\/site\/\",\"logo\":{\"@type\":\"ImageObject\",\"inLanguage\":\"pt-PT\",\"@id\":\"https:\/\/seconci.com.br\/site\/#\/schema\/logo\/image\/\",\"url\":\"https:\/\/seconci.com.br\/site\/wp-content\/uploads\/2024\/08\/Logo-Seconci-Brasil-branca-2.png\",\"contentUrl\":\"https:\/\/seconci.com.br\/site\/wp-content\/uploads\/2024\/08\/Logo-Seconci-Brasil-branca-2.png\",\"width\":1315,\"height\":598,\"caption\":\"Seconci Brasil\"},\"image\":{\"@id\":\"https:\/\/seconci.com.br\/site\/#\/schema\/logo\/image\/\"}},{\"@type\":\"Person\",\"@id\":\"https:\/\/seconci.com.br\/site\/#\/schema\/person\/1d79afd97ddc8f2c68c1e88e298aa8e2\",\"name\":\"Sidney Rocha\",\"description\":\"Comunicador e estagi\u00e1rio do Seconci Brasil.\",\"url\":\"https:\/\/seconci.com.br\/site\/author\/sidney-rocha\/\"}]}<\/script>\n<!-- \/ Yoast SEO plugin. -->","yoast_head_json":{"title":"ENSE 2024: Seconci-MG ser\u00e1 o anfitri\u00e3o desta edi\u00e7\u00e3o do evento - Seconci Brasil","description":"O Encontro Nacional dos Seconcis (ENSE), evento anual promovido pela Associa\u00e7\u00e3o de Servi\u00e7os Sociais da Constru\u00e7\u00e3o (Seconci Brasil), acontecer\u00e1 nos dias 26 e 27 de setembro, e o Seconci-MG ser\u00e1 o anfitri\u00e3o do evento.","robots":{"index":"index","follow":"follow","max-snippet":"max-snippet:-1","max-image-preview":"max-image-preview:large","max-video-preview":"max-video-preview:-1"},"canonical":"https:\/\/seconci.com.br\/site\/2024\/08\/15\/ense-2024-seconci-mg-sera-o-anfitriao-desta-edicao-do-evento\/","og_locale":"pt_PT","og_type":"article","og_title":"ENSE 2024: Seconci-MG ser\u00e1 o anfitri\u00e3o desta edi\u00e7\u00e3o do evento - Seconci Brasil","og_description":"O Encontro Nacional dos Seconcis (ENSE), evento anual promovido pela Associa\u00e7\u00e3o de Servi\u00e7os Sociais da Constru\u00e7\u00e3o (Seconci Brasil), acontecer\u00e1 nos dias 26 e 27 de setembro, e o Seconci-MG ser\u00e1 o anfitri\u00e3o do evento.","og_url":"https:\/\/seconci.com.br\/site\/2024\/08\/15\/ense-2024-seconci-mg-sera-o-anfitriao-desta-edicao-do-evento\/","og_site_name":"Seconci Brasil","article_published_time":"2024-08-15T12:19:40+00:00","article_modified_time":"2024-08-15T12:19:41+00:00","og_image":[{"width":840,"height":560,"url":"https:\/\/seconci.com.br\/site\/wp-content\/uploads\/2024\/08\/fachadahorizontal.jpg","type":"image\/jpeg"}],"author":"Sidney Rocha","twitter_card":"summary_large_image","twitter_misc":{"Escrito por":"Sidney Rocha","Tempo estimado de leitura":"1 minuto"},"schema":{"@context":"https:\/\/schema.org","@graph":[{"@type":"Article","@id":"https:\/\/seconci.com.br\/site\/2024\/08\/15\/ense-2024-seconci-mg-sera-o-anfitriao-desta-edicao-do-evento\/#article","isPartOf":{"@id":"https:\/\/seconci.com.br\/site\/2024\/08\/15\/ense-2024-seconci-mg-sera-o-anfitriao-desta-edicao-do-evento\/"},"author":{"name":"Sidney Rocha","@id":"https:\/\/seconci.com.br\/site\/#\/schema\/person\/1d79afd97ddc8f2c68c1e88e298aa8e2"},"headline":"ENSE 2024: Seconci-MG ser\u00e1 o anfitri\u00e3o desta edi\u00e7\u00e3o do evento","datePublished":"2024-08-15T12:19:40+00:00","dateModified":"2024-08-15T12:19:41+00:00","mainEntityOfPage":{"@id":"https:\/\/seconci.com.br\/site\/2024\/08\/15\/ense-2024-seconci-mg-sera-o-anfitriao-desta-edicao-do-evento\/"},"wordCount":158,"publisher":{"@id":"https:\/\/seconci.com.br\/site\/#organization"},"image":{"@id":"https:\/\/seconci.com.br\/site\/2024\/08\/15\/ense-2024-seconci-mg-sera-o-anfitriao-desta-edicao-do-evento\/#primaryimage"},"thumbnailUrl":"https:\/\/seconci.com.br\/site\/wp-content\/uploads\/2024\/08\/fachadahorizontal.jpg","articleSection":["Seconci Brasil"],"inLanguage":"pt-PT"},{"@type":"WebPage","@id":"https:\/\/seconci.com.br\/site\/2024\/08\/15\/ense-2024-seconci-mg-sera-o-anfitriao-desta-edicao-do-evento\/","url":"https:\/\/seconci.com.br\/site\/2024\/08\/15\/ense-2024-seconci-mg-sera-o-anfitriao-desta-edicao-do-evento\/","name":"ENSE 2024: Seconci-MG ser\u00e1 o anfitri\u00e3o desta edi\u00e7\u00e3o do evento - Seconci Brasil","isPartOf":{"@id":"https:\/\/seconci.com.br\/site\/#website"},"primaryImageOfPage":{"@id":"https:\/\/seconci.com.br\/site\/2024\/08\/15\/ense-2024-seconci-mg-sera-o-anfitriao-desta-edicao-do-evento\/#primaryimage"},"image":{"@id":"https:\/\/seconci.com.br\/site\/2024\/08\/15\/ense-2024-seconci-mg-sera-o-anfitriao-desta-edicao-do-evento\/#primaryimage"},"thumbnailUrl":"https:\/\/seconci.com.br\/site\/wp-content\/uploads\/2024\/08\/fachadahorizontal.jpg","datePublished":"2024-08-15T12:19:40+00:00","dateModified":"2024-08-15T12:19:41+00:00","description":"O Encontro Nacional dos Seconcis (ENSE), evento anual promovido pela Associa\u00e7\u00e3o de Servi\u00e7os Sociais da Constru\u00e7\u00e3o (Seconci Brasil), acontecer\u00e1 nos dias 26 e 27 de setembro, e o Seconci-MG ser\u00e1 o anfitri\u00e3o do evento.","breadcrumb":{"@id":"https:\/\/seconci.com.br\/site\/2024\/08\/15\/ense-2024-seconci-mg-sera-o-anfitriao-desta-edicao-do-evento\/#breadcrumb"},"inLanguage":"pt-PT","potentialAction":[{"@type":"ReadAction","target":["https:\/\/seconci.com.br\/site\/2024\/08\/15\/ense-2024-seconci-mg-sera-o-anfitriao-desta-edicao-do-evento\/"]}]},{"@type":"ImageObject","inLanguage":"pt-PT","@id":"https:\/\/seconci.com.br\/site\/2024\/08\/15\/ense-2024-seconci-mg-sera-o-anfitriao-desta-edicao-do-evento\/#primaryimage","url":"https:\/\/seconci.com.br\/site\/wp-content\/uploads\/2024\/08\/fachadahorizontal.jpg","contentUrl":"https:\/\/seconci.com.br\/site\/wp-content\/uploads\/2024\/08\/fachadahorizontal.jpg","width":840,"height":560},{"@type":"BreadcrumbList","@id":"https:\/\/seconci.com.br\/site\/2024\/08\/15\/ense-2024-seconci-mg-sera-o-anfitriao-desta-edicao-do-evento\/#breadcrumb","itemListElement":[{"@type":"ListItem","position":1,"name":"In\u00edcio","item":"https:\/\/seconci.com.br\/site\/"},{"@type":"ListItem","position":2,"name":"ENSE 2024: Seconci-MG ser\u00e1 o anfitri\u00e3o desta edi\u00e7\u00e3o do evento"}]},{"@type":"WebSite","@id":"https:\/\/seconci.com.br\/site\/#website","url":"https:\/\/seconci.com.br\/site\/","name":"Seconci Brasil","description":"","publisher":{"@id":"https:\/\/seconci.com.br\/site\/#organization"},"potentialAction":[{"@type":"SearchAction","target":{"@type":"EntryPoint","urlTemplate":"https:\/\/seconci.com.br\/site\/?s={search_term_string}"},"query-input":{"@type":"PropertyValueSpecification","valueRequired":true,"valueName":"search_term_string"}}],"inLanguage":"pt-PT"},{"@type":"Organization","@id":"https:\/\/seconci.com.br\/site\/#organization","name":"Seconci Brasil","url":"https:\/\/seconci.com.br\/site\/","logo":{"@type":"ImageObject","inLanguage":"pt-PT","@id":"https:\/\/seconci.com.br\/site\/#\/schema\/logo\/image\/","url":"https:\/\/seconci.com.br\/site\/wp-content\/uploads\/2024\/08\/Logo-Seconci-Brasil-branca-2.png","contentUrl":"https:\/\/seconci.com.br\/site\/wp-content\/uploads\/2024\/08\/Logo-Seconci-Brasil-branca-2.png","width":1315,"height":598,"caption":"Seconci Brasil"},"image":{"@id":"https:\/\/seconci.com.br\/site\/#\/schema\/logo\/image\/"}},{"@type":"Person","@id":"https:\/\/seconci.com.br\/site\/#\/schema\/person\/1d79afd97ddc8f2c68c1e88e298aa8e2","name":"Sidney Rocha","description":"Comunicador e estagi\u00e1rio do Seconci Brasil.","url":"https:\/\/seconci.com.br\/site\/author\/sidney-rocha\/"}]}},"_links":{"self":[{"href":"https:\/\/seconci.com.br\/site\/wp-json\/wp\/v2\/posts\/14717","targetHints":{"allow":["GET"]}}],"collection":[{"href":"https:\/\/seconci.com.br\/site\/wp-json\/wp\/v2\/posts"}],"about":[{"href":"https:\/\/seconci.com.br\/site\/wp-json\/wp\/v2\/types\/post"}],"author":[{"embeddable":true,"href":"https:\/\/seconci.com.br\/site\/wp-json\/wp\/v2\/users\/3"}],"replies":[{"embeddable":true,"href":"https:\/\/seconci.com.br\/site\/wp-json\/wp\/v2\/comments?post=14717"}],"version-history":[{"count":1,"href":"https:\/\/seconci.com.br\/site\/wp-json\/wp\/v2\/posts\/14717\/revisions"}],"predecessor-version":[{"id":14719,"href":"https:\/\/seconci.com.br\/site\/wp-json\/wp\/v2\/posts\/14717\/revisions\/14719"}],"wp:featuredmedia":[{"embeddable":true,"href":"https:\/\/seconci.com.br\/site\/wp-json\/wp\/v2\/media\/14718"}],"wp:attachment":[{"href":"https:\/\/seconci.com.br\/site\/wp-json\/wp\/v2\/media?parent=14717"}],"wp:term":[{"taxonomy":"category","embeddable":true,"href":"https:\/\/seconci.com.br\/site\/wp-json\/wp\/v2\/categories?post=14717"},{"taxonomy":"post_tag","embeddable":true,"href":"https:\/\/seconci.com.br\/site\/wp-json\/wp\/v2\/tags?post=14717"}],"curies":[{"name":"wp","href":"https:\/\/api.w.org\/{rel}","templated":true}]}}