{"id":14723,"date":"2024-08-19T12:42:49","date_gmt":"2024-08-19T12:42:49","guid":{"rendered":"https:\/\/seconci.com.br\/site\/?p=14723"},"modified":"2024-08-19T13:40:51","modified_gmt":"2024-08-19T13:40:51","slug":"seconci-blumenau-celebra-o-dia-nacional-da-construcao-social","status":"publish","type":"post","link":"https:\/\/seconci.com.br\/site\/2024\/08\/19\/seconci-blumenau-celebra-o-dia-nacional-da-construcao-social\/","title":{"rendered":"Seconci Blumenau celebra o Dia Nacional da Constru\u00e7\u00e3o Social"},"content":{"rendered":"\n<p>Com o objetivo de proporcionar um momento de lazer e recrea\u00e7\u00e3o em fam\u00edlia para celebrar o Dia Nacional da Constru\u00e7\u00e3o Civil e valorizar o profissional que atua na \u00e1rea, o Sindicato Da Ind\u00fastria Da Constru\u00e7\u00e3o De Blumenau (Sinduscon) e o Servi\u00e7o Social da Ind\u00fastria da Constru\u00e7\u00e3o de Blumenau (Seconci) promoveram neste s\u00e1bado, 17, em Blumenau, a 12\u00aa edi\u00e7\u00e3o do \u201cDia Nacional da Constru\u00e7\u00e3o Social\u201d (DNCS). O evento aconteceu no Complexo Esportivo Bernardo Werner, o Complexo do SESI, das 14h \u00e0s 17h30, com correaliza\u00e7\u00e3o do SESI\/SENAI.<br><br>A tarde de s\u00e1bado contou com in\u00fameras op\u00e7\u00f5es de entretenimento para as fam\u00edlias, como sorteios e apresenta\u00e7\u00f5es. Al\u00e9m disso, diversas atividades esportivas e recreativas foram disponibilizadas durante o evento para crian\u00e7as e adultos, al\u00e9m de servi\u00e7os de aten\u00e7\u00e3o \u00e0 sa\u00fade e alimenta\u00e7\u00e3o.<\/p>\n\n\n\n<p><strong>Confira a programa\u00e7\u00e3o:<\/strong><\/p>\n\n\n\n<ul class=\"wp-block-list\">\n<li>Atividades Esportivas: Futsal, jogos de mesa, pebolim, t\u00eanis de mesa e v\u00f4lei.<\/li>\n\n\n\n<li>Atividades Recreativas: Camas el\u00e1sticas, brinquedos infl\u00e1veis, pintura facial e circuito de rob\u00f3tica.<\/li>\n\n\n\n<li>Sa\u00fade: Limpeza e cuidados com a pele, avalia\u00e7\u00e3o capilar e dicas de sa\u00fade.<\/li>\n\n\n\n<li>Alimenta\u00e7\u00e3o: Cachorro-quente, bolo, pipoca e bebidas.<\/li>\n<\/ul>\n\n\n\n<p>O Dia Nacional da Constru\u00e7\u00e3o Social \u00e9 um evento promovido em \u00e2mbito nacional pela CBIC, com apoio do Servi\u00e7o Social da Constru\u00e7\u00e3o Civil (SECONCI Brasil), portanto ocorre em outros locais do pa\u00eds. Em Santa Catarina, o evento acontece exclusivamente em Blumenau, por meio da parceria entre Sinduscon, Seconci e SESI\/SENAI.<\/p>\n\n\n\n<p>O dia de festa \u00e9 exclusivo para os trabalhadores da constru\u00e7\u00e3o e seus familiares. As vagas para participar do evento que ocorre em Blumenau s\u00e3o limitadas e os trabalhadores podem se inscrever diretamente nas empresas em que atuam. Mais informa\u00e7\u00f5es est\u00e3o dispon\u00edveis pelo telefone (47) 3339-9000.<\/p>\n\n\n\n<p><em>Fonte: O Munic\u00edpio Blumenau<\/em><\/p>\n","protected":false},"excerpt":{"rendered":"<p>Com o objetivo de proporcionar um momento de lazer e recrea\u00e7\u00e3o em fam\u00edlia para celebrar o Dia Nacional da Constru\u00e7\u00e3o Civil e valorizar o profissional que atua na \u00e1rea, o Sindicato Da Ind\u00fastria Da Constru\u00e7\u00e3o De Blumenau (Sinduscon) e o Servi\u00e7o Social da Ind\u00fastria da Constru\u00e7\u00e3o de Blumenau (Seconci) promoveram neste s\u00e1bado, 17, em Blumenau, [&hellip;]<\/p>\n","protected":false},"author":3,"featured_media":14725,"comment_status":"closed","ping_status":"closed","sticky":false,"template":"","format":"standard","meta":{"footnotes":""},"categories":[92],"tags":[],"class_list":["post-14723","post","type-post","status-publish","format-standard","has-post-thumbnail","hentry","category-seconci-brasil"],"yoast_head":"<!-- This site is optimized with the Yoast SEO plugin v26.9 - https:\/\/yoast.com\/product\/yoast-seo-wordpress\/ -->\n<title>Seconci Blumenau celebra o Dia Nacional da Constru\u00e7\u00e3o Social - Seconci Brasil<\/title>\n<meta name=\"description\" content=\"Com o objetivo de proporcionar um momento de lazer e recrea\u00e7\u00e3o em fam\u00edlia para celebrar o Dia Nacional da Constru\u00e7\u00e3o Civil e valorizar o profissional que atua na \u00e1rea, o Sindicato Da Ind\u00fastria Da Constru\u00e7\u00e3o De Blumenau (Sinduscon) e o Servi\u00e7o Social da Ind\u00fastria da Constru\u00e7\u00e3o de Blumenau (Seconci) promoveram neste s\u00e1bado, 17, em Blumenau, a 12\u00aa edi\u00e7\u00e3o do \u201cDia Nacional da Constru\u00e7\u00e3o Social\u201d (DNCS). O evento \u00e9 gratuito e aconteceu no Complexo Esportivo Bernardo Werner, o Complexo do SESI, das 14h \u00e0s 17h30, com correaliza\u00e7\u00e3o do SESI\/SENAI.\" \/>\n<meta name=\"robots\" content=\"index, follow, max-snippet:-1, max-image-preview:large, max-video-preview:-1\" \/>\n<link rel=\"canonical\" href=\"https:\/\/seconci.com.br\/site\/2024\/08\/19\/seconci-blumenau-celebra-o-dia-nacional-da-construcao-social\/\" \/>\n<meta property=\"og:locale\" content=\"pt_PT\" \/>\n<meta property=\"og:type\" content=\"article\" \/>\n<meta property=\"og:title\" content=\"Seconci Blumenau celebra o Dia Nacional da Constru\u00e7\u00e3o Social - Seconci Brasil\" \/>\n<meta property=\"og:description\" content=\"Com o objetivo de proporcionar um momento de lazer e recrea\u00e7\u00e3o em fam\u00edlia para celebrar o Dia Nacional da Constru\u00e7\u00e3o Civil e valorizar o profissional que atua na \u00e1rea, o Sindicato Da Ind\u00fastria Da Constru\u00e7\u00e3o De Blumenau (Sinduscon) e o Servi\u00e7o Social da Ind\u00fastria da Constru\u00e7\u00e3o de Blumenau (Seconci) promoveram neste s\u00e1bado, 17, em Blumenau, a 12\u00aa edi\u00e7\u00e3o do \u201cDia Nacional da Constru\u00e7\u00e3o Social\u201d (DNCS). O evento \u00e9 gratuito e aconteceu no Complexo Esportivo Bernardo Werner, o Complexo do SESI, das 14h \u00e0s 17h30, com correaliza\u00e7\u00e3o do SESI\/SENAI.\" \/>\n<meta property=\"og:url\" content=\"https:\/\/seconci.com.br\/site\/2024\/08\/19\/seconci-blumenau-celebra-o-dia-nacional-da-construcao-social\/\" \/>\n<meta property=\"og:site_name\" content=\"Seconci Brasil\" \/>\n<meta property=\"article:published_time\" content=\"2024-08-19T12:42:49+00:00\" \/>\n<meta property=\"article:modified_time\" content=\"2024-08-19T13:40:51+00:00\" \/>\n<meta property=\"og:image\" content=\"https:\/\/seconci.com.br\/site\/wp-content\/uploads\/2024\/08\/dia-nacional-da-construcao-civil-e-celebrado-em-blumenau-com-evento-gratuito-neste-sabado-foto-13-1068x580-1.webp\" \/>\n\t<meta property=\"og:image:width\" content=\"1068\" \/>\n\t<meta property=\"og:image:height\" content=\"580\" \/>\n\t<meta property=\"og:image:type\" content=\"image\/webp\" \/>\n<meta name=\"author\" content=\"Sidney Rocha\" \/>\n<meta name=\"twitter:card\" content=\"summary_large_image\" \/>\n<meta name=\"twitter:label1\" content=\"Escrito por\" \/>\n\t<meta name=\"twitter:data1\" content=\"Sidney Rocha\" \/>\n\t<meta name=\"twitter:label2\" content=\"Tempo estimado de leitura\" \/>\n\t<meta name=\"twitter:data2\" content=\"2 minutos\" \/>\n<script type=\"application\/ld+json\" class=\"yoast-schema-graph\">{\"@context\":\"https:\/\/schema.org\",\"@graph\":[{\"@type\":\"Article\",\"@id\":\"https:\/\/seconci.com.br\/site\/2024\/08\/19\/seconci-blumenau-celebra-o-dia-nacional-da-construcao-social\/#article\",\"isPartOf\":{\"@id\":\"https:\/\/seconci.com.br\/site\/2024\/08\/19\/seconci-blumenau-celebra-o-dia-nacional-da-construcao-social\/\"},\"author\":{\"name\":\"Sidney Rocha\",\"@id\":\"https:\/\/seconci.com.br\/site\/#\/schema\/person\/1d79afd97ddc8f2c68c1e88e298aa8e2\"},\"headline\":\"Seconci Blumenau celebra o Dia Nacional da Constru\u00e7\u00e3o Social\",\"datePublished\":\"2024-08-19T12:42:49+00:00\",\"dateModified\":\"2024-08-19T13:40:51+00:00\",\"mainEntityOfPage\":{\"@id\":\"https:\/\/seconci.com.br\/site\/2024\/08\/19\/seconci-blumenau-celebra-o-dia-nacional-da-construcao-social\/\"},\"wordCount\":323,\"publisher\":{\"@id\":\"https:\/\/seconci.com.br\/site\/#organization\"},\"image\":{\"@id\":\"https:\/\/seconci.com.br\/site\/2024\/08\/19\/seconci-blumenau-celebra-o-dia-nacional-da-construcao-social\/#primaryimage\"},\"thumbnailUrl\":\"https:\/\/seconci.com.br\/site\/wp-content\/uploads\/2024\/08\/dia-nacional-da-construcao-civil-e-celebrado-em-blumenau-com-evento-gratuito-neste-sabado-foto-13-1068x580-1.webp\",\"articleSection\":[\"Seconci Brasil\"],\"inLanguage\":\"pt-PT\"},{\"@type\":\"WebPage\",\"@id\":\"https:\/\/seconci.com.br\/site\/2024\/08\/19\/seconci-blumenau-celebra-o-dia-nacional-da-construcao-social\/\",\"url\":\"https:\/\/seconci.com.br\/site\/2024\/08\/19\/seconci-blumenau-celebra-o-dia-nacional-da-construcao-social\/\",\"name\":\"Seconci Blumenau celebra o Dia Nacional da Constru\u00e7\u00e3o Social - Seconci Brasil\",\"isPartOf\":{\"@id\":\"https:\/\/seconci.com.br\/site\/#website\"},\"primaryImageOfPage\":{\"@id\":\"https:\/\/seconci.com.br\/site\/2024\/08\/19\/seconci-blumenau-celebra-o-dia-nacional-da-construcao-social\/#primaryimage\"},\"image\":{\"@id\":\"https:\/\/seconci.com.br\/site\/2024\/08\/19\/seconci-blumenau-celebra-o-dia-nacional-da-construcao-social\/#primaryimage\"},\"thumbnailUrl\":\"https:\/\/seconci.com.br\/site\/wp-content\/uploads\/2024\/08\/dia-nacional-da-construcao-civil-e-celebrado-em-blumenau-com-evento-gratuito-neste-sabado-foto-13-1068x580-1.webp\",\"datePublished\":\"2024-08-19T12:42:49+00:00\",\"dateModified\":\"2024-08-19T13:40:51+00:00\",\"description\":\"Com o objetivo de proporcionar um momento de lazer e recrea\u00e7\u00e3o em fam\u00edlia para celebrar o Dia Nacional da Constru\u00e7\u00e3o Civil e valorizar o profissional que atua na \u00e1rea, o Sindicato Da Ind\u00fastria Da Constru\u00e7\u00e3o De Blumenau (Sinduscon) e o Servi\u00e7o Social da Ind\u00fastria da Constru\u00e7\u00e3o de Blumenau (Seconci) promoveram neste s\u00e1bado, 17, em Blumenau, a 12\u00aa edi\u00e7\u00e3o do \u201cDia Nacional da Constru\u00e7\u00e3o Social\u201d (DNCS). O evento \u00e9 gratuito e aconteceu no Complexo Esportivo Bernardo Werner, o Complexo do SESI, das 14h \u00e0s 17h30, com correaliza\u00e7\u00e3o do SESI\/SENAI.\",\"breadcrumb\":{\"@id\":\"https:\/\/seconci.com.br\/site\/2024\/08\/19\/seconci-blumenau-celebra-o-dia-nacional-da-construcao-social\/#breadcrumb\"},\"inLanguage\":\"pt-PT\",\"potentialAction\":[{\"@type\":\"ReadAction\",\"target\":[\"https:\/\/seconci.com.br\/site\/2024\/08\/19\/seconci-blumenau-celebra-o-dia-nacional-da-construcao-social\/\"]}]},{\"@type\":\"ImageObject\",\"inLanguage\":\"pt-PT\",\"@id\":\"https:\/\/seconci.com.br\/site\/2024\/08\/19\/seconci-blumenau-celebra-o-dia-nacional-da-construcao-social\/#primaryimage\",\"url\":\"https:\/\/seconci.com.br\/site\/wp-content\/uploads\/2024\/08\/dia-nacional-da-construcao-civil-e-celebrado-em-blumenau-com-evento-gratuito-neste-sabado-foto-13-1068x580-1.webp\",\"contentUrl\":\"https:\/\/seconci.com.br\/site\/wp-content\/uploads\/2024\/08\/dia-nacional-da-construcao-civil-e-celebrado-em-blumenau-com-evento-gratuito-neste-sabado-foto-13-1068x580-1.webp\",\"width\":1068,\"height\":580},{\"@type\":\"BreadcrumbList\",\"@id\":\"https:\/\/seconci.com.br\/site\/2024\/08\/19\/seconci-blumenau-celebra-o-dia-nacional-da-construcao-social\/#breadcrumb\",\"itemListElement\":[{\"@type\":\"ListItem\",\"position\":1,\"name\":\"In\u00edcio\",\"item\":\"https:\/\/seconci.com.br\/site\/\"},{\"@type\":\"ListItem\",\"position\":2,\"name\":\"Seconci Blumenau celebra o Dia Nacional da Constru\u00e7\u00e3o Social\"}]},{\"@type\":\"WebSite\",\"@id\":\"https:\/\/seconci.com.br\/site\/#website\",\"url\":\"https:\/\/seconci.com.br\/site\/\",\"name\":\"Seconci Brasil\",\"description\":\"\",\"publisher\":{\"@id\":\"https:\/\/seconci.com.br\/site\/#organization\"},\"potentialAction\":[{\"@type\":\"SearchAction\",\"target\":{\"@type\":\"EntryPoint\",\"urlTemplate\":\"https:\/\/seconci.com.br\/site\/?s={search_term_string}\"},\"query-input\":{\"@type\":\"PropertyValueSpecification\",\"valueRequired\":true,\"valueName\":\"search_term_string\"}}],\"inLanguage\":\"pt-PT\"},{\"@type\":\"Organization\",\"@id\":\"https:\/\/seconci.com.br\/site\/#organization\",\"name\":\"Seconci Brasil\",\"url\":\"https:\/\/seconci.com.br\/site\/\",\"logo\":{\"@type\":\"ImageObject\",\"inLanguage\":\"pt-PT\",\"@id\":\"https:\/\/seconci.com.br\/site\/#\/schema\/logo\/image\/\",\"url\":\"https:\/\/seconci.com.br\/site\/wp-content\/uploads\/2024\/08\/Logo-Seconci-Brasil-branca-2.png\",\"contentUrl\":\"https:\/\/seconci.com.br\/site\/wp-content\/uploads\/2024\/08\/Logo-Seconci-Brasil-branca-2.png\",\"width\":1315,\"height\":598,\"caption\":\"Seconci Brasil\"},\"image\":{\"@id\":\"https:\/\/seconci.com.br\/site\/#\/schema\/logo\/image\/\"}},{\"@type\":\"Person\",\"@id\":\"https:\/\/seconci.com.br\/site\/#\/schema\/person\/1d79afd97ddc8f2c68c1e88e298aa8e2\",\"name\":\"Sidney Rocha\",\"description\":\"Comunicador e estagi\u00e1rio do Seconci Brasil.\",\"url\":\"https:\/\/seconci.com.br\/site\/author\/sidney-rocha\/\"}]}<\/script>\n<!-- \/ Yoast SEO plugin. -->","yoast_head_json":{"title":"Seconci Blumenau celebra o Dia Nacional da Constru\u00e7\u00e3o Social - Seconci Brasil","description":"Com o objetivo de proporcionar um momento de lazer e recrea\u00e7\u00e3o em fam\u00edlia para celebrar o Dia Nacional da Constru\u00e7\u00e3o Civil e valorizar o profissional que atua na \u00e1rea, o Sindicato Da Ind\u00fastria Da Constru\u00e7\u00e3o De Blumenau (Sinduscon) e o Servi\u00e7o Social da Ind\u00fastria da Constru\u00e7\u00e3o de Blumenau (Seconci) promoveram neste s\u00e1bado, 17, em Blumenau, a 12\u00aa edi\u00e7\u00e3o do \u201cDia Nacional da Constru\u00e7\u00e3o Social\u201d (DNCS). O evento \u00e9 gratuito e aconteceu no Complexo Esportivo Bernardo Werner, o Complexo do SESI, das 14h \u00e0s 17h30, com correaliza\u00e7\u00e3o do SESI\/SENAI.","robots":{"index":"index","follow":"follow","max-snippet":"max-snippet:-1","max-image-preview":"max-image-preview:large","max-video-preview":"max-video-preview:-1"},"canonical":"https:\/\/seconci.com.br\/site\/2024\/08\/19\/seconci-blumenau-celebra-o-dia-nacional-da-construcao-social\/","og_locale":"pt_PT","og_type":"article","og_title":"Seconci Blumenau celebra o Dia Nacional da Constru\u00e7\u00e3o Social - Seconci Brasil","og_description":"Com o objetivo de proporcionar um momento de lazer e recrea\u00e7\u00e3o em fam\u00edlia para celebrar o Dia Nacional da Constru\u00e7\u00e3o Civil e valorizar o profissional que atua na \u00e1rea, o Sindicato Da Ind\u00fastria Da Constru\u00e7\u00e3o De Blumenau (Sinduscon) e o Servi\u00e7o Social da Ind\u00fastria da Constru\u00e7\u00e3o de Blumenau (Seconci) promoveram neste s\u00e1bado, 17, em Blumenau, a 12\u00aa edi\u00e7\u00e3o do \u201cDia Nacional da Constru\u00e7\u00e3o Social\u201d (DNCS). O evento \u00e9 gratuito e aconteceu no Complexo Esportivo Bernardo Werner, o Complexo do SESI, das 14h \u00e0s 17h30, com correaliza\u00e7\u00e3o do SESI\/SENAI.","og_url":"https:\/\/seconci.com.br\/site\/2024\/08\/19\/seconci-blumenau-celebra-o-dia-nacional-da-construcao-social\/","og_site_name":"Seconci Brasil","article_published_time":"2024-08-19T12:42:49+00:00","article_modified_time":"2024-08-19T13:40:51+00:00","og_image":[{"width":1068,"height":580,"url":"https:\/\/seconci.com.br\/site\/wp-content\/uploads\/2024\/08\/dia-nacional-da-construcao-civil-e-celebrado-em-blumenau-com-evento-gratuito-neste-sabado-foto-13-1068x580-1.webp","type":"image\/webp"}],"author":"Sidney Rocha","twitter_card":"summary_large_image","twitter_misc":{"Escrito por":"Sidney Rocha","Tempo estimado de leitura":"2 minutos"},"schema":{"@context":"https:\/\/schema.org","@graph":[{"@type":"Article","@id":"https:\/\/seconci.com.br\/site\/2024\/08\/19\/seconci-blumenau-celebra-o-dia-nacional-da-construcao-social\/#article","isPartOf":{"@id":"https:\/\/seconci.com.br\/site\/2024\/08\/19\/seconci-blumenau-celebra-o-dia-nacional-da-construcao-social\/"},"author":{"name":"Sidney Rocha","@id":"https:\/\/seconci.com.br\/site\/#\/schema\/person\/1d79afd97ddc8f2c68c1e88e298aa8e2"},"headline":"Seconci Blumenau celebra o Dia Nacional da Constru\u00e7\u00e3o Social","datePublished":"2024-08-19T12:42:49+00:00","dateModified":"2024-08-19T13:40:51+00:00","mainEntityOfPage":{"@id":"https:\/\/seconci.com.br\/site\/2024\/08\/19\/seconci-blumenau-celebra-o-dia-nacional-da-construcao-social\/"},"wordCount":323,"publisher":{"@id":"https:\/\/seconci.com.br\/site\/#organization"},"image":{"@id":"https:\/\/seconci.com.br\/site\/2024\/08\/19\/seconci-blumenau-celebra-o-dia-nacional-da-construcao-social\/#primaryimage"},"thumbnailUrl":"https:\/\/seconci.com.br\/site\/wp-content\/uploads\/2024\/08\/dia-nacional-da-construcao-civil-e-celebrado-em-blumenau-com-evento-gratuito-neste-sabado-foto-13-1068x580-1.webp","articleSection":["Seconci Brasil"],"inLanguage":"pt-PT"},{"@type":"WebPage","@id":"https:\/\/seconci.com.br\/site\/2024\/08\/19\/seconci-blumenau-celebra-o-dia-nacional-da-construcao-social\/","url":"https:\/\/seconci.com.br\/site\/2024\/08\/19\/seconci-blumenau-celebra-o-dia-nacional-da-construcao-social\/","name":"Seconci Blumenau celebra o Dia Nacional da Constru\u00e7\u00e3o Social - Seconci Brasil","isPartOf":{"@id":"https:\/\/seconci.com.br\/site\/#website"},"primaryImageOfPage":{"@id":"https:\/\/seconci.com.br\/site\/2024\/08\/19\/seconci-blumenau-celebra-o-dia-nacional-da-construcao-social\/#primaryimage"},"image":{"@id":"https:\/\/seconci.com.br\/site\/2024\/08\/19\/seconci-blumenau-celebra-o-dia-nacional-da-construcao-social\/#primaryimage"},"thumbnailUrl":"https:\/\/seconci.com.br\/site\/wp-content\/uploads\/2024\/08\/dia-nacional-da-construcao-civil-e-celebrado-em-blumenau-com-evento-gratuito-neste-sabado-foto-13-1068x580-1.webp","datePublished":"2024-08-19T12:42:49+00:00","dateModified":"2024-08-19T13:40:51+00:00","description":"Com o objetivo de proporcionar um momento de lazer e recrea\u00e7\u00e3o em fam\u00edlia para celebrar o Dia Nacional da Constru\u00e7\u00e3o Civil e valorizar o profissional que atua na \u00e1rea, o Sindicato Da Ind\u00fastria Da Constru\u00e7\u00e3o De Blumenau (Sinduscon) e o Servi\u00e7o Social da Ind\u00fastria da Constru\u00e7\u00e3o de Blumenau (Seconci) promoveram neste s\u00e1bado, 17, em Blumenau, a 12\u00aa edi\u00e7\u00e3o do \u201cDia Nacional da Constru\u00e7\u00e3o Social\u201d (DNCS). O evento \u00e9 gratuito e aconteceu no Complexo Esportivo Bernardo Werner, o Complexo do SESI, das 14h \u00e0s 17h30, com correaliza\u00e7\u00e3o do SESI\/SENAI.","breadcrumb":{"@id":"https:\/\/seconci.com.br\/site\/2024\/08\/19\/seconci-blumenau-celebra-o-dia-nacional-da-construcao-social\/#breadcrumb"},"inLanguage":"pt-PT","potentialAction":[{"@type":"ReadAction","target":["https:\/\/seconci.com.br\/site\/2024\/08\/19\/seconci-blumenau-celebra-o-dia-nacional-da-construcao-social\/"]}]},{"@type":"ImageObject","inLanguage":"pt-PT","@id":"https:\/\/seconci.com.br\/site\/2024\/08\/19\/seconci-blumenau-celebra-o-dia-nacional-da-construcao-social\/#primaryimage","url":"https:\/\/seconci.com.br\/site\/wp-content\/uploads\/2024\/08\/dia-nacional-da-construcao-civil-e-celebrado-em-blumenau-com-evento-gratuito-neste-sabado-foto-13-1068x580-1.webp","contentUrl":"https:\/\/seconci.com.br\/site\/wp-content\/uploads\/2024\/08\/dia-nacional-da-construcao-civil-e-celebrado-em-blumenau-com-evento-gratuito-neste-sabado-foto-13-1068x580-1.webp","width":1068,"height":580},{"@type":"BreadcrumbList","@id":"https:\/\/seconci.com.br\/site\/2024\/08\/19\/seconci-blumenau-celebra-o-dia-nacional-da-construcao-social\/#breadcrumb","itemListElement":[{"@type":"ListItem","position":1,"name":"In\u00edcio","item":"https:\/\/seconci.com.br\/site\/"},{"@type":"ListItem","position":2,"name":"Seconci Blumenau celebra o Dia Nacional da Constru\u00e7\u00e3o Social"}]},{"@type":"WebSite","@id":"https:\/\/seconci.com.br\/site\/#website","url":"https:\/\/seconci.com.br\/site\/","name":"Seconci Brasil","description":"","publisher":{"@id":"https:\/\/seconci.com.br\/site\/#organization"},"potentialAction":[{"@type":"SearchAction","target":{"@type":"EntryPoint","urlTemplate":"https:\/\/seconci.com.br\/site\/?s={search_term_string}"},"query-input":{"@type":"PropertyValueSpecification","valueRequired":true,"valueName":"search_term_string"}}],"inLanguage":"pt-PT"},{"@type":"Organization","@id":"https:\/\/seconci.com.br\/site\/#organization","name":"Seconci Brasil","url":"https:\/\/seconci.com.br\/site\/","logo":{"@type":"ImageObject","inLanguage":"pt-PT","@id":"https:\/\/seconci.com.br\/site\/#\/schema\/logo\/image\/","url":"https:\/\/seconci.com.br\/site\/wp-content\/uploads\/2024\/08\/Logo-Seconci-Brasil-branca-2.png","contentUrl":"https:\/\/seconci.com.br\/site\/wp-content\/uploads\/2024\/08\/Logo-Seconci-Brasil-branca-2.png","width":1315,"height":598,"caption":"Seconci Brasil"},"image":{"@id":"https:\/\/seconci.com.br\/site\/#\/schema\/logo\/image\/"}},{"@type":"Person","@id":"https:\/\/seconci.com.br\/site\/#\/schema\/person\/1d79afd97ddc8f2c68c1e88e298aa8e2","name":"Sidney Rocha","description":"Comunicador e estagi\u00e1rio do Seconci Brasil.","url":"https:\/\/seconci.com.br\/site\/author\/sidney-rocha\/"}]}},"_links":{"self":[{"href":"https:\/\/seconci.com.br\/site\/wp-json\/wp\/v2\/posts\/14723","targetHints":{"allow":["GET"]}}],"collection":[{"href":"https:\/\/seconci.com.br\/site\/wp-json\/wp\/v2\/posts"}],"about":[{"href":"https:\/\/seconci.com.br\/site\/wp-json\/wp\/v2\/types\/post"}],"author":[{"embeddable":true,"href":"https:\/\/seconci.com.br\/site\/wp-json\/wp\/v2\/users\/3"}],"replies":[{"embeddable":true,"href":"https:\/\/seconci.com.br\/site\/wp-json\/wp\/v2\/comments?post=14723"}],"version-history":[{"count":2,"href":"https:\/\/seconci.com.br\/site\/wp-json\/wp\/v2\/posts\/14723\/revisions"}],"predecessor-version":[{"id":14764,"href":"https:\/\/seconci.com.br\/site\/wp-json\/wp\/v2\/posts\/14723\/revisions\/14764"}],"wp:featuredmedia":[{"embeddable":true,"href":"https:\/\/seconci.com.br\/site\/wp-json\/wp\/v2\/media\/14725"}],"wp:attachment":[{"href":"https:\/\/seconci.com.br\/site\/wp-json\/wp\/v2\/media?parent=14723"}],"wp:term":[{"taxonomy":"category","embeddable":true,"href":"https:\/\/seconci.com.br\/site\/wp-json\/wp\/v2\/categories?post=14723"},{"taxonomy":"post_tag","embeddable":true,"href":"https:\/\/seconci.com.br\/site\/wp-json\/wp\/v2\/tags?post=14723"}],"curies":[{"name":"wp","href":"https:\/\/api.w.org\/{rel}","templated":true}]}}