{"id":14727,"date":"2024-08-19T12:50:14","date_gmt":"2024-08-19T12:50:14","guid":{"rendered":"https:\/\/seconci.com.br\/site\/?p=14727"},"modified":"2024-08-19T12:55:01","modified_gmt":"2024-08-19T12:55:01","slug":"dia-nacional-da-construcao-social-e-realizado-em-manaus","status":"publish","type":"post","link":"https:\/\/seconci.com.br\/site\/2024\/08\/19\/dia-nacional-da-construcao-social-e-realizado-em-manaus\/","title":{"rendered":"Dia Nacional da Constru\u00e7\u00e3o Social \u00e9 realizado em Manaus"},"content":{"rendered":"\n<p>O Dia Nacional da Constru\u00e7\u00e3o Social (DNCS), realizado no Clube do Trabalhador do Sesi em Manaus (AM), ofereceu uma ampla programa\u00e7\u00e3o de atividades voltadas \u00e0 sa\u00fade, esportes, cultura e educa\u00e7\u00e3o.&nbsp;Com o tema \u201cViva sua melhor obras!\u201d, o evento foi realizado simultaneamente em diversas cidades do pa\u00eds.&nbsp;&nbsp;<\/p>\n\n\n\n<p>O DNCS 2024 reuniu mais de 500 participantes na capital amazonense, sendo a maioria parte do 7\u00ba Torneio de Futsal, uma das atividades mais aguardadas entre os trabalhadores. O encontro tamb\u00e9m contou com uma extensa programa\u00e7\u00e3o de sa\u00fade, que incluiu consultas m\u00e9dicas, vacina\u00e7\u00e3o, aferi\u00e7\u00e3o de press\u00e3o arterial, teste de glicemia e c\u00e1lculo do \u00cdndice de Massa Corporal (IMC). Profissionais da \u00e1rea de sa\u00fade do Seconci Manaus, Sesi Amazonas e Funda\u00e7\u00e3o Alfredo da Mata estiveram \u00e0 disposi\u00e7\u00e3o para atender os participantes, proporcionando cuidados essenciais e orienta\u00e7\u00f5es para uma vida mais saud\u00e1vel.&nbsp;<\/p>\n\n\n\n<figure class=\"wp-block-image aligncenter\"><img decoding=\"async\" src=\"https:\/\/cbic.org.br\/wp-content\/uploads\/2024\/08\/img9146-scaled.jpg\" alt=\"\" class=\"wp-image-98496\"\/><\/figure>\n\n\n\n<p>O presidente do Sinduscon Amazonas, Frank Souza, celebra a 17\u00aa edi\u00e7\u00e3o do Dia Nacional da Constru\u00e7\u00e3o Social 2024 com muita satisfa\u00e7\u00e3o e alegria pela uni\u00e3o das fam\u00edlias que comp\u00f5em o setor da constru\u00e7\u00e3o. \u201cEsse \u00e9 um evento que promove o equil\u00edbrio entre os empres\u00e1rios e os trabalhadores. N\u00f3s temos aqui esse espa\u00e7o maravilhoso, com ar-condicionado, confort\u00e1vel, para oferecer \u00e0s fam\u00edlias os servi\u00e7os de lazer, cidadania e sa\u00fade. \u00c9 isso que o setor da constru\u00e7\u00e3o quer: nossos trabalhadores saud\u00e1veis, unidos em fam\u00edlia e com melhor qualidade de vida\u201d, acrescenta.&nbsp;<\/p>\n\n\n\n<p><strong>Esporte e Lazer<\/strong>&nbsp;<\/p>\n\n\n\n<p>O 7\u00ba Torneio de Futsal foi um dos destaques, com a participa\u00e7\u00e3o de 20 equipes formadas por trabalhadores das empresas associadas. Os tr\u00eas primeiros colocados ser\u00e3o premiados com trof\u00e9us e medalhas, celebrando o esp\u00edrito esportivo e a dedica\u00e7\u00e3o dos atletas. A competi\u00e7\u00e3o trouxe emo\u00e7\u00e3o e entusiasmo ao evento, promovendo a intera\u00e7\u00e3o das fam\u00edlias na torcida pela disputa.&nbsp;<\/p>\n\n\n\n<p>O presidente do Seconci Manaus, Manoel Gomes, ressalta o sucesso de mais uma edi\u00e7\u00e3o do maior evento social do setor. \u201c\u00c9 com muita satisfa\u00e7\u00e3o e carinho que elaboramos mais uma edi\u00e7\u00e3o desse evento. O DNCS 2024 \u00e9 uma festa da fam\u00edlia; \u00e9 gratificante poder reunir tantos servi\u00e7os importantes e exclusivos. Isso s\u00f3 fortalece o nosso relacionamento com os trabalhadores\u201d, disse.&nbsp;<\/p>\n\n\n\n<figure class=\"wp-block-image aligncenter\"><img decoding=\"async\" src=\"https:\/\/cbic.org.br\/wp-content\/uploads\/2024\/08\/img9217-scaled.jpg\" alt=\"\" class=\"wp-image-98502\"\/><\/figure>\n\n\n\n<p><strong>Cultura e Entretenimento<\/strong>&nbsp;<\/p>\n\n\n\n<p>Boi-bumb\u00e1, bolero, sertanejo e uma mistura de ritmos foram apresentados com a atra\u00e7\u00e3o musical Adrianynho Star. Tamb\u00e9m houve uma novidade audiovisual com o Cine Vagalume, que encantou a crian\u00e7ada com a mostra Curuminzada. O cineclube itinerante reuniu uma sele\u00e7\u00e3o de filmes produzidos na Amaz\u00f4nia, proporcionando uma experi\u00eancia cultural enriquecedora para todas as idades. A Palha\u00e7a Gemada animou a crian\u00e7ada com brincadeiras, sorteio de brindes e pintura facial, garantindo momentos de divers\u00e3o e alegria.&nbsp;<\/p>\n\n\n\n<p>A superintendente do Seconci Manaus, Alair Paula, agradece a atua\u00e7\u00e3o dos parceiros no Dia Nacional da Constru\u00e7\u00e3o Social. \u201cA 17\u00aa edi\u00e7\u00e3o do DNCS foi um verdadeiro exemplo de como a uni\u00e3o de esfor\u00e7os pode criar um impacto positivo na vida das pessoas. A organiza\u00e7\u00e3o agradece a todos os parceiros, volunt\u00e1rios e participantes que contribu\u00edram para o sucesso do evento e j\u00e1 se prepara para futuras edi\u00e7\u00f5es, sempre com o objetivo de oferecer mais oportunidades e benef\u00edcios para os trabalhadores\u201d, destacou.&nbsp;<\/p>\n\n\n\n<figure class=\"wp-block-image aligncenter\"><img decoding=\"async\" src=\"https:\/\/cbic.org.br\/wp-content\/uploads\/2024\/08\/img9264-scaled.jpg\" alt=\"\" class=\"wp-image-98500\"\/><\/figure>\n\n\n\n<p><strong>Educa\u00e7\u00e3o e Capacita\u00e7\u00e3o<\/strong>&nbsp;<\/p>\n\n\n\n<p>As oficinas de instala\u00e7\u00e3o hidr\u00e1ulica e el\u00e9trica tiveram destaque, com demonstra\u00e7\u00f5es ao vivo que ensinaram t\u00e9cnicas pr\u00e1ticas e seguras para os participantes. Essas atividades foram oferecidas com o apoio da FIEAM \u2013 Federa\u00e7\u00e3o das Ind\u00fastrias do Estado do Amazonas, SESI Amazonas, IEL e SENAI, que tamb\u00e9m disponibilizaram diversos servi\u00e7os para o p\u00fablico presente.&nbsp;<\/p>\n\n\n\n<p>O evento contou com a presen\u00e7a das diretorias das entidades realizadoras e representantes das institui\u00e7\u00f5es envolvidas, que ressaltaram a import\u00e2ncia da colabora\u00e7\u00e3o entre entidades e a comunidade para a realiza\u00e7\u00e3o de eventos que promovem a qualidade de vida e o desenvolvimento social.&nbsp;&nbsp;<\/p>\n\n\n\n<figure class=\"wp-block-image aligncenter\"><img decoding=\"async\" src=\"https:\/\/cbic.org.br\/wp-content\/uploads\/2024\/08\/img9166-scaled.jpg\" alt=\"\" class=\"wp-image-98498\"\/><\/figure>\n\n\n\n<p>O evento tem interface com o projeto \u201cResponsabilidade Social na Ind\u00fastria da Constru\u00e7\u00e3o\u201d, da Comiss\u00e3o de Responsabilidade Social (CRS\/CBIC), com a correaliza\u00e7\u00e3o do Servi\u00e7o Social da Ind\u00fastria (Sesi Nacional).&nbsp;<\/p>\n\n\n\n<p><em>Fonte: Ag\u00eancia CBIC<\/em><\/p>\n","protected":false},"excerpt":{"rendered":"<p>O Dia Nacional da Constru\u00e7\u00e3o Social (DNCS), realizado no Clube do Trabalhador do Sesi em Manaus (AM), ofereceu uma ampla programa\u00e7\u00e3o de atividades voltadas \u00e0 sa\u00fade, esportes, cultura e educa\u00e7\u00e3o.&nbsp;Com o tema \u201cViva sua melhor obras!\u201d, o evento foi realizado simultaneamente em diversas cidades do pa\u00eds.&nbsp;&nbsp; O DNCS 2024 reuniu mais de 500 participantes na [&hellip;]<\/p>\n","protected":false},"author":3,"featured_media":14728,"comment_status":"closed","ping_status":"closed","sticky":false,"template":"","format":"standard","meta":{"footnotes":""},"categories":[92],"tags":[],"class_list":["post-14727","post","type-post","status-publish","format-standard","has-post-thumbnail","hentry","category-seconci-brasil"],"yoast_head":"<!-- This site is optimized with the Yoast SEO plugin v26.9 - https:\/\/yoast.com\/product\/yoast-seo-wordpress\/ -->\n<title>Dia Nacional da Constru\u00e7\u00e3o Social \u00e9 realizado em Manaus - Seconci Brasil<\/title>\n<meta name=\"description\" content=\"O Dia Nacional da Constru\u00e7\u00e3o Social (DNCS), realizado no Clube do Trabalhador do Sesi em Manaus (AM), ofereceu uma ampla programa\u00e7\u00e3o de atividades voltadas \u00e0 sa\u00fade, esportes, cultura e educa\u00e7\u00e3o. Com o tema \u201cViva sua melhor obras!\u201d, o evento foi realizado simultaneamente em diversas cidades do pa\u00eds.\" \/>\n<meta name=\"robots\" content=\"index, follow, max-snippet:-1, max-image-preview:large, max-video-preview:-1\" \/>\n<link rel=\"canonical\" href=\"https:\/\/seconci.com.br\/site\/2024\/08\/19\/dia-nacional-da-construcao-social-e-realizado-em-manaus\/\" \/>\n<meta property=\"og:locale\" content=\"pt_PT\" \/>\n<meta property=\"og:type\" content=\"article\" \/>\n<meta property=\"og:title\" content=\"Dia Nacional da Constru\u00e7\u00e3o Social \u00e9 realizado em Manaus - Seconci Brasil\" \/>\n<meta property=\"og:description\" content=\"O Dia Nacional da Constru\u00e7\u00e3o Social (DNCS), realizado no Clube do Trabalhador do Sesi em Manaus (AM), ofereceu uma ampla programa\u00e7\u00e3o de atividades voltadas \u00e0 sa\u00fade, esportes, cultura e educa\u00e7\u00e3o. Com o tema \u201cViva sua melhor obras!\u201d, o evento foi realizado simultaneamente em diversas cidades do pa\u00eds.\" \/>\n<meta property=\"og:url\" content=\"https:\/\/seconci.com.br\/site\/2024\/08\/19\/dia-nacional-da-construcao-social-e-realizado-em-manaus\/\" \/>\n<meta property=\"og:site_name\" content=\"Seconci Brasil\" \/>\n<meta property=\"article:published_time\" content=\"2024-08-19T12:50:14+00:00\" \/>\n<meta property=\"article:modified_time\" content=\"2024-08-19T12:55:01+00:00\" \/>\n<meta property=\"og:image\" content=\"https:\/\/seconci.com.br\/site\/wp-content\/uploads\/2024\/08\/img9271-scaled-1.jpg\" \/>\n\t<meta property=\"og:image:width\" content=\"2560\" \/>\n\t<meta property=\"og:image:height\" content=\"1707\" \/>\n\t<meta property=\"og:image:type\" content=\"image\/jpeg\" \/>\n<meta name=\"author\" content=\"Sidney Rocha\" \/>\n<meta name=\"twitter:card\" content=\"summary_large_image\" \/>\n<meta name=\"twitter:label1\" content=\"Escrito por\" \/>\n\t<meta name=\"twitter:data1\" content=\"Sidney Rocha\" \/>\n\t<meta name=\"twitter:label2\" content=\"Tempo estimado de leitura\" \/>\n\t<meta name=\"twitter:data2\" content=\"5 minutos\" \/>\n<script type=\"application\/ld+json\" class=\"yoast-schema-graph\">{\"@context\":\"https:\/\/schema.org\",\"@graph\":[{\"@type\":\"Article\",\"@id\":\"https:\/\/seconci.com.br\/site\/2024\/08\/19\/dia-nacional-da-construcao-social-e-realizado-em-manaus\/#article\",\"isPartOf\":{\"@id\":\"https:\/\/seconci.com.br\/site\/2024\/08\/19\/dia-nacional-da-construcao-social-e-realizado-em-manaus\/\"},\"author\":{\"name\":\"Sidney Rocha\",\"@id\":\"https:\/\/seconci.com.br\/site\/#\/schema\/person\/1d79afd97ddc8f2c68c1e88e298aa8e2\"},\"headline\":\"Dia Nacional da Constru\u00e7\u00e3o Social \u00e9 realizado em Manaus\",\"datePublished\":\"2024-08-19T12:50:14+00:00\",\"dateModified\":\"2024-08-19T12:55:01+00:00\",\"mainEntityOfPage\":{\"@id\":\"https:\/\/seconci.com.br\/site\/2024\/08\/19\/dia-nacional-da-construcao-social-e-realizado-em-manaus\/\"},\"wordCount\":735,\"publisher\":{\"@id\":\"https:\/\/seconci.com.br\/site\/#organization\"},\"image\":{\"@id\":\"https:\/\/seconci.com.br\/site\/2024\/08\/19\/dia-nacional-da-construcao-social-e-realizado-em-manaus\/#primaryimage\"},\"thumbnailUrl\":\"https:\/\/seconci.com.br\/site\/wp-content\/uploads\/2024\/08\/img9271-scaled-1.jpg\",\"articleSection\":[\"Seconci Brasil\"],\"inLanguage\":\"pt-PT\"},{\"@type\":\"WebPage\",\"@id\":\"https:\/\/seconci.com.br\/site\/2024\/08\/19\/dia-nacional-da-construcao-social-e-realizado-em-manaus\/\",\"url\":\"https:\/\/seconci.com.br\/site\/2024\/08\/19\/dia-nacional-da-construcao-social-e-realizado-em-manaus\/\",\"name\":\"Dia Nacional da Constru\u00e7\u00e3o Social \u00e9 realizado em Manaus - Seconci Brasil\",\"isPartOf\":{\"@id\":\"https:\/\/seconci.com.br\/site\/#website\"},\"primaryImageOfPage\":{\"@id\":\"https:\/\/seconci.com.br\/site\/2024\/08\/19\/dia-nacional-da-construcao-social-e-realizado-em-manaus\/#primaryimage\"},\"image\":{\"@id\":\"https:\/\/seconci.com.br\/site\/2024\/08\/19\/dia-nacional-da-construcao-social-e-realizado-em-manaus\/#primaryimage\"},\"thumbnailUrl\":\"https:\/\/seconci.com.br\/site\/wp-content\/uploads\/2024\/08\/img9271-scaled-1.jpg\",\"datePublished\":\"2024-08-19T12:50:14+00:00\",\"dateModified\":\"2024-08-19T12:55:01+00:00\",\"description\":\"O Dia Nacional da Constru\u00e7\u00e3o Social (DNCS), realizado no Clube do Trabalhador do Sesi em Manaus (AM), ofereceu uma ampla programa\u00e7\u00e3o de atividades voltadas \u00e0 sa\u00fade, esportes, cultura e educa\u00e7\u00e3o. Com o tema \u201cViva sua melhor obras!\u201d, o evento foi realizado simultaneamente em diversas cidades do pa\u00eds.\",\"breadcrumb\":{\"@id\":\"https:\/\/seconci.com.br\/site\/2024\/08\/19\/dia-nacional-da-construcao-social-e-realizado-em-manaus\/#breadcrumb\"},\"inLanguage\":\"pt-PT\",\"potentialAction\":[{\"@type\":\"ReadAction\",\"target\":[\"https:\/\/seconci.com.br\/site\/2024\/08\/19\/dia-nacional-da-construcao-social-e-realizado-em-manaus\/\"]}]},{\"@type\":\"ImageObject\",\"inLanguage\":\"pt-PT\",\"@id\":\"https:\/\/seconci.com.br\/site\/2024\/08\/19\/dia-nacional-da-construcao-social-e-realizado-em-manaus\/#primaryimage\",\"url\":\"https:\/\/seconci.com.br\/site\/wp-content\/uploads\/2024\/08\/img9271-scaled-1.jpg\",\"contentUrl\":\"https:\/\/seconci.com.br\/site\/wp-content\/uploads\/2024\/08\/img9271-scaled-1.jpg\",\"width\":2560,\"height\":1707},{\"@type\":\"BreadcrumbList\",\"@id\":\"https:\/\/seconci.com.br\/site\/2024\/08\/19\/dia-nacional-da-construcao-social-e-realizado-em-manaus\/#breadcrumb\",\"itemListElement\":[{\"@type\":\"ListItem\",\"position\":1,\"name\":\"In\u00edcio\",\"item\":\"https:\/\/seconci.com.br\/site\/\"},{\"@type\":\"ListItem\",\"position\":2,\"name\":\"Dia Nacional da Constru\u00e7\u00e3o Social \u00e9 realizado em Manaus\"}]},{\"@type\":\"WebSite\",\"@id\":\"https:\/\/seconci.com.br\/site\/#website\",\"url\":\"https:\/\/seconci.com.br\/site\/\",\"name\":\"Seconci Brasil\",\"description\":\"\",\"publisher\":{\"@id\":\"https:\/\/seconci.com.br\/site\/#organization\"},\"potentialAction\":[{\"@type\":\"SearchAction\",\"target\":{\"@type\":\"EntryPoint\",\"urlTemplate\":\"https:\/\/seconci.com.br\/site\/?s={search_term_string}\"},\"query-input\":{\"@type\":\"PropertyValueSpecification\",\"valueRequired\":true,\"valueName\":\"search_term_string\"}}],\"inLanguage\":\"pt-PT\"},{\"@type\":\"Organization\",\"@id\":\"https:\/\/seconci.com.br\/site\/#organization\",\"name\":\"Seconci Brasil\",\"url\":\"https:\/\/seconci.com.br\/site\/\",\"logo\":{\"@type\":\"ImageObject\",\"inLanguage\":\"pt-PT\",\"@id\":\"https:\/\/seconci.com.br\/site\/#\/schema\/logo\/image\/\",\"url\":\"https:\/\/seconci.com.br\/site\/wp-content\/uploads\/2024\/08\/Logo-Seconci-Brasil-branca-2.png\",\"contentUrl\":\"https:\/\/seconci.com.br\/site\/wp-content\/uploads\/2024\/08\/Logo-Seconci-Brasil-branca-2.png\",\"width\":1315,\"height\":598,\"caption\":\"Seconci Brasil\"},\"image\":{\"@id\":\"https:\/\/seconci.com.br\/site\/#\/schema\/logo\/image\/\"}},{\"@type\":\"Person\",\"@id\":\"https:\/\/seconci.com.br\/site\/#\/schema\/person\/1d79afd97ddc8f2c68c1e88e298aa8e2\",\"name\":\"Sidney Rocha\",\"description\":\"Comunicador e estagi\u00e1rio do Seconci Brasil.\",\"url\":\"https:\/\/seconci.com.br\/site\/author\/sidney-rocha\/\"}]}<\/script>\n<!-- \/ Yoast SEO plugin. -->","yoast_head_json":{"title":"Dia Nacional da Constru\u00e7\u00e3o Social \u00e9 realizado em Manaus - Seconci Brasil","description":"O Dia Nacional da Constru\u00e7\u00e3o Social (DNCS), realizado no Clube do Trabalhador do Sesi em Manaus (AM), ofereceu uma ampla programa\u00e7\u00e3o de atividades voltadas \u00e0 sa\u00fade, esportes, cultura e educa\u00e7\u00e3o. Com o tema \u201cViva sua melhor obras!\u201d, o evento foi realizado simultaneamente em diversas cidades do pa\u00eds.","robots":{"index":"index","follow":"follow","max-snippet":"max-snippet:-1","max-image-preview":"max-image-preview:large","max-video-preview":"max-video-preview:-1"},"canonical":"https:\/\/seconci.com.br\/site\/2024\/08\/19\/dia-nacional-da-construcao-social-e-realizado-em-manaus\/","og_locale":"pt_PT","og_type":"article","og_title":"Dia Nacional da Constru\u00e7\u00e3o Social \u00e9 realizado em Manaus - Seconci Brasil","og_description":"O Dia Nacional da Constru\u00e7\u00e3o Social (DNCS), realizado no Clube do Trabalhador do Sesi em Manaus (AM), ofereceu uma ampla programa\u00e7\u00e3o de atividades voltadas \u00e0 sa\u00fade, esportes, cultura e educa\u00e7\u00e3o. Com o tema \u201cViva sua melhor obras!\u201d, o evento foi realizado simultaneamente em diversas cidades do pa\u00eds.","og_url":"https:\/\/seconci.com.br\/site\/2024\/08\/19\/dia-nacional-da-construcao-social-e-realizado-em-manaus\/","og_site_name":"Seconci Brasil","article_published_time":"2024-08-19T12:50:14+00:00","article_modified_time":"2024-08-19T12:55:01+00:00","og_image":[{"width":2560,"height":1707,"url":"https:\/\/seconci.com.br\/site\/wp-content\/uploads\/2024\/08\/img9271-scaled-1.jpg","type":"image\/jpeg"}],"author":"Sidney Rocha","twitter_card":"summary_large_image","twitter_misc":{"Escrito por":"Sidney Rocha","Tempo estimado de leitura":"5 minutos"},"schema":{"@context":"https:\/\/schema.org","@graph":[{"@type":"Article","@id":"https:\/\/seconci.com.br\/site\/2024\/08\/19\/dia-nacional-da-construcao-social-e-realizado-em-manaus\/#article","isPartOf":{"@id":"https:\/\/seconci.com.br\/site\/2024\/08\/19\/dia-nacional-da-construcao-social-e-realizado-em-manaus\/"},"author":{"name":"Sidney Rocha","@id":"https:\/\/seconci.com.br\/site\/#\/schema\/person\/1d79afd97ddc8f2c68c1e88e298aa8e2"},"headline":"Dia Nacional da Constru\u00e7\u00e3o Social \u00e9 realizado em Manaus","datePublished":"2024-08-19T12:50:14+00:00","dateModified":"2024-08-19T12:55:01+00:00","mainEntityOfPage":{"@id":"https:\/\/seconci.com.br\/site\/2024\/08\/19\/dia-nacional-da-construcao-social-e-realizado-em-manaus\/"},"wordCount":735,"publisher":{"@id":"https:\/\/seconci.com.br\/site\/#organization"},"image":{"@id":"https:\/\/seconci.com.br\/site\/2024\/08\/19\/dia-nacional-da-construcao-social-e-realizado-em-manaus\/#primaryimage"},"thumbnailUrl":"https:\/\/seconci.com.br\/site\/wp-content\/uploads\/2024\/08\/img9271-scaled-1.jpg","articleSection":["Seconci Brasil"],"inLanguage":"pt-PT"},{"@type":"WebPage","@id":"https:\/\/seconci.com.br\/site\/2024\/08\/19\/dia-nacional-da-construcao-social-e-realizado-em-manaus\/","url":"https:\/\/seconci.com.br\/site\/2024\/08\/19\/dia-nacional-da-construcao-social-e-realizado-em-manaus\/","name":"Dia Nacional da Constru\u00e7\u00e3o Social \u00e9 realizado em Manaus - Seconci Brasil","isPartOf":{"@id":"https:\/\/seconci.com.br\/site\/#website"},"primaryImageOfPage":{"@id":"https:\/\/seconci.com.br\/site\/2024\/08\/19\/dia-nacional-da-construcao-social-e-realizado-em-manaus\/#primaryimage"},"image":{"@id":"https:\/\/seconci.com.br\/site\/2024\/08\/19\/dia-nacional-da-construcao-social-e-realizado-em-manaus\/#primaryimage"},"thumbnailUrl":"https:\/\/seconci.com.br\/site\/wp-content\/uploads\/2024\/08\/img9271-scaled-1.jpg","datePublished":"2024-08-19T12:50:14+00:00","dateModified":"2024-08-19T12:55:01+00:00","description":"O Dia Nacional da Constru\u00e7\u00e3o Social (DNCS), realizado no Clube do Trabalhador do Sesi em Manaus (AM), ofereceu uma ampla programa\u00e7\u00e3o de atividades voltadas \u00e0 sa\u00fade, esportes, cultura e educa\u00e7\u00e3o. Com o tema \u201cViva sua melhor obras!\u201d, o evento foi realizado simultaneamente em diversas cidades do pa\u00eds.","breadcrumb":{"@id":"https:\/\/seconci.com.br\/site\/2024\/08\/19\/dia-nacional-da-construcao-social-e-realizado-em-manaus\/#breadcrumb"},"inLanguage":"pt-PT","potentialAction":[{"@type":"ReadAction","target":["https:\/\/seconci.com.br\/site\/2024\/08\/19\/dia-nacional-da-construcao-social-e-realizado-em-manaus\/"]}]},{"@type":"ImageObject","inLanguage":"pt-PT","@id":"https:\/\/seconci.com.br\/site\/2024\/08\/19\/dia-nacional-da-construcao-social-e-realizado-em-manaus\/#primaryimage","url":"https:\/\/seconci.com.br\/site\/wp-content\/uploads\/2024\/08\/img9271-scaled-1.jpg","contentUrl":"https:\/\/seconci.com.br\/site\/wp-content\/uploads\/2024\/08\/img9271-scaled-1.jpg","width":2560,"height":1707},{"@type":"BreadcrumbList","@id":"https:\/\/seconci.com.br\/site\/2024\/08\/19\/dia-nacional-da-construcao-social-e-realizado-em-manaus\/#breadcrumb","itemListElement":[{"@type":"ListItem","position":1,"name":"In\u00edcio","item":"https:\/\/seconci.com.br\/site\/"},{"@type":"ListItem","position":2,"name":"Dia Nacional da Constru\u00e7\u00e3o Social \u00e9 realizado em Manaus"}]},{"@type":"WebSite","@id":"https:\/\/seconci.com.br\/site\/#website","url":"https:\/\/seconci.com.br\/site\/","name":"Seconci Brasil","description":"","publisher":{"@id":"https:\/\/seconci.com.br\/site\/#organization"},"potentialAction":[{"@type":"SearchAction","target":{"@type":"EntryPoint","urlTemplate":"https:\/\/seconci.com.br\/site\/?s={search_term_string}"},"query-input":{"@type":"PropertyValueSpecification","valueRequired":true,"valueName":"search_term_string"}}],"inLanguage":"pt-PT"},{"@type":"Organization","@id":"https:\/\/seconci.com.br\/site\/#organization","name":"Seconci Brasil","url":"https:\/\/seconci.com.br\/site\/","logo":{"@type":"ImageObject","inLanguage":"pt-PT","@id":"https:\/\/seconci.com.br\/site\/#\/schema\/logo\/image\/","url":"https:\/\/seconci.com.br\/site\/wp-content\/uploads\/2024\/08\/Logo-Seconci-Brasil-branca-2.png","contentUrl":"https:\/\/seconci.com.br\/site\/wp-content\/uploads\/2024\/08\/Logo-Seconci-Brasil-branca-2.png","width":1315,"height":598,"caption":"Seconci Brasil"},"image":{"@id":"https:\/\/seconci.com.br\/site\/#\/schema\/logo\/image\/"}},{"@type":"Person","@id":"https:\/\/seconci.com.br\/site\/#\/schema\/person\/1d79afd97ddc8f2c68c1e88e298aa8e2","name":"Sidney Rocha","description":"Comunicador e estagi\u00e1rio do Seconci Brasil.","url":"https:\/\/seconci.com.br\/site\/author\/sidney-rocha\/"}]}},"_links":{"self":[{"href":"https:\/\/seconci.com.br\/site\/wp-json\/wp\/v2\/posts\/14727","targetHints":{"allow":["GET"]}}],"collection":[{"href":"https:\/\/seconci.com.br\/site\/wp-json\/wp\/v2\/posts"}],"about":[{"href":"https:\/\/seconci.com.br\/site\/wp-json\/wp\/v2\/types\/post"}],"author":[{"embeddable":true,"href":"https:\/\/seconci.com.br\/site\/wp-json\/wp\/v2\/users\/3"}],"replies":[{"embeddable":true,"href":"https:\/\/seconci.com.br\/site\/wp-json\/wp\/v2\/comments?post=14727"}],"version-history":[{"count":1,"href":"https:\/\/seconci.com.br\/site\/wp-json\/wp\/v2\/posts\/14727\/revisions"}],"predecessor-version":[{"id":14730,"href":"https:\/\/seconci.com.br\/site\/wp-json\/wp\/v2\/posts\/14727\/revisions\/14730"}],"wp:featuredmedia":[{"embeddable":true,"href":"https:\/\/seconci.com.br\/site\/wp-json\/wp\/v2\/media\/14728"}],"wp:attachment":[{"href":"https:\/\/seconci.com.br\/site\/wp-json\/wp\/v2\/media?parent=14727"}],"wp:term":[{"taxonomy":"category","embeddable":true,"href":"https:\/\/seconci.com.br\/site\/wp-json\/wp\/v2\/categories?post=14727"},{"taxonomy":"post_tag","embeddable":true,"href":"https:\/\/seconci.com.br\/site\/wp-json\/wp\/v2\/tags?post=14727"}],"curies":[{"name":"wp","href":"https:\/\/api.w.org\/{rel}","templated":true}]}}