{"id":14732,"date":"2024-08-19T13:07:01","date_gmt":"2024-08-19T13:07:01","guid":{"rendered":"https:\/\/seconci.com.br\/site\/?p=14732"},"modified":"2024-08-19T13:07:02","modified_gmt":"2024-08-19T13:07:02","slug":"dia-nacional-da-construcao-social-recebe-quase-3-mil-pessoas-no-para","status":"publish","type":"post","link":"https:\/\/seconci.com.br\/site\/2024\/08\/19\/dia-nacional-da-construcao-social-recebe-quase-3-mil-pessoas-no-para\/","title":{"rendered":"Dia Nacional da Constru\u00e7\u00e3o Social recebe quase 3 mil pessoas no Par\u00e1"},"content":{"rendered":"\n<p>Neste s\u00e1bado (17), o Sindicato da Ind\u00fastria da Constru\u00e7\u00e3o do Estado do Par\u00e1 (SindusconPA) realizou o Dia Nacional da Constru\u00e7\u00e3o Social (DNCS), reunindo 2.903 pessoas, entre trabalhadores da constru\u00e7\u00e3o, familiares e membros da cadeia produtiva do setor. Foram disponibilizados diversos servi\u00e7os de lazer, cultura, campeonatos, responsabilidade ambiental e social, totalizando mais de 4.465 atendimentos.<\/p>\n\n\n\n<p>Com o tema \u201cVida sua melhor obra!\u201d, o evento \u00e9 promovido pela C\u00e2mara Brasileira da Ind\u00fastria da Constru\u00e7\u00e3o (CBIC), por meio da Comiss\u00e3o de Responsabilidade Social (CRS) e com a correaliza\u00e7\u00e3o do Sesi Nacional. No Par\u00e1, o Sistema FIEPA, por meio da FIEPA, SESI, SENAI e IEL, \u00e9 correalizador do encontro.<\/p>\n\n\n\n<p>Com mais de tr\u00eas horas de evento, foram promovidas diversas atividades para todas as idades. Foram oferecidos servi\u00e7os como: curso de panifica\u00e7\u00e3o, servi\u00e7os m\u00e9dicos e odontol\u00f3gicos, emiss\u00e3o de documento, corte de cabelo, designer de sobrancelha, atendimento nutricional, jur\u00eddico, emiss\u00e3o da carteirinha do Sesi, cadastro para vaga de emprego e est\u00e1gio, entre outros. J\u00e1 em dados, na \u00e1rea de sa\u00fade, foram realizados 1.142 atendimentos, cidadania 4.465, educa\u00e7\u00e3o 431 e lazer 2.494, um total de 8.532.<\/p>\n\n\n\n<p>Para o trabalhador da constru\u00e7\u00e3o Carlos Barata, da empresa Quadra Engenharia, que participou pela primeira vez do evento, gostou de passar o momento em fam\u00edlia. \u201cGostei muito, fui convidado pela empresa, trouxe minha fam\u00edlia e est\u00e1 sendo \u00f3timo. Quem n\u00e3o veio, n\u00e3o sabe o que perdeu e, na pr\u00f3xima vez, venha, pois est\u00e1 sendo maravilhoso. N\u00f3s tivemos a a\u00e7\u00e3o social, onde participamos de nutricionista, cursos, corte de cabelo, minha esposa fez sobrancelha, foi maravilhoso\u201d, comentou.<\/p>\n\n\n\n<figure class=\"wp-block-image aligncenter\"><img decoding=\"async\" src=\"https:\/\/cbic.org.br\/wp-content\/uploads\/2024\/08\/img8070-scaled.jpg\" alt=\"\" class=\"wp-image-98552\"\/><\/figure>\n\n\n\n<p>Para o presidente do Sinduscon-PA, Fabrizio Gon\u00e7alves, o DNCS \u00e9 motivo de grande celebra\u00e7\u00e3o. \u201cAgrade\u00e7o ao apoio total da Federa\u00e7\u00e3o, em ceder este espa\u00e7o para realizar este grande evento de cidadania, de cultura e esporte para os nossos trabalhadores da ind\u00fastria da constru\u00e7\u00e3o. Agradecemos tamb\u00e9m a nossa parceria com o Sesi e Senai, que deram total apoio. \u00c9 fundamental para n\u00f3s que os trabalhadores que comp\u00f5em e constroem a nossa sociedade se sintam valorizados por tanta dedica\u00e7\u00e3o em prol do desenvolvimento da ind\u00fastria. Realizar o DNCS Par\u00e1 \u00e9 uma enorme alegria e satisfa\u00e7\u00e3o para o Sinduscon-PA e todas as autoridades aqui presentes\u201d, ressaltou.<\/p>\n\n\n\n<p>O presidente da CBIC, Renato Correia, agradeceu a receptividade do evento. \u201c\u00c9 com muita alegria que venho novamente ao Par\u00e1, agora para o Dia Nacional da Constru\u00e7\u00e3o Social. Um grande evento organizado pelo Sinduscon, em parceria com a FIEPA, para receber os trabalhadores da constru\u00e7\u00e3o civil. Valorizar, reverenciar e reconhecer o grande trabalho que eles fazem em prol do Brasil. \u00c9 uma alegria muito grande estar aqui, pelos momentos de lazer que vamos viver, pelos momentos de aprendizado, com esporte, lazer e muita integra\u00e7\u00e3o. Parab\u00e9ns ao Sinduscon-PA, ao Presidente Fabrizio, por organizar essa grande festa em parceria com a CBIC\u201d, finalizou.<\/p>\n\n\n\n<p>O Superintendente do SESI Ananindeua, D\u00e1rio Lemos, expressou sua satisfa\u00e7\u00e3o em sediar o evento em mais um ano \u201cHoje \u00e9 um dia de alegria e felicidade para todos n\u00f3s da Federa\u00e7\u00e3o das Ind\u00fastrias, SESI, SENAI, IEL e Sinduscon-PA. Essa parceria, essa jun\u00e7\u00e3o e uni\u00e3o das casas, que p\u00f4de beneficiar e oportunizar aos trabalhadores da constru\u00e7\u00e3o, atrav\u00e9s do Dia<\/p>\n\n\n\n<figure class=\"wp-block-image aligncenter\"><img decoding=\"async\" src=\"https:\/\/cbic.org.br\/wp-content\/uploads\/2024\/08\/img8220-scaled.jpg\" alt=\"\" class=\"wp-image-98556\"\/><\/figure>\n\n\n\n<p>Nacional da Constru\u00e7\u00e3o Social. Ent\u00e3o, \u00e9 muito gratificante, um evento fant\u00e1stico que todos os segmentos deveriam seguir o exemplo e realizar um dia dedicado a todos os trabalhadores de suas respectivas \u00e1reas. \u00c9 uma honra muito grande o SESI poder estar fazendo esse evento na nossa unidade do clube. O dia de hoje foi um sucesso, com mais de 70 servi\u00e7os disponibilizados para os trabalhadores. \u00c9 uma alegria para n\u00f3s podermos contribuir, atrav\u00e9s do Sinduscon-PA e da CBIC, para que a gente possa fazer deste dia o melhor poss\u00edvel na vida dos trabalhadores\u201d, disse D\u00e1rio.<\/p>\n\n\n\n<p>Um dos mais esperados momentos foi o torneio de futebol society que movimentou o evento. Os times vencedores levaram para casa uma bicicleta, al\u00e9m do trof\u00e9u e da medalha de reconhecimento. No torneio de Futebol Society DNCS 2024, os ganhadores do terceiro lugar foram o time da Terraplena, segundo lugar da Quanta Engenharia e o primeiro lugar ficou para o time da Leal Moreira.<\/p>\n\n\n\n<figure class=\"wp-block-image aligncenter\"><img decoding=\"async\" src=\"https:\/\/cbic.org.br\/wp-content\/uploads\/2024\/08\/img8085-scaled.jpg\" alt=\"\" class=\"wp-image-98553\"\/><\/figure>\n\n\n\n<p>O Sinduscon-PA agradeceu a todos que participaram, incentivaram e trabalharam para que a edi\u00e7\u00e3o de 2024 ocorresse da melhor forma e valorizando cada trabalhador e trabalhadora. O sindicato refor\u00e7ou o poder do associativismo e da uni\u00e3o de esfor\u00e7os para a constru\u00e7\u00e3o de uma cidade melhor.<\/p>\n\n\n\n<p>O evento tem interface com o projeto \u201cResponsabilidade Social na Ind\u00fastria da Constru\u00e7\u00e3o\u201d, da Comiss\u00e3o de Responsabilidade Social (CRS\/CBIC), com a correaliza\u00e7\u00e3o do Servi\u00e7o Social da Ind\u00fastria (Sesi Nacional).<\/p>\n\n\n\n<p><em>Fonte: Ag\u00eancia CBIC<\/em><\/p>\n","protected":false},"excerpt":{"rendered":"<p>Neste s\u00e1bado (17), o Sindicato da Ind\u00fastria da Constru\u00e7\u00e3o do Estado do Par\u00e1 (SindusconPA) realizou o Dia Nacional da Constru\u00e7\u00e3o Social (DNCS), reunindo 2.903 pessoas, entre trabalhadores da constru\u00e7\u00e3o, familiares e membros da cadeia produtiva do setor. Foram disponibilizados diversos servi\u00e7os de lazer, cultura, campeonatos, responsabilidade ambiental e social, totalizando mais de 4.465 atendimentos. Com [&hellip;]<\/p>\n","protected":false},"author":3,"featured_media":14733,"comment_status":"closed","ping_status":"closed","sticky":false,"template":"","format":"standard","meta":{"footnotes":""},"categories":[92],"tags":[],"class_list":["post-14732","post","type-post","status-publish","format-standard","has-post-thumbnail","hentry","category-seconci-brasil"],"yoast_head":"<!-- This site is optimized with the Yoast SEO plugin v26.9 - https:\/\/yoast.com\/product\/yoast-seo-wordpress\/ -->\n<title>Dia Nacional da Constru\u00e7\u00e3o Social recebe quase 3 mil pessoas no Par\u00e1 - Seconci Brasil<\/title>\n<meta name=\"description\" content=\"Neste s\u00e1bado (17), o Sindicato da Ind\u00fastria da Constru\u00e7\u00e3o do Estado do Par\u00e1 (SindusconPA) realizou o Dia Nacional da Constru\u00e7\u00e3o Social (DNCS), reunindo 2.903 pessoas, entre trabalhadores da constru\u00e7\u00e3o, familiares e membros da cadeia produtiva do setor. Foram disponibilizados diversos servi\u00e7os de lazer, cultura, campeonatos, responsabilidade ambiental e social, totalizando mais de 4.465 atendimentos.\" \/>\n<meta name=\"robots\" content=\"index, follow, max-snippet:-1, max-image-preview:large, max-video-preview:-1\" \/>\n<link rel=\"canonical\" href=\"https:\/\/seconci.com.br\/site\/2024\/08\/19\/dia-nacional-da-construcao-social-recebe-quase-3-mil-pessoas-no-para\/\" \/>\n<meta property=\"og:locale\" content=\"pt_PT\" \/>\n<meta property=\"og:type\" content=\"article\" \/>\n<meta property=\"og:title\" content=\"Dia Nacional da Constru\u00e7\u00e3o Social recebe quase 3 mil pessoas no Par\u00e1 - Seconci Brasil\" \/>\n<meta property=\"og:description\" content=\"Neste s\u00e1bado (17), o Sindicato da Ind\u00fastria da Constru\u00e7\u00e3o do Estado do Par\u00e1 (SindusconPA) realizou o Dia Nacional da Constru\u00e7\u00e3o Social (DNCS), reunindo 2.903 pessoas, entre trabalhadores da constru\u00e7\u00e3o, familiares e membros da cadeia produtiva do setor. Foram disponibilizados diversos servi\u00e7os de lazer, cultura, campeonatos, responsabilidade ambiental e social, totalizando mais de 4.465 atendimentos.\" \/>\n<meta property=\"og:url\" content=\"https:\/\/seconci.com.br\/site\/2024\/08\/19\/dia-nacional-da-construcao-social-recebe-quase-3-mil-pessoas-no-para\/\" \/>\n<meta property=\"og:site_name\" content=\"Seconci Brasil\" \/>\n<meta property=\"article:published_time\" content=\"2024-08-19T13:07:01+00:00\" \/>\n<meta property=\"article:modified_time\" content=\"2024-08-19T13:07:02+00:00\" \/>\n<meta property=\"og:image\" content=\"https:\/\/seconci.com.br\/site\/wp-content\/uploads\/2024\/08\/img7903-scaled-1.jpg\" \/>\n\t<meta property=\"og:image:width\" content=\"2560\" \/>\n\t<meta property=\"og:image:height\" content=\"1437\" \/>\n\t<meta property=\"og:image:type\" content=\"image\/jpeg\" \/>\n<meta name=\"author\" content=\"Sidney Rocha\" \/>\n<meta name=\"twitter:card\" content=\"summary_large_image\" \/>\n<meta name=\"twitter:label1\" content=\"Escrito por\" \/>\n\t<meta name=\"twitter:data1\" content=\"Sidney Rocha\" \/>\n\t<meta name=\"twitter:label2\" content=\"Tempo estimado de leitura\" \/>\n\t<meta name=\"twitter:data2\" content=\"5 minutos\" \/>\n<script type=\"application\/ld+json\" class=\"yoast-schema-graph\">{\"@context\":\"https:\/\/schema.org\",\"@graph\":[{\"@type\":\"Article\",\"@id\":\"https:\/\/seconci.com.br\/site\/2024\/08\/19\/dia-nacional-da-construcao-social-recebe-quase-3-mil-pessoas-no-para\/#article\",\"isPartOf\":{\"@id\":\"https:\/\/seconci.com.br\/site\/2024\/08\/19\/dia-nacional-da-construcao-social-recebe-quase-3-mil-pessoas-no-para\/\"},\"author\":{\"name\":\"Sidney Rocha\",\"@id\":\"https:\/\/seconci.com.br\/site\/#\/schema\/person\/1d79afd97ddc8f2c68c1e88e298aa8e2\"},\"headline\":\"Dia Nacional da Constru\u00e7\u00e3o Social recebe quase 3 mil pessoas no Par\u00e1\",\"datePublished\":\"2024-08-19T13:07:01+00:00\",\"dateModified\":\"2024-08-19T13:07:02+00:00\",\"mainEntityOfPage\":{\"@id\":\"https:\/\/seconci.com.br\/site\/2024\/08\/19\/dia-nacional-da-construcao-social-recebe-quase-3-mil-pessoas-no-para\/\"},\"wordCount\":823,\"publisher\":{\"@id\":\"https:\/\/seconci.com.br\/site\/#organization\"},\"image\":{\"@id\":\"https:\/\/seconci.com.br\/site\/2024\/08\/19\/dia-nacional-da-construcao-social-recebe-quase-3-mil-pessoas-no-para\/#primaryimage\"},\"thumbnailUrl\":\"https:\/\/seconci.com.br\/site\/wp-content\/uploads\/2024\/08\/img7903-scaled-1.jpg\",\"articleSection\":[\"Seconci Brasil\"],\"inLanguage\":\"pt-PT\"},{\"@type\":\"WebPage\",\"@id\":\"https:\/\/seconci.com.br\/site\/2024\/08\/19\/dia-nacional-da-construcao-social-recebe-quase-3-mil-pessoas-no-para\/\",\"url\":\"https:\/\/seconci.com.br\/site\/2024\/08\/19\/dia-nacional-da-construcao-social-recebe-quase-3-mil-pessoas-no-para\/\",\"name\":\"Dia Nacional da Constru\u00e7\u00e3o Social recebe quase 3 mil pessoas no Par\u00e1 - Seconci Brasil\",\"isPartOf\":{\"@id\":\"https:\/\/seconci.com.br\/site\/#website\"},\"primaryImageOfPage\":{\"@id\":\"https:\/\/seconci.com.br\/site\/2024\/08\/19\/dia-nacional-da-construcao-social-recebe-quase-3-mil-pessoas-no-para\/#primaryimage\"},\"image\":{\"@id\":\"https:\/\/seconci.com.br\/site\/2024\/08\/19\/dia-nacional-da-construcao-social-recebe-quase-3-mil-pessoas-no-para\/#primaryimage\"},\"thumbnailUrl\":\"https:\/\/seconci.com.br\/site\/wp-content\/uploads\/2024\/08\/img7903-scaled-1.jpg\",\"datePublished\":\"2024-08-19T13:07:01+00:00\",\"dateModified\":\"2024-08-19T13:07:02+00:00\",\"description\":\"Neste s\u00e1bado (17), o Sindicato da Ind\u00fastria da Constru\u00e7\u00e3o do Estado do Par\u00e1 (SindusconPA) realizou o Dia Nacional da Constru\u00e7\u00e3o Social (DNCS), reunindo 2.903 pessoas, entre trabalhadores da constru\u00e7\u00e3o, familiares e membros da cadeia produtiva do setor. Foram disponibilizados diversos servi\u00e7os de lazer, cultura, campeonatos, responsabilidade ambiental e social, totalizando mais de 4.465 atendimentos.\",\"breadcrumb\":{\"@id\":\"https:\/\/seconci.com.br\/site\/2024\/08\/19\/dia-nacional-da-construcao-social-recebe-quase-3-mil-pessoas-no-para\/#breadcrumb\"},\"inLanguage\":\"pt-PT\",\"potentialAction\":[{\"@type\":\"ReadAction\",\"target\":[\"https:\/\/seconci.com.br\/site\/2024\/08\/19\/dia-nacional-da-construcao-social-recebe-quase-3-mil-pessoas-no-para\/\"]}]},{\"@type\":\"ImageObject\",\"inLanguage\":\"pt-PT\",\"@id\":\"https:\/\/seconci.com.br\/site\/2024\/08\/19\/dia-nacional-da-construcao-social-recebe-quase-3-mil-pessoas-no-para\/#primaryimage\",\"url\":\"https:\/\/seconci.com.br\/site\/wp-content\/uploads\/2024\/08\/img7903-scaled-1.jpg\",\"contentUrl\":\"https:\/\/seconci.com.br\/site\/wp-content\/uploads\/2024\/08\/img7903-scaled-1.jpg\",\"width\":2560,\"height\":1437},{\"@type\":\"BreadcrumbList\",\"@id\":\"https:\/\/seconci.com.br\/site\/2024\/08\/19\/dia-nacional-da-construcao-social-recebe-quase-3-mil-pessoas-no-para\/#breadcrumb\",\"itemListElement\":[{\"@type\":\"ListItem\",\"position\":1,\"name\":\"In\u00edcio\",\"item\":\"https:\/\/seconci.com.br\/site\/\"},{\"@type\":\"ListItem\",\"position\":2,\"name\":\"Dia Nacional da Constru\u00e7\u00e3o Social recebe quase 3 mil pessoas no Par\u00e1\"}]},{\"@type\":\"WebSite\",\"@id\":\"https:\/\/seconci.com.br\/site\/#website\",\"url\":\"https:\/\/seconci.com.br\/site\/\",\"name\":\"Seconci Brasil\",\"description\":\"\",\"publisher\":{\"@id\":\"https:\/\/seconci.com.br\/site\/#organization\"},\"potentialAction\":[{\"@type\":\"SearchAction\",\"target\":{\"@type\":\"EntryPoint\",\"urlTemplate\":\"https:\/\/seconci.com.br\/site\/?s={search_term_string}\"},\"query-input\":{\"@type\":\"PropertyValueSpecification\",\"valueRequired\":true,\"valueName\":\"search_term_string\"}}],\"inLanguage\":\"pt-PT\"},{\"@type\":\"Organization\",\"@id\":\"https:\/\/seconci.com.br\/site\/#organization\",\"name\":\"Seconci Brasil\",\"url\":\"https:\/\/seconci.com.br\/site\/\",\"logo\":{\"@type\":\"ImageObject\",\"inLanguage\":\"pt-PT\",\"@id\":\"https:\/\/seconci.com.br\/site\/#\/schema\/logo\/image\/\",\"url\":\"https:\/\/seconci.com.br\/site\/wp-content\/uploads\/2024\/08\/Logo-Seconci-Brasil-branca-2.png\",\"contentUrl\":\"https:\/\/seconci.com.br\/site\/wp-content\/uploads\/2024\/08\/Logo-Seconci-Brasil-branca-2.png\",\"width\":1315,\"height\":598,\"caption\":\"Seconci Brasil\"},\"image\":{\"@id\":\"https:\/\/seconci.com.br\/site\/#\/schema\/logo\/image\/\"}},{\"@type\":\"Person\",\"@id\":\"https:\/\/seconci.com.br\/site\/#\/schema\/person\/1d79afd97ddc8f2c68c1e88e298aa8e2\",\"name\":\"Sidney Rocha\",\"description\":\"Comunicador e estagi\u00e1rio do Seconci Brasil.\",\"url\":\"https:\/\/seconci.com.br\/site\/author\/sidney-rocha\/\"}]}<\/script>\n<!-- \/ Yoast SEO plugin. -->","yoast_head_json":{"title":"Dia Nacional da Constru\u00e7\u00e3o Social recebe quase 3 mil pessoas no Par\u00e1 - Seconci Brasil","description":"Neste s\u00e1bado (17), o Sindicato da Ind\u00fastria da Constru\u00e7\u00e3o do Estado do Par\u00e1 (SindusconPA) realizou o Dia Nacional da Constru\u00e7\u00e3o Social (DNCS), reunindo 2.903 pessoas, entre trabalhadores da constru\u00e7\u00e3o, familiares e membros da cadeia produtiva do setor. Foram disponibilizados diversos servi\u00e7os de lazer, cultura, campeonatos, responsabilidade ambiental e social, totalizando mais de 4.465 atendimentos.","robots":{"index":"index","follow":"follow","max-snippet":"max-snippet:-1","max-image-preview":"max-image-preview:large","max-video-preview":"max-video-preview:-1"},"canonical":"https:\/\/seconci.com.br\/site\/2024\/08\/19\/dia-nacional-da-construcao-social-recebe-quase-3-mil-pessoas-no-para\/","og_locale":"pt_PT","og_type":"article","og_title":"Dia Nacional da Constru\u00e7\u00e3o Social recebe quase 3 mil pessoas no Par\u00e1 - Seconci Brasil","og_description":"Neste s\u00e1bado (17), o Sindicato da Ind\u00fastria da Constru\u00e7\u00e3o do Estado do Par\u00e1 (SindusconPA) realizou o Dia Nacional da Constru\u00e7\u00e3o Social (DNCS), reunindo 2.903 pessoas, entre trabalhadores da constru\u00e7\u00e3o, familiares e membros da cadeia produtiva do setor. Foram disponibilizados diversos servi\u00e7os de lazer, cultura, campeonatos, responsabilidade ambiental e social, totalizando mais de 4.465 atendimentos.","og_url":"https:\/\/seconci.com.br\/site\/2024\/08\/19\/dia-nacional-da-construcao-social-recebe-quase-3-mil-pessoas-no-para\/","og_site_name":"Seconci Brasil","article_published_time":"2024-08-19T13:07:01+00:00","article_modified_time":"2024-08-19T13:07:02+00:00","og_image":[{"width":2560,"height":1437,"url":"https:\/\/seconci.com.br\/site\/wp-content\/uploads\/2024\/08\/img7903-scaled-1.jpg","type":"image\/jpeg"}],"author":"Sidney Rocha","twitter_card":"summary_large_image","twitter_misc":{"Escrito por":"Sidney Rocha","Tempo estimado de leitura":"5 minutos"},"schema":{"@context":"https:\/\/schema.org","@graph":[{"@type":"Article","@id":"https:\/\/seconci.com.br\/site\/2024\/08\/19\/dia-nacional-da-construcao-social-recebe-quase-3-mil-pessoas-no-para\/#article","isPartOf":{"@id":"https:\/\/seconci.com.br\/site\/2024\/08\/19\/dia-nacional-da-construcao-social-recebe-quase-3-mil-pessoas-no-para\/"},"author":{"name":"Sidney Rocha","@id":"https:\/\/seconci.com.br\/site\/#\/schema\/person\/1d79afd97ddc8f2c68c1e88e298aa8e2"},"headline":"Dia Nacional da Constru\u00e7\u00e3o Social recebe quase 3 mil pessoas no Par\u00e1","datePublished":"2024-08-19T13:07:01+00:00","dateModified":"2024-08-19T13:07:02+00:00","mainEntityOfPage":{"@id":"https:\/\/seconci.com.br\/site\/2024\/08\/19\/dia-nacional-da-construcao-social-recebe-quase-3-mil-pessoas-no-para\/"},"wordCount":823,"publisher":{"@id":"https:\/\/seconci.com.br\/site\/#organization"},"image":{"@id":"https:\/\/seconci.com.br\/site\/2024\/08\/19\/dia-nacional-da-construcao-social-recebe-quase-3-mil-pessoas-no-para\/#primaryimage"},"thumbnailUrl":"https:\/\/seconci.com.br\/site\/wp-content\/uploads\/2024\/08\/img7903-scaled-1.jpg","articleSection":["Seconci Brasil"],"inLanguage":"pt-PT"},{"@type":"WebPage","@id":"https:\/\/seconci.com.br\/site\/2024\/08\/19\/dia-nacional-da-construcao-social-recebe-quase-3-mil-pessoas-no-para\/","url":"https:\/\/seconci.com.br\/site\/2024\/08\/19\/dia-nacional-da-construcao-social-recebe-quase-3-mil-pessoas-no-para\/","name":"Dia Nacional da Constru\u00e7\u00e3o Social recebe quase 3 mil pessoas no Par\u00e1 - Seconci Brasil","isPartOf":{"@id":"https:\/\/seconci.com.br\/site\/#website"},"primaryImageOfPage":{"@id":"https:\/\/seconci.com.br\/site\/2024\/08\/19\/dia-nacional-da-construcao-social-recebe-quase-3-mil-pessoas-no-para\/#primaryimage"},"image":{"@id":"https:\/\/seconci.com.br\/site\/2024\/08\/19\/dia-nacional-da-construcao-social-recebe-quase-3-mil-pessoas-no-para\/#primaryimage"},"thumbnailUrl":"https:\/\/seconci.com.br\/site\/wp-content\/uploads\/2024\/08\/img7903-scaled-1.jpg","datePublished":"2024-08-19T13:07:01+00:00","dateModified":"2024-08-19T13:07:02+00:00","description":"Neste s\u00e1bado (17), o Sindicato da Ind\u00fastria da Constru\u00e7\u00e3o do Estado do Par\u00e1 (SindusconPA) realizou o Dia Nacional da Constru\u00e7\u00e3o Social (DNCS), reunindo 2.903 pessoas, entre trabalhadores da constru\u00e7\u00e3o, familiares e membros da cadeia produtiva do setor. Foram disponibilizados diversos servi\u00e7os de lazer, cultura, campeonatos, responsabilidade ambiental e social, totalizando mais de 4.465 atendimentos.","breadcrumb":{"@id":"https:\/\/seconci.com.br\/site\/2024\/08\/19\/dia-nacional-da-construcao-social-recebe-quase-3-mil-pessoas-no-para\/#breadcrumb"},"inLanguage":"pt-PT","potentialAction":[{"@type":"ReadAction","target":["https:\/\/seconci.com.br\/site\/2024\/08\/19\/dia-nacional-da-construcao-social-recebe-quase-3-mil-pessoas-no-para\/"]}]},{"@type":"ImageObject","inLanguage":"pt-PT","@id":"https:\/\/seconci.com.br\/site\/2024\/08\/19\/dia-nacional-da-construcao-social-recebe-quase-3-mil-pessoas-no-para\/#primaryimage","url":"https:\/\/seconci.com.br\/site\/wp-content\/uploads\/2024\/08\/img7903-scaled-1.jpg","contentUrl":"https:\/\/seconci.com.br\/site\/wp-content\/uploads\/2024\/08\/img7903-scaled-1.jpg","width":2560,"height":1437},{"@type":"BreadcrumbList","@id":"https:\/\/seconci.com.br\/site\/2024\/08\/19\/dia-nacional-da-construcao-social-recebe-quase-3-mil-pessoas-no-para\/#breadcrumb","itemListElement":[{"@type":"ListItem","position":1,"name":"In\u00edcio","item":"https:\/\/seconci.com.br\/site\/"},{"@type":"ListItem","position":2,"name":"Dia Nacional da Constru\u00e7\u00e3o Social recebe quase 3 mil pessoas no Par\u00e1"}]},{"@type":"WebSite","@id":"https:\/\/seconci.com.br\/site\/#website","url":"https:\/\/seconci.com.br\/site\/","name":"Seconci Brasil","description":"","publisher":{"@id":"https:\/\/seconci.com.br\/site\/#organization"},"potentialAction":[{"@type":"SearchAction","target":{"@type":"EntryPoint","urlTemplate":"https:\/\/seconci.com.br\/site\/?s={search_term_string}"},"query-input":{"@type":"PropertyValueSpecification","valueRequired":true,"valueName":"search_term_string"}}],"inLanguage":"pt-PT"},{"@type":"Organization","@id":"https:\/\/seconci.com.br\/site\/#organization","name":"Seconci Brasil","url":"https:\/\/seconci.com.br\/site\/","logo":{"@type":"ImageObject","inLanguage":"pt-PT","@id":"https:\/\/seconci.com.br\/site\/#\/schema\/logo\/image\/","url":"https:\/\/seconci.com.br\/site\/wp-content\/uploads\/2024\/08\/Logo-Seconci-Brasil-branca-2.png","contentUrl":"https:\/\/seconci.com.br\/site\/wp-content\/uploads\/2024\/08\/Logo-Seconci-Brasil-branca-2.png","width":1315,"height":598,"caption":"Seconci Brasil"},"image":{"@id":"https:\/\/seconci.com.br\/site\/#\/schema\/logo\/image\/"}},{"@type":"Person","@id":"https:\/\/seconci.com.br\/site\/#\/schema\/person\/1d79afd97ddc8f2c68c1e88e298aa8e2","name":"Sidney Rocha","description":"Comunicador e estagi\u00e1rio do Seconci Brasil.","url":"https:\/\/seconci.com.br\/site\/author\/sidney-rocha\/"}]}},"_links":{"self":[{"href":"https:\/\/seconci.com.br\/site\/wp-json\/wp\/v2\/posts\/14732","targetHints":{"allow":["GET"]}}],"collection":[{"href":"https:\/\/seconci.com.br\/site\/wp-json\/wp\/v2\/posts"}],"about":[{"href":"https:\/\/seconci.com.br\/site\/wp-json\/wp\/v2\/types\/post"}],"author":[{"embeddable":true,"href":"https:\/\/seconci.com.br\/site\/wp-json\/wp\/v2\/users\/3"}],"replies":[{"embeddable":true,"href":"https:\/\/seconci.com.br\/site\/wp-json\/wp\/v2\/comments?post=14732"}],"version-history":[{"count":1,"href":"https:\/\/seconci.com.br\/site\/wp-json\/wp\/v2\/posts\/14732\/revisions"}],"predecessor-version":[{"id":14739,"href":"https:\/\/seconci.com.br\/site\/wp-json\/wp\/v2\/posts\/14732\/revisions\/14739"}],"wp:featuredmedia":[{"embeddable":true,"href":"https:\/\/seconci.com.br\/site\/wp-json\/wp\/v2\/media\/14733"}],"wp:attachment":[{"href":"https:\/\/seconci.com.br\/site\/wp-json\/wp\/v2\/media?parent=14732"}],"wp:term":[{"taxonomy":"category","embeddable":true,"href":"https:\/\/seconci.com.br\/site\/wp-json\/wp\/v2\/categories?post=14732"},{"taxonomy":"post_tag","embeddable":true,"href":"https:\/\/seconci.com.br\/site\/wp-json\/wp\/v2\/tags?post=14732"}],"curies":[{"name":"wp","href":"https:\/\/api.w.org\/{rel}","templated":true}]}}