{"id":14742,"date":"2024-08-19T13:17:04","date_gmt":"2024-08-19T13:17:04","guid":{"rendered":"https:\/\/seconci.com.br\/site\/?p=14742"},"modified":"2024-08-19T13:17:05","modified_gmt":"2024-08-19T13:17:05","slug":"dia-nacional-da-construcao-social-em-salvador-e-sucesso-de-publico","status":"publish","type":"post","link":"https:\/\/seconci.com.br\/site\/2024\/08\/19\/dia-nacional-da-construcao-social-em-salvador-e-sucesso-de-publico\/","title":{"rendered":"Dia Nacional da Constru\u00e7\u00e3o Social em Salvador \u00e9 sucesso de p\u00fablico"},"content":{"rendered":"\n<p>Neste s\u00e1bado, 17 de agosto, o Dia Nacional da Constru\u00e7\u00e3o Social 2024 (DNCS), atraiu mais de 500 pessoas para o Sesi Piat\u00e3, em Salvador. O evento \u00e9 voltado para trabalhadores da constru\u00e7\u00e3o e suas fam\u00edlias e, todos os anos, conta com extensa programa\u00e7\u00e3o composta por a\u00e7\u00f5es gratuitas de sa\u00fade, cidadania, educa\u00e7\u00e3o e lazer, al\u00e9m de show musical. Al\u00e9m do sorteio de diversos brindes, este ano teve o grande sorteio surpresa de uma moto.&nbsp;&nbsp;<\/p>\n\n\n\n<p>Com o tema \u201cVida sua melhor obra!\u201d, o DNCS se consolida para o setor como s\u00edmbolo de responsabilidade social e \u00e9 realizado em diversas localidades do pa\u00eds. Em Salvador, o Sindicato da Ind\u00fastria da Constru\u00e7\u00e3o do Estado da Bahia \u2013 Sinduscon-BA \u00e9 a entidade realizadora, ao lado do SESI-BA \u2013 Servi\u00e7o Social da Ind\u00fastria. A iniciativa \u00e9 da Comiss\u00e3o de Responsabilidade Social (CRS) da C\u00e2mara Brasileira da Ind\u00fastria da Constru\u00e7\u00e3o (CBIC), com a correaliza\u00e7\u00e3o do Sesi Nacional e apoio do Seconci-Brasil.\u00a0<\/p>\n\n\n\n<p>De acordo com o presidente do Sinduscon-BA,\u202fAlexandre Landim,\u202fo compromisso do setor n\u00e3o \u00e9 apenas com o desenvolvimento econ\u00f4mico, mas tamb\u00e9m com o desenvolvimento social da Bahia e do Brasil. \u201cRealizamos uma edi\u00e7\u00e3o mais robusta, em um novo endere\u00e7o, aqui no Sesi Piat\u00e3, para receber os colaboradores de nossas empresas de forma ainda mais especial. O Dia Nacional da Constru\u00e7\u00e3o Social \u00e9 planejado exclusivamente para eles, que s\u00e3o o nosso grande patrim\u00f4nio. Estarmos juntos em um dia t\u00e3o bonito, em um espa\u00e7o com toda infraestrutura para lazer e servi\u00e7os, juntamente com suas fam\u00edlias, \u00e9 uma grande alegria e satisfa\u00e7\u00e3o\u201d, afirma o presidente da entidade.&nbsp;&nbsp;<\/p>\n\n\n\n<p>Para a coordenadora de Pessoal, da Concreta Tecnologia em Engenharia, Glaucia Souza, \u00e9 uma oportunidade \u00fanica poder confraternizar com as filhas e colegas de trabalho. \u201cEsse \u00e9 o terceiro ano que participo. Apesar de ter sido em um local diferente, acabou surpreendendo positivamente. Mais conforto, as \u00e1reas todas cobertas, tendo um espa\u00e7o para cada atividade, um local s\u00f3 para as crian\u00e7as, faz todo o diferencial. Este ano a empolga\u00e7\u00e3o foi maior, pois houve o sorteio excepcional de uma moto. A expectativa era grande para levar esse super pr\u00eamio, ainda mais que amanh\u00e3 \u00e9 meu anivers\u00e1rio. N\u00e3o foi dessa vez, mas valeu muito a pena participar do evento\u201d, revela Glaucia Souza.&nbsp;&nbsp;<\/p>\n\n\n\n<figure class=\"wp-block-image aligncenter\"><img decoding=\"async\" src=\"https:\/\/cbic.org.br\/wp-content\/uploads\/2024\/08\/dncs-salvador-2024-credito-pedro-sena-1-scaled.jpg\" alt=\"\" class=\"wp-image-98525\"\/><\/figure>\n\n\n\n<p>A programa\u00e7\u00e3o foi composta por caf\u00e9 da manh\u00e3 e lanche, baiana de acaraj\u00e9, Aferi\u00e7\u00e3o de Press\u00e3o Arterial \u2013 PA, Defini\u00e7\u00e3o\/medi\u00e7\u00e3o de IMC \u2013 \u00cdndice de Massa Corp\u00f3rea, oftalmologia e odontologia, vacina\u00e7\u00e3o contra gripe e covid19 (SMS Salvador), massoterapia, esquete itinerante, conta\u00e7\u00e3o de est\u00f3rias, espa\u00e7o de lazer para crian\u00e7as (com brinquedos, pintura art\u00edstica e escultura com bal\u00f5es), jogo de futebol em quadra com \u00e1rbitro, barbearia, aula de zumba, show musical e o grande sorteio de uma moto e de brindes.&nbsp;<\/p>\n\n\n\n<p>O tema tem interface com o projeto \u201cResponsabilidade Social na Ind\u00fastria da Constru\u00e7\u00e3o\u201d, da Comiss\u00e3o de Responsabilidade Social (CRS\/CBIC), com a correaliza\u00e7\u00e3o do Servi\u00e7o Social da Ind\u00fastria (Sesi Nacional).&nbsp;<\/p>\n\n\n\n<p><em>Fonte: Ag\u00eancia CBIC<\/em><\/p>\n","protected":false},"excerpt":{"rendered":"<p>Neste s\u00e1bado, 17 de agosto, o Dia Nacional da Constru\u00e7\u00e3o Social 2024 (DNCS), atraiu mais de 500 pessoas para o Sesi Piat\u00e3, em Salvador. O evento \u00e9 voltado para trabalhadores da constru\u00e7\u00e3o e suas fam\u00edlias e, todos os anos, conta com extensa programa\u00e7\u00e3o composta por a\u00e7\u00f5es gratuitas de sa\u00fade, cidadania, educa\u00e7\u00e3o e lazer, al\u00e9m de [&hellip;]<\/p>\n","protected":false},"author":3,"featured_media":14750,"comment_status":"closed","ping_status":"closed","sticky":false,"template":"","format":"standard","meta":{"footnotes":""},"categories":[92],"tags":[],"class_list":["post-14742","post","type-post","status-publish","format-standard","has-post-thumbnail","hentry","category-seconci-brasil"],"yoast_head":"<!-- This site is optimized with the Yoast SEO plugin v26.9 - https:\/\/yoast.com\/product\/yoast-seo-wordpress\/ -->\n<title>Dia Nacional da Constru\u00e7\u00e3o Social em Salvador \u00e9 sucesso de p\u00fablico - Seconci Brasil<\/title>\n<meta name=\"description\" content=\"Neste s\u00e1bado, 17 de agosto, o Dia Nacional da Constru\u00e7\u00e3o Social 2024 (DNCS), atraiu mais de 500 pessoas para o Sesi Piat\u00e3, em Salvador. O evento \u00e9 voltado para trabalhadores da constru\u00e7\u00e3o e suas fam\u00edlias e, todos os anos, conta com extensa programa\u00e7\u00e3o composta por a\u00e7\u00f5es gratuitas de sa\u00fade, cidadania, educa\u00e7\u00e3o e lazer, al\u00e9m de show musical. Al\u00e9m do sorteio de diversos brindes, este ano teve o grande sorteio surpresa de uma moto.\u00a0\u00a0\" \/>\n<meta name=\"robots\" content=\"index, follow, max-snippet:-1, max-image-preview:large, max-video-preview:-1\" \/>\n<link rel=\"canonical\" href=\"https:\/\/seconci.com.br\/site\/2024\/08\/19\/dia-nacional-da-construcao-social-em-salvador-e-sucesso-de-publico\/\" \/>\n<meta property=\"og:locale\" content=\"pt_PT\" \/>\n<meta property=\"og:type\" content=\"article\" \/>\n<meta property=\"og:title\" content=\"Dia Nacional da Constru\u00e7\u00e3o Social em Salvador \u00e9 sucesso de p\u00fablico - Seconci Brasil\" \/>\n<meta property=\"og:description\" content=\"Neste s\u00e1bado, 17 de agosto, o Dia Nacional da Constru\u00e7\u00e3o Social 2024 (DNCS), atraiu mais de 500 pessoas para o Sesi Piat\u00e3, em Salvador. O evento \u00e9 voltado para trabalhadores da constru\u00e7\u00e3o e suas fam\u00edlias e, todos os anos, conta com extensa programa\u00e7\u00e3o composta por a\u00e7\u00f5es gratuitas de sa\u00fade, cidadania, educa\u00e7\u00e3o e lazer, al\u00e9m de show musical. Al\u00e9m do sorteio de diversos brindes, este ano teve o grande sorteio surpresa de uma moto.\u00a0\u00a0\" \/>\n<meta property=\"og:url\" content=\"https:\/\/seconci.com.br\/site\/2024\/08\/19\/dia-nacional-da-construcao-social-em-salvador-e-sucesso-de-publico\/\" \/>\n<meta property=\"og:site_name\" content=\"Seconci Brasil\" \/>\n<meta property=\"article:published_time\" content=\"2024-08-19T13:17:04+00:00\" \/>\n<meta property=\"article:modified_time\" content=\"2024-08-19T13:17:05+00:00\" \/>\n<meta property=\"og:image\" content=\"https:\/\/seconci.com.br\/site\/wp-content\/uploads\/2024\/08\/dncs-salvador-credito-pedro-sena-1-scaled-1.jpg\" \/>\n\t<meta property=\"og:image:width\" content=\"2560\" \/>\n\t<meta property=\"og:image:height\" content=\"1707\" \/>\n\t<meta property=\"og:image:type\" content=\"image\/jpeg\" \/>\n<meta name=\"author\" content=\"Sidney Rocha\" \/>\n<meta name=\"twitter:card\" content=\"summary_large_image\" \/>\n<meta name=\"twitter:label1\" content=\"Escrito por\" \/>\n\t<meta name=\"twitter:data1\" content=\"Sidney Rocha\" \/>\n\t<meta name=\"twitter:label2\" content=\"Tempo estimado de leitura\" \/>\n\t<meta name=\"twitter:data2\" content=\"4 minutos\" \/>\n<script type=\"application\/ld+json\" class=\"yoast-schema-graph\">{\"@context\":\"https:\/\/schema.org\",\"@graph\":[{\"@type\":\"Article\",\"@id\":\"https:\/\/seconci.com.br\/site\/2024\/08\/19\/dia-nacional-da-construcao-social-em-salvador-e-sucesso-de-publico\/#article\",\"isPartOf\":{\"@id\":\"https:\/\/seconci.com.br\/site\/2024\/08\/19\/dia-nacional-da-construcao-social-em-salvador-e-sucesso-de-publico\/\"},\"author\":{\"name\":\"Sidney Rocha\",\"@id\":\"https:\/\/seconci.com.br\/site\/#\/schema\/person\/1d79afd97ddc8f2c68c1e88e298aa8e2\"},\"headline\":\"Dia Nacional da Constru\u00e7\u00e3o Social em Salvador \u00e9 sucesso de p\u00fablico\",\"datePublished\":\"2024-08-19T13:17:04+00:00\",\"dateModified\":\"2024-08-19T13:17:05+00:00\",\"mainEntityOfPage\":{\"@id\":\"https:\/\/seconci.com.br\/site\/2024\/08\/19\/dia-nacional-da-construcao-social-em-salvador-e-sucesso-de-publico\/\"},\"wordCount\":545,\"publisher\":{\"@id\":\"https:\/\/seconci.com.br\/site\/#organization\"},\"image\":{\"@id\":\"https:\/\/seconci.com.br\/site\/2024\/08\/19\/dia-nacional-da-construcao-social-em-salvador-e-sucesso-de-publico\/#primaryimage\"},\"thumbnailUrl\":\"https:\/\/seconci.com.br\/site\/wp-content\/uploads\/2024\/08\/dncs-salvador-credito-pedro-sena-1-scaled-1.jpg\",\"articleSection\":[\"Seconci Brasil\"],\"inLanguage\":\"pt-PT\"},{\"@type\":\"WebPage\",\"@id\":\"https:\/\/seconci.com.br\/site\/2024\/08\/19\/dia-nacional-da-construcao-social-em-salvador-e-sucesso-de-publico\/\",\"url\":\"https:\/\/seconci.com.br\/site\/2024\/08\/19\/dia-nacional-da-construcao-social-em-salvador-e-sucesso-de-publico\/\",\"name\":\"Dia Nacional da Constru\u00e7\u00e3o Social em Salvador \u00e9 sucesso de p\u00fablico - Seconci Brasil\",\"isPartOf\":{\"@id\":\"https:\/\/seconci.com.br\/site\/#website\"},\"primaryImageOfPage\":{\"@id\":\"https:\/\/seconci.com.br\/site\/2024\/08\/19\/dia-nacional-da-construcao-social-em-salvador-e-sucesso-de-publico\/#primaryimage\"},\"image\":{\"@id\":\"https:\/\/seconci.com.br\/site\/2024\/08\/19\/dia-nacional-da-construcao-social-em-salvador-e-sucesso-de-publico\/#primaryimage\"},\"thumbnailUrl\":\"https:\/\/seconci.com.br\/site\/wp-content\/uploads\/2024\/08\/dncs-salvador-credito-pedro-sena-1-scaled-1.jpg\",\"datePublished\":\"2024-08-19T13:17:04+00:00\",\"dateModified\":\"2024-08-19T13:17:05+00:00\",\"description\":\"Neste s\u00e1bado, 17 de agosto, o Dia Nacional da Constru\u00e7\u00e3o Social 2024 (DNCS), atraiu mais de 500 pessoas para o Sesi Piat\u00e3, em Salvador. O evento \u00e9 voltado para trabalhadores da constru\u00e7\u00e3o e suas fam\u00edlias e, todos os anos, conta com extensa programa\u00e7\u00e3o composta por a\u00e7\u00f5es gratuitas de sa\u00fade, cidadania, educa\u00e7\u00e3o e lazer, al\u00e9m de show musical. Al\u00e9m do sorteio de diversos brindes, este ano teve o grande sorteio surpresa de uma moto.\u00a0\u00a0\",\"breadcrumb\":{\"@id\":\"https:\/\/seconci.com.br\/site\/2024\/08\/19\/dia-nacional-da-construcao-social-em-salvador-e-sucesso-de-publico\/#breadcrumb\"},\"inLanguage\":\"pt-PT\",\"potentialAction\":[{\"@type\":\"ReadAction\",\"target\":[\"https:\/\/seconci.com.br\/site\/2024\/08\/19\/dia-nacional-da-construcao-social-em-salvador-e-sucesso-de-publico\/\"]}]},{\"@type\":\"ImageObject\",\"inLanguage\":\"pt-PT\",\"@id\":\"https:\/\/seconci.com.br\/site\/2024\/08\/19\/dia-nacional-da-construcao-social-em-salvador-e-sucesso-de-publico\/#primaryimage\",\"url\":\"https:\/\/seconci.com.br\/site\/wp-content\/uploads\/2024\/08\/dncs-salvador-credito-pedro-sena-1-scaled-1.jpg\",\"contentUrl\":\"https:\/\/seconci.com.br\/site\/wp-content\/uploads\/2024\/08\/dncs-salvador-credito-pedro-sena-1-scaled-1.jpg\",\"width\":2560,\"height\":1707},{\"@type\":\"BreadcrumbList\",\"@id\":\"https:\/\/seconci.com.br\/site\/2024\/08\/19\/dia-nacional-da-construcao-social-em-salvador-e-sucesso-de-publico\/#breadcrumb\",\"itemListElement\":[{\"@type\":\"ListItem\",\"position\":1,\"name\":\"In\u00edcio\",\"item\":\"https:\/\/seconci.com.br\/site\/\"},{\"@type\":\"ListItem\",\"position\":2,\"name\":\"Dia Nacional da Constru\u00e7\u00e3o Social em Salvador \u00e9 sucesso de p\u00fablico\"}]},{\"@type\":\"WebSite\",\"@id\":\"https:\/\/seconci.com.br\/site\/#website\",\"url\":\"https:\/\/seconci.com.br\/site\/\",\"name\":\"Seconci Brasil\",\"description\":\"\",\"publisher\":{\"@id\":\"https:\/\/seconci.com.br\/site\/#organization\"},\"potentialAction\":[{\"@type\":\"SearchAction\",\"target\":{\"@type\":\"EntryPoint\",\"urlTemplate\":\"https:\/\/seconci.com.br\/site\/?s={search_term_string}\"},\"query-input\":{\"@type\":\"PropertyValueSpecification\",\"valueRequired\":true,\"valueName\":\"search_term_string\"}}],\"inLanguage\":\"pt-PT\"},{\"@type\":\"Organization\",\"@id\":\"https:\/\/seconci.com.br\/site\/#organization\",\"name\":\"Seconci Brasil\",\"url\":\"https:\/\/seconci.com.br\/site\/\",\"logo\":{\"@type\":\"ImageObject\",\"inLanguage\":\"pt-PT\",\"@id\":\"https:\/\/seconci.com.br\/site\/#\/schema\/logo\/image\/\",\"url\":\"https:\/\/seconci.com.br\/site\/wp-content\/uploads\/2024\/08\/Logo-Seconci-Brasil-branca-2.png\",\"contentUrl\":\"https:\/\/seconci.com.br\/site\/wp-content\/uploads\/2024\/08\/Logo-Seconci-Brasil-branca-2.png\",\"width\":1315,\"height\":598,\"caption\":\"Seconci Brasil\"},\"image\":{\"@id\":\"https:\/\/seconci.com.br\/site\/#\/schema\/logo\/image\/\"}},{\"@type\":\"Person\",\"@id\":\"https:\/\/seconci.com.br\/site\/#\/schema\/person\/1d79afd97ddc8f2c68c1e88e298aa8e2\",\"name\":\"Sidney Rocha\",\"description\":\"Comunicador e estagi\u00e1rio do Seconci Brasil.\",\"url\":\"https:\/\/seconci.com.br\/site\/author\/sidney-rocha\/\"}]}<\/script>\n<!-- \/ Yoast SEO plugin. -->","yoast_head_json":{"title":"Dia Nacional da Constru\u00e7\u00e3o Social em Salvador \u00e9 sucesso de p\u00fablico - Seconci Brasil","description":"Neste s\u00e1bado, 17 de agosto, o Dia Nacional da Constru\u00e7\u00e3o Social 2024 (DNCS), atraiu mais de 500 pessoas para o Sesi Piat\u00e3, em Salvador. O evento \u00e9 voltado para trabalhadores da constru\u00e7\u00e3o e suas fam\u00edlias e, todos os anos, conta com extensa programa\u00e7\u00e3o composta por a\u00e7\u00f5es gratuitas de sa\u00fade, cidadania, educa\u00e7\u00e3o e lazer, al\u00e9m de show musical. Al\u00e9m do sorteio de diversos brindes, este ano teve o grande sorteio surpresa de uma moto.\u00a0\u00a0","robots":{"index":"index","follow":"follow","max-snippet":"max-snippet:-1","max-image-preview":"max-image-preview:large","max-video-preview":"max-video-preview:-1"},"canonical":"https:\/\/seconci.com.br\/site\/2024\/08\/19\/dia-nacional-da-construcao-social-em-salvador-e-sucesso-de-publico\/","og_locale":"pt_PT","og_type":"article","og_title":"Dia Nacional da Constru\u00e7\u00e3o Social em Salvador \u00e9 sucesso de p\u00fablico - Seconci Brasil","og_description":"Neste s\u00e1bado, 17 de agosto, o Dia Nacional da Constru\u00e7\u00e3o Social 2024 (DNCS), atraiu mais de 500 pessoas para o Sesi Piat\u00e3, em Salvador. O evento \u00e9 voltado para trabalhadores da constru\u00e7\u00e3o e suas fam\u00edlias e, todos os anos, conta com extensa programa\u00e7\u00e3o composta por a\u00e7\u00f5es gratuitas de sa\u00fade, cidadania, educa\u00e7\u00e3o e lazer, al\u00e9m de show musical. Al\u00e9m do sorteio de diversos brindes, este ano teve o grande sorteio surpresa de uma moto.\u00a0\u00a0","og_url":"https:\/\/seconci.com.br\/site\/2024\/08\/19\/dia-nacional-da-construcao-social-em-salvador-e-sucesso-de-publico\/","og_site_name":"Seconci Brasil","article_published_time":"2024-08-19T13:17:04+00:00","article_modified_time":"2024-08-19T13:17:05+00:00","og_image":[{"width":2560,"height":1707,"url":"https:\/\/seconci.com.br\/site\/wp-content\/uploads\/2024\/08\/dncs-salvador-credito-pedro-sena-1-scaled-1.jpg","type":"image\/jpeg"}],"author":"Sidney Rocha","twitter_card":"summary_large_image","twitter_misc":{"Escrito por":"Sidney Rocha","Tempo estimado de leitura":"4 minutos"},"schema":{"@context":"https:\/\/schema.org","@graph":[{"@type":"Article","@id":"https:\/\/seconci.com.br\/site\/2024\/08\/19\/dia-nacional-da-construcao-social-em-salvador-e-sucesso-de-publico\/#article","isPartOf":{"@id":"https:\/\/seconci.com.br\/site\/2024\/08\/19\/dia-nacional-da-construcao-social-em-salvador-e-sucesso-de-publico\/"},"author":{"name":"Sidney Rocha","@id":"https:\/\/seconci.com.br\/site\/#\/schema\/person\/1d79afd97ddc8f2c68c1e88e298aa8e2"},"headline":"Dia Nacional da Constru\u00e7\u00e3o Social em Salvador \u00e9 sucesso de p\u00fablico","datePublished":"2024-08-19T13:17:04+00:00","dateModified":"2024-08-19T13:17:05+00:00","mainEntityOfPage":{"@id":"https:\/\/seconci.com.br\/site\/2024\/08\/19\/dia-nacional-da-construcao-social-em-salvador-e-sucesso-de-publico\/"},"wordCount":545,"publisher":{"@id":"https:\/\/seconci.com.br\/site\/#organization"},"image":{"@id":"https:\/\/seconci.com.br\/site\/2024\/08\/19\/dia-nacional-da-construcao-social-em-salvador-e-sucesso-de-publico\/#primaryimage"},"thumbnailUrl":"https:\/\/seconci.com.br\/site\/wp-content\/uploads\/2024\/08\/dncs-salvador-credito-pedro-sena-1-scaled-1.jpg","articleSection":["Seconci Brasil"],"inLanguage":"pt-PT"},{"@type":"WebPage","@id":"https:\/\/seconci.com.br\/site\/2024\/08\/19\/dia-nacional-da-construcao-social-em-salvador-e-sucesso-de-publico\/","url":"https:\/\/seconci.com.br\/site\/2024\/08\/19\/dia-nacional-da-construcao-social-em-salvador-e-sucesso-de-publico\/","name":"Dia Nacional da Constru\u00e7\u00e3o Social em Salvador \u00e9 sucesso de p\u00fablico - Seconci Brasil","isPartOf":{"@id":"https:\/\/seconci.com.br\/site\/#website"},"primaryImageOfPage":{"@id":"https:\/\/seconci.com.br\/site\/2024\/08\/19\/dia-nacional-da-construcao-social-em-salvador-e-sucesso-de-publico\/#primaryimage"},"image":{"@id":"https:\/\/seconci.com.br\/site\/2024\/08\/19\/dia-nacional-da-construcao-social-em-salvador-e-sucesso-de-publico\/#primaryimage"},"thumbnailUrl":"https:\/\/seconci.com.br\/site\/wp-content\/uploads\/2024\/08\/dncs-salvador-credito-pedro-sena-1-scaled-1.jpg","datePublished":"2024-08-19T13:17:04+00:00","dateModified":"2024-08-19T13:17:05+00:00","description":"Neste s\u00e1bado, 17 de agosto, o Dia Nacional da Constru\u00e7\u00e3o Social 2024 (DNCS), atraiu mais de 500 pessoas para o Sesi Piat\u00e3, em Salvador. O evento \u00e9 voltado para trabalhadores da constru\u00e7\u00e3o e suas fam\u00edlias e, todos os anos, conta com extensa programa\u00e7\u00e3o composta por a\u00e7\u00f5es gratuitas de sa\u00fade, cidadania, educa\u00e7\u00e3o e lazer, al\u00e9m de show musical. Al\u00e9m do sorteio de diversos brindes, este ano teve o grande sorteio surpresa de uma moto.\u00a0\u00a0","breadcrumb":{"@id":"https:\/\/seconci.com.br\/site\/2024\/08\/19\/dia-nacional-da-construcao-social-em-salvador-e-sucesso-de-publico\/#breadcrumb"},"inLanguage":"pt-PT","potentialAction":[{"@type":"ReadAction","target":["https:\/\/seconci.com.br\/site\/2024\/08\/19\/dia-nacional-da-construcao-social-em-salvador-e-sucesso-de-publico\/"]}]},{"@type":"ImageObject","inLanguage":"pt-PT","@id":"https:\/\/seconci.com.br\/site\/2024\/08\/19\/dia-nacional-da-construcao-social-em-salvador-e-sucesso-de-publico\/#primaryimage","url":"https:\/\/seconci.com.br\/site\/wp-content\/uploads\/2024\/08\/dncs-salvador-credito-pedro-sena-1-scaled-1.jpg","contentUrl":"https:\/\/seconci.com.br\/site\/wp-content\/uploads\/2024\/08\/dncs-salvador-credito-pedro-sena-1-scaled-1.jpg","width":2560,"height":1707},{"@type":"BreadcrumbList","@id":"https:\/\/seconci.com.br\/site\/2024\/08\/19\/dia-nacional-da-construcao-social-em-salvador-e-sucesso-de-publico\/#breadcrumb","itemListElement":[{"@type":"ListItem","position":1,"name":"In\u00edcio","item":"https:\/\/seconci.com.br\/site\/"},{"@type":"ListItem","position":2,"name":"Dia Nacional da Constru\u00e7\u00e3o Social em Salvador \u00e9 sucesso de p\u00fablico"}]},{"@type":"WebSite","@id":"https:\/\/seconci.com.br\/site\/#website","url":"https:\/\/seconci.com.br\/site\/","name":"Seconci Brasil","description":"","publisher":{"@id":"https:\/\/seconci.com.br\/site\/#organization"},"potentialAction":[{"@type":"SearchAction","target":{"@type":"EntryPoint","urlTemplate":"https:\/\/seconci.com.br\/site\/?s={search_term_string}"},"query-input":{"@type":"PropertyValueSpecification","valueRequired":true,"valueName":"search_term_string"}}],"inLanguage":"pt-PT"},{"@type":"Organization","@id":"https:\/\/seconci.com.br\/site\/#organization","name":"Seconci Brasil","url":"https:\/\/seconci.com.br\/site\/","logo":{"@type":"ImageObject","inLanguage":"pt-PT","@id":"https:\/\/seconci.com.br\/site\/#\/schema\/logo\/image\/","url":"https:\/\/seconci.com.br\/site\/wp-content\/uploads\/2024\/08\/Logo-Seconci-Brasil-branca-2.png","contentUrl":"https:\/\/seconci.com.br\/site\/wp-content\/uploads\/2024\/08\/Logo-Seconci-Brasil-branca-2.png","width":1315,"height":598,"caption":"Seconci Brasil"},"image":{"@id":"https:\/\/seconci.com.br\/site\/#\/schema\/logo\/image\/"}},{"@type":"Person","@id":"https:\/\/seconci.com.br\/site\/#\/schema\/person\/1d79afd97ddc8f2c68c1e88e298aa8e2","name":"Sidney Rocha","description":"Comunicador e estagi\u00e1rio do Seconci Brasil.","url":"https:\/\/seconci.com.br\/site\/author\/sidney-rocha\/"}]}},"_links":{"self":[{"href":"https:\/\/seconci.com.br\/site\/wp-json\/wp\/v2\/posts\/14742","targetHints":{"allow":["GET"]}}],"collection":[{"href":"https:\/\/seconci.com.br\/site\/wp-json\/wp\/v2\/posts"}],"about":[{"href":"https:\/\/seconci.com.br\/site\/wp-json\/wp\/v2\/types\/post"}],"author":[{"embeddable":true,"href":"https:\/\/seconci.com.br\/site\/wp-json\/wp\/v2\/users\/3"}],"replies":[{"embeddable":true,"href":"https:\/\/seconci.com.br\/site\/wp-json\/wp\/v2\/comments?post=14742"}],"version-history":[{"count":1,"href":"https:\/\/seconci.com.br\/site\/wp-json\/wp\/v2\/posts\/14742\/revisions"}],"predecessor-version":[{"id":14755,"href":"https:\/\/seconci.com.br\/site\/wp-json\/wp\/v2\/posts\/14742\/revisions\/14755"}],"wp:featuredmedia":[{"embeddable":true,"href":"https:\/\/seconci.com.br\/site\/wp-json\/wp\/v2\/media\/14750"}],"wp:attachment":[{"href":"https:\/\/seconci.com.br\/site\/wp-json\/wp\/v2\/media?parent=14742"}],"wp:term":[{"taxonomy":"category","embeddable":true,"href":"https:\/\/seconci.com.br\/site\/wp-json\/wp\/v2\/categories?post=14742"},{"taxonomy":"post_tag","embeddable":true,"href":"https:\/\/seconci.com.br\/site\/wp-json\/wp\/v2\/tags?post=14742"}],"curies":[{"name":"wp","href":"https:\/\/api.w.org\/{rel}","templated":true}]}}