{"id":14767,"date":"2024-08-20T11:52:40","date_gmt":"2024-08-20T11:52:40","guid":{"rendered":"https:\/\/seconci.com.br\/site\/?p=14767"},"modified":"2024-08-20T11:52:41","modified_gmt":"2024-08-20T11:52:41","slug":"inaugurada-mais-uma-unidade-de-saude-administrada-pelo-seconci-sp","status":"publish","type":"post","link":"https:\/\/seconci.com.br\/site\/2024\/08\/20\/inaugurada-mais-uma-unidade-de-saude-administrada-pelo-seconci-sp\/","title":{"rendered":"Inaugurada mais uma unidade de sa\u00fade administrada pelo Seconci-SP"},"content":{"rendered":"\n<p>O Centro de Cuidados Integrados (CCI) Leste \u2013 Padre Ant\u00f4nio Luiz Marchioni \u201cPadre Tic\u00e3o\u201d, administrado pela SAS Seconci-SP\/OSS, foi inaugurado oficialmente em 29 de julho e recebeu a visita do prefeito de S\u00e3o Paulo, Ricardo Nunes, em 31 de julho.<\/p>\n\n\n\n<p>Representando o prefeito na inaugura\u00e7\u00e3o, Edson Aparecido, secret\u00e1rio Municipal de Governo, afirmou que \u201cno CCI Leste temos um atendimento mais r\u00e1pido, mais eficiente e, com o trabalho dos profissionais do Seconci-SP, vamos estender ainda mais esse sonho \u00e0 popula\u00e7\u00e3o de Ermelino Matarazzo e regi\u00e3o\u201d.<\/p>\n\n\n\n<p>Ozziel Evangelista de Souza, subprefeito de Ermelino Matarazzo, disse admirar h\u00e1 muito tempo o trabalho do Seconci-SP. \u201cComo Organiza\u00e7\u00e3o Social de Sa\u00fade n\u00e3o h\u00e1 outra igual, que tenha a mesma qualidade no atendimento e compromisso com a sa\u00fade da popula\u00e7\u00e3o. O CCI \u00e9 a primeira unidade no munic\u00edpio oferecendo esse tipo de servi\u00e7o, com equipamentos de ponta. \u00c9 a materializa\u00e7\u00e3o de um sonho.\u201d<\/p>\n\n\n\n<p>Tamb\u00e9m participaram da inaugura\u00e7\u00e3o Luiz Carlos Zamarco, secret\u00e1rio Municipal de Sa\u00fade; S\u00edlvia Grecco, secret\u00e1ria Municipal da Pessoa com Defici\u00eancia; Sandra Sabino Fonseca, secret\u00e1ria Executiva de Aten\u00e7\u00e3o B\u00e1sica, Especialidades e Vigil\u00e2ncia em Sa\u00fade; Ant\u00f4nio de Freitas Pereira, membro do Conselho Deliberativo do Seconci-SP, representando Maristela Honda, presidente da entidade; Jos\u00e9 Maria da Costa Orlando, superintendente da SAS Seconci-SP\/OSS; Evelin Vasconcellos, gerente da CCI Leste, e S\u00edlvia Maria Pongelupi, sobrinha do Padre Tic\u00e3o, entre outros.<\/p>\n\n\n\n<p><strong>Reabilita\u00e7\u00e3o de pacientes<\/strong><\/p>\n\n\n\n<p>Funcionando desde 14 de junho, o CCI Leste \u00e9 um servi\u00e7o in\u00e9dito que tem como principal objetivo a des-hospitaliza\u00e7\u00e3o e a recupera\u00e7\u00e3o global da pessoa com perda da capacidade funcional pass\u00edvel de recupera\u00e7\u00e3o e que necessita de cuidados, promovendo a sua reabilita\u00e7\u00e3o, autonomia e melhorando a sua funcionalidade, garantindo a continuidade do cuidado integrado com a Aten\u00e7\u00e3o B\u00e1sica.<\/p>\n\n\n\n<p>Segundo a Prefeitura, para a implanta\u00e7\u00e3o desse equipamento foram investidos R$ 10,6 milh\u00f5es por meio do programa Avan\u00e7a Sa\u00fade SP, com contrapartida do Banco Interamericano de Desenvolvimento (BID). O custeio mensal ser\u00e1 de cerca de R$ 1 milh\u00e3o a partir de julho.<\/p>\n\n\n\n<p>Com mais de 2 mil m\u00b2, o CCI Leste conta com 20 salas, 8 consult\u00f3rios e 56 profissionais de sa\u00fade, que proporcionam atendimento de fisioterapia, ortopedia, psicologia, fisiatria, acupuntura e gessismo hospitalar, al\u00e9m de exames de Raio-X, curativos e ultrassonografia geral e com Doppler. A unidade, que j\u00e1 realizou 4 mil atendimentos desde que come\u00e7ou a funcionar, est\u00e1 localizada \u00e0 r. Fioravante Lopes Garcia, 699 \u2013 Ermelino Matarazzo, e funciona de segunda a s\u00e1bado, das 7h \u00e0s 19h.<\/p>\n\n\n\n<p><em>Fonte: Seconci-SP<\/em><\/p>\n","protected":false},"excerpt":{"rendered":"<p>O Centro de Cuidados Integrados (CCI) Leste \u2013 Padre Ant\u00f4nio Luiz Marchioni \u201cPadre Tic\u00e3o\u201d, administrado pela SAS Seconci-SP\/OSS, foi inaugurado oficialmente em 29 de julho e recebeu a visita do prefeito de S\u00e3o Paulo, Ricardo Nunes, em 31 de julho. Representando o prefeito na inaugura\u00e7\u00e3o, Edson Aparecido, secret\u00e1rio Municipal de Governo, afirmou que \u201cno CCI [&hellip;]<\/p>\n","protected":false},"author":3,"featured_media":14770,"comment_status":"closed","ping_status":"closed","sticky":false,"template":"","format":"standard","meta":{"footnotes":""},"categories":[92],"tags":[],"class_list":["post-14767","post","type-post","status-publish","format-standard","has-post-thumbnail","hentry","category-seconci-brasil"],"yoast_head":"<!-- This site is optimized with the Yoast SEO plugin v26.9 - https:\/\/yoast.com\/product\/yoast-seo-wordpress\/ -->\n<title>Inaugurada mais uma unidade de sa\u00fade administrada pelo Seconci-SP - Seconci Brasil<\/title>\n<meta name=\"description\" content=\"O Centro de Cuidados Integrados (CCI) Leste \u2013 Padre Ant\u00f4nio Luiz Marchioni \u201cPadre Tic\u00e3o\u201d, administrado pela SAS Seconci-SP\/OSS, foi inaugurado oficialmente em 29 de julho e recebeu a visita do prefeito de S\u00e3o Paulo, Ricardo Nunes, em 31 de julho.\" \/>\n<meta name=\"robots\" content=\"index, follow, max-snippet:-1, max-image-preview:large, max-video-preview:-1\" \/>\n<link rel=\"canonical\" href=\"https:\/\/seconci.com.br\/site\/2024\/08\/20\/inaugurada-mais-uma-unidade-de-saude-administrada-pelo-seconci-sp\/\" \/>\n<meta property=\"og:locale\" content=\"pt_PT\" \/>\n<meta property=\"og:type\" content=\"article\" \/>\n<meta property=\"og:title\" content=\"Inaugurada mais uma unidade de sa\u00fade administrada pelo Seconci-SP - Seconci Brasil\" \/>\n<meta property=\"og:description\" content=\"O Centro de Cuidados Integrados (CCI) Leste \u2013 Padre Ant\u00f4nio Luiz Marchioni \u201cPadre Tic\u00e3o\u201d, administrado pela SAS Seconci-SP\/OSS, foi inaugurado oficialmente em 29 de julho e recebeu a visita do prefeito de S\u00e3o Paulo, Ricardo Nunes, em 31 de julho.\" \/>\n<meta property=\"og:url\" content=\"https:\/\/seconci.com.br\/site\/2024\/08\/20\/inaugurada-mais-uma-unidade-de-saude-administrada-pelo-seconci-sp\/\" \/>\n<meta property=\"og:site_name\" content=\"Seconci Brasil\" \/>\n<meta property=\"article:published_time\" content=\"2024-08-20T11:52:40+00:00\" \/>\n<meta property=\"article:modified_time\" content=\"2024-08-20T11:52:41+00:00\" \/>\n<meta property=\"og:image\" content=\"https:\/\/seconci.com.br\/site\/wp-content\/uploads\/2024\/08\/Inaugurada-mais-uma-unidade-de-saude-administrada-pelo-Seconci-SP.jpg\" \/>\n\t<meta property=\"og:image:width\" content=\"1080\" \/>\n\t<meta property=\"og:image:height\" content=\"500\" \/>\n\t<meta property=\"og:image:type\" content=\"image\/jpeg\" \/>\n<meta name=\"author\" content=\"Sidney Rocha\" \/>\n<meta name=\"twitter:card\" content=\"summary_large_image\" \/>\n<meta name=\"twitter:label1\" content=\"Escrito por\" \/>\n\t<meta name=\"twitter:data1\" content=\"Sidney Rocha\" \/>\n\t<meta name=\"twitter:label2\" content=\"Tempo estimado de leitura\" \/>\n\t<meta name=\"twitter:data2\" content=\"3 minutos\" \/>\n<script type=\"application\/ld+json\" class=\"yoast-schema-graph\">{\"@context\":\"https:\/\/schema.org\",\"@graph\":[{\"@type\":\"Article\",\"@id\":\"https:\/\/seconci.com.br\/site\/2024\/08\/20\/inaugurada-mais-uma-unidade-de-saude-administrada-pelo-seconci-sp\/#article\",\"isPartOf\":{\"@id\":\"https:\/\/seconci.com.br\/site\/2024\/08\/20\/inaugurada-mais-uma-unidade-de-saude-administrada-pelo-seconci-sp\/\"},\"author\":{\"name\":\"Sidney Rocha\",\"@id\":\"https:\/\/seconci.com.br\/site\/#\/schema\/person\/1d79afd97ddc8f2c68c1e88e298aa8e2\"},\"headline\":\"Inaugurada mais uma unidade de sa\u00fade administrada pelo Seconci-SP\",\"datePublished\":\"2024-08-20T11:52:40+00:00\",\"dateModified\":\"2024-08-20T11:52:41+00:00\",\"mainEntityOfPage\":{\"@id\":\"https:\/\/seconci.com.br\/site\/2024\/08\/20\/inaugurada-mais-uma-unidade-de-saude-administrada-pelo-seconci-sp\/\"},\"wordCount\":448,\"publisher\":{\"@id\":\"https:\/\/seconci.com.br\/site\/#organization\"},\"image\":{\"@id\":\"https:\/\/seconci.com.br\/site\/2024\/08\/20\/inaugurada-mais-uma-unidade-de-saude-administrada-pelo-seconci-sp\/#primaryimage\"},\"thumbnailUrl\":\"https:\/\/seconci.com.br\/site\/wp-content\/uploads\/2024\/08\/Inaugurada-mais-uma-unidade-de-saude-administrada-pelo-Seconci-SP.jpg\",\"articleSection\":[\"Seconci Brasil\"],\"inLanguage\":\"pt-PT\"},{\"@type\":\"WebPage\",\"@id\":\"https:\/\/seconci.com.br\/site\/2024\/08\/20\/inaugurada-mais-uma-unidade-de-saude-administrada-pelo-seconci-sp\/\",\"url\":\"https:\/\/seconci.com.br\/site\/2024\/08\/20\/inaugurada-mais-uma-unidade-de-saude-administrada-pelo-seconci-sp\/\",\"name\":\"Inaugurada mais uma unidade de sa\u00fade administrada pelo Seconci-SP - Seconci Brasil\",\"isPartOf\":{\"@id\":\"https:\/\/seconci.com.br\/site\/#website\"},\"primaryImageOfPage\":{\"@id\":\"https:\/\/seconci.com.br\/site\/2024\/08\/20\/inaugurada-mais-uma-unidade-de-saude-administrada-pelo-seconci-sp\/#primaryimage\"},\"image\":{\"@id\":\"https:\/\/seconci.com.br\/site\/2024\/08\/20\/inaugurada-mais-uma-unidade-de-saude-administrada-pelo-seconci-sp\/#primaryimage\"},\"thumbnailUrl\":\"https:\/\/seconci.com.br\/site\/wp-content\/uploads\/2024\/08\/Inaugurada-mais-uma-unidade-de-saude-administrada-pelo-Seconci-SP.jpg\",\"datePublished\":\"2024-08-20T11:52:40+00:00\",\"dateModified\":\"2024-08-20T11:52:41+00:00\",\"description\":\"O Centro de Cuidados Integrados (CCI) Leste \u2013 Padre Ant\u00f4nio Luiz Marchioni \u201cPadre Tic\u00e3o\u201d, administrado pela SAS Seconci-SP\/OSS, foi inaugurado oficialmente em 29 de julho e recebeu a visita do prefeito de S\u00e3o Paulo, Ricardo Nunes, em 31 de julho.\",\"breadcrumb\":{\"@id\":\"https:\/\/seconci.com.br\/site\/2024\/08\/20\/inaugurada-mais-uma-unidade-de-saude-administrada-pelo-seconci-sp\/#breadcrumb\"},\"inLanguage\":\"pt-PT\",\"potentialAction\":[{\"@type\":\"ReadAction\",\"target\":[\"https:\/\/seconci.com.br\/site\/2024\/08\/20\/inaugurada-mais-uma-unidade-de-saude-administrada-pelo-seconci-sp\/\"]}]},{\"@type\":\"ImageObject\",\"inLanguage\":\"pt-PT\",\"@id\":\"https:\/\/seconci.com.br\/site\/2024\/08\/20\/inaugurada-mais-uma-unidade-de-saude-administrada-pelo-seconci-sp\/#primaryimage\",\"url\":\"https:\/\/seconci.com.br\/site\/wp-content\/uploads\/2024\/08\/Inaugurada-mais-uma-unidade-de-saude-administrada-pelo-Seconci-SP.jpg\",\"contentUrl\":\"https:\/\/seconci.com.br\/site\/wp-content\/uploads\/2024\/08\/Inaugurada-mais-uma-unidade-de-saude-administrada-pelo-Seconci-SP.jpg\",\"width\":1080,\"height\":500},{\"@type\":\"BreadcrumbList\",\"@id\":\"https:\/\/seconci.com.br\/site\/2024\/08\/20\/inaugurada-mais-uma-unidade-de-saude-administrada-pelo-seconci-sp\/#breadcrumb\",\"itemListElement\":[{\"@type\":\"ListItem\",\"position\":1,\"name\":\"In\u00edcio\",\"item\":\"https:\/\/seconci.com.br\/site\/\"},{\"@type\":\"ListItem\",\"position\":2,\"name\":\"Inaugurada mais uma unidade de sa\u00fade administrada pelo Seconci-SP\"}]},{\"@type\":\"WebSite\",\"@id\":\"https:\/\/seconci.com.br\/site\/#website\",\"url\":\"https:\/\/seconci.com.br\/site\/\",\"name\":\"Seconci Brasil\",\"description\":\"\",\"publisher\":{\"@id\":\"https:\/\/seconci.com.br\/site\/#organization\"},\"potentialAction\":[{\"@type\":\"SearchAction\",\"target\":{\"@type\":\"EntryPoint\",\"urlTemplate\":\"https:\/\/seconci.com.br\/site\/?s={search_term_string}\"},\"query-input\":{\"@type\":\"PropertyValueSpecification\",\"valueRequired\":true,\"valueName\":\"search_term_string\"}}],\"inLanguage\":\"pt-PT\"},{\"@type\":\"Organization\",\"@id\":\"https:\/\/seconci.com.br\/site\/#organization\",\"name\":\"Seconci Brasil\",\"url\":\"https:\/\/seconci.com.br\/site\/\",\"logo\":{\"@type\":\"ImageObject\",\"inLanguage\":\"pt-PT\",\"@id\":\"https:\/\/seconci.com.br\/site\/#\/schema\/logo\/image\/\",\"url\":\"https:\/\/seconci.com.br\/site\/wp-content\/uploads\/2024\/08\/Logo-Seconci-Brasil-branca-2.png\",\"contentUrl\":\"https:\/\/seconci.com.br\/site\/wp-content\/uploads\/2024\/08\/Logo-Seconci-Brasil-branca-2.png\",\"width\":1315,\"height\":598,\"caption\":\"Seconci Brasil\"},\"image\":{\"@id\":\"https:\/\/seconci.com.br\/site\/#\/schema\/logo\/image\/\"}},{\"@type\":\"Person\",\"@id\":\"https:\/\/seconci.com.br\/site\/#\/schema\/person\/1d79afd97ddc8f2c68c1e88e298aa8e2\",\"name\":\"Sidney Rocha\",\"description\":\"Comunicador e estagi\u00e1rio do Seconci Brasil.\",\"url\":\"https:\/\/seconci.com.br\/site\/author\/sidney-rocha\/\"}]}<\/script>\n<!-- \/ Yoast SEO plugin. -->","yoast_head_json":{"title":"Inaugurada mais uma unidade de sa\u00fade administrada pelo Seconci-SP - Seconci Brasil","description":"O Centro de Cuidados Integrados (CCI) Leste \u2013 Padre Ant\u00f4nio Luiz Marchioni \u201cPadre Tic\u00e3o\u201d, administrado pela SAS Seconci-SP\/OSS, foi inaugurado oficialmente em 29 de julho e recebeu a visita do prefeito de S\u00e3o Paulo, Ricardo Nunes, em 31 de julho.","robots":{"index":"index","follow":"follow","max-snippet":"max-snippet:-1","max-image-preview":"max-image-preview:large","max-video-preview":"max-video-preview:-1"},"canonical":"https:\/\/seconci.com.br\/site\/2024\/08\/20\/inaugurada-mais-uma-unidade-de-saude-administrada-pelo-seconci-sp\/","og_locale":"pt_PT","og_type":"article","og_title":"Inaugurada mais uma unidade de sa\u00fade administrada pelo Seconci-SP - Seconci Brasil","og_description":"O Centro de Cuidados Integrados (CCI) Leste \u2013 Padre Ant\u00f4nio Luiz Marchioni \u201cPadre Tic\u00e3o\u201d, administrado pela SAS Seconci-SP\/OSS, foi inaugurado oficialmente em 29 de julho e recebeu a visita do prefeito de S\u00e3o Paulo, Ricardo Nunes, em 31 de julho.","og_url":"https:\/\/seconci.com.br\/site\/2024\/08\/20\/inaugurada-mais-uma-unidade-de-saude-administrada-pelo-seconci-sp\/","og_site_name":"Seconci Brasil","article_published_time":"2024-08-20T11:52:40+00:00","article_modified_time":"2024-08-20T11:52:41+00:00","og_image":[{"width":1080,"height":500,"url":"https:\/\/seconci.com.br\/site\/wp-content\/uploads\/2024\/08\/Inaugurada-mais-uma-unidade-de-saude-administrada-pelo-Seconci-SP.jpg","type":"image\/jpeg"}],"author":"Sidney Rocha","twitter_card":"summary_large_image","twitter_misc":{"Escrito por":"Sidney Rocha","Tempo estimado de leitura":"3 minutos"},"schema":{"@context":"https:\/\/schema.org","@graph":[{"@type":"Article","@id":"https:\/\/seconci.com.br\/site\/2024\/08\/20\/inaugurada-mais-uma-unidade-de-saude-administrada-pelo-seconci-sp\/#article","isPartOf":{"@id":"https:\/\/seconci.com.br\/site\/2024\/08\/20\/inaugurada-mais-uma-unidade-de-saude-administrada-pelo-seconci-sp\/"},"author":{"name":"Sidney Rocha","@id":"https:\/\/seconci.com.br\/site\/#\/schema\/person\/1d79afd97ddc8f2c68c1e88e298aa8e2"},"headline":"Inaugurada mais uma unidade de sa\u00fade administrada pelo Seconci-SP","datePublished":"2024-08-20T11:52:40+00:00","dateModified":"2024-08-20T11:52:41+00:00","mainEntityOfPage":{"@id":"https:\/\/seconci.com.br\/site\/2024\/08\/20\/inaugurada-mais-uma-unidade-de-saude-administrada-pelo-seconci-sp\/"},"wordCount":448,"publisher":{"@id":"https:\/\/seconci.com.br\/site\/#organization"},"image":{"@id":"https:\/\/seconci.com.br\/site\/2024\/08\/20\/inaugurada-mais-uma-unidade-de-saude-administrada-pelo-seconci-sp\/#primaryimage"},"thumbnailUrl":"https:\/\/seconci.com.br\/site\/wp-content\/uploads\/2024\/08\/Inaugurada-mais-uma-unidade-de-saude-administrada-pelo-Seconci-SP.jpg","articleSection":["Seconci Brasil"],"inLanguage":"pt-PT"},{"@type":"WebPage","@id":"https:\/\/seconci.com.br\/site\/2024\/08\/20\/inaugurada-mais-uma-unidade-de-saude-administrada-pelo-seconci-sp\/","url":"https:\/\/seconci.com.br\/site\/2024\/08\/20\/inaugurada-mais-uma-unidade-de-saude-administrada-pelo-seconci-sp\/","name":"Inaugurada mais uma unidade de sa\u00fade administrada pelo Seconci-SP - Seconci Brasil","isPartOf":{"@id":"https:\/\/seconci.com.br\/site\/#website"},"primaryImageOfPage":{"@id":"https:\/\/seconci.com.br\/site\/2024\/08\/20\/inaugurada-mais-uma-unidade-de-saude-administrada-pelo-seconci-sp\/#primaryimage"},"image":{"@id":"https:\/\/seconci.com.br\/site\/2024\/08\/20\/inaugurada-mais-uma-unidade-de-saude-administrada-pelo-seconci-sp\/#primaryimage"},"thumbnailUrl":"https:\/\/seconci.com.br\/site\/wp-content\/uploads\/2024\/08\/Inaugurada-mais-uma-unidade-de-saude-administrada-pelo-Seconci-SP.jpg","datePublished":"2024-08-20T11:52:40+00:00","dateModified":"2024-08-20T11:52:41+00:00","description":"O Centro de Cuidados Integrados (CCI) Leste \u2013 Padre Ant\u00f4nio Luiz Marchioni \u201cPadre Tic\u00e3o\u201d, administrado pela SAS Seconci-SP\/OSS, foi inaugurado oficialmente em 29 de julho e recebeu a visita do prefeito de S\u00e3o Paulo, Ricardo Nunes, em 31 de julho.","breadcrumb":{"@id":"https:\/\/seconci.com.br\/site\/2024\/08\/20\/inaugurada-mais-uma-unidade-de-saude-administrada-pelo-seconci-sp\/#breadcrumb"},"inLanguage":"pt-PT","potentialAction":[{"@type":"ReadAction","target":["https:\/\/seconci.com.br\/site\/2024\/08\/20\/inaugurada-mais-uma-unidade-de-saude-administrada-pelo-seconci-sp\/"]}]},{"@type":"ImageObject","inLanguage":"pt-PT","@id":"https:\/\/seconci.com.br\/site\/2024\/08\/20\/inaugurada-mais-uma-unidade-de-saude-administrada-pelo-seconci-sp\/#primaryimage","url":"https:\/\/seconci.com.br\/site\/wp-content\/uploads\/2024\/08\/Inaugurada-mais-uma-unidade-de-saude-administrada-pelo-Seconci-SP.jpg","contentUrl":"https:\/\/seconci.com.br\/site\/wp-content\/uploads\/2024\/08\/Inaugurada-mais-uma-unidade-de-saude-administrada-pelo-Seconci-SP.jpg","width":1080,"height":500},{"@type":"BreadcrumbList","@id":"https:\/\/seconci.com.br\/site\/2024\/08\/20\/inaugurada-mais-uma-unidade-de-saude-administrada-pelo-seconci-sp\/#breadcrumb","itemListElement":[{"@type":"ListItem","position":1,"name":"In\u00edcio","item":"https:\/\/seconci.com.br\/site\/"},{"@type":"ListItem","position":2,"name":"Inaugurada mais uma unidade de sa\u00fade administrada pelo Seconci-SP"}]},{"@type":"WebSite","@id":"https:\/\/seconci.com.br\/site\/#website","url":"https:\/\/seconci.com.br\/site\/","name":"Seconci Brasil","description":"","publisher":{"@id":"https:\/\/seconci.com.br\/site\/#organization"},"potentialAction":[{"@type":"SearchAction","target":{"@type":"EntryPoint","urlTemplate":"https:\/\/seconci.com.br\/site\/?s={search_term_string}"},"query-input":{"@type":"PropertyValueSpecification","valueRequired":true,"valueName":"search_term_string"}}],"inLanguage":"pt-PT"},{"@type":"Organization","@id":"https:\/\/seconci.com.br\/site\/#organization","name":"Seconci Brasil","url":"https:\/\/seconci.com.br\/site\/","logo":{"@type":"ImageObject","inLanguage":"pt-PT","@id":"https:\/\/seconci.com.br\/site\/#\/schema\/logo\/image\/","url":"https:\/\/seconci.com.br\/site\/wp-content\/uploads\/2024\/08\/Logo-Seconci-Brasil-branca-2.png","contentUrl":"https:\/\/seconci.com.br\/site\/wp-content\/uploads\/2024\/08\/Logo-Seconci-Brasil-branca-2.png","width":1315,"height":598,"caption":"Seconci Brasil"},"image":{"@id":"https:\/\/seconci.com.br\/site\/#\/schema\/logo\/image\/"}},{"@type":"Person","@id":"https:\/\/seconci.com.br\/site\/#\/schema\/person\/1d79afd97ddc8f2c68c1e88e298aa8e2","name":"Sidney Rocha","description":"Comunicador e estagi\u00e1rio do Seconci Brasil.","url":"https:\/\/seconci.com.br\/site\/author\/sidney-rocha\/"}]}},"_links":{"self":[{"href":"https:\/\/seconci.com.br\/site\/wp-json\/wp\/v2\/posts\/14767","targetHints":{"allow":["GET"]}}],"collection":[{"href":"https:\/\/seconci.com.br\/site\/wp-json\/wp\/v2\/posts"}],"about":[{"href":"https:\/\/seconci.com.br\/site\/wp-json\/wp\/v2\/types\/post"}],"author":[{"embeddable":true,"href":"https:\/\/seconci.com.br\/site\/wp-json\/wp\/v2\/users\/3"}],"replies":[{"embeddable":true,"href":"https:\/\/seconci.com.br\/site\/wp-json\/wp\/v2\/comments?post=14767"}],"version-history":[{"count":2,"href":"https:\/\/seconci.com.br\/site\/wp-json\/wp\/v2\/posts\/14767\/revisions"}],"predecessor-version":[{"id":14771,"href":"https:\/\/seconci.com.br\/site\/wp-json\/wp\/v2\/posts\/14767\/revisions\/14771"}],"wp:featuredmedia":[{"embeddable":true,"href":"https:\/\/seconci.com.br\/site\/wp-json\/wp\/v2\/media\/14770"}],"wp:attachment":[{"href":"https:\/\/seconci.com.br\/site\/wp-json\/wp\/v2\/media?parent=14767"}],"wp:term":[{"taxonomy":"category","embeddable":true,"href":"https:\/\/seconci.com.br\/site\/wp-json\/wp\/v2\/categories?post=14767"},{"taxonomy":"post_tag","embeddable":true,"href":"https:\/\/seconci.com.br\/site\/wp-json\/wp\/v2\/tags?post=14767"}],"curies":[{"name":"wp","href":"https:\/\/api.w.org\/{rel}","templated":true}]}}