{"id":14810,"date":"2024-09-02T11:38:31","date_gmt":"2024-09-02T11:38:31","guid":{"rendered":"https:\/\/seconci.com.br\/site\/?p=14810"},"modified":"2024-09-02T11:38:33","modified_gmt":"2024-09-02T11:38:33","slug":"seconci-mg-lota-auditorio-para-falar-sobre-trabalho-em-altura","status":"publish","type":"post","link":"https:\/\/seconci.com.br\/site\/2024\/09\/02\/seconci-mg-lota-auditorio-para-falar-sobre-trabalho-em-altura\/","title":{"rendered":"Seconci-MG lota audit\u00f3rio para falar sobre Trabalho em Altura"},"content":{"rendered":"\n<p>O Semin\u00e1rio \u201cTrabalho em Altura \u2013 tudo o que voc\u00ea precisa saber sobre ancoragens, EPI e Projetos\u201d, promovido pelo Seconci-MG, no dia 23\/08, durante o Construa Minas, contou com palestras, debates e exposi\u00e7\u00f5es de especialistas no assunto, com expertise em quest\u00f5es t\u00e9cnicas e normativas em torno do trabalho em altura (NR35).<\/p>\n\n\n\n<p>O evento do Seconci-MG contou com o apoio da Superintend\u00eancia Regional do Trabalho,&nbsp; Kronos Solu\u00e7\u00f5es e Projetos LTDA, Mine Safety Appliances e Todo Cultura. Com sala lotada, os mais de 90 participantes aprofundaram os conhecimentos nos seguintes temas:<\/p>\n\n\n\n<p>O primeiro painel: \u201cDESAFIOS PARA A GEST\u00c3O DE SST NO SETOR DA CONSTRU\u00c7\u00c3O E A IMPORT\u00c2NCIA DOS PROJETOS E NORMAS VIGENTES (NOVAS NBRS), COM FOCO NO TRABALHO EM ALTURA\u201d, teve a participa\u00e7\u00e3o dos palestrantes:<\/p>\n\n\n\n<p>\u2013 Andreia Kaucher Darmstadter: engenheira de Seguran\u00e7a do Trabalho, supervisora do Departamento de Seguran\u00e7a no Trabalho do Seconci-MG.<\/p>\n\n\n\n<p>\u2013 Ricardo Fleury Barcellos: engenheiro civil e auditor fiscal do Minist\u00e9rio do Trabalho.<\/p>\n\n\n\n<p>Andreia Darmstadter reiterou que o\u00a0 trabalho em altura tem um grau de sensibilidade muito grande. Nesse sentido, comentou a supervisora, s\u00e3o fundamentais os projetos e o cumprimento de normas, como a Norma Regulamentadora 18, auxiliando na preven\u00e7\u00e3o do alto \u00edndice de quedas.\u00a0 Para Andreia Kaucher, o treinamento para trabalho em altura \u201c\u00e9 algo inegoci\u00e1vel\u201d: ou seja, n\u00e3o d\u00e1 para fazer com improvisa\u00e7\u00e3o. \u00c9 uma quest\u00e3o, explicou, de saber se o trabalhador tem capacidade, por meio de uma avalia\u00e7\u00e3o m\u00e9dica, al\u00e9m de todo um protocolo de treinamento. \u201cTudo come\u00e7a pelo\u00a0 Programa de Gerenciamento de Riscos (PGR), para se ter conhecimento do que se faz naquela fun\u00e7\u00e3o\u201d, comentou. <\/p>\n\n\n\n<figure class=\"wp-block-image\"><img decoding=\"async\" src=\"https:\/\/seconci-mg.org.br\/wp-content\/uploads\/2024\/08\/construa-2-1024x768.jpeg\" alt=\"\" class=\"wp-image-6271\"\/><\/figure>\n\n\n\n<figure class=\"wp-block-image\"><img decoding=\"async\" src=\"https:\/\/seconci-mg.org.br\/wp-content\/uploads\/2024\/08\/construa-3-1024x576.jpeg\" alt=\"\" class=\"wp-image-6273\"\/><\/figure>\n\n\n\n<p>J\u00e1 o auditor fiscal do Minist\u00e9rio do Trabalho, Ricardo Fleury Barcellos, destacou a necessidade da adapta\u00e7\u00e3o dos projetos \u00e0 realidade sempre que poss\u00edvel. Ele citou ainda quest\u00f5es essenciais a serem consideradas do ponto de vista t\u00e9cnico, como da altura da queda e da elasticidade do elemento de sustenta\u00e7\u00e3o. E ressaltou avan\u00e7os, por meio da substitui\u00e7\u00e3o de equipamentos e materiais que resultaram em melhorias. \u201cOs cintos de seguran\u00e7a, as cordas, os talabartes&nbsp; \u2013 dispositivos conectados ao cintur\u00e3o do tipo paraquedista que prendem o trabalhador a um ponto de ancoragem, para reten\u00e7\u00e3o de queda ou de posicionamento melhoraram muito nas \u00faltimas d\u00e9cadas.\u201d<\/p>\n\n\n\n<p>O segundo painel do semin\u00e1rio contou com a palestra t\u00e9cnica \u201cANCORAGEM \u00c9 TUDO IGUAL\u201d?, ministrada pelo engenheiro civil e de Engenharia de Seguran\u00e7a do Trabalho, Rodrigo Fonseca, da Kronos Solu\u00e7\u00f5es e Projetos LTDA, que abordou os aspectos t\u00e9cnicos, normativos e de fundamentos.<\/p>\n\n\n\n<p>Em sua exposi\u00e7\u00e3o, Rodrigo informou que antes de mais nada a ancoragem precisa ser feita de forma correta. Tudo come\u00e7a na fase de projeto, ou seja, conhecer a din\u00e2mica do trabalho em altura para desenvolver o melhor sistema. \u201cCerca de 80%&nbsp; das instala\u00e7\u00f5es de ancoragem hoje est\u00e3o erradas. As corretas, 20%, possuem, por exemplo, uma documenta\u00e7\u00e3o, projeto executivo e sele\u00e7\u00e3o de material\u201d, reiterou. Segundo Rodrigo Fonseca, essa sele\u00e7\u00e3o precisa ser muito criteriosa, com um fator de seguran\u00e7a muito alto. \u201cUma instala\u00e7\u00e3o inadequada pode reduzir a resist\u00eancia da ancoragem\u201d, enfatizou.&nbsp;&nbsp;<\/p>\n\n\n\n<p>J\u00e1 o tema da \u00faltima palestra ministrada durante o semin\u00e1rio foi \u201cDIFEREN\u00c7AS&nbsp; NOS CINTOS PARA TRABALHOS EM ALTURA E OS CUIDADOS NECESS\u00c1RIOS\u201d, e ficou a cargo do engenheiro mec\u00e2nico e gerente de produtos da MSA Safety, Rog\u00e9rio dos Santos Sousa, que focou na NR 35 \u2013 norma regulamentadora que estabelece padr\u00f5es de seguran\u00e7a para o trabalho em altura no Brasil e que visa garantir seguran\u00e7a, sem colocar em risco a vida e a integridade.<\/p>\n\n\n\n<figure class=\"wp-block-image\"><img decoding=\"async\" src=\"https:\/\/seconci-mg.org.br\/wp-content\/uploads\/2024\/08\/rogerio-construa-minas-1024x576.jpeg\" alt=\"\" class=\"wp-image-6270\"\/><\/figure>\n\n\n\n<p>Durante o Semin\u00e1rio promovido pelo Seconci-MG sobre Trabalho em Altura, o grupo Todo Cultura \u2013 de produ\u00e7\u00e3o teatral e audiovisual, especializado em comunica\u00e7\u00e3o para conscientiza\u00e7\u00e3o, treinamentos, responsabilidade social e ambiental para o meio corporativo -, parceiro do Seconci-MG, realizou esquetes c\u00eanicos, tanto na&nbsp; abertura quanto nos intervalos entre as palestras, sempre pontuando e refor\u00e7ando o tema do evento.<\/p>\n\n\n\n<p><em>(Fonte: Com informa\u00e7\u00f5es da Interface Comunica\u00e7\u00e3o)<\/em><\/p>\n\n\n\n<p><\/p>\n","protected":false},"excerpt":{"rendered":"<p>O Semin\u00e1rio \u201cTrabalho em Altura \u2013 tudo o que voc\u00ea precisa saber sobre ancoragens, EPI e Projetos\u201d, promovido pelo Seconci-MG, no dia 23\/08, durante o Construa Minas, contou com palestras, debates e exposi\u00e7\u00f5es de especialistas no assunto, com expertise em quest\u00f5es t\u00e9cnicas e normativas em torno do trabalho em altura (NR35). O evento do Seconci-MG [&hellip;]<\/p>\n","protected":false},"author":3,"featured_media":14811,"comment_status":"closed","ping_status":"closed","sticky":false,"template":"","format":"standard","meta":{"footnotes":""},"categories":[92],"tags":[],"class_list":["post-14810","post","type-post","status-publish","format-standard","has-post-thumbnail","hentry","category-seconci-brasil"],"yoast_head":"<!-- This site is optimized with the Yoast SEO plugin v26.9 - https:\/\/yoast.com\/product\/yoast-seo-wordpress\/ -->\n<title>Seconci-MG lota audit\u00f3rio para falar sobre Trabalho em Altura - Seconci Brasil<\/title>\n<meta name=\"description\" content=\"O Semin\u00e1rio \u201cTrabalho em Altura \u2013 tudo o que voc\u00ea precisa saber sobre ancoragens, EPI e Projetos\u201d, promovido pelo Seconci-MG, no dia 23\/08, durante o Construa Minas, contou com palestras, debates e exposi\u00e7\u00f5es de especialistas no assunto, com expertise em quest\u00f5es t\u00e9cnicas e normativas em torno do trabalho em altura (NR35).\" \/>\n<meta name=\"robots\" content=\"index, follow, max-snippet:-1, max-image-preview:large, max-video-preview:-1\" \/>\n<link rel=\"canonical\" href=\"https:\/\/seconci.com.br\/site\/2024\/09\/02\/seconci-mg-lota-auditorio-para-falar-sobre-trabalho-em-altura\/\" \/>\n<meta property=\"og:locale\" content=\"pt_PT\" \/>\n<meta property=\"og:type\" content=\"article\" \/>\n<meta property=\"og:title\" content=\"Seconci-MG lota audit\u00f3rio para falar sobre Trabalho em Altura - Seconci Brasil\" \/>\n<meta property=\"og:description\" content=\"O Semin\u00e1rio \u201cTrabalho em Altura \u2013 tudo o que voc\u00ea precisa saber sobre ancoragens, EPI e Projetos\u201d, promovido pelo Seconci-MG, no dia 23\/08, durante o Construa Minas, contou com palestras, debates e exposi\u00e7\u00f5es de especialistas no assunto, com expertise em quest\u00f5es t\u00e9cnicas e normativas em torno do trabalho em altura (NR35).\" \/>\n<meta property=\"og:url\" content=\"https:\/\/seconci.com.br\/site\/2024\/09\/02\/seconci-mg-lota-auditorio-para-falar-sobre-trabalho-em-altura\/\" \/>\n<meta property=\"og:site_name\" content=\"Seconci Brasil\" \/>\n<meta property=\"article:published_time\" content=\"2024-09-02T11:38:31+00:00\" \/>\n<meta property=\"article:modified_time\" content=\"2024-09-02T11:38:33+00:00\" \/>\n<meta property=\"og:image\" content=\"https:\/\/seconci.com.br\/site\/wp-content\/uploads\/2024\/09\/construa-1-768x432-1.jpeg\" \/>\n\t<meta property=\"og:image:width\" content=\"768\" \/>\n\t<meta property=\"og:image:height\" content=\"432\" \/>\n\t<meta property=\"og:image:type\" content=\"image\/jpeg\" \/>\n<meta name=\"author\" content=\"Sidney Rocha\" \/>\n<meta name=\"twitter:card\" content=\"summary_large_image\" \/>\n<meta name=\"twitter:label1\" content=\"Escrito por\" \/>\n\t<meta name=\"twitter:data1\" content=\"Sidney Rocha\" \/>\n\t<meta name=\"twitter:label2\" content=\"Tempo estimado de leitura\" \/>\n\t<meta name=\"twitter:data2\" content=\"5 minutos\" \/>\n<script type=\"application\/ld+json\" class=\"yoast-schema-graph\">{\"@context\":\"https:\/\/schema.org\",\"@graph\":[{\"@type\":\"Article\",\"@id\":\"https:\/\/seconci.com.br\/site\/2024\/09\/02\/seconci-mg-lota-auditorio-para-falar-sobre-trabalho-em-altura\/#article\",\"isPartOf\":{\"@id\":\"https:\/\/seconci.com.br\/site\/2024\/09\/02\/seconci-mg-lota-auditorio-para-falar-sobre-trabalho-em-altura\/\"},\"author\":{\"name\":\"Sidney Rocha\",\"@id\":\"https:\/\/seconci.com.br\/site\/#\/schema\/person\/1d79afd97ddc8f2c68c1e88e298aa8e2\"},\"headline\":\"Seconci-MG lota audit\u00f3rio para falar sobre Trabalho em Altura\",\"datePublished\":\"2024-09-02T11:38:31+00:00\",\"dateModified\":\"2024-09-02T11:38:33+00:00\",\"mainEntityOfPage\":{\"@id\":\"https:\/\/seconci.com.br\/site\/2024\/09\/02\/seconci-mg-lota-auditorio-para-falar-sobre-trabalho-em-altura\/\"},\"wordCount\":698,\"publisher\":{\"@id\":\"https:\/\/seconci.com.br\/site\/#organization\"},\"image\":{\"@id\":\"https:\/\/seconci.com.br\/site\/2024\/09\/02\/seconci-mg-lota-auditorio-para-falar-sobre-trabalho-em-altura\/#primaryimage\"},\"thumbnailUrl\":\"https:\/\/seconci.com.br\/site\/wp-content\/uploads\/2024\/09\/construa-1-768x432-1.jpeg\",\"articleSection\":[\"Seconci Brasil\"],\"inLanguage\":\"pt-PT\"},{\"@type\":\"WebPage\",\"@id\":\"https:\/\/seconci.com.br\/site\/2024\/09\/02\/seconci-mg-lota-auditorio-para-falar-sobre-trabalho-em-altura\/\",\"url\":\"https:\/\/seconci.com.br\/site\/2024\/09\/02\/seconci-mg-lota-auditorio-para-falar-sobre-trabalho-em-altura\/\",\"name\":\"Seconci-MG lota audit\u00f3rio para falar sobre Trabalho em Altura - Seconci Brasil\",\"isPartOf\":{\"@id\":\"https:\/\/seconci.com.br\/site\/#website\"},\"primaryImageOfPage\":{\"@id\":\"https:\/\/seconci.com.br\/site\/2024\/09\/02\/seconci-mg-lota-auditorio-para-falar-sobre-trabalho-em-altura\/#primaryimage\"},\"image\":{\"@id\":\"https:\/\/seconci.com.br\/site\/2024\/09\/02\/seconci-mg-lota-auditorio-para-falar-sobre-trabalho-em-altura\/#primaryimage\"},\"thumbnailUrl\":\"https:\/\/seconci.com.br\/site\/wp-content\/uploads\/2024\/09\/construa-1-768x432-1.jpeg\",\"datePublished\":\"2024-09-02T11:38:31+00:00\",\"dateModified\":\"2024-09-02T11:38:33+00:00\",\"description\":\"O Semin\u00e1rio \u201cTrabalho em Altura \u2013 tudo o que voc\u00ea precisa saber sobre ancoragens, EPI e Projetos\u201d, promovido pelo Seconci-MG, no dia 23\/08, durante o Construa Minas, contou com palestras, debates e exposi\u00e7\u00f5es de especialistas no assunto, com expertise em quest\u00f5es t\u00e9cnicas e normativas em torno do trabalho em altura (NR35).\",\"breadcrumb\":{\"@id\":\"https:\/\/seconci.com.br\/site\/2024\/09\/02\/seconci-mg-lota-auditorio-para-falar-sobre-trabalho-em-altura\/#breadcrumb\"},\"inLanguage\":\"pt-PT\",\"potentialAction\":[{\"@type\":\"ReadAction\",\"target\":[\"https:\/\/seconci.com.br\/site\/2024\/09\/02\/seconci-mg-lota-auditorio-para-falar-sobre-trabalho-em-altura\/\"]}]},{\"@type\":\"ImageObject\",\"inLanguage\":\"pt-PT\",\"@id\":\"https:\/\/seconci.com.br\/site\/2024\/09\/02\/seconci-mg-lota-auditorio-para-falar-sobre-trabalho-em-altura\/#primaryimage\",\"url\":\"https:\/\/seconci.com.br\/site\/wp-content\/uploads\/2024\/09\/construa-1-768x432-1.jpeg\",\"contentUrl\":\"https:\/\/seconci.com.br\/site\/wp-content\/uploads\/2024\/09\/construa-1-768x432-1.jpeg\",\"width\":768,\"height\":432},{\"@type\":\"BreadcrumbList\",\"@id\":\"https:\/\/seconci.com.br\/site\/2024\/09\/02\/seconci-mg-lota-auditorio-para-falar-sobre-trabalho-em-altura\/#breadcrumb\",\"itemListElement\":[{\"@type\":\"ListItem\",\"position\":1,\"name\":\"In\u00edcio\",\"item\":\"https:\/\/seconci.com.br\/site\/\"},{\"@type\":\"ListItem\",\"position\":2,\"name\":\"Seconci-MG lota audit\u00f3rio para falar sobre Trabalho em Altura\"}]},{\"@type\":\"WebSite\",\"@id\":\"https:\/\/seconci.com.br\/site\/#website\",\"url\":\"https:\/\/seconci.com.br\/site\/\",\"name\":\"Seconci Brasil\",\"description\":\"\",\"publisher\":{\"@id\":\"https:\/\/seconci.com.br\/site\/#organization\"},\"potentialAction\":[{\"@type\":\"SearchAction\",\"target\":{\"@type\":\"EntryPoint\",\"urlTemplate\":\"https:\/\/seconci.com.br\/site\/?s={search_term_string}\"},\"query-input\":{\"@type\":\"PropertyValueSpecification\",\"valueRequired\":true,\"valueName\":\"search_term_string\"}}],\"inLanguage\":\"pt-PT\"},{\"@type\":\"Organization\",\"@id\":\"https:\/\/seconci.com.br\/site\/#organization\",\"name\":\"Seconci Brasil\",\"url\":\"https:\/\/seconci.com.br\/site\/\",\"logo\":{\"@type\":\"ImageObject\",\"inLanguage\":\"pt-PT\",\"@id\":\"https:\/\/seconci.com.br\/site\/#\/schema\/logo\/image\/\",\"url\":\"https:\/\/seconci.com.br\/site\/wp-content\/uploads\/2024\/08\/Logo-Seconci-Brasil-branca-2.png\",\"contentUrl\":\"https:\/\/seconci.com.br\/site\/wp-content\/uploads\/2024\/08\/Logo-Seconci-Brasil-branca-2.png\",\"width\":1315,\"height\":598,\"caption\":\"Seconci Brasil\"},\"image\":{\"@id\":\"https:\/\/seconci.com.br\/site\/#\/schema\/logo\/image\/\"}},{\"@type\":\"Person\",\"@id\":\"https:\/\/seconci.com.br\/site\/#\/schema\/person\/1d79afd97ddc8f2c68c1e88e298aa8e2\",\"name\":\"Sidney Rocha\",\"description\":\"Comunicador e estagi\u00e1rio do Seconci Brasil.\",\"url\":\"https:\/\/seconci.com.br\/site\/author\/sidney-rocha\/\"}]}<\/script>\n<!-- \/ Yoast SEO plugin. -->","yoast_head_json":{"title":"Seconci-MG lota audit\u00f3rio para falar sobre Trabalho em Altura - Seconci Brasil","description":"O Semin\u00e1rio \u201cTrabalho em Altura \u2013 tudo o que voc\u00ea precisa saber sobre ancoragens, EPI e Projetos\u201d, promovido pelo Seconci-MG, no dia 23\/08, durante o Construa Minas, contou com palestras, debates e exposi\u00e7\u00f5es de especialistas no assunto, com expertise em quest\u00f5es t\u00e9cnicas e normativas em torno do trabalho em altura (NR35).","robots":{"index":"index","follow":"follow","max-snippet":"max-snippet:-1","max-image-preview":"max-image-preview:large","max-video-preview":"max-video-preview:-1"},"canonical":"https:\/\/seconci.com.br\/site\/2024\/09\/02\/seconci-mg-lota-auditorio-para-falar-sobre-trabalho-em-altura\/","og_locale":"pt_PT","og_type":"article","og_title":"Seconci-MG lota audit\u00f3rio para falar sobre Trabalho em Altura - Seconci Brasil","og_description":"O Semin\u00e1rio \u201cTrabalho em Altura \u2013 tudo o que voc\u00ea precisa saber sobre ancoragens, EPI e Projetos\u201d, promovido pelo Seconci-MG, no dia 23\/08, durante o Construa Minas, contou com palestras, debates e exposi\u00e7\u00f5es de especialistas no assunto, com expertise em quest\u00f5es t\u00e9cnicas e normativas em torno do trabalho em altura (NR35).","og_url":"https:\/\/seconci.com.br\/site\/2024\/09\/02\/seconci-mg-lota-auditorio-para-falar-sobre-trabalho-em-altura\/","og_site_name":"Seconci Brasil","article_published_time":"2024-09-02T11:38:31+00:00","article_modified_time":"2024-09-02T11:38:33+00:00","og_image":[{"width":768,"height":432,"url":"https:\/\/seconci.com.br\/site\/wp-content\/uploads\/2024\/09\/construa-1-768x432-1.jpeg","type":"image\/jpeg"}],"author":"Sidney Rocha","twitter_card":"summary_large_image","twitter_misc":{"Escrito por":"Sidney Rocha","Tempo estimado de leitura":"5 minutos"},"schema":{"@context":"https:\/\/schema.org","@graph":[{"@type":"Article","@id":"https:\/\/seconci.com.br\/site\/2024\/09\/02\/seconci-mg-lota-auditorio-para-falar-sobre-trabalho-em-altura\/#article","isPartOf":{"@id":"https:\/\/seconci.com.br\/site\/2024\/09\/02\/seconci-mg-lota-auditorio-para-falar-sobre-trabalho-em-altura\/"},"author":{"name":"Sidney Rocha","@id":"https:\/\/seconci.com.br\/site\/#\/schema\/person\/1d79afd97ddc8f2c68c1e88e298aa8e2"},"headline":"Seconci-MG lota audit\u00f3rio para falar sobre Trabalho em Altura","datePublished":"2024-09-02T11:38:31+00:00","dateModified":"2024-09-02T11:38:33+00:00","mainEntityOfPage":{"@id":"https:\/\/seconci.com.br\/site\/2024\/09\/02\/seconci-mg-lota-auditorio-para-falar-sobre-trabalho-em-altura\/"},"wordCount":698,"publisher":{"@id":"https:\/\/seconci.com.br\/site\/#organization"},"image":{"@id":"https:\/\/seconci.com.br\/site\/2024\/09\/02\/seconci-mg-lota-auditorio-para-falar-sobre-trabalho-em-altura\/#primaryimage"},"thumbnailUrl":"https:\/\/seconci.com.br\/site\/wp-content\/uploads\/2024\/09\/construa-1-768x432-1.jpeg","articleSection":["Seconci Brasil"],"inLanguage":"pt-PT"},{"@type":"WebPage","@id":"https:\/\/seconci.com.br\/site\/2024\/09\/02\/seconci-mg-lota-auditorio-para-falar-sobre-trabalho-em-altura\/","url":"https:\/\/seconci.com.br\/site\/2024\/09\/02\/seconci-mg-lota-auditorio-para-falar-sobre-trabalho-em-altura\/","name":"Seconci-MG lota audit\u00f3rio para falar sobre Trabalho em Altura - Seconci Brasil","isPartOf":{"@id":"https:\/\/seconci.com.br\/site\/#website"},"primaryImageOfPage":{"@id":"https:\/\/seconci.com.br\/site\/2024\/09\/02\/seconci-mg-lota-auditorio-para-falar-sobre-trabalho-em-altura\/#primaryimage"},"image":{"@id":"https:\/\/seconci.com.br\/site\/2024\/09\/02\/seconci-mg-lota-auditorio-para-falar-sobre-trabalho-em-altura\/#primaryimage"},"thumbnailUrl":"https:\/\/seconci.com.br\/site\/wp-content\/uploads\/2024\/09\/construa-1-768x432-1.jpeg","datePublished":"2024-09-02T11:38:31+00:00","dateModified":"2024-09-02T11:38:33+00:00","description":"O Semin\u00e1rio \u201cTrabalho em Altura \u2013 tudo o que voc\u00ea precisa saber sobre ancoragens, EPI e Projetos\u201d, promovido pelo Seconci-MG, no dia 23\/08, durante o Construa Minas, contou com palestras, debates e exposi\u00e7\u00f5es de especialistas no assunto, com expertise em quest\u00f5es t\u00e9cnicas e normativas em torno do trabalho em altura (NR35).","breadcrumb":{"@id":"https:\/\/seconci.com.br\/site\/2024\/09\/02\/seconci-mg-lota-auditorio-para-falar-sobre-trabalho-em-altura\/#breadcrumb"},"inLanguage":"pt-PT","potentialAction":[{"@type":"ReadAction","target":["https:\/\/seconci.com.br\/site\/2024\/09\/02\/seconci-mg-lota-auditorio-para-falar-sobre-trabalho-em-altura\/"]}]},{"@type":"ImageObject","inLanguage":"pt-PT","@id":"https:\/\/seconci.com.br\/site\/2024\/09\/02\/seconci-mg-lota-auditorio-para-falar-sobre-trabalho-em-altura\/#primaryimage","url":"https:\/\/seconci.com.br\/site\/wp-content\/uploads\/2024\/09\/construa-1-768x432-1.jpeg","contentUrl":"https:\/\/seconci.com.br\/site\/wp-content\/uploads\/2024\/09\/construa-1-768x432-1.jpeg","width":768,"height":432},{"@type":"BreadcrumbList","@id":"https:\/\/seconci.com.br\/site\/2024\/09\/02\/seconci-mg-lota-auditorio-para-falar-sobre-trabalho-em-altura\/#breadcrumb","itemListElement":[{"@type":"ListItem","position":1,"name":"In\u00edcio","item":"https:\/\/seconci.com.br\/site\/"},{"@type":"ListItem","position":2,"name":"Seconci-MG lota audit\u00f3rio para falar sobre Trabalho em Altura"}]},{"@type":"WebSite","@id":"https:\/\/seconci.com.br\/site\/#website","url":"https:\/\/seconci.com.br\/site\/","name":"Seconci Brasil","description":"","publisher":{"@id":"https:\/\/seconci.com.br\/site\/#organization"},"potentialAction":[{"@type":"SearchAction","target":{"@type":"EntryPoint","urlTemplate":"https:\/\/seconci.com.br\/site\/?s={search_term_string}"},"query-input":{"@type":"PropertyValueSpecification","valueRequired":true,"valueName":"search_term_string"}}],"inLanguage":"pt-PT"},{"@type":"Organization","@id":"https:\/\/seconci.com.br\/site\/#organization","name":"Seconci Brasil","url":"https:\/\/seconci.com.br\/site\/","logo":{"@type":"ImageObject","inLanguage":"pt-PT","@id":"https:\/\/seconci.com.br\/site\/#\/schema\/logo\/image\/","url":"https:\/\/seconci.com.br\/site\/wp-content\/uploads\/2024\/08\/Logo-Seconci-Brasil-branca-2.png","contentUrl":"https:\/\/seconci.com.br\/site\/wp-content\/uploads\/2024\/08\/Logo-Seconci-Brasil-branca-2.png","width":1315,"height":598,"caption":"Seconci Brasil"},"image":{"@id":"https:\/\/seconci.com.br\/site\/#\/schema\/logo\/image\/"}},{"@type":"Person","@id":"https:\/\/seconci.com.br\/site\/#\/schema\/person\/1d79afd97ddc8f2c68c1e88e298aa8e2","name":"Sidney Rocha","description":"Comunicador e estagi\u00e1rio do Seconci Brasil.","url":"https:\/\/seconci.com.br\/site\/author\/sidney-rocha\/"}]}},"_links":{"self":[{"href":"https:\/\/seconci.com.br\/site\/wp-json\/wp\/v2\/posts\/14810","targetHints":{"allow":["GET"]}}],"collection":[{"href":"https:\/\/seconci.com.br\/site\/wp-json\/wp\/v2\/posts"}],"about":[{"href":"https:\/\/seconci.com.br\/site\/wp-json\/wp\/v2\/types\/post"}],"author":[{"embeddable":true,"href":"https:\/\/seconci.com.br\/site\/wp-json\/wp\/v2\/users\/3"}],"replies":[{"embeddable":true,"href":"https:\/\/seconci.com.br\/site\/wp-json\/wp\/v2\/comments?post=14810"}],"version-history":[{"count":1,"href":"https:\/\/seconci.com.br\/site\/wp-json\/wp\/v2\/posts\/14810\/revisions"}],"predecessor-version":[{"id":14812,"href":"https:\/\/seconci.com.br\/site\/wp-json\/wp\/v2\/posts\/14810\/revisions\/14812"}],"wp:featuredmedia":[{"embeddable":true,"href":"https:\/\/seconci.com.br\/site\/wp-json\/wp\/v2\/media\/14811"}],"wp:attachment":[{"href":"https:\/\/seconci.com.br\/site\/wp-json\/wp\/v2\/media?parent=14810"}],"wp:term":[{"taxonomy":"category","embeddable":true,"href":"https:\/\/seconci.com.br\/site\/wp-json\/wp\/v2\/categories?post=14810"},{"taxonomy":"post_tag","embeddable":true,"href":"https:\/\/seconci.com.br\/site\/wp-json\/wp\/v2\/tags?post=14810"}],"curies":[{"name":"wp","href":"https:\/\/api.w.org\/{rel}","templated":true}]}}