{"id":14830,"date":"2024-09-06T14:10:40","date_gmt":"2024-09-06T14:10:40","guid":{"rendered":"https:\/\/seconci.com.br\/site\/?p=14830"},"modified":"2024-09-06T14:10:41","modified_gmt":"2024-09-06T14:10:41","slug":"fuma-vape-entenda-os-perigos-do-cigarro-eletronico-a-saude-bucal","status":"publish","type":"post","link":"https:\/\/seconci.com.br\/site\/2024\/09\/06\/fuma-vape-entenda-os-perigos-do-cigarro-eletronico-a-saude-bucal\/","title":{"rendered":"Fuma vape? Entenda os perigos do cigarro eletr\u00f4nico \u00e0 sa\u00fade bucal"},"content":{"rendered":"\n<p>A coluna conversou com dois dentistas para entender os riscos do uso do cigarro eletr\u00f4nico, o vape, para a sa\u00fade da boca<\/p>\n\n\n\n<p>O cigarro eletr\u00f4nico, tamb\u00e9m conhecido como vape, tem se tornado cada vez mais comum, especialmente entre os jovens. No entanto, a imagem de que ele \u00e9 uma alternativa \u201cmais segura\u201d ao cigarro tradicional mascara os perigos reais que o dispositivo representa para a sa\u00fade, incluindo diversos preju\u00edzos \u00e0 sa\u00fade bucal.<\/p>\n\n\n\n<p>Segundo uma pesquisa do Instituto de Intelig\u00eancia em Pesquisa e Consultoria Estrat\u00e9gica (Ipec), o Distrito Federal ocupa o terceiro lugar em uso de vapes no Brasil. Diante desse cen\u00e1rio alarmante, a coluna Claudia Meireles ouviu os dentistas Maria Let\u00edcia Bucchianeri e Alessandro Janu\u00e1rio para entender quais os danos do cigarro eletr\u00f4nico para a boca.<\/p>\n\n\n\n<h3 class=\"wp-block-heading\">Cigarro eletr\u00f4nico e os danos para a sa\u00fade bucal<\/h3>\n\n\n\n<figure class=\"wp-block-image\" id=\"attachment_2829975\"><img decoding=\"async\" src=\"https:\/\/uploads.metroimg.com\/wp-content\/uploads\/2023\/09\/14130514\/higiene-bucal-carie-alimentos.jpg\" alt=\"Foto mostra boca em close up passando por avalia\u00e7\u00e3o em busca de c\u00e1ries\" class=\"wp-image-2829975\"\/><figcaption class=\"wp-element-caption\">Descuido no cuidado com a limpeza dos dentes pode levar \u00e0 c\u00e1rie, mas condi\u00e7\u00f5es gen\u00e9ticas e doen\u00e7as favorecem seu aparecimento<\/figcaption><\/figure>\n\n\n\n<p>De acordo com a especialista Maria Let\u00edcia Bucchianeri , o&nbsp;aumento da temperatura na cavidade oral causadas pelo vapor inalado podem diminuir o fluxo sangu\u00edneo nos tecidos bucais, afetando a qualidade do&nbsp;sistema imunol\u00f3gico.<\/p>\n\n\n\n<p>\u201cA diminui\u00e7\u00e3o do salivar acarreta em um desgaste dent\u00e1rio significativo. Com a produ\u00e7\u00e3o reduzida, os dentes ficam mais expostos a a\u00e7\u00e3o das placas bacterianas e, consequentemente, passam a ficar mais propostas \u00e0 c\u00e1rie. Al\u00e9m disso, o fluxo sangu\u00edneo tamb\u00e9m fica comprometido e reduz a nutri\u00e7\u00e3o da gengiva, que pode retrair e expor por\u00e7\u00f5es das ra\u00edzes dent\u00e1rias, que s\u00e3o mais porosas e mais suscet\u00edveis ao desgaste, podendo apresentar colora\u00e7\u00e3o mais escurecida\u201d, esclarece.<\/p>\n\n\n\n<h3 class=\"wp-block-heading\">Outros riscos<\/h3>\n\n\n\n<figure class=\"wp-block-image\" id=\"attachment_2698637\"><img decoding=\"async\" src=\"https:\/\/uploads.metroimg.com\/wp-content\/uploads\/2023\/05\/16160341\/GettyImages-1254139717.jpg\" alt=\"Imagem colorida: mulher com m\u00e3o no rosto faz careta de dor - Metr\u00f3poles\" class=\"wp-image-2698637\" title=\"cigarro eletr\u00f4nico\"\/><figcaption class=\"wp-element-caption\">O uso de cigarros eletr\u00f4nicos podem causar bruxismo<\/figcaption><\/figure>\n\n\n\n<p>Bucchianeri ainda destaca sobre os preju\u00edzos causados aos&nbsp;esmaltes dos dentes, como tamb\u00e9m as chances de desenvolver de doen\u00e7as graves relacionadas ao contato com componentes qu\u00edmicos presentes nos l\u00edquidos<\/p>\n\n\n\n<blockquote class=\"wp-block-quote is-layout-flow wp-block-quote-is-layout-flow\">\n<p>\u201cA nicotina, aromatizantes e outros aditivos tamb\u00e9m podem contribuir para o desenvolvimento de condi\u00e7\u00f5es como a chamada \u2018l\u00edngua de vape\u2019, em que a pessoa perde a sensibilidade gustativa. Em casos mais graves, temos casos em que h\u00e1 o aumento do risco de desenvolvimento de c\u00e2ncer bucal\u201d, revela.<\/p>\n<\/blockquote>\n\n\n\n<p>Complementando a vis\u00e3o da especialista, o dentista Alessandro Janu\u00e1rio chama aten\u00e7\u00e3o para o aumento dos casos de transtornos dent\u00e1rios. \u201cA nicotina pode estimular o surgimento de transtornos como o&nbsp;bruxismo, o h\u00e1bito de ranger os dentes, desencadeando dores de cabe\u00e7a, de ouvido e na musculatura da mand\u00edbula. Esse quadro tamb\u00e9m causa um desgaste nos esmaltes e aumenta o risco de fraturas dent\u00e1rias\u201d, explica.<\/p>\n\n\n\n<h3 class=\"wp-block-heading\">H\u00e1bito de fumar<\/h3>\n\n\n\n<figure class=\"wp-block-image\" id=\"attachment_2784139\"><img decoding=\"async\" src=\"https:\/\/uploads.metroimg.com\/wp-content\/uploads\/2023\/07\/30172040\/Cigarro-lixeira-anti-tabaco.jpg\" alt=\"Foto mostra pessoa descartando cigarros em uma lixeira com um fundo monocrom\u00e1tico rosa - fumar cigarro - Metr\u00f3poles\" class=\"wp-image-2784139\"\/><figcaption class=\"wp-element-caption\">Evite o consumo de cigarros e produtos com tabaco<\/figcaption><\/figure>\n\n\n\n<blockquote class=\"wp-block-quote is-layout-flow wp-block-quote-is-layout-flow\">\n<p>Desmistificando a ideia de que o uso de cigarros eletr\u00f4nicos podem ser menos nocivo que os cigarros tradicionais, Alessandro adverte que usu\u00e1rios de&nbsp;vape&nbsp;acabam fumando mais ao longo do dia.<\/p>\n\n\n\n<p>\u201cEnquanto um fumante de cigarro convencional consome de 200 a 250 tragadas por dia, um usu\u00e1rio de vape pode chegar a 600 ou at\u00e9 mil tragadas di\u00e1rias. Isso significa que os fumantes de vape est\u00e3o expostos por mais tempo aos elementos nocivos contidos no dispositivo\u201d, explica.<\/p>\n\n\n\n<p>Para ele, essa exposi\u00e7\u00e3o prolongada, considerando a presen\u00e7a de subst\u00e2ncias t\u00f3xicas como os carbonilos vol\u00e1teis, propilenoglicol e metais pesados, que s\u00e3o inalados durante o uso do dispositivo, podem intensificar os efeitos negativos do vape na sa\u00fade bucal.<\/p>\n\n\n\n<p>Maria Let\u00edcia tamb\u00e9m demonstra preocupa\u00e7\u00e3o quanto ao fato de n\u00e3o haver uma regulamenta\u00e7\u00e3o em rela\u00e7\u00e3o aos componentes presentes no dispositivo. \u201cEssa falta de vistoria dificulta uma an\u00e1lise criteriosa de rela\u00e7\u00f5es da causa e efeito entre estes e problemas de sa\u00fade bucal manifestados nos usu\u00e1rios\u201d, finaliza.<\/p>\n\n\n\n<p><em>Portal Metr\u00f3poles<\/em><\/p>\n<\/blockquote>\n","protected":false},"excerpt":{"rendered":"<p>A coluna conversou com dois dentistas para entender os riscos do uso do cigarro eletr\u00f4nico, o vape, para a sa\u00fade da boca O cigarro eletr\u00f4nico, tamb\u00e9m conhecido como vape, tem se tornado cada vez mais comum, especialmente entre os jovens. No entanto, a imagem de que ele \u00e9 uma alternativa \u201cmais segura\u201d ao cigarro tradicional [&hellip;]<\/p>\n","protected":false},"author":3,"featured_media":14831,"comment_status":"closed","ping_status":"closed","sticky":false,"template":"","format":"standard","meta":{"footnotes":""},"categories":[92],"tags":[],"class_list":["post-14830","post","type-post","status-publish","format-standard","has-post-thumbnail","hentry","category-seconci-brasil"],"yoast_head":"<!-- This site is optimized with the Yoast SEO plugin v26.9 - https:\/\/yoast.com\/product\/yoast-seo-wordpress\/ -->\n<title>Fuma vape? Entenda os perigos do cigarro eletr\u00f4nico \u00e0 sa\u00fade bucal - Seconci Brasil<\/title>\n<meta name=\"description\" content=\"O cigarro eletr\u00f4nico, tamb\u00e9m conhecido como vape, tem se tornado cada vez mais comum, especialmente entre os jovens. No entanto, a imagem de que ele \u00e9 uma alternativa \u201cmais segura\u201d ao cigarro tradicional mascara os perigos reais que o dispositivo representa para a sa\u00fade, incluindo diversos preju\u00edzos \u00e0 sa\u00fade bucal.\" \/>\n<meta name=\"robots\" content=\"index, follow, max-snippet:-1, max-image-preview:large, max-video-preview:-1\" \/>\n<link rel=\"canonical\" href=\"https:\/\/seconci.com.br\/site\/2024\/09\/06\/fuma-vape-entenda-os-perigos-do-cigarro-eletronico-a-saude-bucal\/\" \/>\n<meta property=\"og:locale\" content=\"pt_PT\" \/>\n<meta property=\"og:type\" content=\"article\" \/>\n<meta property=\"og:title\" content=\"Fuma vape? Entenda os perigos do cigarro eletr\u00f4nico \u00e0 sa\u00fade bucal - Seconci Brasil\" \/>\n<meta property=\"og:description\" content=\"O cigarro eletr\u00f4nico, tamb\u00e9m conhecido como vape, tem se tornado cada vez mais comum, especialmente entre os jovens. No entanto, a imagem de que ele \u00e9 uma alternativa \u201cmais segura\u201d ao cigarro tradicional mascara os perigos reais que o dispositivo representa para a sa\u00fade, incluindo diversos preju\u00edzos \u00e0 sa\u00fade bucal.\" \/>\n<meta property=\"og:url\" content=\"https:\/\/seconci.com.br\/site\/2024\/09\/06\/fuma-vape-entenda-os-perigos-do-cigarro-eletronico-a-saude-bucal\/\" \/>\n<meta property=\"og:site_name\" content=\"Seconci Brasil\" \/>\n<meta property=\"article:published_time\" content=\"2024-09-06T14:10:40+00:00\" \/>\n<meta property=\"article:modified_time\" content=\"2024-09-06T14:10:41+00:00\" \/>\n<meta property=\"og:image\" content=\"https:\/\/seconci.com.br\/site\/wp-content\/uploads\/2024\/09\/vape.png\" \/>\n\t<meta property=\"og:image:width\" content=\"700\" \/>\n\t<meta property=\"og:image:height\" content=\"467\" \/>\n\t<meta property=\"og:image:type\" content=\"image\/png\" \/>\n<meta name=\"author\" content=\"Sidney Rocha\" \/>\n<meta name=\"twitter:card\" content=\"summary_large_image\" \/>\n<meta name=\"twitter:label1\" content=\"Escrito por\" \/>\n\t<meta name=\"twitter:data1\" content=\"Sidney Rocha\" \/>\n\t<meta name=\"twitter:label2\" content=\"Tempo estimado de leitura\" \/>\n\t<meta name=\"twitter:data2\" content=\"3 minutos\" \/>\n<script type=\"application\/ld+json\" class=\"yoast-schema-graph\">{\"@context\":\"https:\/\/schema.org\",\"@graph\":[{\"@type\":\"Article\",\"@id\":\"https:\/\/seconci.com.br\/site\/2024\/09\/06\/fuma-vape-entenda-os-perigos-do-cigarro-eletronico-a-saude-bucal\/#article\",\"isPartOf\":{\"@id\":\"https:\/\/seconci.com.br\/site\/2024\/09\/06\/fuma-vape-entenda-os-perigos-do-cigarro-eletronico-a-saude-bucal\/\"},\"author\":{\"name\":\"Sidney Rocha\",\"@id\":\"https:\/\/seconci.com.br\/site\/#\/schema\/person\/1d79afd97ddc8f2c68c1e88e298aa8e2\"},\"headline\":\"Fuma vape? Entenda os perigos do cigarro eletr\u00f4nico \u00e0 sa\u00fade bucal\",\"datePublished\":\"2024-09-06T14:10:40+00:00\",\"dateModified\":\"2024-09-06T14:10:41+00:00\",\"mainEntityOfPage\":{\"@id\":\"https:\/\/seconci.com.br\/site\/2024\/09\/06\/fuma-vape-entenda-os-perigos-do-cigarro-eletronico-a-saude-bucal\/\"},\"wordCount\":672,\"publisher\":{\"@id\":\"https:\/\/seconci.com.br\/site\/#organization\"},\"image\":{\"@id\":\"https:\/\/seconci.com.br\/site\/2024\/09\/06\/fuma-vape-entenda-os-perigos-do-cigarro-eletronico-a-saude-bucal\/#primaryimage\"},\"thumbnailUrl\":\"https:\/\/seconci.com.br\/site\/wp-content\/uploads\/2024\/09\/vape.png\",\"articleSection\":[\"Seconci Brasil\"],\"inLanguage\":\"pt-PT\"},{\"@type\":\"WebPage\",\"@id\":\"https:\/\/seconci.com.br\/site\/2024\/09\/06\/fuma-vape-entenda-os-perigos-do-cigarro-eletronico-a-saude-bucal\/\",\"url\":\"https:\/\/seconci.com.br\/site\/2024\/09\/06\/fuma-vape-entenda-os-perigos-do-cigarro-eletronico-a-saude-bucal\/\",\"name\":\"Fuma vape? Entenda os perigos do cigarro eletr\u00f4nico \u00e0 sa\u00fade bucal - Seconci Brasil\",\"isPartOf\":{\"@id\":\"https:\/\/seconci.com.br\/site\/#website\"},\"primaryImageOfPage\":{\"@id\":\"https:\/\/seconci.com.br\/site\/2024\/09\/06\/fuma-vape-entenda-os-perigos-do-cigarro-eletronico-a-saude-bucal\/#primaryimage\"},\"image\":{\"@id\":\"https:\/\/seconci.com.br\/site\/2024\/09\/06\/fuma-vape-entenda-os-perigos-do-cigarro-eletronico-a-saude-bucal\/#primaryimage\"},\"thumbnailUrl\":\"https:\/\/seconci.com.br\/site\/wp-content\/uploads\/2024\/09\/vape.png\",\"datePublished\":\"2024-09-06T14:10:40+00:00\",\"dateModified\":\"2024-09-06T14:10:41+00:00\",\"description\":\"O cigarro eletr\u00f4nico, tamb\u00e9m conhecido como vape, tem se tornado cada vez mais comum, especialmente entre os jovens. No entanto, a imagem de que ele \u00e9 uma alternativa \u201cmais segura\u201d ao cigarro tradicional mascara os perigos reais que o dispositivo representa para a sa\u00fade, incluindo diversos preju\u00edzos \u00e0 sa\u00fade bucal.\",\"breadcrumb\":{\"@id\":\"https:\/\/seconci.com.br\/site\/2024\/09\/06\/fuma-vape-entenda-os-perigos-do-cigarro-eletronico-a-saude-bucal\/#breadcrumb\"},\"inLanguage\":\"pt-PT\",\"potentialAction\":[{\"@type\":\"ReadAction\",\"target\":[\"https:\/\/seconci.com.br\/site\/2024\/09\/06\/fuma-vape-entenda-os-perigos-do-cigarro-eletronico-a-saude-bucal\/\"]}]},{\"@type\":\"ImageObject\",\"inLanguage\":\"pt-PT\",\"@id\":\"https:\/\/seconci.com.br\/site\/2024\/09\/06\/fuma-vape-entenda-os-perigos-do-cigarro-eletronico-a-saude-bucal\/#primaryimage\",\"url\":\"https:\/\/seconci.com.br\/site\/wp-content\/uploads\/2024\/09\/vape.png\",\"contentUrl\":\"https:\/\/seconci.com.br\/site\/wp-content\/uploads\/2024\/09\/vape.png\",\"width\":700,\"height\":467},{\"@type\":\"BreadcrumbList\",\"@id\":\"https:\/\/seconci.com.br\/site\/2024\/09\/06\/fuma-vape-entenda-os-perigos-do-cigarro-eletronico-a-saude-bucal\/#breadcrumb\",\"itemListElement\":[{\"@type\":\"ListItem\",\"position\":1,\"name\":\"In\u00edcio\",\"item\":\"https:\/\/seconci.com.br\/site\/\"},{\"@type\":\"ListItem\",\"position\":2,\"name\":\"Fuma vape? Entenda os perigos do cigarro eletr\u00f4nico \u00e0 sa\u00fade bucal\"}]},{\"@type\":\"WebSite\",\"@id\":\"https:\/\/seconci.com.br\/site\/#website\",\"url\":\"https:\/\/seconci.com.br\/site\/\",\"name\":\"Seconci Brasil\",\"description\":\"\",\"publisher\":{\"@id\":\"https:\/\/seconci.com.br\/site\/#organization\"},\"potentialAction\":[{\"@type\":\"SearchAction\",\"target\":{\"@type\":\"EntryPoint\",\"urlTemplate\":\"https:\/\/seconci.com.br\/site\/?s={search_term_string}\"},\"query-input\":{\"@type\":\"PropertyValueSpecification\",\"valueRequired\":true,\"valueName\":\"search_term_string\"}}],\"inLanguage\":\"pt-PT\"},{\"@type\":\"Organization\",\"@id\":\"https:\/\/seconci.com.br\/site\/#organization\",\"name\":\"Seconci Brasil\",\"url\":\"https:\/\/seconci.com.br\/site\/\",\"logo\":{\"@type\":\"ImageObject\",\"inLanguage\":\"pt-PT\",\"@id\":\"https:\/\/seconci.com.br\/site\/#\/schema\/logo\/image\/\",\"url\":\"https:\/\/seconci.com.br\/site\/wp-content\/uploads\/2024\/08\/Logo-Seconci-Brasil-branca-2.png\",\"contentUrl\":\"https:\/\/seconci.com.br\/site\/wp-content\/uploads\/2024\/08\/Logo-Seconci-Brasil-branca-2.png\",\"width\":1315,\"height\":598,\"caption\":\"Seconci Brasil\"},\"image\":{\"@id\":\"https:\/\/seconci.com.br\/site\/#\/schema\/logo\/image\/\"}},{\"@type\":\"Person\",\"@id\":\"https:\/\/seconci.com.br\/site\/#\/schema\/person\/1d79afd97ddc8f2c68c1e88e298aa8e2\",\"name\":\"Sidney Rocha\",\"description\":\"Comunicador e estagi\u00e1rio do Seconci Brasil.\",\"url\":\"https:\/\/seconci.com.br\/site\/author\/sidney-rocha\/\"}]}<\/script>\n<!-- \/ Yoast SEO plugin. -->","yoast_head_json":{"title":"Fuma vape? Entenda os perigos do cigarro eletr\u00f4nico \u00e0 sa\u00fade bucal - Seconci Brasil","description":"O cigarro eletr\u00f4nico, tamb\u00e9m conhecido como vape, tem se tornado cada vez mais comum, especialmente entre os jovens. No entanto, a imagem de que ele \u00e9 uma alternativa \u201cmais segura\u201d ao cigarro tradicional mascara os perigos reais que o dispositivo representa para a sa\u00fade, incluindo diversos preju\u00edzos \u00e0 sa\u00fade bucal.","robots":{"index":"index","follow":"follow","max-snippet":"max-snippet:-1","max-image-preview":"max-image-preview:large","max-video-preview":"max-video-preview:-1"},"canonical":"https:\/\/seconci.com.br\/site\/2024\/09\/06\/fuma-vape-entenda-os-perigos-do-cigarro-eletronico-a-saude-bucal\/","og_locale":"pt_PT","og_type":"article","og_title":"Fuma vape? Entenda os perigos do cigarro eletr\u00f4nico \u00e0 sa\u00fade bucal - Seconci Brasil","og_description":"O cigarro eletr\u00f4nico, tamb\u00e9m conhecido como vape, tem se tornado cada vez mais comum, especialmente entre os jovens. No entanto, a imagem de que ele \u00e9 uma alternativa \u201cmais segura\u201d ao cigarro tradicional mascara os perigos reais que o dispositivo representa para a sa\u00fade, incluindo diversos preju\u00edzos \u00e0 sa\u00fade bucal.","og_url":"https:\/\/seconci.com.br\/site\/2024\/09\/06\/fuma-vape-entenda-os-perigos-do-cigarro-eletronico-a-saude-bucal\/","og_site_name":"Seconci Brasil","article_published_time":"2024-09-06T14:10:40+00:00","article_modified_time":"2024-09-06T14:10:41+00:00","og_image":[{"width":700,"height":467,"url":"https:\/\/seconci.com.br\/site\/wp-content\/uploads\/2024\/09\/vape.png","type":"image\/png"}],"author":"Sidney Rocha","twitter_card":"summary_large_image","twitter_misc":{"Escrito por":"Sidney Rocha","Tempo estimado de leitura":"3 minutos"},"schema":{"@context":"https:\/\/schema.org","@graph":[{"@type":"Article","@id":"https:\/\/seconci.com.br\/site\/2024\/09\/06\/fuma-vape-entenda-os-perigos-do-cigarro-eletronico-a-saude-bucal\/#article","isPartOf":{"@id":"https:\/\/seconci.com.br\/site\/2024\/09\/06\/fuma-vape-entenda-os-perigos-do-cigarro-eletronico-a-saude-bucal\/"},"author":{"name":"Sidney Rocha","@id":"https:\/\/seconci.com.br\/site\/#\/schema\/person\/1d79afd97ddc8f2c68c1e88e298aa8e2"},"headline":"Fuma vape? Entenda os perigos do cigarro eletr\u00f4nico \u00e0 sa\u00fade bucal","datePublished":"2024-09-06T14:10:40+00:00","dateModified":"2024-09-06T14:10:41+00:00","mainEntityOfPage":{"@id":"https:\/\/seconci.com.br\/site\/2024\/09\/06\/fuma-vape-entenda-os-perigos-do-cigarro-eletronico-a-saude-bucal\/"},"wordCount":672,"publisher":{"@id":"https:\/\/seconci.com.br\/site\/#organization"},"image":{"@id":"https:\/\/seconci.com.br\/site\/2024\/09\/06\/fuma-vape-entenda-os-perigos-do-cigarro-eletronico-a-saude-bucal\/#primaryimage"},"thumbnailUrl":"https:\/\/seconci.com.br\/site\/wp-content\/uploads\/2024\/09\/vape.png","articleSection":["Seconci Brasil"],"inLanguage":"pt-PT"},{"@type":"WebPage","@id":"https:\/\/seconci.com.br\/site\/2024\/09\/06\/fuma-vape-entenda-os-perigos-do-cigarro-eletronico-a-saude-bucal\/","url":"https:\/\/seconci.com.br\/site\/2024\/09\/06\/fuma-vape-entenda-os-perigos-do-cigarro-eletronico-a-saude-bucal\/","name":"Fuma vape? Entenda os perigos do cigarro eletr\u00f4nico \u00e0 sa\u00fade bucal - Seconci Brasil","isPartOf":{"@id":"https:\/\/seconci.com.br\/site\/#website"},"primaryImageOfPage":{"@id":"https:\/\/seconci.com.br\/site\/2024\/09\/06\/fuma-vape-entenda-os-perigos-do-cigarro-eletronico-a-saude-bucal\/#primaryimage"},"image":{"@id":"https:\/\/seconci.com.br\/site\/2024\/09\/06\/fuma-vape-entenda-os-perigos-do-cigarro-eletronico-a-saude-bucal\/#primaryimage"},"thumbnailUrl":"https:\/\/seconci.com.br\/site\/wp-content\/uploads\/2024\/09\/vape.png","datePublished":"2024-09-06T14:10:40+00:00","dateModified":"2024-09-06T14:10:41+00:00","description":"O cigarro eletr\u00f4nico, tamb\u00e9m conhecido como vape, tem se tornado cada vez mais comum, especialmente entre os jovens. No entanto, a imagem de que ele \u00e9 uma alternativa \u201cmais segura\u201d ao cigarro tradicional mascara os perigos reais que o dispositivo representa para a sa\u00fade, incluindo diversos preju\u00edzos \u00e0 sa\u00fade bucal.","breadcrumb":{"@id":"https:\/\/seconci.com.br\/site\/2024\/09\/06\/fuma-vape-entenda-os-perigos-do-cigarro-eletronico-a-saude-bucal\/#breadcrumb"},"inLanguage":"pt-PT","potentialAction":[{"@type":"ReadAction","target":["https:\/\/seconci.com.br\/site\/2024\/09\/06\/fuma-vape-entenda-os-perigos-do-cigarro-eletronico-a-saude-bucal\/"]}]},{"@type":"ImageObject","inLanguage":"pt-PT","@id":"https:\/\/seconci.com.br\/site\/2024\/09\/06\/fuma-vape-entenda-os-perigos-do-cigarro-eletronico-a-saude-bucal\/#primaryimage","url":"https:\/\/seconci.com.br\/site\/wp-content\/uploads\/2024\/09\/vape.png","contentUrl":"https:\/\/seconci.com.br\/site\/wp-content\/uploads\/2024\/09\/vape.png","width":700,"height":467},{"@type":"BreadcrumbList","@id":"https:\/\/seconci.com.br\/site\/2024\/09\/06\/fuma-vape-entenda-os-perigos-do-cigarro-eletronico-a-saude-bucal\/#breadcrumb","itemListElement":[{"@type":"ListItem","position":1,"name":"In\u00edcio","item":"https:\/\/seconci.com.br\/site\/"},{"@type":"ListItem","position":2,"name":"Fuma vape? Entenda os perigos do cigarro eletr\u00f4nico \u00e0 sa\u00fade bucal"}]},{"@type":"WebSite","@id":"https:\/\/seconci.com.br\/site\/#website","url":"https:\/\/seconci.com.br\/site\/","name":"Seconci Brasil","description":"","publisher":{"@id":"https:\/\/seconci.com.br\/site\/#organization"},"potentialAction":[{"@type":"SearchAction","target":{"@type":"EntryPoint","urlTemplate":"https:\/\/seconci.com.br\/site\/?s={search_term_string}"},"query-input":{"@type":"PropertyValueSpecification","valueRequired":true,"valueName":"search_term_string"}}],"inLanguage":"pt-PT"},{"@type":"Organization","@id":"https:\/\/seconci.com.br\/site\/#organization","name":"Seconci Brasil","url":"https:\/\/seconci.com.br\/site\/","logo":{"@type":"ImageObject","inLanguage":"pt-PT","@id":"https:\/\/seconci.com.br\/site\/#\/schema\/logo\/image\/","url":"https:\/\/seconci.com.br\/site\/wp-content\/uploads\/2024\/08\/Logo-Seconci-Brasil-branca-2.png","contentUrl":"https:\/\/seconci.com.br\/site\/wp-content\/uploads\/2024\/08\/Logo-Seconci-Brasil-branca-2.png","width":1315,"height":598,"caption":"Seconci Brasil"},"image":{"@id":"https:\/\/seconci.com.br\/site\/#\/schema\/logo\/image\/"}},{"@type":"Person","@id":"https:\/\/seconci.com.br\/site\/#\/schema\/person\/1d79afd97ddc8f2c68c1e88e298aa8e2","name":"Sidney Rocha","description":"Comunicador e estagi\u00e1rio do Seconci Brasil.","url":"https:\/\/seconci.com.br\/site\/author\/sidney-rocha\/"}]}},"_links":{"self":[{"href":"https:\/\/seconci.com.br\/site\/wp-json\/wp\/v2\/posts\/14830","targetHints":{"allow":["GET"]}}],"collection":[{"href":"https:\/\/seconci.com.br\/site\/wp-json\/wp\/v2\/posts"}],"about":[{"href":"https:\/\/seconci.com.br\/site\/wp-json\/wp\/v2\/types\/post"}],"author":[{"embeddable":true,"href":"https:\/\/seconci.com.br\/site\/wp-json\/wp\/v2\/users\/3"}],"replies":[{"embeddable":true,"href":"https:\/\/seconci.com.br\/site\/wp-json\/wp\/v2\/comments?post=14830"}],"version-history":[{"count":1,"href":"https:\/\/seconci.com.br\/site\/wp-json\/wp\/v2\/posts\/14830\/revisions"}],"predecessor-version":[{"id":14832,"href":"https:\/\/seconci.com.br\/site\/wp-json\/wp\/v2\/posts\/14830\/revisions\/14832"}],"wp:featuredmedia":[{"embeddable":true,"href":"https:\/\/seconci.com.br\/site\/wp-json\/wp\/v2\/media\/14831"}],"wp:attachment":[{"href":"https:\/\/seconci.com.br\/site\/wp-json\/wp\/v2\/media?parent=14830"}],"wp:term":[{"taxonomy":"category","embeddable":true,"href":"https:\/\/seconci.com.br\/site\/wp-json\/wp\/v2\/categories?post=14830"},{"taxonomy":"post_tag","embeddable":true,"href":"https:\/\/seconci.com.br\/site\/wp-json\/wp\/v2\/tags?post=14830"}],"curies":[{"name":"wp","href":"https:\/\/api.w.org\/{rel}","templated":true}]}}