{"id":16612,"date":"2026-04-30T15:08:43","date_gmt":"2026-04-30T15:08:43","guid":{"rendered":"https:\/\/seconci.com.br\/site\/?p=16612"},"modified":"2026-04-30T19:05:53","modified_gmt":"2026-04-30T19:05:53","slug":"abril-verde-mobiliza-seconci-pelo-brasil","status":"publish","type":"post","link":"https:\/\/seconci.com.br\/site\/2026\/04\/30\/abril-verde-mobiliza-seconci-pelo-brasil\/","title":{"rendered":"Abril Verde mobiliza todos os Seconcis na promo\u00e7\u00e3o da seguran\u00e7a e sa\u00fade do trabalho"},"content":{"rendered":"\n<p><em>Campanha nacional re\u00fane iniciativas nas regionais e tem apoio da CBIC para refor\u00e7ar a cultura de seguran\u00e7a na constru\u00e7\u00e3o civil<\/em><\/p>\n\n\n\n<p><em>Jos\u00e9 Albuquerque\/Comunica\u00e7\u00e3o Seconci Brasil<\/em><\/p>\n\n\n\n<p>Durante todo o m\u00eas de abril, os Seconcis em se mobilizaram em torno do Abril Verde, campanha dedicada \u00e0 conscientiza\u00e7\u00e3o sobre sa\u00fade e seguran\u00e7a no trabalho. Em parceria estrat\u00e9gica com a C\u00e2mara Brasileira da Ind\u00fastria da Constru\u00e7\u00e3o (CBIC), por meio da Campanha Nacional de Preven\u00e7\u00e3o de Acidentes do Trabalho na Ind\u00fastria da Constru\u00e7\u00e3o \u2013 CANPAT Constru\u00e7\u00e3o, que combina esfor\u00e7os com os principais atores da Seguran\u00e7a e Sa\u00fade do Trabalho. As a\u00e7\u00f5es realizaram capacita\u00e7\u00f5es t\u00e9cnicas, atendimentos de sa\u00fade e atividades educativas nos canteiros de obras, refor\u00e7ando o compromisso do setor com a preven\u00e7\u00e3o de acidentes e a valoriza\u00e7\u00e3o da vida. Neste ano, a campanha contou com o selo oficial Abril Verde Seconci, fortalecendo a identidade nacional da iniciativa.<\/p>\n\n\n\n<blockquote class=\"wp-block-quote is-layout-flow wp-block-quote-is-layout-flow\">\n<p><strong>Segundo Ant\u00f4nio Carlos Salgueiro, presidente do Seconci Brasil, \u201ca campanha Abril Verde representa mais do que um calend\u00e1rio de a\u00e7\u00f5es. Ela reafirma o compromisso dos Seconcis do Brasil com a vida de cada trabalhador da constru\u00e7\u00e3o civil. Seguran\u00e7a n\u00e3o \u00e9 custo, \u00e9 investimento em pessoas e no futuro do setor\u201d.<\/strong><\/p>\n<\/blockquote>\n\n\n\n<p>A escolha do m\u00eas e da cor verde remete a um marco hist\u00f3rico de conscientiza\u00e7\u00e3o global. O movimento tem origem no dia 28 de abril, data em que, em 1969, uma explos\u00e3o em uma mina na Virg\u00ednia (EUA) matou 78 trabalhadores. Em 2003, a Organiza\u00e7\u00e3o Internacional do Trabalho (OIT) instituiu a data como o Dia Mundial da Seguran\u00e7a e Sa\u00fade no Trabalho. No Brasil, a cor verde foi adotada por simbolizar a \u00e1rea da sa\u00fade e a seguran\u00e7a do trabalho, transformando o luto hist\u00f3rico em uma mobiliza\u00e7\u00e3o permanente pela vida.<\/p>\n\n\n\n<p>A relev\u00e2ncia da campanha \u00e9 ratificada por n\u00fameros alarmantes. Segundo dados recentes do Observat\u00f3rio de Seguran\u00e7a e Sa\u00fade no Trabalho, o Brasil registrou um recorde de notifica\u00e7\u00f5es em 2025, superando a marca de 800 mil acidentes de trabalho. Dessas ocorr\u00eancias, foram registrados mais de 3.600 \u00f3bitos.<\/p>\n\n\n\n<p>A constru\u00e7\u00e3o civil permanece no topo das estat\u00edsticas de riscos, exigindo uma atua\u00e7\u00e3o vigilante. Para Ant\u00f4nio Carlos Salgueiro, presidente do Seconci Brasil, \u201ca campanha Abril Verde representa mais do que um calend\u00e1rio de a\u00e7\u00f5es. Ela reafirma o compromisso dos Seconcis do Brasil com a vida de cada trabalhador da constru\u00e7\u00e3o civil. Seguran\u00e7a n\u00e3o \u00e9 custo, \u00e9 investimento em pessoas e no futuro do setor\u201d.<\/p>\n\n\n\n<p>Ao longo do m\u00eas, os Seconcis regionais promoveram uma programa\u00e7\u00e3o diversificada, com palestras, treinamentos, servi\u00e7os de sa\u00fade ocupacional e a\u00e7\u00f5es itinerantes diretamente nos canteiros. A atua\u00e7\u00e3o conjunta evidencia o papel do Seconci Brasil como articulador nacional, promovendo o compartilhamento de boas pr\u00e1ticas.<\/p>\n\n\n\n<p>Al\u00e9m dos riscos f\u00edsicos tradicionais, a campanha deste ano deu \u00eanfase \u00e0 sa\u00fade mental. Dados nacionais apontam um crescimento de mais de 130% nos afastamentos por transtornos mentais no \u00faltimo bi\u00eanio, o que refor\u00e7a a import\u00e2ncia de olhar para o trabalhador de forma integral, considerando o bem-estar psicol\u00f3gico como pilar fundamental da seguran\u00e7a produtiva.<\/p>\n\n\n\n<p>A mobiliza\u00e7\u00e3o do Abril Verde n\u00e3o se encerra no dia 30; ela serve como base para fortalecer uma cultura permanente de cuidado, garantindo que o canteiro de obras seja, acima de tudo, um ambiente de dignidade e prote\u00e7\u00e3o.<\/p>\n\n\n\n<h3 class=\"wp-block-heading\"><strong>Seconci-DF<\/strong><\/h3>\n\n\n\n<p>Durante o m\u00eas de abril, o Seconci-DF intensificou sua atua\u00e7\u00e3o no Abril Verde com uma s\u00e9rie de a\u00e7\u00f5es voltadas \u00e0 conscientiza\u00e7\u00e3o sobre sa\u00fade e seguran\u00e7a no trabalho. Ao todo, 38 canteiros de obras foram visitados, alcan\u00e7ando cerca de 3.500 trabalhadores com palestras e orienta\u00e7\u00f5es t\u00e9cnicas sobre preven\u00e7\u00e3o de acidentes, uso correto de Equipamentos de Prote\u00e7\u00e3o Individual e Coletiva, ergonomia e boas pr\u00e1ticas no ambiente laboral.<\/p>\n\n\n\n<p>A iniciativa refor\u00e7a o compromisso do Seconci-DF com a promo\u00e7\u00e3o de ambientes de trabalho mais seguros e saud\u00e1veis, ampliando o acesso \u00e0 informa\u00e7\u00e3o diretamente nos locais onde os riscos est\u00e3o presentes. As atividades tamb\u00e9m inclu\u00edram orienta\u00e7\u00f5es sobre as mudan\u00e7as na Norma Regulamentadora 1, que passa a exigir o levantamento dos riscos psicossociais no Programa de Gerenciamento de Riscos das empresas.<\/p>\n\n\n\n<figure class=\"wp-block-image size-large\"><img fetchpriority=\"high\" decoding=\"async\" width=\"1024\" height=\"768\" src=\"https:\/\/seconci.com.br\/site\/wp-content\/uploads\/2026\/04\/IMG_9610-1024x768.jpg\" alt=\"\" class=\"wp-image-16614\" srcset=\"https:\/\/seconci.com.br\/site\/wp-content\/uploads\/2026\/04\/IMG_9610-1024x768.jpg 1024w, https:\/\/seconci.com.br\/site\/wp-content\/uploads\/2026\/04\/IMG_9610-300x225.jpg 300w, https:\/\/seconci.com.br\/site\/wp-content\/uploads\/2026\/04\/IMG_9610-768x576.jpg 768w, https:\/\/seconci.com.br\/site\/wp-content\/uploads\/2026\/04\/IMG_9610-1536x1152.jpg 1536w, https:\/\/seconci.com.br\/site\/wp-content\/uploads\/2026\/04\/IMG_9610-2048x1536.jpg 2048w\" sizes=\"(max-width: 1024px) 100vw, 1024px\" \/><\/figure>\n\n\n\n<p>Para a gerente de seguran\u00e7a do trabalho do Seconci-DF, Juliana Moreira de Oliveira, o Abril Verde \u00e9 um momento estrat\u00e9gico para fortalecer a cultura de preven\u00e7\u00e3o no setor. Segundo ela, a constru\u00e7\u00e3o civil exige aten\u00e7\u00e3o constante e a\u00e7\u00f5es cont\u00ednuas. \u201cNo Seconci-DF, intensificamos nossas atividades ao longo do m\u00eas, com palestras e visitas aos canteiros, levando orienta\u00e7\u00e3o diretamente aos trabalhadores\u201d, afirma.<\/p>\n\n\n\n<h3 class=\"wp-block-heading\"><strong>Seconci-Rio<\/strong><\/h3>\n\n\n\n<p>No Seconci-Rio, o Abril Verde ganhou ainda mais for\u00e7a em 2026 com o lan\u00e7amento da campanha \u201cEu volto para casa\u201d, que refor\u00e7a a import\u00e2ncia da preven\u00e7\u00e3o de acidentes e doen\u00e7as no trabalho a partir de um olhar humano e cotidiano. A proposta destaca como os cuidados no ambiente profissional impactam diretamente a vida pessoal dos trabalhadores.<\/p>\n\n\n\n<p>\u201cA campanha do Abril Verde refor\u00e7a a import\u00e2ncia da preven\u00e7\u00e3o e do cuidado com a vida. Ao longo deste m\u00eas, as a\u00e7\u00f5es do Seconci-Rio impactaram diretamente cerca de 3 mil trabalhadores da constru\u00e7\u00e3o civil, levando orienta\u00e7\u00e3o e conscientiza\u00e7\u00e3o para ambientes de trabalho mais seguros. Seguimos comprometidos em fortalecer a cultura de sa\u00fade e seguran\u00e7a em toda a nossa regional\u201d, afirma Nelson Rebel, superintendente do Seconci-Rio.<\/p>\n\n\n\n<figure class=\"wp-block-gallery has-nested-images columns-default is-cropped wp-block-gallery-1 is-layout-flex wp-block-gallery-is-layout-flex\">\n<figure class=\"wp-block-image size-full\"><img decoding=\"async\" width=\"768\" height=\"512\" data-id=\"16617\" src=\"https:\/\/seconci.com.br\/site\/wp-content\/uploads\/2026\/04\/ChatGPT-Image-20-de-abr.-de-2026-16_47_26-768x512-1.png\" alt=\"\" class=\"wp-image-16617\" srcset=\"https:\/\/seconci.com.br\/site\/wp-content\/uploads\/2026\/04\/ChatGPT-Image-20-de-abr.-de-2026-16_47_26-768x512-1.png 768w, https:\/\/seconci.com.br\/site\/wp-content\/uploads\/2026\/04\/ChatGPT-Image-20-de-abr.-de-2026-16_47_26-768x512-1-300x200.png 300w\" sizes=\"(max-width: 768px) 100vw, 768px\" \/><\/figure>\n<\/figure>\n\n\n\n<p><\/p>\n\n\n\n<p>As a\u00e7\u00f5es foram realizadas por meio do projeto Espera que Transforma e do programa Seconci Presente, com palestras, atividades interativas e a\u00e7\u00f5es educativas na sede e nos canteiros. A mobiliza\u00e7\u00e3o j\u00e1 alcan\u00e7ou centenas de trabalhadores e segue em expans\u00e3o, com apoio \u00e0s empresas por meio de capacita\u00e7\u00f5es e consultorias.<\/p>\n\n\n\n<h3 class=\"wp-block-heading\"><strong>Seconci Manaus<\/strong><\/h3>\n\n\n\n<p>No Seconci Manaus, o Abril Verde contou com uma programa\u00e7\u00e3o especial na sede da entidade e a\u00e7\u00f5es diretas nos canteiros de obras, com foco na preven\u00e7\u00e3o e na promo\u00e7\u00e3o da sa\u00fade do trabalhador. Entre os destaques, est\u00e1 a realiza\u00e7\u00e3o do curso de NR 6, voltado ao uso de Equipamentos de Prote\u00e7\u00e3o Individual, oferecido gratuitamente aos trabalhadores das empresas associadas.<\/p>\n\n\n\n<p>Al\u00e9m das capacita\u00e7\u00f5es, foram promovidas atividades de gin\u00e1stica laboral, orienta\u00e7\u00f5es sobre higiene bucal, preven\u00e7\u00e3o de acidentes, riscos ocupacionais e cuidados com a sa\u00fade mental. As a\u00e7\u00f5es ampliam o cuidado com o trabalhador de forma integral, abordando diferentes dimens\u00f5es da sa\u00fade no ambiente laboral.<\/p>\n\n\n\n<figure class=\"wp-block-gallery has-nested-images columns-default is-cropped wp-block-gallery-2 is-layout-flex wp-block-gallery-is-layout-flex\">\n<figure class=\"wp-block-image size-large\"><img decoding=\"async\" width=\"1024\" height=\"768\" data-id=\"16619\" src=\"https:\/\/seconci.com.br\/site\/wp-content\/uploads\/2026\/04\/WhatsApp-Image-2026-04-30-at-09.04.49-1024x768.jpeg\" alt=\"\" class=\"wp-image-16619\" srcset=\"https:\/\/seconci.com.br\/site\/wp-content\/uploads\/2026\/04\/WhatsApp-Image-2026-04-30-at-09.04.49-1024x768.jpeg 1024w, https:\/\/seconci.com.br\/site\/wp-content\/uploads\/2026\/04\/WhatsApp-Image-2026-04-30-at-09.04.49-300x225.jpeg 300w, https:\/\/seconci.com.br\/site\/wp-content\/uploads\/2026\/04\/WhatsApp-Image-2026-04-30-at-09.04.49-768x576.jpeg 768w, https:\/\/seconci.com.br\/site\/wp-content\/uploads\/2026\/04\/WhatsApp-Image-2026-04-30-at-09.04.49-1536x1152.jpeg 1536w, https:\/\/seconci.com.br\/site\/wp-content\/uploads\/2026\/04\/WhatsApp-Image-2026-04-30-at-09.04.49.jpeg 1600w\" sizes=\"(max-width: 1024px) 100vw, 1024px\" \/><\/figure>\n\n\n\n<figure class=\"wp-block-image size-large\"><img loading=\"lazy\" decoding=\"async\" width=\"966\" height=\"723\" data-id=\"16618\" src=\"https:\/\/seconci.com.br\/site\/wp-content\/uploads\/2026\/04\/WhatsApp-Image-2026-04-29-at-15.47.19.jpeg\" alt=\"\" class=\"wp-image-16618\" srcset=\"https:\/\/seconci.com.br\/site\/wp-content\/uploads\/2026\/04\/WhatsApp-Image-2026-04-29-at-15.47.19.jpeg 966w, https:\/\/seconci.com.br\/site\/wp-content\/uploads\/2026\/04\/WhatsApp-Image-2026-04-29-at-15.47.19-300x225.jpeg 300w, https:\/\/seconci.com.br\/site\/wp-content\/uploads\/2026\/04\/WhatsApp-Image-2026-04-29-at-15.47.19-768x575.jpeg 768w\" sizes=\"(max-width: 966px) 100vw, 966px\" \/><\/figure>\n<\/figure>\n\n\n\n<p>A mobiliza\u00e7\u00e3o alcan\u00e7ou mais de mil trabalhadores ao longo do m\u00eas. Para a superintendente do Seconci Manaus, Alair Paula, a campanha j\u00e1 integra o calend\u00e1rio permanente da institui\u00e7\u00e3o, refor\u00e7ando que o trabalho de preven\u00e7\u00e3o \u00e9 essencial para garantir ambientes mais seguros.<\/p>\n\n\n\n<h3 class=\"wp-block-heading\">Seconcis de Minas Gerais<\/h3>\n\n\n\n<figure class=\"wp-block-gallery has-nested-images columns-default is-cropped wp-block-gallery-3 is-layout-flex wp-block-gallery-is-layout-flex\">\n<figure class=\"wp-block-image size-large\"><img loading=\"lazy\" decoding=\"async\" width=\"1024\" height=\"1018\" data-id=\"16624\" src=\"https:\/\/seconci.com.br\/site\/wp-content\/uploads\/2026\/04\/prote-8-1024x1018.jpeg\" alt=\"\" class=\"wp-image-16624\" srcset=\"https:\/\/seconci.com.br\/site\/wp-content\/uploads\/2026\/04\/prote-8-1024x1018.jpeg 1024w, https:\/\/seconci.com.br\/site\/wp-content\/uploads\/2026\/04\/prote-8-300x298.jpeg 300w, https:\/\/seconci.com.br\/site\/wp-content\/uploads\/2026\/04\/prote-8-150x150.jpeg 150w, https:\/\/seconci.com.br\/site\/wp-content\/uploads\/2026\/04\/prote-8-768x764.jpeg 768w, https:\/\/seconci.com.br\/site\/wp-content\/uploads\/2026\/04\/prote-8.jpeg 1200w\" sizes=\"(max-width: 1024px) 100vw, 1024px\" \/><\/figure>\n\n\n\n<figure class=\"wp-block-image size-large\"><img loading=\"lazy\" decoding=\"async\" width=\"1024\" height=\"699\" data-id=\"16623\" src=\"https:\/\/seconci.com.br\/site\/wp-content\/uploads\/2026\/04\/prote-5-1024x699-1.jpeg\" alt=\"\" class=\"wp-image-16623\" srcset=\"https:\/\/seconci.com.br\/site\/wp-content\/uploads\/2026\/04\/prote-5-1024x699-1.jpeg 1024w, https:\/\/seconci.com.br\/site\/wp-content\/uploads\/2026\/04\/prote-5-1024x699-1-300x205.jpeg 300w, https:\/\/seconci.com.br\/site\/wp-content\/uploads\/2026\/04\/prote-5-1024x699-1-768x524.jpeg 768w\" sizes=\"(max-width: 1024px) 100vw, 1024px\" \/><\/figure>\n\n\n\n<figure class=\"wp-block-image size-large\"><img loading=\"lazy\" decoding=\"async\" width=\"739\" height=\"620\" data-id=\"16626\" src=\"https:\/\/seconci.com.br\/site\/wp-content\/uploads\/2026\/04\/WhatsApp-Image-2026-04-30-at-11.38.26-1.jpeg\" alt=\"\" class=\"wp-image-16626\" srcset=\"https:\/\/seconci.com.br\/site\/wp-content\/uploads\/2026\/04\/WhatsApp-Image-2026-04-30-at-11.38.26-1.jpeg 739w, https:\/\/seconci.com.br\/site\/wp-content\/uploads\/2026\/04\/WhatsApp-Image-2026-04-30-at-11.38.26-1-300x252.jpeg 300w\" sizes=\"(max-width: 739px) 100vw, 739px\" \/><\/figure>\n<\/figure>\n\n\n\n<p>Em Minas Gerais, o Abril Verde foi marcado por uma atua\u00e7\u00e3o integrada entre o Seconci-MG e o Seconci-TAP, com uma agenda estrat\u00e9gica voltada \u00e0 dissemina\u00e7\u00e3o de conhecimento, atualiza\u00e7\u00e3o t\u00e9cnica e fortalecimento da cultura de preven\u00e7\u00e3o no setor da constru\u00e7\u00e3o civil. As a\u00e7\u00f5es contemplaram desde participa\u00e7\u00e3o em grandes eventos at\u00e9 atividades diretas nos canteiros de obras, ampliando o alcance da campanha em diferentes p\u00fablicos.<\/p>\n\n\n\n<p>Como destaque, o Seconci-MG participou da PROTEMINAS 2026, realizada em Belo Horizonte, com palestra sobre as principais atualiza\u00e7\u00f5es normativas em seguran\u00e7a do trabalho, refor\u00e7ando a import\u00e2ncia da capacita\u00e7\u00e3o cont\u00ednua diante das mudan\u00e7as na legisla\u00e7\u00e3o. J\u00e1 o Seconci-TAP esteve presente como apoiador no Semin\u00e1rio T\u00e9cnico de Gest\u00e3o de SST, promovido pelo Instituto Trabalho e Vida de S\u00e3o Paulo, em parceria com o Sinduscon-TAP, no dia 28 de abril, data simb\u00f3lica para a seguran\u00e7a do trabalho.<\/p>\n\n\n\n<p>Al\u00e9m disso, as entidades promoveram palestras nos canteiros de obras, encontros t\u00e9cnicos e atividades internas, levando orienta\u00e7\u00e3o pr\u00e1tica sobre preven\u00e7\u00e3o de acidentes, cumprimento das normas regulamentadoras e cuidados com a sa\u00fade dos trabalhadores. Entre os destaques, o engenheiro de seguran\u00e7a do trabalho M\u00e1rcio Cotrim, do Seconci-TAP, abordou a NR-1 e os riscos psicossociais, tema cada vez mais relevante no contexto da seguran\u00e7a ocupacional. A atua\u00e7\u00e3o conjunta evidencia o compromisso dos Seconcis mineiros com a promo\u00e7\u00e3o de ambientes de trabalho mais seguros, saud\u00e1veis e alinhados \u00e0s novas demandas do setor.<\/p>\n\n\n\n<h3 class=\"wp-block-heading\"><strong>Seconcis do Paran\u00e1<\/strong><\/h3>\n\n\n\n<p>No Paran\u00e1, as a\u00e7\u00f5es do Abril Verde ganharam for\u00e7a por meio de uma mobiliza\u00e7\u00e3o integrada entre Seconci-PR, Seconci-PR Norte e Seconci-PR Noroeste, com foco na preven\u00e7\u00e3o direta nos canteiros de obras e na aproxima\u00e7\u00e3o com trabalhadores e empresas.<\/p>\n\n\n\n<p>As entidades promoveram palestras t\u00e9cnicas nos ambientes de trabalho, levando orienta\u00e7\u00f5es pr\u00e1ticas sobre uso correto de EPIs e EPCs, cumprimento das normas regulamentadoras e redu\u00e7\u00e3o de riscos nas atividades di\u00e1rias. A atua\u00e7\u00e3o conjunta tamb\u00e9m fortaleceu campanhas como a Acidente Zero.<\/p>\n\n\n\n<figure class=\"wp-block-image size-large\"><img loading=\"lazy\" decoding=\"async\" width=\"768\" height=\"1024\" src=\"https:\/\/seconci.com.br\/site\/wp-content\/uploads\/2026\/04\/WhatsApp-Image-2026-04-30-at-10.10.11-1-768x1024.jpeg\" alt=\"\" class=\"wp-image-16621\" srcset=\"https:\/\/seconci.com.br\/site\/wp-content\/uploads\/2026\/04\/WhatsApp-Image-2026-04-30-at-10.10.11-1-768x1024.jpeg 768w, https:\/\/seconci.com.br\/site\/wp-content\/uploads\/2026\/04\/WhatsApp-Image-2026-04-30-at-10.10.11-1-225x300.jpeg 225w, https:\/\/seconci.com.br\/site\/wp-content\/uploads\/2026\/04\/WhatsApp-Image-2026-04-30-at-10.10.11-1.jpeg 1080w\" sizes=\"(max-width: 768px) 100vw, 768px\" \/><\/figure>\n\n\n\n<p>\u201cA cultura da preven\u00e7\u00e3o de acidentes \u00e9 uma diretriz permanente do Seconci PR Norte e, no Abril Verde, essa agenda ganha ainda mais centralidade. A constru\u00e7\u00e3o civil j\u00e1 registra avan\u00e7os relevantes em seguran\u00e7a do trabalho e, por meio de iniciativas coordenadas, seguimos contribuindo para que o setor avance ainda mais\u201d, afirma Mirian Gomes, gerente do Sinduscon PR Norte.<\/p>\n\n\n\n<h3 class=\"wp-block-heading\"><strong>Seconci-ES<\/strong><\/h3>\n\n\n\n<figure class=\"wp-block-image size-large\"><img loading=\"lazy\" decoding=\"async\" width=\"1024\" height=\"285\" src=\"https:\/\/seconci.com.br\/site\/wp-content\/uploads\/2026\/04\/WhatsApp-Image-2026-04-30-at-11.43.09-1024x285.jpeg\" alt=\"\" class=\"wp-image-16627\" srcset=\"https:\/\/seconci.com.br\/site\/wp-content\/uploads\/2026\/04\/WhatsApp-Image-2026-04-30-at-11.43.09-1024x285.jpeg 1024w, https:\/\/seconci.com.br\/site\/wp-content\/uploads\/2026\/04\/WhatsApp-Image-2026-04-30-at-11.43.09-300x84.jpeg 300w, https:\/\/seconci.com.br\/site\/wp-content\/uploads\/2026\/04\/WhatsApp-Image-2026-04-30-at-11.43.09-768x214.jpeg 768w, https:\/\/seconci.com.br\/site\/wp-content\/uploads\/2026\/04\/WhatsApp-Image-2026-04-30-at-11.43.09.jpeg 1433w\" sizes=\"(max-width: 1024px) 100vw, 1024px\" \/><\/figure>\n\n\n\n<p>No Esp\u00edrito Santo, o Seconci-ES refor\u00e7ou sua atua\u00e7\u00e3o com a\u00e7\u00f5es voltadas \u00e0 promo\u00e7\u00e3o da sa\u00fade e \u00e0 preven\u00e7\u00e3o de acidentes nos canteiros de obras.<\/p>\n\n\n\n<p>A institui\u00e7\u00e3o realizou palestras e atendimentos de sa\u00fade, como aferi\u00e7\u00e3o de press\u00e3o arterial e glicose, al\u00e9m de concluir um projeto piloto de atendimentos odontol\u00f3gicos em empresa parceira.<\/p>\n\n\n\n<p>\u201cOs servi\u00e7os prestados tiveram grande import\u00e2ncia para a sa\u00fade dos colaboradores, com feedback extremamente positivo\u201d, destacou Tha\u00eds Santos Avis Reis, t\u00e9cnica de Seguran\u00e7a do Trabalho.<\/p>\n\n\n\n<h3 class=\"wp-block-heading\">Seconci-GO<\/h3>\n\n\n\n<p>Em Goi\u00e1s, o Abril Verde refor\u00e7ou a import\u00e2ncia de um compromisso que deve estar presente durante todo o ano: a sa\u00fade e a seguran\u00e7a no trabalho. Ao longo do m\u00eas, o Seconci-GO levou \u00e0s empresas da constru\u00e7\u00e3o civil palestras e a\u00e7\u00f5es educativas voltadas \u00e0 conscientiza\u00e7\u00e3o e \u00e0 preven\u00e7\u00e3o de acidentes, promovendo informa\u00e7\u00e3o diretamente nos ambientes onde os riscos est\u00e3o presentes.<\/p>\n\n\n\n<p>As atividades proporcionaram momentos de aprendizado, troca de experi\u00eancias e orienta\u00e7\u00e3o pr\u00e1tica para os trabalhadores, contribuindo para a constru\u00e7\u00e3o de rotinas mais seguras e para a melhoria da qualidade de vida nos canteiros de obras. A iniciativa refor\u00e7a o papel do Seconci-GO no fortalecimento da cultura de preven\u00e7\u00e3o no setor, destacando que investir em seguran\u00e7a \u00e9, antes de tudo, cuidar das pessoas.<\/p>\n\n\n\n<figure class=\"wp-block-image aligncenter size-medium\"><img loading=\"lazy\" decoding=\"async\" width=\"246\" height=\"300\" src=\"https:\/\/seconci.com.br\/site\/wp-content\/uploads\/2026\/04\/WhatsApp-Image-2026-04-30-at-11.50.20-246x300.jpeg\" alt=\"\" class=\"wp-image-16629\" srcset=\"https:\/\/seconci.com.br\/site\/wp-content\/uploads\/2026\/04\/WhatsApp-Image-2026-04-30-at-11.50.20-246x300.jpeg 246w, https:\/\/seconci.com.br\/site\/wp-content\/uploads\/2026\/04\/WhatsApp-Image-2026-04-30-at-11.50.20-838x1024.jpeg 838w, https:\/\/seconci.com.br\/site\/wp-content\/uploads\/2026\/04\/WhatsApp-Image-2026-04-30-at-11.50.20-768x938.jpeg 768w, https:\/\/seconci.com.br\/site\/wp-content\/uploads\/2026\/04\/WhatsApp-Image-2026-04-30-at-11.50.20.jpeg 1170w\" sizes=\"(max-width: 246px) 100vw, 246px\" \/><\/figure>\n\n\n\n<p><strong>Seconci-SP<\/strong><\/p>\n\n\n\n<p>No Seconci-SP, o Abril Verde refor\u00e7ou a import\u00e2ncia da constru\u00e7\u00e3o de uma cultura s\u00f3lida de seguran\u00e7a do trabalho, com foco no envolvimento permanente das lideran\u00e7as.<\/p>\n\n\n\n<blockquote class=\"wp-block-quote is-layout-flow wp-block-quote-is-layout-flow\">\n<p>\u201cS\u00f3 h\u00e1 um caminho para a promo\u00e7\u00e3o de ambientes laborais mais seguros, saud\u00e1veis e humanizados: implementar uma cultura de seguran\u00e7a do trabalho na construtora\u201d, afirma Jos\u00e9 Bassili, gerente de SESMT.<\/p>\n<\/blockquote>\n\n\n\n<p>Segundo ele, esse processo exige gest\u00e3o cont\u00ednua, treinamento e comunica\u00e7\u00e3o eficaz. Desafios como rotatividade e cumprimento das normas refor\u00e7am a necessidade de a\u00e7\u00f5es integradas.<\/p>\n\n\n\n<p><strong>Mobiliza\u00e7\u00e3o Nacional  <\/strong><\/p>\n\n\n\n<p>Al\u00e9m dos Seconcis citados acima, Blumenau, Florian\u00f3polis e e Joinville promoveram a Campanha em suas respectivas regi\u00f5es fortalecendo o papel do Seconci na promo\u00e7\u00e3o de ambientes seguros e saud\u00e1veis e reafirmando o compromisso do setor da constru\u00e7\u00e3o com pol\u00edticas e a\u00e7\u00f5es que valorizem a m\u00e3o de obra do setor.<\/p>\n\n\n\n<p><\/p>\n\n\n\n<p><em>                                                 Esta campanha conjunta teve apoio institucional de:<\/em><\/p>\n\n\n\n<figure class=\"wp-block-image aligncenter size-medium\"><img loading=\"lazy\" decoding=\"async\" width=\"300\" height=\"145\" src=\"https:\/\/seconci.com.br\/site\/wp-content\/uploads\/2026\/04\/CANPAT-CONSTRUCAO-2026-300x145.jpg\" alt=\"\" class=\"wp-image-16638\" srcset=\"https:\/\/seconci.com.br\/site\/wp-content\/uploads\/2026\/04\/CANPAT-CONSTRUCAO-2026-300x145.jpg 300w, https:\/\/seconci.com.br\/site\/wp-content\/uploads\/2026\/04\/CANPAT-CONSTRUCAO-2026-1024x495.jpg 1024w, https:\/\/seconci.com.br\/site\/wp-content\/uploads\/2026\/04\/CANPAT-CONSTRUCAO-2026-768x371.jpg 768w, https:\/\/seconci.com.br\/site\/wp-content\/uploads\/2026\/04\/CANPAT-CONSTRUCAO-2026-1536x742.jpg 1536w, https:\/\/seconci.com.br\/site\/wp-content\/uploads\/2026\/04\/CANPAT-CONSTRUCAO-2026-2048x990.jpg 2048w\" sizes=\"(max-width: 300px) 100vw, 300px\" \/><\/figure>\n\n\n\n<p><\/p>\n","protected":false},"excerpt":{"rendered":"<p>Campanha nacional re\u00fane iniciativas nas regionais e tem apoio da CBIC para refor\u00e7ar a cultura de seguran\u00e7a na constru\u00e7\u00e3o civil Jos\u00e9 Albuquerque\/Comunica\u00e7\u00e3o Seconci Brasil Durante todo o m\u00eas de abril, os Seconcis em se mobilizaram em torno do Abril Verde, campanha dedicada \u00e0 conscientiza\u00e7\u00e3o sobre sa\u00fade e seguran\u00e7a no trabalho. Em parceria estrat\u00e9gica com a [&hellip;]<\/p>\n","protected":false},"author":3,"featured_media":16415,"comment_status":"closed","ping_status":"closed","sticky":false,"template":"","format":"standard","meta":{"footnotes":""},"categories":[75,76,92,77,78,86,79,80,81,74,84,82,83,85,87,89,88,1],"tags":[123,116,114,139,113,117],"class_list":["post-16612","post","type-post","status-publish","format-standard","has-post-thumbnail","hentry","category-seconci-anapolis","category-seconci-blumenau","category-seconci-brasil","category-seconci-distrito-federal","category-seconci-espirito-santo","category-seconci-florianopolis","category-seconci-goias","category-seconci-joinville","category-seconci-manaus","category-seconci-minas-gerais","category-seconci-noroeste-pr","category-seconci-parana","category-seconci-parana-norte","category-seconci-rio-de-janeiro","category-seconci-sao-paulo","category-seconci-uberlandia","category-seconci-tocantins","category-uncategorized","tag-abril-verde","tag-campanha-de-alerta","tag-construcao-civil","tag-responsabilidade-social","tag-seconci","tag-seguranca-do-trabalho"],"yoast_head":"<!-- This site is optimized with the Yoast SEO plugin v26.9 - https:\/\/yoast.com\/product\/yoast-seo-wordpress\/ -->\n<title>Abril Verde mobiliza todos os Seconcis na promo\u00e7\u00e3o da seguran\u00e7a e sa\u00fade do trabalho - Seconci Brasil<\/title>\n<meta name=\"robots\" content=\"index, follow, max-snippet:-1, max-image-preview:large, max-video-preview:-1\" \/>\n<link rel=\"canonical\" href=\"https:\/\/seconci.com.br\/site\/2026\/04\/30\/abril-verde-mobiliza-seconci-pelo-brasil\/\" \/>\n<meta property=\"og:locale\" content=\"pt_PT\" \/>\n<meta property=\"og:type\" content=\"article\" \/>\n<meta property=\"og:title\" content=\"Abril Verde mobiliza todos os Seconcis na promo\u00e7\u00e3o da seguran\u00e7a e sa\u00fade do trabalho - Seconci Brasil\" \/>\n<meta property=\"og:description\" content=\"Campanha nacional re\u00fane iniciativas nas regionais e tem apoio da CBIC para refor\u00e7ar a cultura de seguran\u00e7a na constru\u00e7\u00e3o civil Jos\u00e9 Albuquerque\/Comunica\u00e7\u00e3o Seconci Brasil Durante todo o m\u00eas de abril, os Seconcis em se mobilizaram em torno do Abril Verde, campanha dedicada \u00e0 conscientiza\u00e7\u00e3o sobre sa\u00fade e seguran\u00e7a no trabalho. Em parceria estrat\u00e9gica com a [&hellip;]\" \/>\n<meta property=\"og:url\" content=\"https:\/\/seconci.com.br\/site\/2026\/04\/30\/abril-verde-mobiliza-seconci-pelo-brasil\/\" \/>\n<meta property=\"og:site_name\" content=\"Seconci Brasil\" \/>\n<meta property=\"article:published_time\" content=\"2026-04-30T15:08:43+00:00\" \/>\n<meta property=\"article:modified_time\" content=\"2026-04-30T19:05:53+00:00\" \/>\n<meta property=\"og:image\" content=\"https:\/\/seconci.com.br\/site\/wp-content\/uploads\/2026\/04\/capa-br-1-scaled.jpg\" \/>\n\t<meta property=\"og:image:width\" content=\"2560\" \/>\n\t<meta property=\"og:image:height\" content=\"1040\" \/>\n\t<meta property=\"og:image:type\" content=\"image\/jpeg\" \/>\n<meta name=\"author\" content=\"Sidney Rocha\" \/>\n<meta name=\"twitter:card\" content=\"summary_large_image\" \/>\n<meta name=\"twitter:label1\" content=\"Escrito por\" \/>\n\t<meta name=\"twitter:data1\" content=\"Sidney Rocha\" \/>\n\t<meta name=\"twitter:label2\" content=\"Tempo estimado de leitura\" \/>\n\t<meta name=\"twitter:data2\" content=\"12 minutos\" \/>\n<script type=\"application\/ld+json\" class=\"yoast-schema-graph\">{\"@context\":\"https:\/\/schema.org\",\"@graph\":[{\"@type\":\"Article\",\"@id\":\"https:\/\/seconci.com.br\/site\/2026\/04\/30\/abril-verde-mobiliza-seconci-pelo-brasil\/#article\",\"isPartOf\":{\"@id\":\"https:\/\/seconci.com.br\/site\/2026\/04\/30\/abril-verde-mobiliza-seconci-pelo-brasil\/\"},\"author\":{\"name\":\"Sidney Rocha\",\"@id\":\"https:\/\/seconci.com.br\/site\/#\/schema\/person\/1d79afd97ddc8f2c68c1e88e298aa8e2\"},\"headline\":\"Abril Verde mobiliza todos os Seconcis na promo\u00e7\u00e3o da seguran\u00e7a e sa\u00fade do trabalho\",\"datePublished\":\"2026-04-30T15:08:43+00:00\",\"dateModified\":\"2026-04-30T19:05:53+00:00\",\"mainEntityOfPage\":{\"@id\":\"https:\/\/seconci.com.br\/site\/2026\/04\/30\/abril-verde-mobiliza-seconci-pelo-brasil\/\"},\"wordCount\":1985,\"publisher\":{\"@id\":\"https:\/\/seconci.com.br\/site\/#organization\"},\"image\":{\"@id\":\"https:\/\/seconci.com.br\/site\/2026\/04\/30\/abril-verde-mobiliza-seconci-pelo-brasil\/#primaryimage\"},\"thumbnailUrl\":\"https:\/\/seconci.com.br\/site\/wp-content\/uploads\/2026\/04\/capa-br-1-scaled.jpg\",\"keywords\":[\"Abril verde\",\"Campanha de Alerta\",\"Constru\u00e7\u00e3o Civil\",\"Responsabilidade Social\",\"Seconci\",\"Seguran\u00e7a do Trabalho\"],\"articleSection\":[\"Seconci An\u00e1polis\",\"Seconci Blumenau\",\"Seconci Brasil\",\"Seconci Distrito Federal\",\"Seconci Esp\u00edrito Santo\",\"Seconci Florian\u00f3polis\",\"Seconci Goi\u00e1s\",\"Seconci Joinville\",\"Seconci Manaus\",\"Seconci Minas Gerais\",\"Seconci Noroeste\/PR\",\"Seconci Paran\u00e1\",\"Seconci Paran\u00e1 Norte\",\"Seconci Rio de Janeiro\",\"Seconci S\u00e3o Paulo\",\"Seconci TAP\",\"Seconci Tocantins\",\"Uncategorized\"],\"inLanguage\":\"pt-PT\"},{\"@type\":\"WebPage\",\"@id\":\"https:\/\/seconci.com.br\/site\/2026\/04\/30\/abril-verde-mobiliza-seconci-pelo-brasil\/\",\"url\":\"https:\/\/seconci.com.br\/site\/2026\/04\/30\/abril-verde-mobiliza-seconci-pelo-brasil\/\",\"name\":\"Abril Verde mobiliza todos os Seconcis na promo\u00e7\u00e3o da seguran\u00e7a e sa\u00fade do trabalho - Seconci Brasil\",\"isPartOf\":{\"@id\":\"https:\/\/seconci.com.br\/site\/#website\"},\"primaryImageOfPage\":{\"@id\":\"https:\/\/seconci.com.br\/site\/2026\/04\/30\/abril-verde-mobiliza-seconci-pelo-brasil\/#primaryimage\"},\"image\":{\"@id\":\"https:\/\/seconci.com.br\/site\/2026\/04\/30\/abril-verde-mobiliza-seconci-pelo-brasil\/#primaryimage\"},\"thumbnailUrl\":\"https:\/\/seconci.com.br\/site\/wp-content\/uploads\/2026\/04\/capa-br-1-scaled.jpg\",\"datePublished\":\"2026-04-30T15:08:43+00:00\",\"dateModified\":\"2026-04-30T19:05:53+00:00\",\"breadcrumb\":{\"@id\":\"https:\/\/seconci.com.br\/site\/2026\/04\/30\/abril-verde-mobiliza-seconci-pelo-brasil\/#breadcrumb\"},\"inLanguage\":\"pt-PT\",\"potentialAction\":[{\"@type\":\"ReadAction\",\"target\":[\"https:\/\/seconci.com.br\/site\/2026\/04\/30\/abril-verde-mobiliza-seconci-pelo-brasil\/\"]}]},{\"@type\":\"ImageObject\",\"inLanguage\":\"pt-PT\",\"@id\":\"https:\/\/seconci.com.br\/site\/2026\/04\/30\/abril-verde-mobiliza-seconci-pelo-brasil\/#primaryimage\",\"url\":\"https:\/\/seconci.com.br\/site\/wp-content\/uploads\/2026\/04\/capa-br-1-scaled.jpg\",\"contentUrl\":\"https:\/\/seconci.com.br\/site\/wp-content\/uploads\/2026\/04\/capa-br-1-scaled.jpg\",\"width\":2560,\"height\":1040},{\"@type\":\"BreadcrumbList\",\"@id\":\"https:\/\/seconci.com.br\/site\/2026\/04\/30\/abril-verde-mobiliza-seconci-pelo-brasil\/#breadcrumb\",\"itemListElement\":[{\"@type\":\"ListItem\",\"position\":1,\"name\":\"In\u00edcio\",\"item\":\"https:\/\/seconci.com.br\/site\/\"},{\"@type\":\"ListItem\",\"position\":2,\"name\":\"Abril Verde mobiliza todos os Seconcis na promo\u00e7\u00e3o da seguran\u00e7a e sa\u00fade do trabalho\"}]},{\"@type\":\"WebSite\",\"@id\":\"https:\/\/seconci.com.br\/site\/#website\",\"url\":\"https:\/\/seconci.com.br\/site\/\",\"name\":\"Seconci Brasil\",\"description\":\"\",\"publisher\":{\"@id\":\"https:\/\/seconci.com.br\/site\/#organization\"},\"potentialAction\":[{\"@type\":\"SearchAction\",\"target\":{\"@type\":\"EntryPoint\",\"urlTemplate\":\"https:\/\/seconci.com.br\/site\/?s={search_term_string}\"},\"query-input\":{\"@type\":\"PropertyValueSpecification\",\"valueRequired\":true,\"valueName\":\"search_term_string\"}}],\"inLanguage\":\"pt-PT\"},{\"@type\":\"Organization\",\"@id\":\"https:\/\/seconci.com.br\/site\/#organization\",\"name\":\"Seconci Brasil\",\"url\":\"https:\/\/seconci.com.br\/site\/\",\"logo\":{\"@type\":\"ImageObject\",\"inLanguage\":\"pt-PT\",\"@id\":\"https:\/\/seconci.com.br\/site\/#\/schema\/logo\/image\/\",\"url\":\"https:\/\/seconci.com.br\/site\/wp-content\/uploads\/2024\/08\/Logo-Seconci-Brasil-branca-2.png\",\"contentUrl\":\"https:\/\/seconci.com.br\/site\/wp-content\/uploads\/2024\/08\/Logo-Seconci-Brasil-branca-2.png\",\"width\":1315,\"height\":598,\"caption\":\"Seconci Brasil\"},\"image\":{\"@id\":\"https:\/\/seconci.com.br\/site\/#\/schema\/logo\/image\/\"}},{\"@type\":\"Person\",\"@id\":\"https:\/\/seconci.com.br\/site\/#\/schema\/person\/1d79afd97ddc8f2c68c1e88e298aa8e2\",\"name\":\"Sidney Rocha\",\"description\":\"Comunicador e estagi\u00e1rio do Seconci Brasil.\",\"url\":\"https:\/\/seconci.com.br\/site\/author\/sidney-rocha\/\"}]}<\/script>\n<!-- \/ Yoast SEO plugin. -->","yoast_head_json":{"title":"Abril Verde mobiliza todos os Seconcis na promo\u00e7\u00e3o da seguran\u00e7a e sa\u00fade do trabalho - Seconci Brasil","robots":{"index":"index","follow":"follow","max-snippet":"max-snippet:-1","max-image-preview":"max-image-preview:large","max-video-preview":"max-video-preview:-1"},"canonical":"https:\/\/seconci.com.br\/site\/2026\/04\/30\/abril-verde-mobiliza-seconci-pelo-brasil\/","og_locale":"pt_PT","og_type":"article","og_title":"Abril Verde mobiliza todos os Seconcis na promo\u00e7\u00e3o da seguran\u00e7a e sa\u00fade do trabalho - Seconci Brasil","og_description":"Campanha nacional re\u00fane iniciativas nas regionais e tem apoio da CBIC para refor\u00e7ar a cultura de seguran\u00e7a na constru\u00e7\u00e3o civil Jos\u00e9 Albuquerque\/Comunica\u00e7\u00e3o Seconci Brasil Durante todo o m\u00eas de abril, os Seconcis em se mobilizaram em torno do Abril Verde, campanha dedicada \u00e0 conscientiza\u00e7\u00e3o sobre sa\u00fade e seguran\u00e7a no trabalho. Em parceria estrat\u00e9gica com a [&hellip;]","og_url":"https:\/\/seconci.com.br\/site\/2026\/04\/30\/abril-verde-mobiliza-seconci-pelo-brasil\/","og_site_name":"Seconci Brasil","article_published_time":"2026-04-30T15:08:43+00:00","article_modified_time":"2026-04-30T19:05:53+00:00","og_image":[{"width":2560,"height":1040,"url":"https:\/\/seconci.com.br\/site\/wp-content\/uploads\/2026\/04\/capa-br-1-scaled.jpg","type":"image\/jpeg"}],"author":"Sidney Rocha","twitter_card":"summary_large_image","twitter_misc":{"Escrito por":"Sidney Rocha","Tempo estimado de leitura":"12 minutos"},"schema":{"@context":"https:\/\/schema.org","@graph":[{"@type":"Article","@id":"https:\/\/seconci.com.br\/site\/2026\/04\/30\/abril-verde-mobiliza-seconci-pelo-brasil\/#article","isPartOf":{"@id":"https:\/\/seconci.com.br\/site\/2026\/04\/30\/abril-verde-mobiliza-seconci-pelo-brasil\/"},"author":{"name":"Sidney Rocha","@id":"https:\/\/seconci.com.br\/site\/#\/schema\/person\/1d79afd97ddc8f2c68c1e88e298aa8e2"},"headline":"Abril Verde mobiliza todos os Seconcis na promo\u00e7\u00e3o da seguran\u00e7a e sa\u00fade do trabalho","datePublished":"2026-04-30T15:08:43+00:00","dateModified":"2026-04-30T19:05:53+00:00","mainEntityOfPage":{"@id":"https:\/\/seconci.com.br\/site\/2026\/04\/30\/abril-verde-mobiliza-seconci-pelo-brasil\/"},"wordCount":1985,"publisher":{"@id":"https:\/\/seconci.com.br\/site\/#organization"},"image":{"@id":"https:\/\/seconci.com.br\/site\/2026\/04\/30\/abril-verde-mobiliza-seconci-pelo-brasil\/#primaryimage"},"thumbnailUrl":"https:\/\/seconci.com.br\/site\/wp-content\/uploads\/2026\/04\/capa-br-1-scaled.jpg","keywords":["Abril verde","Campanha de Alerta","Constru\u00e7\u00e3o Civil","Responsabilidade Social","Seconci","Seguran\u00e7a do Trabalho"],"articleSection":["Seconci An\u00e1polis","Seconci Blumenau","Seconci Brasil","Seconci Distrito Federal","Seconci Esp\u00edrito Santo","Seconci Florian\u00f3polis","Seconci Goi\u00e1s","Seconci Joinville","Seconci Manaus","Seconci Minas Gerais","Seconci Noroeste\/PR","Seconci Paran\u00e1","Seconci Paran\u00e1 Norte","Seconci Rio de Janeiro","Seconci S\u00e3o Paulo","Seconci TAP","Seconci Tocantins","Uncategorized"],"inLanguage":"pt-PT"},{"@type":"WebPage","@id":"https:\/\/seconci.com.br\/site\/2026\/04\/30\/abril-verde-mobiliza-seconci-pelo-brasil\/","url":"https:\/\/seconci.com.br\/site\/2026\/04\/30\/abril-verde-mobiliza-seconci-pelo-brasil\/","name":"Abril Verde mobiliza todos os Seconcis na promo\u00e7\u00e3o da seguran\u00e7a e sa\u00fade do trabalho - Seconci Brasil","isPartOf":{"@id":"https:\/\/seconci.com.br\/site\/#website"},"primaryImageOfPage":{"@id":"https:\/\/seconci.com.br\/site\/2026\/04\/30\/abril-verde-mobiliza-seconci-pelo-brasil\/#primaryimage"},"image":{"@id":"https:\/\/seconci.com.br\/site\/2026\/04\/30\/abril-verde-mobiliza-seconci-pelo-brasil\/#primaryimage"},"thumbnailUrl":"https:\/\/seconci.com.br\/site\/wp-content\/uploads\/2026\/04\/capa-br-1-scaled.jpg","datePublished":"2026-04-30T15:08:43+00:00","dateModified":"2026-04-30T19:05:53+00:00","breadcrumb":{"@id":"https:\/\/seconci.com.br\/site\/2026\/04\/30\/abril-verde-mobiliza-seconci-pelo-brasil\/#breadcrumb"},"inLanguage":"pt-PT","potentialAction":[{"@type":"ReadAction","target":["https:\/\/seconci.com.br\/site\/2026\/04\/30\/abril-verde-mobiliza-seconci-pelo-brasil\/"]}]},{"@type":"ImageObject","inLanguage":"pt-PT","@id":"https:\/\/seconci.com.br\/site\/2026\/04\/30\/abril-verde-mobiliza-seconci-pelo-brasil\/#primaryimage","url":"https:\/\/seconci.com.br\/site\/wp-content\/uploads\/2026\/04\/capa-br-1-scaled.jpg","contentUrl":"https:\/\/seconci.com.br\/site\/wp-content\/uploads\/2026\/04\/capa-br-1-scaled.jpg","width":2560,"height":1040},{"@type":"BreadcrumbList","@id":"https:\/\/seconci.com.br\/site\/2026\/04\/30\/abril-verde-mobiliza-seconci-pelo-brasil\/#breadcrumb","itemListElement":[{"@type":"ListItem","position":1,"name":"In\u00edcio","item":"https:\/\/seconci.com.br\/site\/"},{"@type":"ListItem","position":2,"name":"Abril Verde mobiliza todos os Seconcis na promo\u00e7\u00e3o da seguran\u00e7a e sa\u00fade do trabalho"}]},{"@type":"WebSite","@id":"https:\/\/seconci.com.br\/site\/#website","url":"https:\/\/seconci.com.br\/site\/","name":"Seconci Brasil","description":"","publisher":{"@id":"https:\/\/seconci.com.br\/site\/#organization"},"potentialAction":[{"@type":"SearchAction","target":{"@type":"EntryPoint","urlTemplate":"https:\/\/seconci.com.br\/site\/?s={search_term_string}"},"query-input":{"@type":"PropertyValueSpecification","valueRequired":true,"valueName":"search_term_string"}}],"inLanguage":"pt-PT"},{"@type":"Organization","@id":"https:\/\/seconci.com.br\/site\/#organization","name":"Seconci Brasil","url":"https:\/\/seconci.com.br\/site\/","logo":{"@type":"ImageObject","inLanguage":"pt-PT","@id":"https:\/\/seconci.com.br\/site\/#\/schema\/logo\/image\/","url":"https:\/\/seconci.com.br\/site\/wp-content\/uploads\/2024\/08\/Logo-Seconci-Brasil-branca-2.png","contentUrl":"https:\/\/seconci.com.br\/site\/wp-content\/uploads\/2024\/08\/Logo-Seconci-Brasil-branca-2.png","width":1315,"height":598,"caption":"Seconci Brasil"},"image":{"@id":"https:\/\/seconci.com.br\/site\/#\/schema\/logo\/image\/"}},{"@type":"Person","@id":"https:\/\/seconci.com.br\/site\/#\/schema\/person\/1d79afd97ddc8f2c68c1e88e298aa8e2","name":"Sidney Rocha","description":"Comunicador e estagi\u00e1rio do Seconci Brasil.","url":"https:\/\/seconci.com.br\/site\/author\/sidney-rocha\/"}]}},"_links":{"self":[{"href":"https:\/\/seconci.com.br\/site\/wp-json\/wp\/v2\/posts\/16612","targetHints":{"allow":["GET"]}}],"collection":[{"href":"https:\/\/seconci.com.br\/site\/wp-json\/wp\/v2\/posts"}],"about":[{"href":"https:\/\/seconci.com.br\/site\/wp-json\/wp\/v2\/types\/post"}],"author":[{"embeddable":true,"href":"https:\/\/seconci.com.br\/site\/wp-json\/wp\/v2\/users\/3"}],"replies":[{"embeddable":true,"href":"https:\/\/seconci.com.br\/site\/wp-json\/wp\/v2\/comments?post=16612"}],"version-history":[{"count":8,"href":"https:\/\/seconci.com.br\/site\/wp-json\/wp\/v2\/posts\/16612\/revisions"}],"predecessor-version":[{"id":16640,"href":"https:\/\/seconci.com.br\/site\/wp-json\/wp\/v2\/posts\/16612\/revisions\/16640"}],"wp:featuredmedia":[{"embeddable":true,"href":"https:\/\/seconci.com.br\/site\/wp-json\/wp\/v2\/media\/16415"}],"wp:attachment":[{"href":"https:\/\/seconci.com.br\/site\/wp-json\/wp\/v2\/media?parent=16612"}],"wp:term":[{"taxonomy":"category","embeddable":true,"href":"https:\/\/seconci.com.br\/site\/wp-json\/wp\/v2\/categories?post=16612"},{"taxonomy":"post_tag","embeddable":true,"href":"https:\/\/seconci.com.br\/site\/wp-json\/wp\/v2\/tags?post=16612"}],"curies":[{"name":"wp","href":"https:\/\/api.w.org\/{rel}","templated":true}]}}