{"id":7585,"date":"2018-09-12T12:46:03","date_gmt":"2018-09-12T12:46:03","guid":{"rendered":"https:\/\/seconci.com.br\/site\/?p=7585"},"modified":"2018-09-12T15:41:46","modified_gmt":"2018-09-12T15:41:46","slug":"sinduscon-df-recebe-cinco-melhores-colocados-ao-gdf-na-proxima-terca-dia-18","status":"publish","type":"post","link":"https:\/\/seconci.com.br\/site\/2018\/09\/12\/sinduscon-df-recebe-cinco-melhores-colocados-ao-gdf-na-proxima-terca-dia-18\/","title":{"rendered":"Sinduscon-DF recebe cinco melhores colocados ao GDF na pr\u00f3xima ter\u00e7a, dia 18"},"content":{"rendered":"<p>Organiza\u00e7\u00e3o do evento considera pesquisa Datafolha e ir\u00e1 contar com a presen\u00e7a de Eliana Pedrosa, Rodrigo Rollemberg, Alberto Fraga, Rog\u00e9rio Rosso e Ibaneis Rocha<\/p>\n<p style=\"text-align: justify;\"><strong>Luciane Improta<\/strong><br \/>\n<em>Assessoria de Comunica\u00e7\u00e3o Social do Sinduscon-DF<\/em><\/p>\n<p style=\"text-align: justify;\">Na pr\u00f3xima ter\u00e7a-feira, dia 18 de setembro, o Sinduscon-DF realiza o Encontro com Candidatos ao Governo do Distrito Federal: Compromisso com a constru\u00e7\u00e3o civil &#8211; Elei\u00e7\u00f5es 2018. A Comiss\u00e3o Organizadora convidou os cinco melhores colocados, conforme pesquisa Datafolha, publicada em 6 de setembro, atendendo \u00e0s regras do regulamento do evento. S\u00e3o eles, nesta ordem: Eliana Pedrosa (Pros), Rodrigo Rollemberg (PSB), Alberto Fraga (DEM), Rog\u00e9rio Rosso (PSD) e Ibaneis Rocha (MDB).<\/p>\n<p style=\"text-align: justify;\">O regulamento afirma que ser\u00e3o \u201cconvidados a expor seus programas de governo, com foco no setor da constru\u00e7\u00e3o civil, e responder as perguntas do p\u00fablico presente os (as) candidatos (as) a governador pelo Distrito Federal, de cada representa\u00e7\u00e3o pol\u00edtica e\/ou coliga\u00e7\u00e3o pol\u00edtica, que apresentem classifica\u00e7\u00e3o at\u00e9 a 5\u00aa posi\u00e7\u00e3o nas inten\u00e7\u00f5es de voto do eleitorado mais recente, de acordo com pesquisa realizada seja pelo jornal Correio Braziliense, Ibope ou Datafolha, publicada at\u00e9 o dia 11 de setembro.\u201d<\/p>\n<p style=\"text-align: justify;\">A pesquisa mais recente, e que est\u00e1 registrada no Tribunal Superior Eleitoral (TSE), \u00e9 a Datafolha, publicada em 6 de setembro de 2018. Esta, portanto, foi o referencial considerado pela Comiss\u00e3o Organizadora.<\/p>\n<p style=\"text-align: justify;\">O regulamento diz, ainda, que poder\u00e1 \u201cser convidado o 6\u00ba colocado, caso a diferen\u00e7a para o 5\u00ba colocado esteja dentro da margem de erro da pesquisa de refer\u00eancia e o (a) candidato (a) tenha alcan\u00e7ado o percentual m\u00ednimo de 5% das inten\u00e7\u00f5es de voto\u201d. Como os crit\u00e9rios n\u00e3o foram alcan\u00e7ados, a Comiss\u00e3o Organizadora limitou-se a convidar apenas cinco candidatos.<\/p>\n<p style=\"text-align: justify;\">O evento Encontro com Candidatos ao Governo do Distrito Federal: Compromisso com a constru\u00e7\u00e3o civil &#8211; Elei\u00e7\u00f5es 2018 acontece na pr\u00f3xima ter\u00e7a-feira, dia 18 de setembro, a partir das 13h30, no audit\u00f3rio do Sinduscon-DF, localizado no SIA Trecho 2\/3 Lote 1.125 &#8211; 3\u00ba andar.<\/p>\n<p style=\"text-align: justify;\">A ordem de participa\u00e7\u00e3o dos candidatos ser\u00e1 sorteada nesta quarta-feira, dia 12 de setembro, \u00e0s 14h, na Sala de Reuni\u00f5es do Sinduscon-DF, junto aos assessores e coordenadores de campanha de cada candidato.<\/p>\n<p style=\"text-align: justify;\"><strong>Sobre o evento<\/strong><\/p>\n<p style=\"text-align: justify;\">Tradicionalmente, a cada elei\u00e7\u00e3o, as entidades da constru\u00e7\u00e3o civil re\u00fanem-se para apresentar sua pauta de reivindica\u00e7\u00f5es aos candidatos ao Governo do Distrito Federal, em evento organizado pelo Sindicato da Ind\u00fastria da Constru\u00e7\u00e3o Civil (Sinduscon-DF), entidade que oficialmente representa o segmento.<\/p>\n<p style=\"text-align: justify;\">\u201cA constru\u00e7\u00e3o civil \u00e9 o principal setor que movimenta a economia. Quando ela vai bem, a economia vai bem, mas o contr\u00e1rio tamb\u00e9m acontece. Portanto, \u00e9 fundamental que tenhamos uma retomada das obras p\u00fablicas em nossa capital, permitindo o acesso da popula\u00e7\u00e3o a novas creches, hospitais, escolas, pontes e viadutos, que ir\u00e3o proporcionar melhor qualidade de vida \u00e0 popula\u00e7\u00e3o\u201d, explica o presidente do Sinduscon-DF, Jo\u00e3o Carlos Pimenta.<\/p>\n<p style=\"text-align: justify;\">Pimenta refor\u00e7a que, da mesma forma, o sonho da casa pr\u00f3pria merece aten\u00e7\u00e3o especial do governo, realizando investimentos de infraestrutura nos novos bairros e fortalecendo o mercado imobili\u00e1rio local. \u201c\u00c9 fundamental que se diminua a burocracia na aprova\u00e7\u00e3o de projetos e que as emiss\u00f5es das Cartas de Habite-se aconte\u00e7am com mais rapidez\u201d, defende.<\/p>\n<p style=\"text-align: justify;\">No DF, o setor j\u00e1 alcan\u00e7ou a marca de 90 mil trabalhadores com carteira assinada. Hoje, os dados apontam para 26 mil pessoas na formalidade, de acordo com a Pesquisa de Emprego e Desemprego (PED). Vale a ressalva de que a ind\u00fastria contribui com 5,4% no PIB do DF e a constru\u00e7\u00e3o civil \u00e9 seu maior componente, com 55%. Isso equivale a R$ 5,4 bilh\u00f5es. \u201cInvestir na constru\u00e7\u00e3o civil \u00e9 trazer o que popula\u00e7\u00e3o mais precisa neste momento: emprego\u201d, conclui Pimenta.<\/p>\n<p style=\"text-align: justify;\">O evento conta com o apoio da Federa\u00e7\u00e3o das Ind\u00fastrias do Distrito Federal (Fibra); em parceria com a Associa\u00e7\u00e3o de Empresas do Mercado Imobili\u00e1rio (Ademi-DF); Associa\u00e7\u00e3o Brasiliense de Construtores (Asbraco); Clube de Engenharia de Bras\u00edlia (Cenb); Servi\u00e7o Social da Ind\u00fastria da Constru\u00e7\u00e3o Civil (Seconci-DF); Conselho Regional de Engenharia e Agronomia (Crea-DF) Conselho de Arquitetura e Urbanismo (CAU-DF); Sindicato dos Engenheiros (Senge-DF); Sindicato dos Trabalhadores nas Ind\u00fastrias da Constru\u00e7\u00e3o e Mobili\u00e1rio de Bras\u00edlia e Entorno (Sticombe); e Conselho de Desenvolvimento Econ\u00f4mico, Sustent\u00e1vel e Estrat\u00e9gico (Codese-DF).<\/p>\n<p style=\"text-align: justify;\"><strong>Conhe\u00e7a o Sinduscon-DF<\/strong><\/p>\n<p style=\"text-align: justify;\">O Sindicato da Ind\u00fastria da Constru\u00e7\u00e3o Civil (Sinduscon-DF) \u00e9 a entidade que oficialmente representa o setor organizado no Distrito Federal. Hoje, congrega mais de 330 empresas associadas. A ind\u00fastria contribui com 5,4% no PIB do DF e a constru\u00e7\u00e3o civil \u00e9 seu maior componente, com 55%. Isso equivale a R$ 5,4 bilh\u00f5es. No DF, j\u00e1 alcan\u00e7amos a marca de 90 mil trabalhadores com carteira assinada. Em 54 anos de exist\u00eancia, o Sinduscon-DF atua em parceria com o Seconci-DF, bra\u00e7o social da constru\u00e7\u00e3o civil. J\u00e1 s\u00e3o mais de 4 milh\u00f5es de atendimentos aos trabalhadores do setor, nos campos de Educa\u00e7\u00e3o, Medicina, Odontologia, Seguran\u00e7a no Trabalho e Servi\u00e7o Social.<\/p>\n","protected":false},"excerpt":{"rendered":"<p>Organiza\u00e7\u00e3o do evento considera pesquisa Datafolha e ir\u00e1 contar com a presen\u00e7a de Eliana Pedrosa, Rodrigo Rollemberg, Alberto Fraga, Rog\u00e9rio Rosso e Ibaneis Rocha Luciane Improta Assessoria de Comunica\u00e7\u00e3o Social do Sinduscon-DF Na pr\u00f3xima ter\u00e7a-feira, dia 18 de setembro, o Sinduscon-DF realiza o Encontro com Candidatos ao Governo do Distrito Federal: Compromisso com a constru\u00e7\u00e3o [&hellip;]<\/p>\n","protected":false},"author":3,"featured_media":7586,"comment_status":"closed","ping_status":"closed","sticky":false,"template":"","format":"standard","meta":{"footnotes":""},"categories":[92],"tags":[],"class_list":["post-7585","post","type-post","status-publish","format-standard","has-post-thumbnail","hentry","category-seconci-brasil"],"yoast_head":"<!-- This site is optimized with the Yoast SEO plugin v26.9 - https:\/\/yoast.com\/product\/yoast-seo-wordpress\/ -->\n<title>Sinduscon-DF recebe cinco melhores colocados ao GDF na pr\u00f3xima ter\u00e7a, dia 18 - Seconci Brasil<\/title>\n<meta name=\"robots\" content=\"index, follow, max-snippet:-1, max-image-preview:large, max-video-preview:-1\" \/>\n<link rel=\"canonical\" href=\"https:\/\/seconci.com.br\/site\/2018\/09\/12\/sinduscon-df-recebe-cinco-melhores-colocados-ao-gdf-na-proxima-terca-dia-18\/\" \/>\n<meta property=\"og:locale\" content=\"pt_PT\" \/>\n<meta property=\"og:type\" content=\"article\" \/>\n<meta property=\"og:title\" content=\"Sinduscon-DF recebe cinco melhores colocados ao GDF na pr\u00f3xima ter\u00e7a, dia 18 - Seconci Brasil\" \/>\n<meta property=\"og:description\" content=\"Organiza\u00e7\u00e3o do evento considera pesquisa Datafolha e ir\u00e1 contar com a presen\u00e7a de Eliana Pedrosa, Rodrigo Rollemberg, Alberto Fraga, Rog\u00e9rio Rosso e Ibaneis Rocha Luciane Improta Assessoria de Comunica\u00e7\u00e3o Social do Sinduscon-DF Na pr\u00f3xima ter\u00e7a-feira, dia 18 de setembro, o Sinduscon-DF realiza o Encontro com Candidatos ao Governo do Distrito Federal: Compromisso com a constru\u00e7\u00e3o [&hellip;]\" \/>\n<meta property=\"og:url\" content=\"https:\/\/seconci.com.br\/site\/2018\/09\/12\/sinduscon-df-recebe-cinco-melhores-colocados-ao-gdf-na-proxima-terca-dia-18\/\" \/>\n<meta property=\"og:site_name\" content=\"Seconci Brasil\" \/>\n<meta property=\"article:published_time\" content=\"2018-09-12T12:46:03+00:00\" \/>\n<meta property=\"article:modified_time\" content=\"2018-09-12T15:41:46+00:00\" \/>\n<meta property=\"og:image\" content=\"https:\/\/seconci.com.br\/site\/wp-content\/uploads\/2018\/09\/candidatos.jpg\" \/>\n\t<meta property=\"og:image:width\" content=\"1\" \/>\n\t<meta property=\"og:image:height\" content=\"1\" \/>\n\t<meta property=\"og:image:type\" content=\"image\/jpeg\" \/>\n<meta name=\"author\" content=\"Sidney Rocha\" \/>\n<meta name=\"twitter:card\" content=\"summary_large_image\" \/>\n<meta name=\"twitter:label1\" content=\"Escrito por\" \/>\n\t<meta name=\"twitter:data1\" content=\"Sidney Rocha\" \/>\n\t<meta name=\"twitter:label2\" content=\"Tempo estimado de leitura\" \/>\n\t<meta name=\"twitter:data2\" content=\"4 minutos\" \/>\n<script type=\"application\/ld+json\" class=\"yoast-schema-graph\">{\"@context\":\"https:\/\/schema.org\",\"@graph\":[{\"@type\":\"Article\",\"@id\":\"https:\/\/seconci.com.br\/site\/2018\/09\/12\/sinduscon-df-recebe-cinco-melhores-colocados-ao-gdf-na-proxima-terca-dia-18\/#article\",\"isPartOf\":{\"@id\":\"https:\/\/seconci.com.br\/site\/2018\/09\/12\/sinduscon-df-recebe-cinco-melhores-colocados-ao-gdf-na-proxima-terca-dia-18\/\"},\"author\":{\"name\":\"Sidney Rocha\",\"@id\":\"https:\/\/seconci.com.br\/site\/#\/schema\/person\/1d79afd97ddc8f2c68c1e88e298aa8e2\"},\"headline\":\"Sinduscon-DF recebe cinco melhores colocados ao GDF na pr\u00f3xima ter\u00e7a, dia 18\",\"datePublished\":\"2018-09-12T12:46:03+00:00\",\"dateModified\":\"2018-09-12T15:41:46+00:00\",\"mainEntityOfPage\":{\"@id\":\"https:\/\/seconci.com.br\/site\/2018\/09\/12\/sinduscon-df-recebe-cinco-melhores-colocados-ao-gdf-na-proxima-terca-dia-18\/\"},\"wordCount\":857,\"publisher\":{\"@id\":\"https:\/\/seconci.com.br\/site\/#organization\"},\"image\":{\"@id\":\"https:\/\/seconci.com.br\/site\/2018\/09\/12\/sinduscon-df-recebe-cinco-melhores-colocados-ao-gdf-na-proxima-terca-dia-18\/#primaryimage\"},\"thumbnailUrl\":\"https:\/\/seconci.com.br\/site\/wp-content\/uploads\/2018\/09\/candidatos.jpg\",\"articleSection\":[\"Seconci Brasil\"],\"inLanguage\":\"pt-PT\"},{\"@type\":\"WebPage\",\"@id\":\"https:\/\/seconci.com.br\/site\/2018\/09\/12\/sinduscon-df-recebe-cinco-melhores-colocados-ao-gdf-na-proxima-terca-dia-18\/\",\"url\":\"https:\/\/seconci.com.br\/site\/2018\/09\/12\/sinduscon-df-recebe-cinco-melhores-colocados-ao-gdf-na-proxima-terca-dia-18\/\",\"name\":\"Sinduscon-DF recebe cinco melhores colocados ao GDF na pr\u00f3xima ter\u00e7a, dia 18 - Seconci Brasil\",\"isPartOf\":{\"@id\":\"https:\/\/seconci.com.br\/site\/#website\"},\"primaryImageOfPage\":{\"@id\":\"https:\/\/seconci.com.br\/site\/2018\/09\/12\/sinduscon-df-recebe-cinco-melhores-colocados-ao-gdf-na-proxima-terca-dia-18\/#primaryimage\"},\"image\":{\"@id\":\"https:\/\/seconci.com.br\/site\/2018\/09\/12\/sinduscon-df-recebe-cinco-melhores-colocados-ao-gdf-na-proxima-terca-dia-18\/#primaryimage\"},\"thumbnailUrl\":\"https:\/\/seconci.com.br\/site\/wp-content\/uploads\/2018\/09\/candidatos.jpg\",\"datePublished\":\"2018-09-12T12:46:03+00:00\",\"dateModified\":\"2018-09-12T15:41:46+00:00\",\"breadcrumb\":{\"@id\":\"https:\/\/seconci.com.br\/site\/2018\/09\/12\/sinduscon-df-recebe-cinco-melhores-colocados-ao-gdf-na-proxima-terca-dia-18\/#breadcrumb\"},\"inLanguage\":\"pt-PT\",\"potentialAction\":[{\"@type\":\"ReadAction\",\"target\":[\"https:\/\/seconci.com.br\/site\/2018\/09\/12\/sinduscon-df-recebe-cinco-melhores-colocados-ao-gdf-na-proxima-terca-dia-18\/\"]}]},{\"@type\":\"ImageObject\",\"inLanguage\":\"pt-PT\",\"@id\":\"https:\/\/seconci.com.br\/site\/2018\/09\/12\/sinduscon-df-recebe-cinco-melhores-colocados-ao-gdf-na-proxima-terca-dia-18\/#primaryimage\",\"url\":\"https:\/\/seconci.com.br\/site\/wp-content\/uploads\/2018\/09\/candidatos.jpg\",\"contentUrl\":\"https:\/\/seconci.com.br\/site\/wp-content\/uploads\/2018\/09\/candidatos.jpg\"},{\"@type\":\"BreadcrumbList\",\"@id\":\"https:\/\/seconci.com.br\/site\/2018\/09\/12\/sinduscon-df-recebe-cinco-melhores-colocados-ao-gdf-na-proxima-terca-dia-18\/#breadcrumb\",\"itemListElement\":[{\"@type\":\"ListItem\",\"position\":1,\"name\":\"In\u00edcio\",\"item\":\"https:\/\/seconci.com.br\/site\/\"},{\"@type\":\"ListItem\",\"position\":2,\"name\":\"Sinduscon-DF recebe cinco melhores colocados ao GDF na pr\u00f3xima ter\u00e7a, dia 18\"}]},{\"@type\":\"WebSite\",\"@id\":\"https:\/\/seconci.com.br\/site\/#website\",\"url\":\"https:\/\/seconci.com.br\/site\/\",\"name\":\"Seconci Brasil\",\"description\":\"\",\"publisher\":{\"@id\":\"https:\/\/seconci.com.br\/site\/#organization\"},\"potentialAction\":[{\"@type\":\"SearchAction\",\"target\":{\"@type\":\"EntryPoint\",\"urlTemplate\":\"https:\/\/seconci.com.br\/site\/?s={search_term_string}\"},\"query-input\":{\"@type\":\"PropertyValueSpecification\",\"valueRequired\":true,\"valueName\":\"search_term_string\"}}],\"inLanguage\":\"pt-PT\"},{\"@type\":\"Organization\",\"@id\":\"https:\/\/seconci.com.br\/site\/#organization\",\"name\":\"Seconci Brasil\",\"url\":\"https:\/\/seconci.com.br\/site\/\",\"logo\":{\"@type\":\"ImageObject\",\"inLanguage\":\"pt-PT\",\"@id\":\"https:\/\/seconci.com.br\/site\/#\/schema\/logo\/image\/\",\"url\":\"https:\/\/seconci.com.br\/site\/wp-content\/uploads\/2024\/08\/Logo-Seconci-Brasil-branca-2.png\",\"contentUrl\":\"https:\/\/seconci.com.br\/site\/wp-content\/uploads\/2024\/08\/Logo-Seconci-Brasil-branca-2.png\",\"width\":1315,\"height\":598,\"caption\":\"Seconci Brasil\"},\"image\":{\"@id\":\"https:\/\/seconci.com.br\/site\/#\/schema\/logo\/image\/\"}},{\"@type\":\"Person\",\"@id\":\"https:\/\/seconci.com.br\/site\/#\/schema\/person\/1d79afd97ddc8f2c68c1e88e298aa8e2\",\"name\":\"Sidney Rocha\",\"description\":\"Comunicador e estagi\u00e1rio do Seconci Brasil.\",\"url\":\"https:\/\/seconci.com.br\/site\/author\/sidney-rocha\/\"}]}<\/script>\n<!-- \/ Yoast SEO plugin. -->","yoast_head_json":{"title":"Sinduscon-DF recebe cinco melhores colocados ao GDF na pr\u00f3xima ter\u00e7a, dia 18 - Seconci Brasil","robots":{"index":"index","follow":"follow","max-snippet":"max-snippet:-1","max-image-preview":"max-image-preview:large","max-video-preview":"max-video-preview:-1"},"canonical":"https:\/\/seconci.com.br\/site\/2018\/09\/12\/sinduscon-df-recebe-cinco-melhores-colocados-ao-gdf-na-proxima-terca-dia-18\/","og_locale":"pt_PT","og_type":"article","og_title":"Sinduscon-DF recebe cinco melhores colocados ao GDF na pr\u00f3xima ter\u00e7a, dia 18 - Seconci Brasil","og_description":"Organiza\u00e7\u00e3o do evento considera pesquisa Datafolha e ir\u00e1 contar com a presen\u00e7a de Eliana Pedrosa, Rodrigo Rollemberg, Alberto Fraga, Rog\u00e9rio Rosso e Ibaneis Rocha Luciane Improta Assessoria de Comunica\u00e7\u00e3o Social do Sinduscon-DF Na pr\u00f3xima ter\u00e7a-feira, dia 18 de setembro, o Sinduscon-DF realiza o Encontro com Candidatos ao Governo do Distrito Federal: Compromisso com a constru\u00e7\u00e3o [&hellip;]","og_url":"https:\/\/seconci.com.br\/site\/2018\/09\/12\/sinduscon-df-recebe-cinco-melhores-colocados-ao-gdf-na-proxima-terca-dia-18\/","og_site_name":"Seconci Brasil","article_published_time":"2018-09-12T12:46:03+00:00","article_modified_time":"2018-09-12T15:41:46+00:00","og_image":[{"url":"https:\/\/seconci.com.br\/site\/wp-content\/uploads\/2018\/09\/candidatos.jpg","width":1,"height":1,"type":"image\/jpeg"}],"author":"Sidney Rocha","twitter_card":"summary_large_image","twitter_misc":{"Escrito por":"Sidney Rocha","Tempo estimado de leitura":"4 minutos"},"schema":{"@context":"https:\/\/schema.org","@graph":[{"@type":"Article","@id":"https:\/\/seconci.com.br\/site\/2018\/09\/12\/sinduscon-df-recebe-cinco-melhores-colocados-ao-gdf-na-proxima-terca-dia-18\/#article","isPartOf":{"@id":"https:\/\/seconci.com.br\/site\/2018\/09\/12\/sinduscon-df-recebe-cinco-melhores-colocados-ao-gdf-na-proxima-terca-dia-18\/"},"author":{"name":"Sidney Rocha","@id":"https:\/\/seconci.com.br\/site\/#\/schema\/person\/1d79afd97ddc8f2c68c1e88e298aa8e2"},"headline":"Sinduscon-DF recebe cinco melhores colocados ao GDF na pr\u00f3xima ter\u00e7a, dia 18","datePublished":"2018-09-12T12:46:03+00:00","dateModified":"2018-09-12T15:41:46+00:00","mainEntityOfPage":{"@id":"https:\/\/seconci.com.br\/site\/2018\/09\/12\/sinduscon-df-recebe-cinco-melhores-colocados-ao-gdf-na-proxima-terca-dia-18\/"},"wordCount":857,"publisher":{"@id":"https:\/\/seconci.com.br\/site\/#organization"},"image":{"@id":"https:\/\/seconci.com.br\/site\/2018\/09\/12\/sinduscon-df-recebe-cinco-melhores-colocados-ao-gdf-na-proxima-terca-dia-18\/#primaryimage"},"thumbnailUrl":"https:\/\/seconci.com.br\/site\/wp-content\/uploads\/2018\/09\/candidatos.jpg","articleSection":["Seconci Brasil"],"inLanguage":"pt-PT"},{"@type":"WebPage","@id":"https:\/\/seconci.com.br\/site\/2018\/09\/12\/sinduscon-df-recebe-cinco-melhores-colocados-ao-gdf-na-proxima-terca-dia-18\/","url":"https:\/\/seconci.com.br\/site\/2018\/09\/12\/sinduscon-df-recebe-cinco-melhores-colocados-ao-gdf-na-proxima-terca-dia-18\/","name":"Sinduscon-DF recebe cinco melhores colocados ao GDF na pr\u00f3xima ter\u00e7a, dia 18 - Seconci Brasil","isPartOf":{"@id":"https:\/\/seconci.com.br\/site\/#website"},"primaryImageOfPage":{"@id":"https:\/\/seconci.com.br\/site\/2018\/09\/12\/sinduscon-df-recebe-cinco-melhores-colocados-ao-gdf-na-proxima-terca-dia-18\/#primaryimage"},"image":{"@id":"https:\/\/seconci.com.br\/site\/2018\/09\/12\/sinduscon-df-recebe-cinco-melhores-colocados-ao-gdf-na-proxima-terca-dia-18\/#primaryimage"},"thumbnailUrl":"https:\/\/seconci.com.br\/site\/wp-content\/uploads\/2018\/09\/candidatos.jpg","datePublished":"2018-09-12T12:46:03+00:00","dateModified":"2018-09-12T15:41:46+00:00","breadcrumb":{"@id":"https:\/\/seconci.com.br\/site\/2018\/09\/12\/sinduscon-df-recebe-cinco-melhores-colocados-ao-gdf-na-proxima-terca-dia-18\/#breadcrumb"},"inLanguage":"pt-PT","potentialAction":[{"@type":"ReadAction","target":["https:\/\/seconci.com.br\/site\/2018\/09\/12\/sinduscon-df-recebe-cinco-melhores-colocados-ao-gdf-na-proxima-terca-dia-18\/"]}]},{"@type":"ImageObject","inLanguage":"pt-PT","@id":"https:\/\/seconci.com.br\/site\/2018\/09\/12\/sinduscon-df-recebe-cinco-melhores-colocados-ao-gdf-na-proxima-terca-dia-18\/#primaryimage","url":"https:\/\/seconci.com.br\/site\/wp-content\/uploads\/2018\/09\/candidatos.jpg","contentUrl":"https:\/\/seconci.com.br\/site\/wp-content\/uploads\/2018\/09\/candidatos.jpg"},{"@type":"BreadcrumbList","@id":"https:\/\/seconci.com.br\/site\/2018\/09\/12\/sinduscon-df-recebe-cinco-melhores-colocados-ao-gdf-na-proxima-terca-dia-18\/#breadcrumb","itemListElement":[{"@type":"ListItem","position":1,"name":"In\u00edcio","item":"https:\/\/seconci.com.br\/site\/"},{"@type":"ListItem","position":2,"name":"Sinduscon-DF recebe cinco melhores colocados ao GDF na pr\u00f3xima ter\u00e7a, dia 18"}]},{"@type":"WebSite","@id":"https:\/\/seconci.com.br\/site\/#website","url":"https:\/\/seconci.com.br\/site\/","name":"Seconci Brasil","description":"","publisher":{"@id":"https:\/\/seconci.com.br\/site\/#organization"},"potentialAction":[{"@type":"SearchAction","target":{"@type":"EntryPoint","urlTemplate":"https:\/\/seconci.com.br\/site\/?s={search_term_string}"},"query-input":{"@type":"PropertyValueSpecification","valueRequired":true,"valueName":"search_term_string"}}],"inLanguage":"pt-PT"},{"@type":"Organization","@id":"https:\/\/seconci.com.br\/site\/#organization","name":"Seconci Brasil","url":"https:\/\/seconci.com.br\/site\/","logo":{"@type":"ImageObject","inLanguage":"pt-PT","@id":"https:\/\/seconci.com.br\/site\/#\/schema\/logo\/image\/","url":"https:\/\/seconci.com.br\/site\/wp-content\/uploads\/2024\/08\/Logo-Seconci-Brasil-branca-2.png","contentUrl":"https:\/\/seconci.com.br\/site\/wp-content\/uploads\/2024\/08\/Logo-Seconci-Brasil-branca-2.png","width":1315,"height":598,"caption":"Seconci Brasil"},"image":{"@id":"https:\/\/seconci.com.br\/site\/#\/schema\/logo\/image\/"}},{"@type":"Person","@id":"https:\/\/seconci.com.br\/site\/#\/schema\/person\/1d79afd97ddc8f2c68c1e88e298aa8e2","name":"Sidney Rocha","description":"Comunicador e estagi\u00e1rio do Seconci Brasil.","url":"https:\/\/seconci.com.br\/site\/author\/sidney-rocha\/"}]}},"_links":{"self":[{"href":"https:\/\/seconci.com.br\/site\/wp-json\/wp\/v2\/posts\/7585","targetHints":{"allow":["GET"]}}],"collection":[{"href":"https:\/\/seconci.com.br\/site\/wp-json\/wp\/v2\/posts"}],"about":[{"href":"https:\/\/seconci.com.br\/site\/wp-json\/wp\/v2\/types\/post"}],"author":[{"embeddable":true,"href":"https:\/\/seconci.com.br\/site\/wp-json\/wp\/v2\/users\/3"}],"replies":[{"embeddable":true,"href":"https:\/\/seconci.com.br\/site\/wp-json\/wp\/v2\/comments?post=7585"}],"version-history":[{"count":0,"href":"https:\/\/seconci.com.br\/site\/wp-json\/wp\/v2\/posts\/7585\/revisions"}],"wp:featuredmedia":[{"embeddable":true,"href":"https:\/\/seconci.com.br\/site\/wp-json\/wp\/v2\/media\/7586"}],"wp:attachment":[{"href":"https:\/\/seconci.com.br\/site\/wp-json\/wp\/v2\/media?parent=7585"}],"wp:term":[{"taxonomy":"category","embeddable":true,"href":"https:\/\/seconci.com.br\/site\/wp-json\/wp\/v2\/categories?post=7585"},{"taxonomy":"post_tag","embeddable":true,"href":"https:\/\/seconci.com.br\/site\/wp-json\/wp\/v2\/tags?post=7585"}],"curies":[{"name":"wp","href":"https:\/\/api.w.org\/{rel}","templated":true}]}}