{"id":7590,"date":"2018-09-12T13:00:20","date_gmt":"2018-09-12T13:00:20","guid":{"rendered":"https:\/\/seconci.com.br\/site\/?p=7590"},"modified":"2018-09-12T13:04:27","modified_gmt":"2018-09-12T13:04:27","slug":"governador-formaliza-escolha-do-seconci-sp-para-administrar-o-conjunto-hospitalar-de-sorocaba","status":"publish","type":"post","link":"https:\/\/seconci.com.br\/site\/2018\/09\/12\/governador-formaliza-escolha-do-seconci-sp-para-administrar-o-conjunto-hospitalar-de-sorocaba\/","title":{"rendered":"Governador formaliza escolha do Seconci-SP para administrar o Conjunto Hospitalar de Sorocaba"},"content":{"rendered":"<p>O governador Marcio Fran\u00e7a, em evento realizado em 3 de setembro em Sorocaba, formalizou a escolha do Seconci-SP (Servi\u00e7o Social da Constru\u00e7\u00e3o), pela Secretaria de Estado da Sa\u00fade de S\u00e3o Paulo, para gerenciar o Conjunto Hospitalar de Sorocaba (CHS).<br \/>\nFran\u00e7a qualificou o Seconci-SP como &#8220;uma Organiza\u00e7\u00e3o Social de Sa\u00fade muito experiente, que j\u00e1 administra v\u00e1rios hospitais p\u00fablicos no Estado&#8221;. A entidade assumir\u00e1 a administra\u00e7\u00e3o do conjunto em 1\u00ba de novembro.<br \/>\nParticiparam do evento o prefeito de Sorocaba, Jos\u00e9 Crespo; o secret\u00e1rio-adjunto da Sa\u00fade, Ant\u00f4nio Rugolo Jr.; o coordenador de Gest\u00e3o de Contratos de Servi\u00e7os de Sa\u00fade, Danilo Otto; o presidente do Seconci-SP, Haruo Ishikawa; a vice-presidente Maristela Honda; o superintendente geral Fernando Costa e o futuro superintendente do CHS, Paulo Quintaes.<br \/>\nHaruo Ishikawa declarou que a entidade pretende imprimir na gest\u00e3o do conjunto hospitalar o mesmo n\u00edvel de excel\u00eancia e humaniza\u00e7\u00e3o no atendimento aos pacientes que exerce na administra\u00e7\u00e3o de outros cinco hospitais estaduais sob sua responsabilidade: Itapecerica da Serra, Vila Alpina, Regional de Cotia, Estadual de Sapopemba e Local de Sapopemba.<br \/>\n&#8220;Por considerarmos a sa\u00fade p\u00fablica um assunto da maior relev\u00e2ncia, os hospitais estaduais que administramos conquistaram certifica\u00e7\u00f5es nacionais e internacionais de excel\u00eancia no atendimento aos pacientes e tr\u00eas deles foram inclu\u00eddos entre os dez melhores hospitais p\u00fablicos do pa\u00eds, em levantamento realizado pela revista Exame. \u00c9 com esse esp\u00edrito que abra\u00e7aremos a gest\u00e3o do CHS&#8221;, declarou.<br \/>\nSegundo o presidente do Seconci-SP, os profissionais do complexo hospitalar ser\u00e3o tratados com respeito e dever\u00e3o ser motivados a aperfei\u00e7oar continuamente seu desempenho. &#8220;Os gestores da nossa entidade observam os princ\u00edpios \u00e9ticos e de humaniza\u00e7\u00e3o no atendimento&#8221;, afirma Ishikawa.&#8221;Mensalmente medimos a satisfa\u00e7\u00e3o dos usu\u00e1rios dos hospitais mediante pesquisas obrigat\u00f3rias. Os pacientes avaliam itens como instala\u00e7\u00f5es (acessibilidade, limpeza, ilumina\u00e7\u00e3o, ventila\u00e7\u00e3o, mobili\u00e1rio, sinaliza\u00e7\u00e3o), tempo de espera e cordialidade na recep\u00e7\u00e3o, atendimento m\u00e9dico, equipe de enfermagem e esclarecimentos. Mais de 90% declaram-se muito satisfeitos&#8221;, comenta.<br \/>\nNo \u00e2mbito do Estado de S\u00e3o Paulo, o Seconci-SP tamb\u00e9m responde pela gest\u00e3o dos Ambulat\u00f3rios M\u00e9dicos de Especialidades (AMEs): Barradas e Bourroul em S\u00e3o Paulo, Caraguatatuba, Lorena e S\u00e3o Vicente.<\/p>\n<p><strong>Alta complexidade<\/strong><\/p>\n<p>O Conjunto Hospitalar de Sorocaba \u00e9 formado pelos hospitais Regional e Leonor Mendes de Barros, e por um ambulat\u00f3rio exclusivo para consultas previamente agendadas. Respons\u00e1vel pelo atendimento de quase 3 milh\u00f5es de habitantes de 48 munic\u00edpios do sudoeste paulista, o CHS \u00e9 a principal unidade p\u00fablica de sa\u00fade da regi\u00e3o para procedimentos e m\u00e9dia e alta complexidade. \u00c9 refer\u00eancia regional em trauma, em atendimento a gestantes de alto risco, a pacientes oncol\u00f3gicos, psiqui\u00e1tricos e renais, e em atendimento de queimados e cirurgia reparadora em n\u00edvel estadual.<br \/>\nO complexo tem 1.533 funcion\u00e1rios, sendo 322 m\u00e9dicos e 710 profissionais de enfermagem. Graduandos, residentes e especializandos do Centro de Ci\u00eancias M\u00e9dicas e da Sa\u00fade da PUC tamb\u00e9m exercem suas atividades pr\u00e1ticas no CHS.<br \/>\nConta com 350 leitos, para pacientes de cl\u00ednica m\u00e9dica, cir\u00fargica, obst\u00e9trica, pedi\u00e1trica, psiqui\u00e1trica, queimados, mol\u00e9stias infecciosas, patologia obst\u00e9trica, cuidado intermedi\u00e1rio neonatal, cuidados semi-intensivos e de UTIs adulto, pedi\u00e1trica, neonatal e queimados.<br \/>\nSeu ambulat\u00f3rio atende nas seguintes especialidades: Acupuntura, Anestesiologia, Atendimento ao Queimado, Cancerologia, Cardiologia, Cardiologia Pedi\u00e1trica, Cirurgias Pl\u00e1stica, de Cabe\u00e7a e Pesco\u00e7o, do Aparelho Digestivo, Geral, Pedi\u00e1trica, Tor\u00e1cica e Vascular, Coloprotcologia, Dermatologia, Endocrinologia e Metabologia, Gastroenterologia, Gen\u00e9tica M\u00e9dica, Geriatria, Ginecologia, Hematologia, Hemoterapia, Infectologia, Mastologia, Medicina F\u00edsica e Reabilita\u00e7\u00e3o, Nefrologia, Neurocirurgia, Neurologia, Neurologia Pedi\u00e1trica, Obstetr\u00edcia, Oftalmologia, Ortopedia e Traumatologia, Otorrinolaringologia, Pediatria, Pneumologia, Psiquiatria, Reumatologia, Urologia, Odontocirurgia, Fisioterapia, Servi\u00e7o Social, Fonoaudiologia, Nutricionismo, Psicologia e Terapia Ocupacional.<\/p>\n<p><strong>Sobre o Seconci-SP:\u00a0<\/strong>O Seconci-SP foi fundado em 1964 para dar atendimento m\u00e9dico ambulatorial \u00e0 popula\u00e7\u00e3o em geral, nela inclu\u00eddos os trabalhadores da ind\u00fastria da constru\u00e7\u00e3o civil e seus familiares. Conta com 13 Regionais, inclusive a de Sorocaba, que funciona desde 1989. A partir de 1998, a entidade passou a atuar tamb\u00e9m como Organiza\u00e7\u00e3o Social de Sa\u00fade qualificada pelo governo estadual; e desde 2006, como OSS que gerencia equipamentos de sa\u00fade da Prefeitura de S\u00e3o Paulo.\u00a0Em 2017, a entidade realizou 7,948 milh\u00f5es de atendimentos em sa\u00fade, odontologia e servi\u00e7o social no Estado de S\u00e3o Paulo. O Seconci-SP conta com um quadro de 12 mil colaboradores, dos quais mais de 3,2 mil s\u00e3o m\u00e9dicos e dentistas.<\/p>\n","protected":false},"excerpt":{"rendered":"<p>O governador Marcio Fran\u00e7a, em evento realizado em 3 de setembro em Sorocaba, formalizou a escolha do Seconci-SP (Servi\u00e7o Social da Constru\u00e7\u00e3o), pela Secretaria de Estado da Sa\u00fade de S\u00e3o Paulo, para gerenciar o Conjunto Hospitalar de Sorocaba (CHS). Fran\u00e7a qualificou o Seconci-SP como &#8220;uma Organiza\u00e7\u00e3o Social de Sa\u00fade muito experiente, que j\u00e1 administra v\u00e1rios [&hellip;]<\/p>\n","protected":false},"author":3,"featured_media":7591,"comment_status":"closed","ping_status":"closed","sticky":false,"template":"","format":"standard","meta":{"footnotes":""},"categories":[87],"tags":[],"class_list":["post-7590","post","type-post","status-publish","format-standard","has-post-thumbnail","hentry","category-seconci-sao-paulo"],"yoast_head":"<!-- This site is optimized with the Yoast SEO plugin v26.9 - https:\/\/yoast.com\/product\/yoast-seo-wordpress\/ -->\n<title>Governador formaliza escolha do Seconci-SP para administrar o Conjunto Hospitalar de Sorocaba - Seconci Brasil<\/title>\n<meta name=\"robots\" content=\"index, follow, max-snippet:-1, max-image-preview:large, max-video-preview:-1\" \/>\n<link rel=\"canonical\" href=\"https:\/\/seconci.com.br\/site\/2018\/09\/12\/governador-formaliza-escolha-do-seconci-sp-para-administrar-o-conjunto-hospitalar-de-sorocaba\/\" \/>\n<meta property=\"og:locale\" content=\"pt_PT\" \/>\n<meta property=\"og:type\" content=\"article\" \/>\n<meta property=\"og:title\" content=\"Governador formaliza escolha do Seconci-SP para administrar o Conjunto Hospitalar de Sorocaba - Seconci Brasil\" \/>\n<meta property=\"og:description\" content=\"O governador Marcio Fran\u00e7a, em evento realizado em 3 de setembro em Sorocaba, formalizou a escolha do Seconci-SP (Servi\u00e7o Social da Constru\u00e7\u00e3o), pela Secretaria de Estado da Sa\u00fade de S\u00e3o Paulo, para gerenciar o Conjunto Hospitalar de Sorocaba (CHS). Fran\u00e7a qualificou o Seconci-SP como &#8220;uma Organiza\u00e7\u00e3o Social de Sa\u00fade muito experiente, que j\u00e1 administra v\u00e1rios [&hellip;]\" \/>\n<meta property=\"og:url\" content=\"https:\/\/seconci.com.br\/site\/2018\/09\/12\/governador-formaliza-escolha-do-seconci-sp-para-administrar-o-conjunto-hospitalar-de-sorocaba\/\" \/>\n<meta property=\"og:site_name\" content=\"Seconci Brasil\" \/>\n<meta property=\"article:published_time\" content=\"2018-09-12T13:00:20+00:00\" \/>\n<meta property=\"article:modified_time\" content=\"2018-09-12T13:04:27+00:00\" \/>\n<meta property=\"og:image\" content=\"https:\/\/seconci.com.br\/site\/wp-content\/uploads\/2018\/09\/CHS.jpg\" \/>\n\t<meta property=\"og:image:width\" content=\"1280\" \/>\n\t<meta property=\"og:image:height\" content=\"852\" \/>\n\t<meta property=\"og:image:type\" content=\"image\/jpeg\" \/>\n<meta name=\"author\" content=\"Sidney Rocha\" \/>\n<meta name=\"twitter:card\" content=\"summary_large_image\" \/>\n<meta name=\"twitter:label1\" content=\"Escrito por\" \/>\n\t<meta name=\"twitter:data1\" content=\"Sidney Rocha\" \/>\n\t<meta name=\"twitter:label2\" content=\"Tempo estimado de leitura\" \/>\n\t<meta name=\"twitter:data2\" content=\"4 minutos\" \/>\n<script type=\"application\/ld+json\" class=\"yoast-schema-graph\">{\"@context\":\"https:\/\/schema.org\",\"@graph\":[{\"@type\":\"Article\",\"@id\":\"https:\/\/seconci.com.br\/site\/2018\/09\/12\/governador-formaliza-escolha-do-seconci-sp-para-administrar-o-conjunto-hospitalar-de-sorocaba\/#article\",\"isPartOf\":{\"@id\":\"https:\/\/seconci.com.br\/site\/2018\/09\/12\/governador-formaliza-escolha-do-seconci-sp-para-administrar-o-conjunto-hospitalar-de-sorocaba\/\"},\"author\":{\"name\":\"Sidney Rocha\",\"@id\":\"https:\/\/seconci.com.br\/site\/#\/schema\/person\/1d79afd97ddc8f2c68c1e88e298aa8e2\"},\"headline\":\"Governador formaliza escolha do Seconci-SP para administrar o Conjunto Hospitalar de Sorocaba\",\"datePublished\":\"2018-09-12T13:00:20+00:00\",\"dateModified\":\"2018-09-12T13:04:27+00:00\",\"mainEntityOfPage\":{\"@id\":\"https:\/\/seconci.com.br\/site\/2018\/09\/12\/governador-formaliza-escolha-do-seconci-sp-para-administrar-o-conjunto-hospitalar-de-sorocaba\/\"},\"wordCount\":787,\"publisher\":{\"@id\":\"https:\/\/seconci.com.br\/site\/#organization\"},\"image\":{\"@id\":\"https:\/\/seconci.com.br\/site\/2018\/09\/12\/governador-formaliza-escolha-do-seconci-sp-para-administrar-o-conjunto-hospitalar-de-sorocaba\/#primaryimage\"},\"thumbnailUrl\":\"https:\/\/seconci.com.br\/site\/wp-content\/uploads\/2018\/09\/CHS.jpg\",\"articleSection\":[\"Seconci S\u00e3o Paulo\"],\"inLanguage\":\"pt-PT\"},{\"@type\":\"WebPage\",\"@id\":\"https:\/\/seconci.com.br\/site\/2018\/09\/12\/governador-formaliza-escolha-do-seconci-sp-para-administrar-o-conjunto-hospitalar-de-sorocaba\/\",\"url\":\"https:\/\/seconci.com.br\/site\/2018\/09\/12\/governador-formaliza-escolha-do-seconci-sp-para-administrar-o-conjunto-hospitalar-de-sorocaba\/\",\"name\":\"Governador formaliza escolha do Seconci-SP para administrar o Conjunto Hospitalar de Sorocaba - Seconci Brasil\",\"isPartOf\":{\"@id\":\"https:\/\/seconci.com.br\/site\/#website\"},\"primaryImageOfPage\":{\"@id\":\"https:\/\/seconci.com.br\/site\/2018\/09\/12\/governador-formaliza-escolha-do-seconci-sp-para-administrar-o-conjunto-hospitalar-de-sorocaba\/#primaryimage\"},\"image\":{\"@id\":\"https:\/\/seconci.com.br\/site\/2018\/09\/12\/governador-formaliza-escolha-do-seconci-sp-para-administrar-o-conjunto-hospitalar-de-sorocaba\/#primaryimage\"},\"thumbnailUrl\":\"https:\/\/seconci.com.br\/site\/wp-content\/uploads\/2018\/09\/CHS.jpg\",\"datePublished\":\"2018-09-12T13:00:20+00:00\",\"dateModified\":\"2018-09-12T13:04:27+00:00\",\"breadcrumb\":{\"@id\":\"https:\/\/seconci.com.br\/site\/2018\/09\/12\/governador-formaliza-escolha-do-seconci-sp-para-administrar-o-conjunto-hospitalar-de-sorocaba\/#breadcrumb\"},\"inLanguage\":\"pt-PT\",\"potentialAction\":[{\"@type\":\"ReadAction\",\"target\":[\"https:\/\/seconci.com.br\/site\/2018\/09\/12\/governador-formaliza-escolha-do-seconci-sp-para-administrar-o-conjunto-hospitalar-de-sorocaba\/\"]}]},{\"@type\":\"ImageObject\",\"inLanguage\":\"pt-PT\",\"@id\":\"https:\/\/seconci.com.br\/site\/2018\/09\/12\/governador-formaliza-escolha-do-seconci-sp-para-administrar-o-conjunto-hospitalar-de-sorocaba\/#primaryimage\",\"url\":\"https:\/\/seconci.com.br\/site\/wp-content\/uploads\/2018\/09\/CHS.jpg\",\"contentUrl\":\"https:\/\/seconci.com.br\/site\/wp-content\/uploads\/2018\/09\/CHS.jpg\",\"width\":1280,\"height\":852},{\"@type\":\"BreadcrumbList\",\"@id\":\"https:\/\/seconci.com.br\/site\/2018\/09\/12\/governador-formaliza-escolha-do-seconci-sp-para-administrar-o-conjunto-hospitalar-de-sorocaba\/#breadcrumb\",\"itemListElement\":[{\"@type\":\"ListItem\",\"position\":1,\"name\":\"In\u00edcio\",\"item\":\"https:\/\/seconci.com.br\/site\/\"},{\"@type\":\"ListItem\",\"position\":2,\"name\":\"Governador formaliza escolha do Seconci-SP para administrar o Conjunto Hospitalar de Sorocaba\"}]},{\"@type\":\"WebSite\",\"@id\":\"https:\/\/seconci.com.br\/site\/#website\",\"url\":\"https:\/\/seconci.com.br\/site\/\",\"name\":\"Seconci Brasil\",\"description\":\"\",\"publisher\":{\"@id\":\"https:\/\/seconci.com.br\/site\/#organization\"},\"potentialAction\":[{\"@type\":\"SearchAction\",\"target\":{\"@type\":\"EntryPoint\",\"urlTemplate\":\"https:\/\/seconci.com.br\/site\/?s={search_term_string}\"},\"query-input\":{\"@type\":\"PropertyValueSpecification\",\"valueRequired\":true,\"valueName\":\"search_term_string\"}}],\"inLanguage\":\"pt-PT\"},{\"@type\":\"Organization\",\"@id\":\"https:\/\/seconci.com.br\/site\/#organization\",\"name\":\"Seconci Brasil\",\"url\":\"https:\/\/seconci.com.br\/site\/\",\"logo\":{\"@type\":\"ImageObject\",\"inLanguage\":\"pt-PT\",\"@id\":\"https:\/\/seconci.com.br\/site\/#\/schema\/logo\/image\/\",\"url\":\"https:\/\/seconci.com.br\/site\/wp-content\/uploads\/2024\/08\/Logo-Seconci-Brasil-branca-2.png\",\"contentUrl\":\"https:\/\/seconci.com.br\/site\/wp-content\/uploads\/2024\/08\/Logo-Seconci-Brasil-branca-2.png\",\"width\":1315,\"height\":598,\"caption\":\"Seconci Brasil\"},\"image\":{\"@id\":\"https:\/\/seconci.com.br\/site\/#\/schema\/logo\/image\/\"}},{\"@type\":\"Person\",\"@id\":\"https:\/\/seconci.com.br\/site\/#\/schema\/person\/1d79afd97ddc8f2c68c1e88e298aa8e2\",\"name\":\"Sidney Rocha\",\"description\":\"Comunicador e estagi\u00e1rio do Seconci Brasil.\",\"url\":\"https:\/\/seconci.com.br\/site\/author\/sidney-rocha\/\"}]}<\/script>\n<!-- \/ Yoast SEO plugin. -->","yoast_head_json":{"title":"Governador formaliza escolha do Seconci-SP para administrar o Conjunto Hospitalar de Sorocaba - Seconci Brasil","robots":{"index":"index","follow":"follow","max-snippet":"max-snippet:-1","max-image-preview":"max-image-preview:large","max-video-preview":"max-video-preview:-1"},"canonical":"https:\/\/seconci.com.br\/site\/2018\/09\/12\/governador-formaliza-escolha-do-seconci-sp-para-administrar-o-conjunto-hospitalar-de-sorocaba\/","og_locale":"pt_PT","og_type":"article","og_title":"Governador formaliza escolha do Seconci-SP para administrar o Conjunto Hospitalar de Sorocaba - Seconci Brasil","og_description":"O governador Marcio Fran\u00e7a, em evento realizado em 3 de setembro em Sorocaba, formalizou a escolha do Seconci-SP (Servi\u00e7o Social da Constru\u00e7\u00e3o), pela Secretaria de Estado da Sa\u00fade de S\u00e3o Paulo, para gerenciar o Conjunto Hospitalar de Sorocaba (CHS). Fran\u00e7a qualificou o Seconci-SP como &#8220;uma Organiza\u00e7\u00e3o Social de Sa\u00fade muito experiente, que j\u00e1 administra v\u00e1rios [&hellip;]","og_url":"https:\/\/seconci.com.br\/site\/2018\/09\/12\/governador-formaliza-escolha-do-seconci-sp-para-administrar-o-conjunto-hospitalar-de-sorocaba\/","og_site_name":"Seconci Brasil","article_published_time":"2018-09-12T13:00:20+00:00","article_modified_time":"2018-09-12T13:04:27+00:00","og_image":[{"width":1280,"height":852,"url":"https:\/\/seconci.com.br\/site\/wp-content\/uploads\/2018\/09\/CHS.jpg","type":"image\/jpeg"}],"author":"Sidney Rocha","twitter_card":"summary_large_image","twitter_misc":{"Escrito por":"Sidney Rocha","Tempo estimado de leitura":"4 minutos"},"schema":{"@context":"https:\/\/schema.org","@graph":[{"@type":"Article","@id":"https:\/\/seconci.com.br\/site\/2018\/09\/12\/governador-formaliza-escolha-do-seconci-sp-para-administrar-o-conjunto-hospitalar-de-sorocaba\/#article","isPartOf":{"@id":"https:\/\/seconci.com.br\/site\/2018\/09\/12\/governador-formaliza-escolha-do-seconci-sp-para-administrar-o-conjunto-hospitalar-de-sorocaba\/"},"author":{"name":"Sidney Rocha","@id":"https:\/\/seconci.com.br\/site\/#\/schema\/person\/1d79afd97ddc8f2c68c1e88e298aa8e2"},"headline":"Governador formaliza escolha do Seconci-SP para administrar o Conjunto Hospitalar de Sorocaba","datePublished":"2018-09-12T13:00:20+00:00","dateModified":"2018-09-12T13:04:27+00:00","mainEntityOfPage":{"@id":"https:\/\/seconci.com.br\/site\/2018\/09\/12\/governador-formaliza-escolha-do-seconci-sp-para-administrar-o-conjunto-hospitalar-de-sorocaba\/"},"wordCount":787,"publisher":{"@id":"https:\/\/seconci.com.br\/site\/#organization"},"image":{"@id":"https:\/\/seconci.com.br\/site\/2018\/09\/12\/governador-formaliza-escolha-do-seconci-sp-para-administrar-o-conjunto-hospitalar-de-sorocaba\/#primaryimage"},"thumbnailUrl":"https:\/\/seconci.com.br\/site\/wp-content\/uploads\/2018\/09\/CHS.jpg","articleSection":["Seconci S\u00e3o Paulo"],"inLanguage":"pt-PT"},{"@type":"WebPage","@id":"https:\/\/seconci.com.br\/site\/2018\/09\/12\/governador-formaliza-escolha-do-seconci-sp-para-administrar-o-conjunto-hospitalar-de-sorocaba\/","url":"https:\/\/seconci.com.br\/site\/2018\/09\/12\/governador-formaliza-escolha-do-seconci-sp-para-administrar-o-conjunto-hospitalar-de-sorocaba\/","name":"Governador formaliza escolha do Seconci-SP para administrar o Conjunto Hospitalar de Sorocaba - Seconci Brasil","isPartOf":{"@id":"https:\/\/seconci.com.br\/site\/#website"},"primaryImageOfPage":{"@id":"https:\/\/seconci.com.br\/site\/2018\/09\/12\/governador-formaliza-escolha-do-seconci-sp-para-administrar-o-conjunto-hospitalar-de-sorocaba\/#primaryimage"},"image":{"@id":"https:\/\/seconci.com.br\/site\/2018\/09\/12\/governador-formaliza-escolha-do-seconci-sp-para-administrar-o-conjunto-hospitalar-de-sorocaba\/#primaryimage"},"thumbnailUrl":"https:\/\/seconci.com.br\/site\/wp-content\/uploads\/2018\/09\/CHS.jpg","datePublished":"2018-09-12T13:00:20+00:00","dateModified":"2018-09-12T13:04:27+00:00","breadcrumb":{"@id":"https:\/\/seconci.com.br\/site\/2018\/09\/12\/governador-formaliza-escolha-do-seconci-sp-para-administrar-o-conjunto-hospitalar-de-sorocaba\/#breadcrumb"},"inLanguage":"pt-PT","potentialAction":[{"@type":"ReadAction","target":["https:\/\/seconci.com.br\/site\/2018\/09\/12\/governador-formaliza-escolha-do-seconci-sp-para-administrar-o-conjunto-hospitalar-de-sorocaba\/"]}]},{"@type":"ImageObject","inLanguage":"pt-PT","@id":"https:\/\/seconci.com.br\/site\/2018\/09\/12\/governador-formaliza-escolha-do-seconci-sp-para-administrar-o-conjunto-hospitalar-de-sorocaba\/#primaryimage","url":"https:\/\/seconci.com.br\/site\/wp-content\/uploads\/2018\/09\/CHS.jpg","contentUrl":"https:\/\/seconci.com.br\/site\/wp-content\/uploads\/2018\/09\/CHS.jpg","width":1280,"height":852},{"@type":"BreadcrumbList","@id":"https:\/\/seconci.com.br\/site\/2018\/09\/12\/governador-formaliza-escolha-do-seconci-sp-para-administrar-o-conjunto-hospitalar-de-sorocaba\/#breadcrumb","itemListElement":[{"@type":"ListItem","position":1,"name":"In\u00edcio","item":"https:\/\/seconci.com.br\/site\/"},{"@type":"ListItem","position":2,"name":"Governador formaliza escolha do Seconci-SP para administrar o Conjunto Hospitalar de Sorocaba"}]},{"@type":"WebSite","@id":"https:\/\/seconci.com.br\/site\/#website","url":"https:\/\/seconci.com.br\/site\/","name":"Seconci Brasil","description":"","publisher":{"@id":"https:\/\/seconci.com.br\/site\/#organization"},"potentialAction":[{"@type":"SearchAction","target":{"@type":"EntryPoint","urlTemplate":"https:\/\/seconci.com.br\/site\/?s={search_term_string}"},"query-input":{"@type":"PropertyValueSpecification","valueRequired":true,"valueName":"search_term_string"}}],"inLanguage":"pt-PT"},{"@type":"Organization","@id":"https:\/\/seconci.com.br\/site\/#organization","name":"Seconci Brasil","url":"https:\/\/seconci.com.br\/site\/","logo":{"@type":"ImageObject","inLanguage":"pt-PT","@id":"https:\/\/seconci.com.br\/site\/#\/schema\/logo\/image\/","url":"https:\/\/seconci.com.br\/site\/wp-content\/uploads\/2024\/08\/Logo-Seconci-Brasil-branca-2.png","contentUrl":"https:\/\/seconci.com.br\/site\/wp-content\/uploads\/2024\/08\/Logo-Seconci-Brasil-branca-2.png","width":1315,"height":598,"caption":"Seconci Brasil"},"image":{"@id":"https:\/\/seconci.com.br\/site\/#\/schema\/logo\/image\/"}},{"@type":"Person","@id":"https:\/\/seconci.com.br\/site\/#\/schema\/person\/1d79afd97ddc8f2c68c1e88e298aa8e2","name":"Sidney Rocha","description":"Comunicador e estagi\u00e1rio do Seconci Brasil.","url":"https:\/\/seconci.com.br\/site\/author\/sidney-rocha\/"}]}},"_links":{"self":[{"href":"https:\/\/seconci.com.br\/site\/wp-json\/wp\/v2\/posts\/7590","targetHints":{"allow":["GET"]}}],"collection":[{"href":"https:\/\/seconci.com.br\/site\/wp-json\/wp\/v2\/posts"}],"about":[{"href":"https:\/\/seconci.com.br\/site\/wp-json\/wp\/v2\/types\/post"}],"author":[{"embeddable":true,"href":"https:\/\/seconci.com.br\/site\/wp-json\/wp\/v2\/users\/3"}],"replies":[{"embeddable":true,"href":"https:\/\/seconci.com.br\/site\/wp-json\/wp\/v2\/comments?post=7590"}],"version-history":[{"count":0,"href":"https:\/\/seconci.com.br\/site\/wp-json\/wp\/v2\/posts\/7590\/revisions"}],"wp:featuredmedia":[{"embeddable":true,"href":"https:\/\/seconci.com.br\/site\/wp-json\/wp\/v2\/media\/7591"}],"wp:attachment":[{"href":"https:\/\/seconci.com.br\/site\/wp-json\/wp\/v2\/media?parent=7590"}],"wp:term":[{"taxonomy":"category","embeddable":true,"href":"https:\/\/seconci.com.br\/site\/wp-json\/wp\/v2\/categories?post=7590"},{"taxonomy":"post_tag","embeddable":true,"href":"https:\/\/seconci.com.br\/site\/wp-json\/wp\/v2\/tags?post=7590"}],"curies":[{"name":"wp","href":"https:\/\/api.w.org\/{rel}","templated":true}]}}