{"id":7593,"date":"2018-09-12T13:11:00","date_gmt":"2018-09-12T13:11:00","guid":{"rendered":"https:\/\/seconci.com.br\/site\/?p=7593"},"modified":"2018-09-12T15:39:35","modified_gmt":"2018-09-12T15:39:35","slug":"novos-cursos-em-parceria-com-o-sesi-e-o-senai-em-outubro","status":"publish","type":"post","link":"https:\/\/seconci.com.br\/site\/2018\/09\/12\/novos-cursos-em-parceria-com-o-sesi-e-o-senai-em-outubro\/","title":{"rendered":"Novos cursos em parceria com o Sesi e o Senai em Outubro"},"content":{"rendered":"<p style=\"text-align: justify;\">| Assessoria de Comunica\u00e7\u00e3o Social do Seconci-MG |<\/p>\n<p style=\"text-align: justify;\">A bem-sucedida parceria com o Sesiminas e o Senai-MG j\u00e1 rendeu ao Seconci a promo\u00e7\u00e3o de 16 cursos nas modalidades de inicia\u00e7\u00e3o e aperfei\u00e7oamento profi ssional. Atrav\u00e9s das Unidades M\u00f3veis Sesi Senai, foram realizadas capacita\u00e7\u00f5es com o objetivo de ampliar, complementar ou mesmo atualizar compet\u00eancias de usu\u00e1rios dos servi\u00e7os da entidade e de outros trabalhadores alcan\u00e7ados por suas a\u00e7\u00f5es de responsabilidade social.<br \/>\nCom uma estrutura composta de ambientes de ensino autotransport\u00e1veis e kits did\u00e1ticos, que funcionam como oficinas de qualifica\u00e7\u00e3o profissional, foram oferecidos cursos visando atender necessidades espec\u00edficas de forma\u00e7\u00e3o de m\u00e3o-de-obra para a ind\u00fastria da constru\u00e7\u00e3o civil \u2013 pedreiro de alvenaria, pedreiro de acabamento, eletricista predial e encanador assistente, pintor de obras \u2013 e outros, como o de Costureiro do Vestu\u00e1rio e Cuidador de Idosos, que trazem aos participantes uma oportunidade de gera\u00e7\u00e3o de renda e de melhor inser\u00e7\u00e3o no mercadode trabalho.<br \/>\nDando sequ\u00eancia a este cons\u00f3rcio, o Seconci&#8211;MG est\u00e1 programando para a segunda quinzena de outubro mais dois cursos \u2013 Pintor de Obras e Panifi ca\u00e7\u00e3o. No primeiro, os participantes aprender\u00e3o a realizar pinturas internas e externas em superf\u00edcies de edifica\u00e7\u00f5es, observando normas e procedimentos t\u00e9cnicos de qualidade, seguran\u00e7a, higiene e sa\u00fade. J\u00e1 no de Panifica\u00e7\u00e3o, o aluno ter\u00e1 aulas te\u00f3ricas e pr\u00e1ticas, nas quais desenvolver\u00e1 produtos de massas doces, salgadas e semidoces.<br \/>\nDivulgue esta iniciativa junto a seus colaboradores. Breve informaremos as datas e os cronogramas dos cursos, que t\u00eam carga hor\u00e1ria de 80 horas e s\u00e3o ministrados de segunda a sexta-feira, com turmas nos turnos da manh\u00e3 e tarde. Mais informa\u00e7\u00f5es e pr\u00e9-inscri\u00e7\u00f5es no Departamento de Servi\u00e7o Social, atrav\u00e9s do telefone (31) 3449 8006.<\/p>\n","protected":false},"excerpt":{"rendered":"<p>| Assessoria de Comunica\u00e7\u00e3o Social do Seconci-MG | A bem-sucedida parceria com o Sesiminas e o Senai-MG j\u00e1 rendeu ao Seconci a promo\u00e7\u00e3o de 16 cursos nas modalidades de inicia\u00e7\u00e3o e aperfei\u00e7oamento profi ssional. Atrav\u00e9s das Unidades M\u00f3veis Sesi Senai, foram realizadas capacita\u00e7\u00f5es com o objetivo de ampliar, complementar ou mesmo atualizar compet\u00eancias de usu\u00e1rios [&hellip;]<\/p>\n","protected":false},"author":3,"featured_media":0,"comment_status":"closed","ping_status":"closed","sticky":false,"template":"","format":"standard","meta":{"footnotes":""},"categories":[92],"tags":[],"class_list":["post-7593","post","type-post","status-publish","format-standard","hentry","category-seconci-brasil"],"yoast_head":"<!-- This site is optimized with the Yoast SEO plugin v26.9 - https:\/\/yoast.com\/product\/yoast-seo-wordpress\/ -->\n<title>Novos cursos em parceria com o Sesi e o Senai em Outubro - Seconci Brasil<\/title>\n<meta name=\"robots\" content=\"index, follow, max-snippet:-1, max-image-preview:large, max-video-preview:-1\" \/>\n<link rel=\"canonical\" href=\"https:\/\/seconci.com.br\/site\/2018\/09\/12\/novos-cursos-em-parceria-com-o-sesi-e-o-senai-em-outubro\/\" \/>\n<meta property=\"og:locale\" content=\"pt_PT\" \/>\n<meta property=\"og:type\" content=\"article\" \/>\n<meta property=\"og:title\" content=\"Novos cursos em parceria com o Sesi e o Senai em Outubro - Seconci Brasil\" \/>\n<meta property=\"og:description\" content=\"| Assessoria de Comunica\u00e7\u00e3o Social do Seconci-MG | A bem-sucedida parceria com o Sesiminas e o Senai-MG j\u00e1 rendeu ao Seconci a promo\u00e7\u00e3o de 16 cursos nas modalidades de inicia\u00e7\u00e3o e aperfei\u00e7oamento profi ssional. Atrav\u00e9s das Unidades M\u00f3veis Sesi Senai, foram realizadas capacita\u00e7\u00f5es com o objetivo de ampliar, complementar ou mesmo atualizar compet\u00eancias de usu\u00e1rios [&hellip;]\" \/>\n<meta property=\"og:url\" content=\"https:\/\/seconci.com.br\/site\/2018\/09\/12\/novos-cursos-em-parceria-com-o-sesi-e-o-senai-em-outubro\/\" \/>\n<meta property=\"og:site_name\" content=\"Seconci Brasil\" \/>\n<meta property=\"article:published_time\" content=\"2018-09-12T13:11:00+00:00\" \/>\n<meta property=\"article:modified_time\" content=\"2018-09-12T15:39:35+00:00\" \/>\n<meta name=\"author\" content=\"Sidney Rocha\" \/>\n<meta name=\"twitter:card\" content=\"summary_large_image\" \/>\n<meta name=\"twitter:label1\" content=\"Escrito por\" \/>\n\t<meta name=\"twitter:data1\" content=\"Sidney Rocha\" \/>\n\t<meta name=\"twitter:label2\" content=\"Tempo estimado de leitura\" \/>\n\t<meta name=\"twitter:data2\" content=\"2 minutos\" \/>\n<script type=\"application\/ld+json\" class=\"yoast-schema-graph\">{\"@context\":\"https:\/\/schema.org\",\"@graph\":[{\"@type\":\"Article\",\"@id\":\"https:\/\/seconci.com.br\/site\/2018\/09\/12\/novos-cursos-em-parceria-com-o-sesi-e-o-senai-em-outubro\/#article\",\"isPartOf\":{\"@id\":\"https:\/\/seconci.com.br\/site\/2018\/09\/12\/novos-cursos-em-parceria-com-o-sesi-e-o-senai-em-outubro\/\"},\"author\":{\"name\":\"Sidney Rocha\",\"@id\":\"https:\/\/seconci.com.br\/site\/#\/schema\/person\/1d79afd97ddc8f2c68c1e88e298aa8e2\"},\"headline\":\"Novos cursos em parceria com o Sesi e o Senai em Outubro\",\"datePublished\":\"2018-09-12T13:11:00+00:00\",\"dateModified\":\"2018-09-12T15:39:35+00:00\",\"mainEntityOfPage\":{\"@id\":\"https:\/\/seconci.com.br\/site\/2018\/09\/12\/novos-cursos-em-parceria-com-o-sesi-e-o-senai-em-outubro\/\"},\"wordCount\":321,\"publisher\":{\"@id\":\"https:\/\/seconci.com.br\/site\/#organization\"},\"articleSection\":[\"Seconci Brasil\"],\"inLanguage\":\"pt-PT\"},{\"@type\":\"WebPage\",\"@id\":\"https:\/\/seconci.com.br\/site\/2018\/09\/12\/novos-cursos-em-parceria-com-o-sesi-e-o-senai-em-outubro\/\",\"url\":\"https:\/\/seconci.com.br\/site\/2018\/09\/12\/novos-cursos-em-parceria-com-o-sesi-e-o-senai-em-outubro\/\",\"name\":\"Novos cursos em parceria com o Sesi e o Senai em Outubro - Seconci Brasil\",\"isPartOf\":{\"@id\":\"https:\/\/seconci.com.br\/site\/#website\"},\"datePublished\":\"2018-09-12T13:11:00+00:00\",\"dateModified\":\"2018-09-12T15:39:35+00:00\",\"breadcrumb\":{\"@id\":\"https:\/\/seconci.com.br\/site\/2018\/09\/12\/novos-cursos-em-parceria-com-o-sesi-e-o-senai-em-outubro\/#breadcrumb\"},\"inLanguage\":\"pt-PT\",\"potentialAction\":[{\"@type\":\"ReadAction\",\"target\":[\"https:\/\/seconci.com.br\/site\/2018\/09\/12\/novos-cursos-em-parceria-com-o-sesi-e-o-senai-em-outubro\/\"]}]},{\"@type\":\"BreadcrumbList\",\"@id\":\"https:\/\/seconci.com.br\/site\/2018\/09\/12\/novos-cursos-em-parceria-com-o-sesi-e-o-senai-em-outubro\/#breadcrumb\",\"itemListElement\":[{\"@type\":\"ListItem\",\"position\":1,\"name\":\"In\u00edcio\",\"item\":\"https:\/\/seconci.com.br\/site\/\"},{\"@type\":\"ListItem\",\"position\":2,\"name\":\"Novos cursos em parceria com o Sesi e o Senai em Outubro\"}]},{\"@type\":\"WebSite\",\"@id\":\"https:\/\/seconci.com.br\/site\/#website\",\"url\":\"https:\/\/seconci.com.br\/site\/\",\"name\":\"Seconci Brasil\",\"description\":\"\",\"publisher\":{\"@id\":\"https:\/\/seconci.com.br\/site\/#organization\"},\"potentialAction\":[{\"@type\":\"SearchAction\",\"target\":{\"@type\":\"EntryPoint\",\"urlTemplate\":\"https:\/\/seconci.com.br\/site\/?s={search_term_string}\"},\"query-input\":{\"@type\":\"PropertyValueSpecification\",\"valueRequired\":true,\"valueName\":\"search_term_string\"}}],\"inLanguage\":\"pt-PT\"},{\"@type\":\"Organization\",\"@id\":\"https:\/\/seconci.com.br\/site\/#organization\",\"name\":\"Seconci Brasil\",\"url\":\"https:\/\/seconci.com.br\/site\/\",\"logo\":{\"@type\":\"ImageObject\",\"inLanguage\":\"pt-PT\",\"@id\":\"https:\/\/seconci.com.br\/site\/#\/schema\/logo\/image\/\",\"url\":\"https:\/\/seconci.com.br\/site\/wp-content\/uploads\/2024\/08\/Logo-Seconci-Brasil-branca-2.png\",\"contentUrl\":\"https:\/\/seconci.com.br\/site\/wp-content\/uploads\/2024\/08\/Logo-Seconci-Brasil-branca-2.png\",\"width\":1315,\"height\":598,\"caption\":\"Seconci Brasil\"},\"image\":{\"@id\":\"https:\/\/seconci.com.br\/site\/#\/schema\/logo\/image\/\"}},{\"@type\":\"Person\",\"@id\":\"https:\/\/seconci.com.br\/site\/#\/schema\/person\/1d79afd97ddc8f2c68c1e88e298aa8e2\",\"name\":\"Sidney Rocha\",\"description\":\"Comunicador e estagi\u00e1rio do Seconci Brasil.\",\"url\":\"https:\/\/seconci.com.br\/site\/author\/sidney-rocha\/\"}]}<\/script>\n<!-- \/ Yoast SEO plugin. -->","yoast_head_json":{"title":"Novos cursos em parceria com o Sesi e o Senai em Outubro - Seconci Brasil","robots":{"index":"index","follow":"follow","max-snippet":"max-snippet:-1","max-image-preview":"max-image-preview:large","max-video-preview":"max-video-preview:-1"},"canonical":"https:\/\/seconci.com.br\/site\/2018\/09\/12\/novos-cursos-em-parceria-com-o-sesi-e-o-senai-em-outubro\/","og_locale":"pt_PT","og_type":"article","og_title":"Novos cursos em parceria com o Sesi e o Senai em Outubro - Seconci Brasil","og_description":"| Assessoria de Comunica\u00e7\u00e3o Social do Seconci-MG | A bem-sucedida parceria com o Sesiminas e o Senai-MG j\u00e1 rendeu ao Seconci a promo\u00e7\u00e3o de 16 cursos nas modalidades de inicia\u00e7\u00e3o e aperfei\u00e7oamento profi ssional. Atrav\u00e9s das Unidades M\u00f3veis Sesi Senai, foram realizadas capacita\u00e7\u00f5es com o objetivo de ampliar, complementar ou mesmo atualizar compet\u00eancias de usu\u00e1rios [&hellip;]","og_url":"https:\/\/seconci.com.br\/site\/2018\/09\/12\/novos-cursos-em-parceria-com-o-sesi-e-o-senai-em-outubro\/","og_site_name":"Seconci Brasil","article_published_time":"2018-09-12T13:11:00+00:00","article_modified_time":"2018-09-12T15:39:35+00:00","author":"Sidney Rocha","twitter_card":"summary_large_image","twitter_misc":{"Escrito por":"Sidney Rocha","Tempo estimado de leitura":"2 minutos"},"schema":{"@context":"https:\/\/schema.org","@graph":[{"@type":"Article","@id":"https:\/\/seconci.com.br\/site\/2018\/09\/12\/novos-cursos-em-parceria-com-o-sesi-e-o-senai-em-outubro\/#article","isPartOf":{"@id":"https:\/\/seconci.com.br\/site\/2018\/09\/12\/novos-cursos-em-parceria-com-o-sesi-e-o-senai-em-outubro\/"},"author":{"name":"Sidney Rocha","@id":"https:\/\/seconci.com.br\/site\/#\/schema\/person\/1d79afd97ddc8f2c68c1e88e298aa8e2"},"headline":"Novos cursos em parceria com o Sesi e o Senai em Outubro","datePublished":"2018-09-12T13:11:00+00:00","dateModified":"2018-09-12T15:39:35+00:00","mainEntityOfPage":{"@id":"https:\/\/seconci.com.br\/site\/2018\/09\/12\/novos-cursos-em-parceria-com-o-sesi-e-o-senai-em-outubro\/"},"wordCount":321,"publisher":{"@id":"https:\/\/seconci.com.br\/site\/#organization"},"articleSection":["Seconci Brasil"],"inLanguage":"pt-PT"},{"@type":"WebPage","@id":"https:\/\/seconci.com.br\/site\/2018\/09\/12\/novos-cursos-em-parceria-com-o-sesi-e-o-senai-em-outubro\/","url":"https:\/\/seconci.com.br\/site\/2018\/09\/12\/novos-cursos-em-parceria-com-o-sesi-e-o-senai-em-outubro\/","name":"Novos cursos em parceria com o Sesi e o Senai em Outubro - Seconci Brasil","isPartOf":{"@id":"https:\/\/seconci.com.br\/site\/#website"},"datePublished":"2018-09-12T13:11:00+00:00","dateModified":"2018-09-12T15:39:35+00:00","breadcrumb":{"@id":"https:\/\/seconci.com.br\/site\/2018\/09\/12\/novos-cursos-em-parceria-com-o-sesi-e-o-senai-em-outubro\/#breadcrumb"},"inLanguage":"pt-PT","potentialAction":[{"@type":"ReadAction","target":["https:\/\/seconci.com.br\/site\/2018\/09\/12\/novos-cursos-em-parceria-com-o-sesi-e-o-senai-em-outubro\/"]}]},{"@type":"BreadcrumbList","@id":"https:\/\/seconci.com.br\/site\/2018\/09\/12\/novos-cursos-em-parceria-com-o-sesi-e-o-senai-em-outubro\/#breadcrumb","itemListElement":[{"@type":"ListItem","position":1,"name":"In\u00edcio","item":"https:\/\/seconci.com.br\/site\/"},{"@type":"ListItem","position":2,"name":"Novos cursos em parceria com o Sesi e o Senai em Outubro"}]},{"@type":"WebSite","@id":"https:\/\/seconci.com.br\/site\/#website","url":"https:\/\/seconci.com.br\/site\/","name":"Seconci Brasil","description":"","publisher":{"@id":"https:\/\/seconci.com.br\/site\/#organization"},"potentialAction":[{"@type":"SearchAction","target":{"@type":"EntryPoint","urlTemplate":"https:\/\/seconci.com.br\/site\/?s={search_term_string}"},"query-input":{"@type":"PropertyValueSpecification","valueRequired":true,"valueName":"search_term_string"}}],"inLanguage":"pt-PT"},{"@type":"Organization","@id":"https:\/\/seconci.com.br\/site\/#organization","name":"Seconci Brasil","url":"https:\/\/seconci.com.br\/site\/","logo":{"@type":"ImageObject","inLanguage":"pt-PT","@id":"https:\/\/seconci.com.br\/site\/#\/schema\/logo\/image\/","url":"https:\/\/seconci.com.br\/site\/wp-content\/uploads\/2024\/08\/Logo-Seconci-Brasil-branca-2.png","contentUrl":"https:\/\/seconci.com.br\/site\/wp-content\/uploads\/2024\/08\/Logo-Seconci-Brasil-branca-2.png","width":1315,"height":598,"caption":"Seconci Brasil"},"image":{"@id":"https:\/\/seconci.com.br\/site\/#\/schema\/logo\/image\/"}},{"@type":"Person","@id":"https:\/\/seconci.com.br\/site\/#\/schema\/person\/1d79afd97ddc8f2c68c1e88e298aa8e2","name":"Sidney Rocha","description":"Comunicador e estagi\u00e1rio do Seconci Brasil.","url":"https:\/\/seconci.com.br\/site\/author\/sidney-rocha\/"}]}},"_links":{"self":[{"href":"https:\/\/seconci.com.br\/site\/wp-json\/wp\/v2\/posts\/7593","targetHints":{"allow":["GET"]}}],"collection":[{"href":"https:\/\/seconci.com.br\/site\/wp-json\/wp\/v2\/posts"}],"about":[{"href":"https:\/\/seconci.com.br\/site\/wp-json\/wp\/v2\/types\/post"}],"author":[{"embeddable":true,"href":"https:\/\/seconci.com.br\/site\/wp-json\/wp\/v2\/users\/3"}],"replies":[{"embeddable":true,"href":"https:\/\/seconci.com.br\/site\/wp-json\/wp\/v2\/comments?post=7593"}],"version-history":[{"count":0,"href":"https:\/\/seconci.com.br\/site\/wp-json\/wp\/v2\/posts\/7593\/revisions"}],"wp:attachment":[{"href":"https:\/\/seconci.com.br\/site\/wp-json\/wp\/v2\/media?parent=7593"}],"wp:term":[{"taxonomy":"category","embeddable":true,"href":"https:\/\/seconci.com.br\/site\/wp-json\/wp\/v2\/categories?post=7593"},{"taxonomy":"post_tag","embeddable":true,"href":"https:\/\/seconci.com.br\/site\/wp-json\/wp\/v2\/tags?post=7593"}],"curies":[{"name":"wp","href":"https:\/\/api.w.org\/{rel}","templated":true}]}}