{"id":7720,"date":"2018-09-27T19:48:22","date_gmt":"2018-09-27T19:48:22","guid":{"rendered":"https:\/\/seconci.com.br\/site\/?p=7720"},"modified":"2018-09-27T19:50:44","modified_gmt":"2018-09-27T19:50:44","slug":"7720","status":"publish","type":"post","link":"https:\/\/seconci.com.br\/site\/2018\/09\/27\/7720\/","title":{"rendered":"Izidio Santos recebe homenagem da Fundacentro"},"content":{"rendered":"<p><em>Izidio Santos e Dion\u00edsio Lamera<\/em><\/p>\n<p style=\"text-align: justify;\">| <strong>Luciane Improta &#8211; Assessoria de Comunica\u00e7\u00e3o Social do Sinduscon-DF<\/strong> |<\/p>\n<p style=\"text-align: justify;\">A tarde desta quarta-feira, 26, foi motivo de muito orgulho para o Sinduscon-DF. O vice-presidente Administrativo-Financeiro da casa, Izidio Santos, que tamb\u00e9m \u00e9 respons\u00e1vel pela Diretoria de Pol\u00edticas e Rela\u00e7\u00f5es Trabalhistas, foi agraciado com o certificado, medalha e placa de Honra ao M\u00e9rito Oficial da Seguran\u00e7a e Sa\u00fade no Trabalho do Distrito Federal 2018.<\/p>\n<p style=\"text-align: justify;\">Emocionado, Izidio sentiu-se honrado em representar as empresas da constru\u00e7\u00e3o civil do DF. Ele destacou que este tipo de homenagem, ao setor empresarial, n\u00e3o \u00e9 muito comum. \u201cIsso s\u00f3 aumenta a nossa responsabilidade. Infelizmente, o empres\u00e1rio ainda \u00e9 muito malvisto, mas garanto que a maioria se preocupa e participa de causas importantes como a nossa\u201d, defendeu.<\/p>\n<p>Ainda em seu discurso, Izidio ponderou: \u201cSe voc\u00ea comparar um canteiro de obras hoje, com o que era 20 anos atr\u00e1s, a evolu\u00e7\u00e3o foi muito grande. E isso \u00e9 gra\u00e7a ao trabalho desse grupo, do qual eu me orgulho em participar\u201d, declarou.<\/p>\n<p>O homenageado recebeu a medalha das m\u00e3os de Dionisio Lamera, chefe do Centro Regional (CRDF), da Funda\u00e7\u00e3o Jorge Duprat Figueiredo de Seguran\u00e7a e Medicina do Trabalho (Fundacentro). O evento foi prestigiado pelo presidente do Sinduscon-DF, Jo\u00e3o Carlos Pimenta.<\/p>\n<p style=\"text-align: justify;\"><strong>\u00c9 preciso conscientizar<\/strong><\/p>\n<p>Izidio est\u00e1 \u00e0 frente das a\u00e7\u00f5es do Sinduscon-DF em favor da sa\u00fade e seguran\u00e7a dos trabalhadores da constru\u00e7\u00e3o civil desde 2011. \u201cO investimento em preven\u00e7\u00e3o s\u00f3 \u00e9 poss\u00edvel se passar pela educa\u00e7\u00e3o, pelas escolas e faculdades. N\u00e3o se implanta uma cultura preventiva apenas com leis e puni\u00e7\u00f5es. Isso, em alguns casos, torna-se necess\u00e1rio, por\u00e9m, n\u00e3o altera a percep\u00e7\u00e3o das pessoas sobre a tem\u00e1tica\u201d, defende.<\/p>\n<p>Segundo ele, a preven\u00e7\u00e3o de acidentes teve uma melhora acentuada nos \u00faltimos tempos. \u201cTemos cada vez mais pessoas engajadas no tema. Fa\u00e7o um paralelo com o tr\u00e2nsito. Hoje, paramos o carro para que o pedestre atravesse na faixa. Os jovens tamb\u00e9m nos d\u00e3o \u2018broncas\u2019 se deixamos as torneiras abertas. Tudo isso acontece porque estas pessoas foram treinadas para isso\u201d, exemplifica.<\/p>\n<p>Questionado sobre as motiva\u00e7\u00f5es para continuar \u00e0 frente de causas t\u00e3o importantes, Izidio \u00e9 categ\u00f3rico: \u201co que mais me incentiva \u00e9 a possibilidade de ver, em m\u00e9dio prazo, que a uni\u00e3o de pessoas e entidades de diferentes representa\u00e7\u00f5es foi a solu\u00e7\u00e3o para problemas que seriam menores, se todos n\u00f3s tiv\u00e9ssemos come\u00e7ado com o conhecimento que temos hoje em dia. Aprendemos uns com os outros, ajudamos, respeitamos. Os resultados aparecem\u201d, comemora.<\/p>\n<p style=\"text-align: justify;\"><strong>Conhe\u00e7a a trajet\u00f3ria de Izidio Santos<\/strong><\/p>\n<p>Izidio Santos \u00e9 formado em Engenharia Civil pela Universidade de Uberaba (Uniube), em 1989. Natural de Patos de Minas (MG), assumiu a Vice-Presid\u00eancia Administrativo-Financeira do Sinduscon-DF em 11 de julho de 2018.<\/p>\n<p>Entre as principais experi\u00eancias profissionais, destacam-se o trabalho na Construtora Santa Tereza, de 1989 a 1992; e na Emplavi, de 1992 a 1998. No mesmo ano, fundou a Barsan Engenharia, empresa que preside at\u00e9 hoje.<\/p>\n<p>O trabalho no Sinduscon-DF teve in\u00edcio em 2003, na gest\u00e3o do ent\u00e3o presidente Juvenal Amaral. Na \u00e9poca, Izidio fazia parte do Sinduscon Jovem. Anos depois, passou a compor a Diretoria da casa, enquanto vice-presidente, no mandato de Julio Cesar Peres, em 2011; e manteve-se no cargo durante a gest\u00e3o de Luiz Carlos Botelho, de 2014 a 2018.<\/p>\n<p>A atua\u00e7\u00e3o social teve grande destaque quando assumiu a Presid\u00eancia do Seconci-DF, entidade que presidiu por dois mandatos (2009-2011 e 2011-2013). Izidio tamb\u00e9m integrou a Diretoria da casa em dois outros momentos: de 2005 a 2009, como segundo secret\u00e1rio; e de 2017 a 2019, no cargo de segundo suplente fiscal. Tamanho foi o reconhecimento de seu trabalho que foi convidado a participar da formata\u00e7\u00e3o do Seconci Brasil, em 2011. Posteriormente, veio a responder pela Primeira Vice-Presid\u00eancia da entidade, cargo que ocupa at\u00e9 hoje.<\/p>\n<p>No Crea-DF, foi conselheiro por dois per\u00edodos (2005-2007 \/ 2007-2009) e coordenador da C\u00e2mara Especializada de Engenharia Civil durante dois anos consecutivos (2008 e 2009). Ele tamb\u00e9m fez parte do quadro de diretores da Fibra, de 2014 a setembro\/2018. Hoje, atua como primeiro vice-presidente do Clube de Engenharia de Bras\u00edlia, h\u00e1 duas gest\u00f5es (2014-2016 \/ 2017-2019).<\/p>\n<p>Izidio \u00e9 membro do Grupo de Trabalho Interinstitucional do Programa Trabalho Seguro do TRT da 10\u00aa Regi\u00e3o (Getrin-10); do Comit\u00ea Permanente Regional do Distrito Federal (CPR-DF); e do Conselho do Instituto Nacional do Seguro Social (INSS). Todas inciativas em favor da sa\u00fade e seguran\u00e7a no trabalho dos oper\u00e1rios da constru\u00e7\u00e3o civil do Distrito Federal. O empres\u00e1rio \u00e9, ainda, titular do Projeto Pessoa com Defici\u00eancia (PcD) na Constru\u00e7\u00e3o, uma iniciativa do F\u00f3rum de A\u00e7\u00e3o Social e Cidadania (Fasc\/CBIC).<\/p>\n<p>Na esfera nacional, \u00e9 o representante do Sinduscon-DF junto \u00e0 Comiss\u00e3o de Politica de Rela\u00e7\u00f5es Trabalhistas da CBIC, h\u00e1 seis anos; e representante da CBIC no Conselho Tem\u00e1tico Permanente de Rela\u00e7\u00f5es do Trabalho e Desenvolvimento Social, da CNI.<\/p>\n<p>Izidio \u00e9 casado com Ana Beatriz Fernandez e tem tr\u00eas filhos: Diogo, Henrique e Ana Maria.<\/p>\n","protected":false},"excerpt":{"rendered":"<p>Izidio Santos e Dion\u00edsio Lamera | Luciane Improta &#8211; Assessoria de Comunica\u00e7\u00e3o Social do Sinduscon-DF | A tarde desta quarta-feira, 26, foi motivo de muito orgulho para o Sinduscon-DF. O vice-presidente Administrativo-Financeiro da casa, Izidio Santos, que tamb\u00e9m \u00e9 respons\u00e1vel pela Diretoria de Pol\u00edticas e Rela\u00e7\u00f5es Trabalhistas, foi agraciado com o certificado, medalha e placa [&hellip;]<\/p>\n","protected":false},"author":3,"featured_media":7721,"comment_status":"closed","ping_status":"closed","sticky":false,"template":"","format":"standard","meta":{"footnotes":""},"categories":[92],"tags":[],"class_list":["post-7720","post","type-post","status-publish","format-standard","has-post-thumbnail","hentry","category-seconci-brasil"],"yoast_head":"<!-- This site is optimized with the Yoast SEO plugin v26.9 - https:\/\/yoast.com\/product\/yoast-seo-wordpress\/ -->\n<title>Izidio Santos recebe homenagem da Fundacentro - Seconci Brasil<\/title>\n<meta name=\"robots\" content=\"index, follow, max-snippet:-1, max-image-preview:large, max-video-preview:-1\" \/>\n<link rel=\"canonical\" href=\"https:\/\/seconci.com.br\/site\/2018\/09\/27\/7720\/\" \/>\n<meta property=\"og:locale\" content=\"pt_PT\" \/>\n<meta property=\"og:type\" content=\"article\" \/>\n<meta property=\"og:title\" content=\"Izidio Santos recebe homenagem da Fundacentro - Seconci Brasil\" \/>\n<meta property=\"og:description\" content=\"Izidio Santos e Dion\u00edsio Lamera | Luciane Improta &#8211; Assessoria de Comunica\u00e7\u00e3o Social do Sinduscon-DF | A tarde desta quarta-feira, 26, foi motivo de muito orgulho para o Sinduscon-DF. O vice-presidente Administrativo-Financeiro da casa, Izidio Santos, que tamb\u00e9m \u00e9 respons\u00e1vel pela Diretoria de Pol\u00edticas e Rela\u00e7\u00f5es Trabalhistas, foi agraciado com o certificado, medalha e placa [&hellip;]\" \/>\n<meta property=\"og:url\" content=\"https:\/\/seconci.com.br\/site\/2018\/09\/27\/7720\/\" \/>\n<meta property=\"og:site_name\" content=\"Seconci Brasil\" \/>\n<meta property=\"article:published_time\" content=\"2018-09-27T19:48:22+00:00\" \/>\n<meta property=\"article:modified_time\" content=\"2018-09-27T19:50:44+00:00\" \/>\n<meta property=\"og:image\" content=\"https:\/\/seconci.com.br\/site\/wp-content\/uploads\/2018\/09\/izidio.jpg\" \/>\n\t<meta property=\"og:image:width\" content=\"670\" \/>\n\t<meta property=\"og:image:height\" content=\"365\" \/>\n\t<meta property=\"og:image:type\" content=\"image\/jpeg\" \/>\n<meta name=\"author\" content=\"Sidney Rocha\" \/>\n<meta name=\"twitter:card\" content=\"summary_large_image\" \/>\n<meta name=\"twitter:label1\" content=\"Escrito por\" \/>\n\t<meta name=\"twitter:data1\" content=\"Sidney Rocha\" \/>\n\t<meta name=\"twitter:label2\" content=\"Tempo estimado de leitura\" \/>\n\t<meta name=\"twitter:data2\" content=\"4 minutos\" \/>\n<script type=\"application\/ld+json\" class=\"yoast-schema-graph\">{\"@context\":\"https:\/\/schema.org\",\"@graph\":[{\"@type\":\"Article\",\"@id\":\"https:\/\/seconci.com.br\/site\/2018\/09\/27\/7720\/#article\",\"isPartOf\":{\"@id\":\"https:\/\/seconci.com.br\/site\/2018\/09\/27\/7720\/\"},\"author\":{\"name\":\"Sidney Rocha\",\"@id\":\"https:\/\/seconci.com.br\/site\/#\/schema\/person\/1d79afd97ddc8f2c68c1e88e298aa8e2\"},\"headline\":\"Izidio Santos recebe homenagem da Fundacentro\",\"datePublished\":\"2018-09-27T19:48:22+00:00\",\"dateModified\":\"2018-09-27T19:50:44+00:00\",\"mainEntityOfPage\":{\"@id\":\"https:\/\/seconci.com.br\/site\/2018\/09\/27\/7720\/\"},\"wordCount\":848,\"publisher\":{\"@id\":\"https:\/\/seconci.com.br\/site\/#organization\"},\"image\":{\"@id\":\"https:\/\/seconci.com.br\/site\/2018\/09\/27\/7720\/#primaryimage\"},\"thumbnailUrl\":\"https:\/\/seconci.com.br\/site\/wp-content\/uploads\/2018\/09\/izidio.jpg\",\"articleSection\":[\"Seconci Brasil\"],\"inLanguage\":\"pt-PT\"},{\"@type\":\"WebPage\",\"@id\":\"https:\/\/seconci.com.br\/site\/2018\/09\/27\/7720\/\",\"url\":\"https:\/\/seconci.com.br\/site\/2018\/09\/27\/7720\/\",\"name\":\"Izidio Santos recebe homenagem da Fundacentro - Seconci Brasil\",\"isPartOf\":{\"@id\":\"https:\/\/seconci.com.br\/site\/#website\"},\"primaryImageOfPage\":{\"@id\":\"https:\/\/seconci.com.br\/site\/2018\/09\/27\/7720\/#primaryimage\"},\"image\":{\"@id\":\"https:\/\/seconci.com.br\/site\/2018\/09\/27\/7720\/#primaryimage\"},\"thumbnailUrl\":\"https:\/\/seconci.com.br\/site\/wp-content\/uploads\/2018\/09\/izidio.jpg\",\"datePublished\":\"2018-09-27T19:48:22+00:00\",\"dateModified\":\"2018-09-27T19:50:44+00:00\",\"breadcrumb\":{\"@id\":\"https:\/\/seconci.com.br\/site\/2018\/09\/27\/7720\/#breadcrumb\"},\"inLanguage\":\"pt-PT\",\"potentialAction\":[{\"@type\":\"ReadAction\",\"target\":[\"https:\/\/seconci.com.br\/site\/2018\/09\/27\/7720\/\"]}]},{\"@type\":\"ImageObject\",\"inLanguage\":\"pt-PT\",\"@id\":\"https:\/\/seconci.com.br\/site\/2018\/09\/27\/7720\/#primaryimage\",\"url\":\"https:\/\/seconci.com.br\/site\/wp-content\/uploads\/2018\/09\/izidio.jpg\",\"contentUrl\":\"https:\/\/seconci.com.br\/site\/wp-content\/uploads\/2018\/09\/izidio.jpg\",\"width\":670,\"height\":365},{\"@type\":\"BreadcrumbList\",\"@id\":\"https:\/\/seconci.com.br\/site\/2018\/09\/27\/7720\/#breadcrumb\",\"itemListElement\":[{\"@type\":\"ListItem\",\"position\":1,\"name\":\"In\u00edcio\",\"item\":\"https:\/\/seconci.com.br\/site\/\"},{\"@type\":\"ListItem\",\"position\":2,\"name\":\"Izidio Santos recebe homenagem da Fundacentro\"}]},{\"@type\":\"WebSite\",\"@id\":\"https:\/\/seconci.com.br\/site\/#website\",\"url\":\"https:\/\/seconci.com.br\/site\/\",\"name\":\"Seconci Brasil\",\"description\":\"\",\"publisher\":{\"@id\":\"https:\/\/seconci.com.br\/site\/#organization\"},\"potentialAction\":[{\"@type\":\"SearchAction\",\"target\":{\"@type\":\"EntryPoint\",\"urlTemplate\":\"https:\/\/seconci.com.br\/site\/?s={search_term_string}\"},\"query-input\":{\"@type\":\"PropertyValueSpecification\",\"valueRequired\":true,\"valueName\":\"search_term_string\"}}],\"inLanguage\":\"pt-PT\"},{\"@type\":\"Organization\",\"@id\":\"https:\/\/seconci.com.br\/site\/#organization\",\"name\":\"Seconci Brasil\",\"url\":\"https:\/\/seconci.com.br\/site\/\",\"logo\":{\"@type\":\"ImageObject\",\"inLanguage\":\"pt-PT\",\"@id\":\"https:\/\/seconci.com.br\/site\/#\/schema\/logo\/image\/\",\"url\":\"https:\/\/seconci.com.br\/site\/wp-content\/uploads\/2024\/08\/Logo-Seconci-Brasil-branca-2.png\",\"contentUrl\":\"https:\/\/seconci.com.br\/site\/wp-content\/uploads\/2024\/08\/Logo-Seconci-Brasil-branca-2.png\",\"width\":1315,\"height\":598,\"caption\":\"Seconci Brasil\"},\"image\":{\"@id\":\"https:\/\/seconci.com.br\/site\/#\/schema\/logo\/image\/\"}},{\"@type\":\"Person\",\"@id\":\"https:\/\/seconci.com.br\/site\/#\/schema\/person\/1d79afd97ddc8f2c68c1e88e298aa8e2\",\"name\":\"Sidney Rocha\",\"description\":\"Comunicador e estagi\u00e1rio do Seconci Brasil.\",\"url\":\"https:\/\/seconci.com.br\/site\/author\/sidney-rocha\/\"}]}<\/script>\n<!-- \/ Yoast SEO plugin. -->","yoast_head_json":{"title":"Izidio Santos recebe homenagem da Fundacentro - Seconci Brasil","robots":{"index":"index","follow":"follow","max-snippet":"max-snippet:-1","max-image-preview":"max-image-preview:large","max-video-preview":"max-video-preview:-1"},"canonical":"https:\/\/seconci.com.br\/site\/2018\/09\/27\/7720\/","og_locale":"pt_PT","og_type":"article","og_title":"Izidio Santos recebe homenagem da Fundacentro - Seconci Brasil","og_description":"Izidio Santos e Dion\u00edsio Lamera | Luciane Improta &#8211; Assessoria de Comunica\u00e7\u00e3o Social do Sinduscon-DF | A tarde desta quarta-feira, 26, foi motivo de muito orgulho para o Sinduscon-DF. O vice-presidente Administrativo-Financeiro da casa, Izidio Santos, que tamb\u00e9m \u00e9 respons\u00e1vel pela Diretoria de Pol\u00edticas e Rela\u00e7\u00f5es Trabalhistas, foi agraciado com o certificado, medalha e placa [&hellip;]","og_url":"https:\/\/seconci.com.br\/site\/2018\/09\/27\/7720\/","og_site_name":"Seconci Brasil","article_published_time":"2018-09-27T19:48:22+00:00","article_modified_time":"2018-09-27T19:50:44+00:00","og_image":[{"width":670,"height":365,"url":"https:\/\/seconci.com.br\/site\/wp-content\/uploads\/2018\/09\/izidio.jpg","type":"image\/jpeg"}],"author":"Sidney Rocha","twitter_card":"summary_large_image","twitter_misc":{"Escrito por":"Sidney Rocha","Tempo estimado de leitura":"4 minutos"},"schema":{"@context":"https:\/\/schema.org","@graph":[{"@type":"Article","@id":"https:\/\/seconci.com.br\/site\/2018\/09\/27\/7720\/#article","isPartOf":{"@id":"https:\/\/seconci.com.br\/site\/2018\/09\/27\/7720\/"},"author":{"name":"Sidney Rocha","@id":"https:\/\/seconci.com.br\/site\/#\/schema\/person\/1d79afd97ddc8f2c68c1e88e298aa8e2"},"headline":"Izidio Santos recebe homenagem da Fundacentro","datePublished":"2018-09-27T19:48:22+00:00","dateModified":"2018-09-27T19:50:44+00:00","mainEntityOfPage":{"@id":"https:\/\/seconci.com.br\/site\/2018\/09\/27\/7720\/"},"wordCount":848,"publisher":{"@id":"https:\/\/seconci.com.br\/site\/#organization"},"image":{"@id":"https:\/\/seconci.com.br\/site\/2018\/09\/27\/7720\/#primaryimage"},"thumbnailUrl":"https:\/\/seconci.com.br\/site\/wp-content\/uploads\/2018\/09\/izidio.jpg","articleSection":["Seconci Brasil"],"inLanguage":"pt-PT"},{"@type":"WebPage","@id":"https:\/\/seconci.com.br\/site\/2018\/09\/27\/7720\/","url":"https:\/\/seconci.com.br\/site\/2018\/09\/27\/7720\/","name":"Izidio Santos recebe homenagem da Fundacentro - Seconci Brasil","isPartOf":{"@id":"https:\/\/seconci.com.br\/site\/#website"},"primaryImageOfPage":{"@id":"https:\/\/seconci.com.br\/site\/2018\/09\/27\/7720\/#primaryimage"},"image":{"@id":"https:\/\/seconci.com.br\/site\/2018\/09\/27\/7720\/#primaryimage"},"thumbnailUrl":"https:\/\/seconci.com.br\/site\/wp-content\/uploads\/2018\/09\/izidio.jpg","datePublished":"2018-09-27T19:48:22+00:00","dateModified":"2018-09-27T19:50:44+00:00","breadcrumb":{"@id":"https:\/\/seconci.com.br\/site\/2018\/09\/27\/7720\/#breadcrumb"},"inLanguage":"pt-PT","potentialAction":[{"@type":"ReadAction","target":["https:\/\/seconci.com.br\/site\/2018\/09\/27\/7720\/"]}]},{"@type":"ImageObject","inLanguage":"pt-PT","@id":"https:\/\/seconci.com.br\/site\/2018\/09\/27\/7720\/#primaryimage","url":"https:\/\/seconci.com.br\/site\/wp-content\/uploads\/2018\/09\/izidio.jpg","contentUrl":"https:\/\/seconci.com.br\/site\/wp-content\/uploads\/2018\/09\/izidio.jpg","width":670,"height":365},{"@type":"BreadcrumbList","@id":"https:\/\/seconci.com.br\/site\/2018\/09\/27\/7720\/#breadcrumb","itemListElement":[{"@type":"ListItem","position":1,"name":"In\u00edcio","item":"https:\/\/seconci.com.br\/site\/"},{"@type":"ListItem","position":2,"name":"Izidio Santos recebe homenagem da Fundacentro"}]},{"@type":"WebSite","@id":"https:\/\/seconci.com.br\/site\/#website","url":"https:\/\/seconci.com.br\/site\/","name":"Seconci Brasil","description":"","publisher":{"@id":"https:\/\/seconci.com.br\/site\/#organization"},"potentialAction":[{"@type":"SearchAction","target":{"@type":"EntryPoint","urlTemplate":"https:\/\/seconci.com.br\/site\/?s={search_term_string}"},"query-input":{"@type":"PropertyValueSpecification","valueRequired":true,"valueName":"search_term_string"}}],"inLanguage":"pt-PT"},{"@type":"Organization","@id":"https:\/\/seconci.com.br\/site\/#organization","name":"Seconci Brasil","url":"https:\/\/seconci.com.br\/site\/","logo":{"@type":"ImageObject","inLanguage":"pt-PT","@id":"https:\/\/seconci.com.br\/site\/#\/schema\/logo\/image\/","url":"https:\/\/seconci.com.br\/site\/wp-content\/uploads\/2024\/08\/Logo-Seconci-Brasil-branca-2.png","contentUrl":"https:\/\/seconci.com.br\/site\/wp-content\/uploads\/2024\/08\/Logo-Seconci-Brasil-branca-2.png","width":1315,"height":598,"caption":"Seconci Brasil"},"image":{"@id":"https:\/\/seconci.com.br\/site\/#\/schema\/logo\/image\/"}},{"@type":"Person","@id":"https:\/\/seconci.com.br\/site\/#\/schema\/person\/1d79afd97ddc8f2c68c1e88e298aa8e2","name":"Sidney Rocha","description":"Comunicador e estagi\u00e1rio do Seconci Brasil.","url":"https:\/\/seconci.com.br\/site\/author\/sidney-rocha\/"}]}},"_links":{"self":[{"href":"https:\/\/seconci.com.br\/site\/wp-json\/wp\/v2\/posts\/7720","targetHints":{"allow":["GET"]}}],"collection":[{"href":"https:\/\/seconci.com.br\/site\/wp-json\/wp\/v2\/posts"}],"about":[{"href":"https:\/\/seconci.com.br\/site\/wp-json\/wp\/v2\/types\/post"}],"author":[{"embeddable":true,"href":"https:\/\/seconci.com.br\/site\/wp-json\/wp\/v2\/users\/3"}],"replies":[{"embeddable":true,"href":"https:\/\/seconci.com.br\/site\/wp-json\/wp\/v2\/comments?post=7720"}],"version-history":[{"count":0,"href":"https:\/\/seconci.com.br\/site\/wp-json\/wp\/v2\/posts\/7720\/revisions"}],"wp:featuredmedia":[{"embeddable":true,"href":"https:\/\/seconci.com.br\/site\/wp-json\/wp\/v2\/media\/7721"}],"wp:attachment":[{"href":"https:\/\/seconci.com.br\/site\/wp-json\/wp\/v2\/media?parent=7720"}],"wp:term":[{"taxonomy":"category","embeddable":true,"href":"https:\/\/seconci.com.br\/site\/wp-json\/wp\/v2\/categories?post=7720"},{"taxonomy":"post_tag","embeddable":true,"href":"https:\/\/seconci.com.br\/site\/wp-json\/wp\/v2\/tags?post=7720"}],"curies":[{"name":"wp","href":"https:\/\/api.w.org\/{rel}","templated":true}]}}