{"id":7726,"date":"2018-09-28T13:44:16","date_gmt":"2018-09-28T13:44:16","guid":{"rendered":"https:\/\/seconci.com.br\/site\/?p=7726"},"modified":"2018-09-28T13:44:16","modified_gmt":"2018-09-28T13:44:16","slug":"campanha-nacional-de-prevencao-de-acidentes-canpat","status":"publish","type":"post","link":"https:\/\/seconci.com.br\/site\/2018\/09\/28\/campanha-nacional-de-prevencao-de-acidentes-canpat\/","title":{"rendered":"CAMPANHA NACIONAL DE PREVEN\u00c7\u00c3O DE ACIDENTES \u2013 CANPAT"},"content":{"rendered":"<p style=\"text-align: justify;\"><em>Representantes falam sobre acidentes envolvendo queda em altura durante o Ense<\/em><\/p>\n<p style=\"text-align: justify;\">| <strong>Assessoria de Comunica\u00e7\u00e3o Social do Seconci Brasil<\/strong> |<\/p>\n<p style=\"text-align: justify;\">Iniciativa da C\u00e2mara Brasileira da Ind\u00fastria da Constru\u00e7\u00e3o (Cbic), a Campanha Nacional de Preven\u00e7\u00e3o de Acidentes na Ind\u00fastria da Constru\u00e7\u00e3o (CANPAT Constru\u00e7\u00e3o) combina esfor\u00e7os com os principais atores da Seguran\u00e7a e Sa\u00fade do Trabalho: o Sesi, os Servi\u00e7os Sociais da Ind\u00fastria da Constru\u00e7\u00e3o (Seconcis) e o Minist\u00e9rio do Trabalho (MTE). In\u00e9dita, essa a\u00e7\u00e3o conjunta marca o in\u00edcio de um novo ciclo na preven\u00e7\u00e3o ao acidente de trabalho, com vistas a induzir ainda maior redu\u00e7\u00e3o na incid\u00eancia de acidentes na ind\u00fastria da constru\u00e7\u00e3o e tornar o ambiente de trabalho cada vez mais produtivo e seguro.<\/p>\n<p style=\"text-align: justify;\">A CANPAT Constru\u00e7\u00e3o foi tema da palestra de abertura do segundo dia de Encontro de Seconcis (Ense). Para falar sobre o assunto, estiveram no audit\u00f3rio do Seconci-SP a engenheira Ligia Correa e o presidente do Seconci-SP, Haruo Ishikawa. \u201cA CANPAT, a princ\u00edpio, foi pensada com um vi\u00e9s pol\u00edtico e eu preciso refor\u00e7ar a import\u00e2ncia da parceria com os Seconcis porque, gra\u00e7as ao Haruo, percebemos que n\u00e3o seria poss\u00edvel fazer pol\u00edtica e esquecer da parte t\u00e9cnica. Conseguimos conciliar as duas coisas e quero ressaltar e agradecer a parceria de todos. Essa campanha n\u00e3o \u00e9 da Cbic, ela \u00e9 nossa\u201d, falou Ligia.<\/p>\n<p style=\"text-align: justify;\">Ishikawa ressaltou a import\u00e2ncia da cultura da preven\u00e7\u00e3o e o esfor\u00e7o do setor da constru\u00e7\u00e3o para cultura prevencionista. Disse tamb\u00e9m que n\u00e3o existe concess\u00e3o quando se trata de seguran\u00e7a e o cumprimento das exig\u00eancias relacionadas ao assunto. \u201cPara seguran\u00e7a e sa\u00fade, \u00e9 preciso ter rigor. N\u00e3o tem concess\u00e3o para este trabalho, \u00e9 preciso cumprir\u201d, disse Ishikawa.<\/p>\n<p style=\"text-align: justify;\">A campanha j\u00e1 passou por seis regi\u00f5es no primeiro ciclo 2017\/2018: Florian\u00f3polis, Porto Alegre, Vit\u00f3ria, Goi\u00e2nia, Bel\u00e9m e Ribeir\u00e3o Preto, al\u00e9m de Bras\u00edlia. Para o ciclo 2018\/2019 est\u00e3o previstos encontros em Bras\u00edlia, S\u00e3o Luiz, Belo Horizonte, Curitiba, Campo Grande, Salvador e Rio de janeiro. Este ciclo ser\u00e1 focado na preven\u00e7\u00e3o de quedas por trabalho em altura, regulamentado pela Norma Regulamentadora 35, e se aplica a trabalhos realizados a mais de 2m de altura onde haja risco de queda<\/p>\n<p style=\"text-align: justify;\">Para saber mais sobre a CANPAT, <a href=\"http:\/\/gadioli.com\/clientes\/cbic\/canpat\/\">clique aqui.<\/a><\/p>\n","protected":false},"excerpt":{"rendered":"<p>Representantes falam sobre acidentes envolvendo queda em altura durante o Ense | Assessoria de Comunica\u00e7\u00e3o Social do Seconci Brasil | Iniciativa da C\u00e2mara Brasileira da Ind\u00fastria da Constru\u00e7\u00e3o (Cbic), a Campanha Nacional de Preven\u00e7\u00e3o de Acidentes na Ind\u00fastria da Constru\u00e7\u00e3o (CANPAT Constru\u00e7\u00e3o) combina esfor\u00e7os com os principais atores da Seguran\u00e7a e Sa\u00fade do Trabalho: o [&hellip;]<\/p>\n","protected":false},"author":3,"featured_media":7727,"comment_status":"closed","ping_status":"closed","sticky":false,"template":"","format":"standard","meta":{"footnotes":""},"categories":[92],"tags":[],"class_list":["post-7726","post","type-post","status-publish","format-standard","has-post-thumbnail","hentry","category-seconci-brasil"],"yoast_head":"<!-- This site is optimized with the Yoast SEO plugin v26.9 - https:\/\/yoast.com\/product\/yoast-seo-wordpress\/ -->\n<title>CAMPANHA NACIONAL DE PREVEN\u00c7\u00c3O DE ACIDENTES \u2013 CANPAT - Seconci Brasil<\/title>\n<meta name=\"robots\" content=\"index, follow, max-snippet:-1, max-image-preview:large, max-video-preview:-1\" \/>\n<link rel=\"canonical\" href=\"https:\/\/seconci.com.br\/site\/2018\/09\/28\/campanha-nacional-de-prevencao-de-acidentes-canpat\/\" \/>\n<meta property=\"og:locale\" content=\"pt_PT\" \/>\n<meta property=\"og:type\" content=\"article\" \/>\n<meta property=\"og:title\" content=\"CAMPANHA NACIONAL DE PREVEN\u00c7\u00c3O DE ACIDENTES \u2013 CANPAT - Seconci Brasil\" \/>\n<meta property=\"og:description\" content=\"Representantes falam sobre acidentes envolvendo queda em altura durante o Ense | Assessoria de Comunica\u00e7\u00e3o Social do Seconci Brasil | Iniciativa da C\u00e2mara Brasileira da Ind\u00fastria da Constru\u00e7\u00e3o (Cbic), a Campanha Nacional de Preven\u00e7\u00e3o de Acidentes na Ind\u00fastria da Constru\u00e7\u00e3o (CANPAT Constru\u00e7\u00e3o) combina esfor\u00e7os com os principais atores da Seguran\u00e7a e Sa\u00fade do Trabalho: o [&hellip;]\" \/>\n<meta property=\"og:url\" content=\"https:\/\/seconci.com.br\/site\/2018\/09\/28\/campanha-nacional-de-prevencao-de-acidentes-canpat\/\" \/>\n<meta property=\"og:site_name\" content=\"Seconci Brasil\" \/>\n<meta property=\"article:published_time\" content=\"2018-09-28T13:44:16+00:00\" \/>\n<meta property=\"og:image\" content=\"https:\/\/seconci.com.br\/site\/wp-content\/uploads\/2018\/09\/DSC_0545.jpg\" \/>\n\t<meta property=\"og:image:width\" content=\"2304\" \/>\n\t<meta property=\"og:image:height\" content=\"1536\" \/>\n\t<meta property=\"og:image:type\" content=\"image\/jpeg\" \/>\n<meta name=\"author\" content=\"Sidney Rocha\" \/>\n<meta name=\"twitter:card\" content=\"summary_large_image\" \/>\n<meta name=\"twitter:label1\" content=\"Escrito por\" \/>\n\t<meta name=\"twitter:data1\" content=\"Sidney Rocha\" \/>\n\t<meta name=\"twitter:label2\" content=\"Tempo estimado de leitura\" \/>\n\t<meta name=\"twitter:data2\" content=\"2 minutos\" \/>\n<script type=\"application\/ld+json\" class=\"yoast-schema-graph\">{\"@context\":\"https:\/\/schema.org\",\"@graph\":[{\"@type\":\"Article\",\"@id\":\"https:\/\/seconci.com.br\/site\/2018\/09\/28\/campanha-nacional-de-prevencao-de-acidentes-canpat\/#article\",\"isPartOf\":{\"@id\":\"https:\/\/seconci.com.br\/site\/2018\/09\/28\/campanha-nacional-de-prevencao-de-acidentes-canpat\/\"},\"author\":{\"name\":\"Sidney Rocha\",\"@id\":\"https:\/\/seconci.com.br\/site\/#\/schema\/person\/1d79afd97ddc8f2c68c1e88e298aa8e2\"},\"headline\":\"CAMPANHA NACIONAL DE PREVEN\u00c7\u00c3O DE ACIDENTES \u2013 CANPAT\",\"datePublished\":\"2018-09-28T13:44:16+00:00\",\"mainEntityOfPage\":{\"@id\":\"https:\/\/seconci.com.br\/site\/2018\/09\/28\/campanha-nacional-de-prevencao-de-acidentes-canpat\/\"},\"wordCount\":416,\"publisher\":{\"@id\":\"https:\/\/seconci.com.br\/site\/#organization\"},\"image\":{\"@id\":\"https:\/\/seconci.com.br\/site\/2018\/09\/28\/campanha-nacional-de-prevencao-de-acidentes-canpat\/#primaryimage\"},\"thumbnailUrl\":\"https:\/\/seconci.com.br\/site\/wp-content\/uploads\/2018\/09\/DSC_0545.jpg\",\"articleSection\":[\"Seconci Brasil\"],\"inLanguage\":\"pt-PT\"},{\"@type\":\"WebPage\",\"@id\":\"https:\/\/seconci.com.br\/site\/2018\/09\/28\/campanha-nacional-de-prevencao-de-acidentes-canpat\/\",\"url\":\"https:\/\/seconci.com.br\/site\/2018\/09\/28\/campanha-nacional-de-prevencao-de-acidentes-canpat\/\",\"name\":\"CAMPANHA NACIONAL DE PREVEN\u00c7\u00c3O DE ACIDENTES \u2013 CANPAT - Seconci Brasil\",\"isPartOf\":{\"@id\":\"https:\/\/seconci.com.br\/site\/#website\"},\"primaryImageOfPage\":{\"@id\":\"https:\/\/seconci.com.br\/site\/2018\/09\/28\/campanha-nacional-de-prevencao-de-acidentes-canpat\/#primaryimage\"},\"image\":{\"@id\":\"https:\/\/seconci.com.br\/site\/2018\/09\/28\/campanha-nacional-de-prevencao-de-acidentes-canpat\/#primaryimage\"},\"thumbnailUrl\":\"https:\/\/seconci.com.br\/site\/wp-content\/uploads\/2018\/09\/DSC_0545.jpg\",\"datePublished\":\"2018-09-28T13:44:16+00:00\",\"breadcrumb\":{\"@id\":\"https:\/\/seconci.com.br\/site\/2018\/09\/28\/campanha-nacional-de-prevencao-de-acidentes-canpat\/#breadcrumb\"},\"inLanguage\":\"pt-PT\",\"potentialAction\":[{\"@type\":\"ReadAction\",\"target\":[\"https:\/\/seconci.com.br\/site\/2018\/09\/28\/campanha-nacional-de-prevencao-de-acidentes-canpat\/\"]}]},{\"@type\":\"ImageObject\",\"inLanguage\":\"pt-PT\",\"@id\":\"https:\/\/seconci.com.br\/site\/2018\/09\/28\/campanha-nacional-de-prevencao-de-acidentes-canpat\/#primaryimage\",\"url\":\"https:\/\/seconci.com.br\/site\/wp-content\/uploads\/2018\/09\/DSC_0545.jpg\",\"contentUrl\":\"https:\/\/seconci.com.br\/site\/wp-content\/uploads\/2018\/09\/DSC_0545.jpg\",\"width\":2304,\"height\":1536},{\"@type\":\"BreadcrumbList\",\"@id\":\"https:\/\/seconci.com.br\/site\/2018\/09\/28\/campanha-nacional-de-prevencao-de-acidentes-canpat\/#breadcrumb\",\"itemListElement\":[{\"@type\":\"ListItem\",\"position\":1,\"name\":\"In\u00edcio\",\"item\":\"https:\/\/seconci.com.br\/site\/\"},{\"@type\":\"ListItem\",\"position\":2,\"name\":\"CAMPANHA NACIONAL DE PREVEN\u00c7\u00c3O DE ACIDENTES \u2013 CANPAT\"}]},{\"@type\":\"WebSite\",\"@id\":\"https:\/\/seconci.com.br\/site\/#website\",\"url\":\"https:\/\/seconci.com.br\/site\/\",\"name\":\"Seconci Brasil\",\"description\":\"\",\"publisher\":{\"@id\":\"https:\/\/seconci.com.br\/site\/#organization\"},\"potentialAction\":[{\"@type\":\"SearchAction\",\"target\":{\"@type\":\"EntryPoint\",\"urlTemplate\":\"https:\/\/seconci.com.br\/site\/?s={search_term_string}\"},\"query-input\":{\"@type\":\"PropertyValueSpecification\",\"valueRequired\":true,\"valueName\":\"search_term_string\"}}],\"inLanguage\":\"pt-PT\"},{\"@type\":\"Organization\",\"@id\":\"https:\/\/seconci.com.br\/site\/#organization\",\"name\":\"Seconci Brasil\",\"url\":\"https:\/\/seconci.com.br\/site\/\",\"logo\":{\"@type\":\"ImageObject\",\"inLanguage\":\"pt-PT\",\"@id\":\"https:\/\/seconci.com.br\/site\/#\/schema\/logo\/image\/\",\"url\":\"https:\/\/seconci.com.br\/site\/wp-content\/uploads\/2024\/08\/Logo-Seconci-Brasil-branca-2.png\",\"contentUrl\":\"https:\/\/seconci.com.br\/site\/wp-content\/uploads\/2024\/08\/Logo-Seconci-Brasil-branca-2.png\",\"width\":1315,\"height\":598,\"caption\":\"Seconci Brasil\"},\"image\":{\"@id\":\"https:\/\/seconci.com.br\/site\/#\/schema\/logo\/image\/\"}},{\"@type\":\"Person\",\"@id\":\"https:\/\/seconci.com.br\/site\/#\/schema\/person\/1d79afd97ddc8f2c68c1e88e298aa8e2\",\"name\":\"Sidney Rocha\",\"description\":\"Comunicador e estagi\u00e1rio do Seconci Brasil.\",\"url\":\"https:\/\/seconci.com.br\/site\/author\/sidney-rocha\/\"}]}<\/script>\n<!-- \/ Yoast SEO plugin. -->","yoast_head_json":{"title":"CAMPANHA NACIONAL DE PREVEN\u00c7\u00c3O DE ACIDENTES \u2013 CANPAT - Seconci Brasil","robots":{"index":"index","follow":"follow","max-snippet":"max-snippet:-1","max-image-preview":"max-image-preview:large","max-video-preview":"max-video-preview:-1"},"canonical":"https:\/\/seconci.com.br\/site\/2018\/09\/28\/campanha-nacional-de-prevencao-de-acidentes-canpat\/","og_locale":"pt_PT","og_type":"article","og_title":"CAMPANHA NACIONAL DE PREVEN\u00c7\u00c3O DE ACIDENTES \u2013 CANPAT - Seconci Brasil","og_description":"Representantes falam sobre acidentes envolvendo queda em altura durante o Ense | Assessoria de Comunica\u00e7\u00e3o Social do Seconci Brasil | Iniciativa da C\u00e2mara Brasileira da Ind\u00fastria da Constru\u00e7\u00e3o (Cbic), a Campanha Nacional de Preven\u00e7\u00e3o de Acidentes na Ind\u00fastria da Constru\u00e7\u00e3o (CANPAT Constru\u00e7\u00e3o) combina esfor\u00e7os com os principais atores da Seguran\u00e7a e Sa\u00fade do Trabalho: o [&hellip;]","og_url":"https:\/\/seconci.com.br\/site\/2018\/09\/28\/campanha-nacional-de-prevencao-de-acidentes-canpat\/","og_site_name":"Seconci Brasil","article_published_time":"2018-09-28T13:44:16+00:00","og_image":[{"width":2304,"height":1536,"url":"https:\/\/seconci.com.br\/site\/wp-content\/uploads\/2018\/09\/DSC_0545.jpg","type":"image\/jpeg"}],"author":"Sidney Rocha","twitter_card":"summary_large_image","twitter_misc":{"Escrito por":"Sidney Rocha","Tempo estimado de leitura":"2 minutos"},"schema":{"@context":"https:\/\/schema.org","@graph":[{"@type":"Article","@id":"https:\/\/seconci.com.br\/site\/2018\/09\/28\/campanha-nacional-de-prevencao-de-acidentes-canpat\/#article","isPartOf":{"@id":"https:\/\/seconci.com.br\/site\/2018\/09\/28\/campanha-nacional-de-prevencao-de-acidentes-canpat\/"},"author":{"name":"Sidney Rocha","@id":"https:\/\/seconci.com.br\/site\/#\/schema\/person\/1d79afd97ddc8f2c68c1e88e298aa8e2"},"headline":"CAMPANHA NACIONAL DE PREVEN\u00c7\u00c3O DE ACIDENTES \u2013 CANPAT","datePublished":"2018-09-28T13:44:16+00:00","mainEntityOfPage":{"@id":"https:\/\/seconci.com.br\/site\/2018\/09\/28\/campanha-nacional-de-prevencao-de-acidentes-canpat\/"},"wordCount":416,"publisher":{"@id":"https:\/\/seconci.com.br\/site\/#organization"},"image":{"@id":"https:\/\/seconci.com.br\/site\/2018\/09\/28\/campanha-nacional-de-prevencao-de-acidentes-canpat\/#primaryimage"},"thumbnailUrl":"https:\/\/seconci.com.br\/site\/wp-content\/uploads\/2018\/09\/DSC_0545.jpg","articleSection":["Seconci Brasil"],"inLanguage":"pt-PT"},{"@type":"WebPage","@id":"https:\/\/seconci.com.br\/site\/2018\/09\/28\/campanha-nacional-de-prevencao-de-acidentes-canpat\/","url":"https:\/\/seconci.com.br\/site\/2018\/09\/28\/campanha-nacional-de-prevencao-de-acidentes-canpat\/","name":"CAMPANHA NACIONAL DE PREVEN\u00c7\u00c3O DE ACIDENTES \u2013 CANPAT - Seconci Brasil","isPartOf":{"@id":"https:\/\/seconci.com.br\/site\/#website"},"primaryImageOfPage":{"@id":"https:\/\/seconci.com.br\/site\/2018\/09\/28\/campanha-nacional-de-prevencao-de-acidentes-canpat\/#primaryimage"},"image":{"@id":"https:\/\/seconci.com.br\/site\/2018\/09\/28\/campanha-nacional-de-prevencao-de-acidentes-canpat\/#primaryimage"},"thumbnailUrl":"https:\/\/seconci.com.br\/site\/wp-content\/uploads\/2018\/09\/DSC_0545.jpg","datePublished":"2018-09-28T13:44:16+00:00","breadcrumb":{"@id":"https:\/\/seconci.com.br\/site\/2018\/09\/28\/campanha-nacional-de-prevencao-de-acidentes-canpat\/#breadcrumb"},"inLanguage":"pt-PT","potentialAction":[{"@type":"ReadAction","target":["https:\/\/seconci.com.br\/site\/2018\/09\/28\/campanha-nacional-de-prevencao-de-acidentes-canpat\/"]}]},{"@type":"ImageObject","inLanguage":"pt-PT","@id":"https:\/\/seconci.com.br\/site\/2018\/09\/28\/campanha-nacional-de-prevencao-de-acidentes-canpat\/#primaryimage","url":"https:\/\/seconci.com.br\/site\/wp-content\/uploads\/2018\/09\/DSC_0545.jpg","contentUrl":"https:\/\/seconci.com.br\/site\/wp-content\/uploads\/2018\/09\/DSC_0545.jpg","width":2304,"height":1536},{"@type":"BreadcrumbList","@id":"https:\/\/seconci.com.br\/site\/2018\/09\/28\/campanha-nacional-de-prevencao-de-acidentes-canpat\/#breadcrumb","itemListElement":[{"@type":"ListItem","position":1,"name":"In\u00edcio","item":"https:\/\/seconci.com.br\/site\/"},{"@type":"ListItem","position":2,"name":"CAMPANHA NACIONAL DE PREVEN\u00c7\u00c3O DE ACIDENTES \u2013 CANPAT"}]},{"@type":"WebSite","@id":"https:\/\/seconci.com.br\/site\/#website","url":"https:\/\/seconci.com.br\/site\/","name":"Seconci Brasil","description":"","publisher":{"@id":"https:\/\/seconci.com.br\/site\/#organization"},"potentialAction":[{"@type":"SearchAction","target":{"@type":"EntryPoint","urlTemplate":"https:\/\/seconci.com.br\/site\/?s={search_term_string}"},"query-input":{"@type":"PropertyValueSpecification","valueRequired":true,"valueName":"search_term_string"}}],"inLanguage":"pt-PT"},{"@type":"Organization","@id":"https:\/\/seconci.com.br\/site\/#organization","name":"Seconci Brasil","url":"https:\/\/seconci.com.br\/site\/","logo":{"@type":"ImageObject","inLanguage":"pt-PT","@id":"https:\/\/seconci.com.br\/site\/#\/schema\/logo\/image\/","url":"https:\/\/seconci.com.br\/site\/wp-content\/uploads\/2024\/08\/Logo-Seconci-Brasil-branca-2.png","contentUrl":"https:\/\/seconci.com.br\/site\/wp-content\/uploads\/2024\/08\/Logo-Seconci-Brasil-branca-2.png","width":1315,"height":598,"caption":"Seconci Brasil"},"image":{"@id":"https:\/\/seconci.com.br\/site\/#\/schema\/logo\/image\/"}},{"@type":"Person","@id":"https:\/\/seconci.com.br\/site\/#\/schema\/person\/1d79afd97ddc8f2c68c1e88e298aa8e2","name":"Sidney Rocha","description":"Comunicador e estagi\u00e1rio do Seconci Brasil.","url":"https:\/\/seconci.com.br\/site\/author\/sidney-rocha\/"}]}},"_links":{"self":[{"href":"https:\/\/seconci.com.br\/site\/wp-json\/wp\/v2\/posts\/7726","targetHints":{"allow":["GET"]}}],"collection":[{"href":"https:\/\/seconci.com.br\/site\/wp-json\/wp\/v2\/posts"}],"about":[{"href":"https:\/\/seconci.com.br\/site\/wp-json\/wp\/v2\/types\/post"}],"author":[{"embeddable":true,"href":"https:\/\/seconci.com.br\/site\/wp-json\/wp\/v2\/users\/3"}],"replies":[{"embeddable":true,"href":"https:\/\/seconci.com.br\/site\/wp-json\/wp\/v2\/comments?post=7726"}],"version-history":[{"count":0,"href":"https:\/\/seconci.com.br\/site\/wp-json\/wp\/v2\/posts\/7726\/revisions"}],"wp:featuredmedia":[{"embeddable":true,"href":"https:\/\/seconci.com.br\/site\/wp-json\/wp\/v2\/media\/7727"}],"wp:attachment":[{"href":"https:\/\/seconci.com.br\/site\/wp-json\/wp\/v2\/media?parent=7726"}],"wp:term":[{"taxonomy":"category","embeddable":true,"href":"https:\/\/seconci.com.br\/site\/wp-json\/wp\/v2\/categories?post=7726"},{"taxonomy":"post_tag","embeddable":true,"href":"https:\/\/seconci.com.br\/site\/wp-json\/wp\/v2\/tags?post=7726"}],"curies":[{"name":"wp","href":"https:\/\/api.w.org\/{rel}","templated":true}]}}