{"id":7730,"date":"2018-10-01T13:13:14","date_gmt":"2018-10-01T13:13:14","guid":{"rendered":"https:\/\/seconci.com.br\/site\/?p=7730"},"modified":"2018-10-01T13:13:14","modified_gmt":"2018-10-01T13:13:14","slug":"seconci-sp-destaca-importancia-da-humanizacao-em-encontro-nacional","status":"publish","type":"post","link":"https:\/\/seconci.com.br\/site\/2018\/10\/01\/seconci-sp-destaca-importancia-da-humanizacao-em-encontro-nacional\/","title":{"rendered":"Seconci-SP destaca import\u00e2ncia da humaniza\u00e7\u00e3o em encontro nacional"},"content":{"rendered":"<p style=\"text-align: justify;\">| Por Seconci-SP |<\/p>\n<p style=\"text-align: justify;\">O Seconci-SP (Servi\u00e7o Social da Constru\u00e7\u00e3o) sediou em 27 e 28 de setembro o Ense \u2013 Encontro Nacional de Seconcis. Ao abrir o evento, o presidente do Seconci-SP, Haruo Ishikawa, destacou que o diferencial da entidade \u00e9 a \u201chumaniza\u00e7\u00e3o da sa\u00fade\u201d que marca o acolhimento dado aos pacientes das unidades pr\u00f3prias e da rede p\u00fablica. \u201cSempre primamos pela \u00e9tica e hoje temos um C\u00f3digo de Conduta e Compliance\u201d, assinalou.<\/p>\n<p style=\"text-align: justify;\">\u201cQuando voc\u00ea v\u00ea uma entidade como o Seconci, que est\u00e1 em v\u00e1rios Estados, a import\u00e2ncia que tem para a sociedade brasileira; o quanto n\u00f3s colaboramos com o Sistema \u00danico de Sa\u00fade; o que fazemos \u00e9 fundamental, porque estamos desafogando o SUS\u201d, destacou o presidente do Seconci-SP. Ele ressaltou que o Ense possibilita aos participantes e representantes das entidades a troca de conhecimentos sobre uma atividade de cunho social muito relevante para o pa\u00eds.<\/p>\n<p style=\"text-align: justify;\">Ishikawa tamb\u00e9m fez uma apresenta\u00e7\u00e3o sobre a Canpat \u2013 Campanha Nacional de Preven\u00e7\u00e3o de Acidentes de Trabalho, que re\u00fane C\u00e2mara Brasileira da Ind\u00fastria da Constru\u00e7\u00e3o (CBIC), governo e entidades como o SindusCon-SP. Iniciada em 2017, a Canpat vem percorrendo v\u00e1rios estados do pa\u00eds.<\/p>\n<p style=\"text-align: justify;\">O presidente do Seconci Brasil e membro do Conselho do Seconci-SP, Antonio Carlos Salgueiro Araujo, observou que o momento \u00e9 \u201cde crise, mas tamb\u00e9m de desafios, e neste Ense vamos compartilhar ideias e ideais\u201d.<\/p>\n<p style=\"text-align: justify;\">\u201cSabemos que estamos passando por dificuldades nas nossas entidades e sindicatos e, mesmo assim, estamos aqui para tratar de assuntos de interesse e relev\u00e2ncia como e-Social, contribui\u00e7\u00e3o associativa, entre outros\u201d, comentou Araujo.<\/p>\n<p style=\"text-align: justify;\">Ana Claudia Nunes, presidente do F\u00f3rum de A\u00e7\u00e3o Social (Fasc) e Cidadania da CBIC, falou da import\u00e2ncia da \u00e9tica e compliance para a constru\u00e7\u00e3o civil. , Ela informou que a executiva do Seconci Brasil, Denise Noleto, participar\u00e1, como ouvinte, do curso Semipresencial em \u00c9tica e Compliance. \u201cO objetivo \u00e9 capacit\u00e1-la de modo que ela possa disseminar as informa\u00e7\u00f5es recebidas para os Seconcis de todo Brasil, auxiliando assim na propaga\u00e7\u00e3o de conceitos relevantes como os de \u00e9tica, integridade e compliance, que ser\u00e3o cada vez mais exigidos pelo mercado de trabalho\u201d, afirmou.<\/p>\n<p>&nbsp;<\/p>\n<p style=\"text-align: justify;\"><strong>Percep\u00e7\u00e3o de valor<\/strong><\/p>\n<p style=\"text-align: justify;\">\nO professor Rafael Tello, da Funda\u00e7\u00e3o Dom Cabral, apresentou o Estudo sobre o Impacto Social dos Seconcis, realizado em 11 Estados pela NHK e por aquela funda\u00e7\u00e3o, a pedido do Fasc. Segundo o estudo, os Seconcis s\u00e3o conhecidos e valorizados pelos trabalhadores, havendo espa\u00e7o para tornar as entidades mais reconhecidas e valorizadas pelas empresas.<\/p>\n<p style=\"text-align: justify;\">\u201cO grau de conhecimento entre os trabalhadores formais sobre o Seconci chega a 75% e, infelizmente, entre os informais cerca de 70% n\u00e3o conhecem a entidade\u201d, apontou Rafael Tello. Segundo a pesquisa, entre as empresas do setor esse n\u00famero cai bastante: cerca de 40% das entrevistadas n\u00e3o conhecem o trabalho da entidade, ou seja, ainda h\u00e1 um espa\u00e7o consider\u00e1vel para crescimento.<\/p>\n<p style=\"text-align: justify;\">A gerente de Rela\u00e7\u00f5es com o Mercado do Seconci-SP, Flavia Coelho, apresentou uma radiografia das Regionais do Seconci-SP. Agnaldo Silva, gerente da Regional Ribeir\u00e3o Preto da entidade, exibiu as a\u00e7\u00f5es sociais que divulgam a boa imagem do Seconci-SP na regi\u00e3o. E a superintendente do Instituto de Estudos e Pesquisas Arm\u00eanio Crestana, do Seconci-SP, Norma Araujo, apresentou o 5\u00ba Pr\u00eamio Seconci-SP de Seguran\u00e7a e Sa\u00fade do Trabalho, cuja solenidade de premia\u00e7\u00e3o ocorrer\u00e1 em 7 de novembro.<\/p>\n<p style=\"text-align: justify;\">O auditor fiscal Jos\u00e9 Alberto Maia palestrou sobre o e-Social e o auditor Ant\u00f4nio Pereira sobre o PCMAT e a fiscaliza\u00e7\u00e3o do Minist\u00e9rio do Trabalho. Durante os dois dias do evento, gestores, m\u00e9dicos, dentistas, engenheiros de seguran\u00e7a e assistentes sociais realizaram diversas reuni\u00f5es t\u00e9cnicas, trocando experi\u00eancias sobre gest\u00e3o, atendimento m\u00e9dico e odontol\u00f3gico e seguran\u00e7a do trabalho.<\/p>\n<p>Mais fotos do evento, <a href=\"https:\/\/www.facebook.com\/pg\/seconcibrasil\/photos\/?tab=album&amp;album_id=1909353322483443\" target=\"_blank\" rel=\"noopener\">clique aqui<\/a>.<\/p>\n","protected":false},"excerpt":{"rendered":"<p>| Por Seconci-SP | O Seconci-SP (Servi\u00e7o Social da Constru\u00e7\u00e3o) sediou em 27 e 28 de setembro o Ense \u2013 Encontro Nacional de Seconcis. Ao abrir o evento, o presidente do Seconci-SP, Haruo Ishikawa, destacou que o diferencial da entidade \u00e9 a \u201chumaniza\u00e7\u00e3o da sa\u00fade\u201d que marca o acolhimento dado aos pacientes das unidades pr\u00f3prias [&hellip;]<\/p>\n","protected":false},"author":3,"featured_media":7731,"comment_status":"closed","ping_status":"closed","sticky":false,"template":"","format":"standard","meta":{"footnotes":""},"categories":[92],"tags":[],"class_list":["post-7730","post","type-post","status-publish","format-standard","has-post-thumbnail","hentry","category-seconci-brasil"],"yoast_head":"<!-- This site is optimized with the Yoast SEO plugin v26.9 - https:\/\/yoast.com\/product\/yoast-seo-wordpress\/ -->\n<title>Seconci-SP destaca import\u00e2ncia da humaniza\u00e7\u00e3o em encontro nacional - Seconci Brasil<\/title>\n<meta name=\"robots\" content=\"index, follow, max-snippet:-1, max-image-preview:large, max-video-preview:-1\" \/>\n<link rel=\"canonical\" href=\"https:\/\/seconci.com.br\/site\/2018\/10\/01\/seconci-sp-destaca-importancia-da-humanizacao-em-encontro-nacional\/\" \/>\n<meta property=\"og:locale\" content=\"pt_PT\" \/>\n<meta property=\"og:type\" content=\"article\" \/>\n<meta property=\"og:title\" content=\"Seconci-SP destaca import\u00e2ncia da humaniza\u00e7\u00e3o em encontro nacional - Seconci Brasil\" \/>\n<meta property=\"og:description\" content=\"| Por Seconci-SP | O Seconci-SP (Servi\u00e7o Social da Constru\u00e7\u00e3o) sediou em 27 e 28 de setembro o Ense \u2013 Encontro Nacional de Seconcis. Ao abrir o evento, o presidente do Seconci-SP, Haruo Ishikawa, destacou que o diferencial da entidade \u00e9 a \u201chumaniza\u00e7\u00e3o da sa\u00fade\u201d que marca o acolhimento dado aos pacientes das unidades pr\u00f3prias [&hellip;]\" \/>\n<meta property=\"og:url\" content=\"https:\/\/seconci.com.br\/site\/2018\/10\/01\/seconci-sp-destaca-importancia-da-humanizacao-em-encontro-nacional\/\" \/>\n<meta property=\"og:site_name\" content=\"Seconci Brasil\" \/>\n<meta property=\"article:published_time\" content=\"2018-10-01T13:13:14+00:00\" \/>\n<meta property=\"og:image\" content=\"https:\/\/seconci.com.br\/site\/wp-content\/uploads\/2018\/10\/FINAL1.jpg\" \/>\n\t<meta property=\"og:image:width\" content=\"2301\" \/>\n\t<meta property=\"og:image:height\" content=\"959\" \/>\n\t<meta property=\"og:image:type\" content=\"image\/jpeg\" \/>\n<meta name=\"author\" content=\"Sidney Rocha\" \/>\n<meta name=\"twitter:card\" content=\"summary_large_image\" \/>\n<meta name=\"twitter:label1\" content=\"Escrito por\" \/>\n\t<meta name=\"twitter:data1\" content=\"Sidney Rocha\" \/>\n\t<meta name=\"twitter:label2\" content=\"Tempo estimado de leitura\" \/>\n\t<meta name=\"twitter:data2\" content=\"3 minutos\" \/>\n<script type=\"application\/ld+json\" class=\"yoast-schema-graph\">{\"@context\":\"https:\/\/schema.org\",\"@graph\":[{\"@type\":\"Article\",\"@id\":\"https:\/\/seconci.com.br\/site\/2018\/10\/01\/seconci-sp-destaca-importancia-da-humanizacao-em-encontro-nacional\/#article\",\"isPartOf\":{\"@id\":\"https:\/\/seconci.com.br\/site\/2018\/10\/01\/seconci-sp-destaca-importancia-da-humanizacao-em-encontro-nacional\/\"},\"author\":{\"name\":\"Sidney Rocha\",\"@id\":\"https:\/\/seconci.com.br\/site\/#\/schema\/person\/1d79afd97ddc8f2c68c1e88e298aa8e2\"},\"headline\":\"Seconci-SP destaca import\u00e2ncia da humaniza\u00e7\u00e3o em encontro nacional\",\"datePublished\":\"2018-10-01T13:13:14+00:00\",\"mainEntityOfPage\":{\"@id\":\"https:\/\/seconci.com.br\/site\/2018\/10\/01\/seconci-sp-destaca-importancia-da-humanizacao-em-encontro-nacional\/\"},\"wordCount\":656,\"publisher\":{\"@id\":\"https:\/\/seconci.com.br\/site\/#organization\"},\"image\":{\"@id\":\"https:\/\/seconci.com.br\/site\/2018\/10\/01\/seconci-sp-destaca-importancia-da-humanizacao-em-encontro-nacional\/#primaryimage\"},\"thumbnailUrl\":\"https:\/\/seconci.com.br\/site\/wp-content\/uploads\/2018\/10\/FINAL1.jpg\",\"articleSection\":[\"Seconci Brasil\"],\"inLanguage\":\"pt-PT\"},{\"@type\":\"WebPage\",\"@id\":\"https:\/\/seconci.com.br\/site\/2018\/10\/01\/seconci-sp-destaca-importancia-da-humanizacao-em-encontro-nacional\/\",\"url\":\"https:\/\/seconci.com.br\/site\/2018\/10\/01\/seconci-sp-destaca-importancia-da-humanizacao-em-encontro-nacional\/\",\"name\":\"Seconci-SP destaca import\u00e2ncia da humaniza\u00e7\u00e3o em encontro nacional - Seconci Brasil\",\"isPartOf\":{\"@id\":\"https:\/\/seconci.com.br\/site\/#website\"},\"primaryImageOfPage\":{\"@id\":\"https:\/\/seconci.com.br\/site\/2018\/10\/01\/seconci-sp-destaca-importancia-da-humanizacao-em-encontro-nacional\/#primaryimage\"},\"image\":{\"@id\":\"https:\/\/seconci.com.br\/site\/2018\/10\/01\/seconci-sp-destaca-importancia-da-humanizacao-em-encontro-nacional\/#primaryimage\"},\"thumbnailUrl\":\"https:\/\/seconci.com.br\/site\/wp-content\/uploads\/2018\/10\/FINAL1.jpg\",\"datePublished\":\"2018-10-01T13:13:14+00:00\",\"breadcrumb\":{\"@id\":\"https:\/\/seconci.com.br\/site\/2018\/10\/01\/seconci-sp-destaca-importancia-da-humanizacao-em-encontro-nacional\/#breadcrumb\"},\"inLanguage\":\"pt-PT\",\"potentialAction\":[{\"@type\":\"ReadAction\",\"target\":[\"https:\/\/seconci.com.br\/site\/2018\/10\/01\/seconci-sp-destaca-importancia-da-humanizacao-em-encontro-nacional\/\"]}]},{\"@type\":\"ImageObject\",\"inLanguage\":\"pt-PT\",\"@id\":\"https:\/\/seconci.com.br\/site\/2018\/10\/01\/seconci-sp-destaca-importancia-da-humanizacao-em-encontro-nacional\/#primaryimage\",\"url\":\"https:\/\/seconci.com.br\/site\/wp-content\/uploads\/2018\/10\/FINAL1.jpg\",\"contentUrl\":\"https:\/\/seconci.com.br\/site\/wp-content\/uploads\/2018\/10\/FINAL1.jpg\",\"width\":2301,\"height\":959},{\"@type\":\"BreadcrumbList\",\"@id\":\"https:\/\/seconci.com.br\/site\/2018\/10\/01\/seconci-sp-destaca-importancia-da-humanizacao-em-encontro-nacional\/#breadcrumb\",\"itemListElement\":[{\"@type\":\"ListItem\",\"position\":1,\"name\":\"In\u00edcio\",\"item\":\"https:\/\/seconci.com.br\/site\/\"},{\"@type\":\"ListItem\",\"position\":2,\"name\":\"Seconci-SP destaca import\u00e2ncia da humaniza\u00e7\u00e3o em encontro nacional\"}]},{\"@type\":\"WebSite\",\"@id\":\"https:\/\/seconci.com.br\/site\/#website\",\"url\":\"https:\/\/seconci.com.br\/site\/\",\"name\":\"Seconci Brasil\",\"description\":\"\",\"publisher\":{\"@id\":\"https:\/\/seconci.com.br\/site\/#organization\"},\"potentialAction\":[{\"@type\":\"SearchAction\",\"target\":{\"@type\":\"EntryPoint\",\"urlTemplate\":\"https:\/\/seconci.com.br\/site\/?s={search_term_string}\"},\"query-input\":{\"@type\":\"PropertyValueSpecification\",\"valueRequired\":true,\"valueName\":\"search_term_string\"}}],\"inLanguage\":\"pt-PT\"},{\"@type\":\"Organization\",\"@id\":\"https:\/\/seconci.com.br\/site\/#organization\",\"name\":\"Seconci Brasil\",\"url\":\"https:\/\/seconci.com.br\/site\/\",\"logo\":{\"@type\":\"ImageObject\",\"inLanguage\":\"pt-PT\",\"@id\":\"https:\/\/seconci.com.br\/site\/#\/schema\/logo\/image\/\",\"url\":\"https:\/\/seconci.com.br\/site\/wp-content\/uploads\/2024\/08\/Logo-Seconci-Brasil-branca-2.png\",\"contentUrl\":\"https:\/\/seconci.com.br\/site\/wp-content\/uploads\/2024\/08\/Logo-Seconci-Brasil-branca-2.png\",\"width\":1315,\"height\":598,\"caption\":\"Seconci Brasil\"},\"image\":{\"@id\":\"https:\/\/seconci.com.br\/site\/#\/schema\/logo\/image\/\"}},{\"@type\":\"Person\",\"@id\":\"https:\/\/seconci.com.br\/site\/#\/schema\/person\/1d79afd97ddc8f2c68c1e88e298aa8e2\",\"name\":\"Sidney Rocha\",\"description\":\"Comunicador e estagi\u00e1rio do Seconci Brasil.\",\"url\":\"https:\/\/seconci.com.br\/site\/author\/sidney-rocha\/\"}]}<\/script>\n<!-- \/ Yoast SEO plugin. -->","yoast_head_json":{"title":"Seconci-SP destaca import\u00e2ncia da humaniza\u00e7\u00e3o em encontro nacional - Seconci Brasil","robots":{"index":"index","follow":"follow","max-snippet":"max-snippet:-1","max-image-preview":"max-image-preview:large","max-video-preview":"max-video-preview:-1"},"canonical":"https:\/\/seconci.com.br\/site\/2018\/10\/01\/seconci-sp-destaca-importancia-da-humanizacao-em-encontro-nacional\/","og_locale":"pt_PT","og_type":"article","og_title":"Seconci-SP destaca import\u00e2ncia da humaniza\u00e7\u00e3o em encontro nacional - Seconci Brasil","og_description":"| Por Seconci-SP | O Seconci-SP (Servi\u00e7o Social da Constru\u00e7\u00e3o) sediou em 27 e 28 de setembro o Ense \u2013 Encontro Nacional de Seconcis. Ao abrir o evento, o presidente do Seconci-SP, Haruo Ishikawa, destacou que o diferencial da entidade \u00e9 a \u201chumaniza\u00e7\u00e3o da sa\u00fade\u201d que marca o acolhimento dado aos pacientes das unidades pr\u00f3prias [&hellip;]","og_url":"https:\/\/seconci.com.br\/site\/2018\/10\/01\/seconci-sp-destaca-importancia-da-humanizacao-em-encontro-nacional\/","og_site_name":"Seconci Brasil","article_published_time":"2018-10-01T13:13:14+00:00","og_image":[{"width":2301,"height":959,"url":"https:\/\/seconci.com.br\/site\/wp-content\/uploads\/2018\/10\/FINAL1.jpg","type":"image\/jpeg"}],"author":"Sidney Rocha","twitter_card":"summary_large_image","twitter_misc":{"Escrito por":"Sidney Rocha","Tempo estimado de leitura":"3 minutos"},"schema":{"@context":"https:\/\/schema.org","@graph":[{"@type":"Article","@id":"https:\/\/seconci.com.br\/site\/2018\/10\/01\/seconci-sp-destaca-importancia-da-humanizacao-em-encontro-nacional\/#article","isPartOf":{"@id":"https:\/\/seconci.com.br\/site\/2018\/10\/01\/seconci-sp-destaca-importancia-da-humanizacao-em-encontro-nacional\/"},"author":{"name":"Sidney Rocha","@id":"https:\/\/seconci.com.br\/site\/#\/schema\/person\/1d79afd97ddc8f2c68c1e88e298aa8e2"},"headline":"Seconci-SP destaca import\u00e2ncia da humaniza\u00e7\u00e3o em encontro nacional","datePublished":"2018-10-01T13:13:14+00:00","mainEntityOfPage":{"@id":"https:\/\/seconci.com.br\/site\/2018\/10\/01\/seconci-sp-destaca-importancia-da-humanizacao-em-encontro-nacional\/"},"wordCount":656,"publisher":{"@id":"https:\/\/seconci.com.br\/site\/#organization"},"image":{"@id":"https:\/\/seconci.com.br\/site\/2018\/10\/01\/seconci-sp-destaca-importancia-da-humanizacao-em-encontro-nacional\/#primaryimage"},"thumbnailUrl":"https:\/\/seconci.com.br\/site\/wp-content\/uploads\/2018\/10\/FINAL1.jpg","articleSection":["Seconci Brasil"],"inLanguage":"pt-PT"},{"@type":"WebPage","@id":"https:\/\/seconci.com.br\/site\/2018\/10\/01\/seconci-sp-destaca-importancia-da-humanizacao-em-encontro-nacional\/","url":"https:\/\/seconci.com.br\/site\/2018\/10\/01\/seconci-sp-destaca-importancia-da-humanizacao-em-encontro-nacional\/","name":"Seconci-SP destaca import\u00e2ncia da humaniza\u00e7\u00e3o em encontro nacional - Seconci Brasil","isPartOf":{"@id":"https:\/\/seconci.com.br\/site\/#website"},"primaryImageOfPage":{"@id":"https:\/\/seconci.com.br\/site\/2018\/10\/01\/seconci-sp-destaca-importancia-da-humanizacao-em-encontro-nacional\/#primaryimage"},"image":{"@id":"https:\/\/seconci.com.br\/site\/2018\/10\/01\/seconci-sp-destaca-importancia-da-humanizacao-em-encontro-nacional\/#primaryimage"},"thumbnailUrl":"https:\/\/seconci.com.br\/site\/wp-content\/uploads\/2018\/10\/FINAL1.jpg","datePublished":"2018-10-01T13:13:14+00:00","breadcrumb":{"@id":"https:\/\/seconci.com.br\/site\/2018\/10\/01\/seconci-sp-destaca-importancia-da-humanizacao-em-encontro-nacional\/#breadcrumb"},"inLanguage":"pt-PT","potentialAction":[{"@type":"ReadAction","target":["https:\/\/seconci.com.br\/site\/2018\/10\/01\/seconci-sp-destaca-importancia-da-humanizacao-em-encontro-nacional\/"]}]},{"@type":"ImageObject","inLanguage":"pt-PT","@id":"https:\/\/seconci.com.br\/site\/2018\/10\/01\/seconci-sp-destaca-importancia-da-humanizacao-em-encontro-nacional\/#primaryimage","url":"https:\/\/seconci.com.br\/site\/wp-content\/uploads\/2018\/10\/FINAL1.jpg","contentUrl":"https:\/\/seconci.com.br\/site\/wp-content\/uploads\/2018\/10\/FINAL1.jpg","width":2301,"height":959},{"@type":"BreadcrumbList","@id":"https:\/\/seconci.com.br\/site\/2018\/10\/01\/seconci-sp-destaca-importancia-da-humanizacao-em-encontro-nacional\/#breadcrumb","itemListElement":[{"@type":"ListItem","position":1,"name":"In\u00edcio","item":"https:\/\/seconci.com.br\/site\/"},{"@type":"ListItem","position":2,"name":"Seconci-SP destaca import\u00e2ncia da humaniza\u00e7\u00e3o em encontro nacional"}]},{"@type":"WebSite","@id":"https:\/\/seconci.com.br\/site\/#website","url":"https:\/\/seconci.com.br\/site\/","name":"Seconci Brasil","description":"","publisher":{"@id":"https:\/\/seconci.com.br\/site\/#organization"},"potentialAction":[{"@type":"SearchAction","target":{"@type":"EntryPoint","urlTemplate":"https:\/\/seconci.com.br\/site\/?s={search_term_string}"},"query-input":{"@type":"PropertyValueSpecification","valueRequired":true,"valueName":"search_term_string"}}],"inLanguage":"pt-PT"},{"@type":"Organization","@id":"https:\/\/seconci.com.br\/site\/#organization","name":"Seconci Brasil","url":"https:\/\/seconci.com.br\/site\/","logo":{"@type":"ImageObject","inLanguage":"pt-PT","@id":"https:\/\/seconci.com.br\/site\/#\/schema\/logo\/image\/","url":"https:\/\/seconci.com.br\/site\/wp-content\/uploads\/2024\/08\/Logo-Seconci-Brasil-branca-2.png","contentUrl":"https:\/\/seconci.com.br\/site\/wp-content\/uploads\/2024\/08\/Logo-Seconci-Brasil-branca-2.png","width":1315,"height":598,"caption":"Seconci Brasil"},"image":{"@id":"https:\/\/seconci.com.br\/site\/#\/schema\/logo\/image\/"}},{"@type":"Person","@id":"https:\/\/seconci.com.br\/site\/#\/schema\/person\/1d79afd97ddc8f2c68c1e88e298aa8e2","name":"Sidney Rocha","description":"Comunicador e estagi\u00e1rio do Seconci Brasil.","url":"https:\/\/seconci.com.br\/site\/author\/sidney-rocha\/"}]}},"_links":{"self":[{"href":"https:\/\/seconci.com.br\/site\/wp-json\/wp\/v2\/posts\/7730","targetHints":{"allow":["GET"]}}],"collection":[{"href":"https:\/\/seconci.com.br\/site\/wp-json\/wp\/v2\/posts"}],"about":[{"href":"https:\/\/seconci.com.br\/site\/wp-json\/wp\/v2\/types\/post"}],"author":[{"embeddable":true,"href":"https:\/\/seconci.com.br\/site\/wp-json\/wp\/v2\/users\/3"}],"replies":[{"embeddable":true,"href":"https:\/\/seconci.com.br\/site\/wp-json\/wp\/v2\/comments?post=7730"}],"version-history":[{"count":0,"href":"https:\/\/seconci.com.br\/site\/wp-json\/wp\/v2\/posts\/7730\/revisions"}],"wp:featuredmedia":[{"embeddable":true,"href":"https:\/\/seconci.com.br\/site\/wp-json\/wp\/v2\/media\/7731"}],"wp:attachment":[{"href":"https:\/\/seconci.com.br\/site\/wp-json\/wp\/v2\/media?parent=7730"}],"wp:term":[{"taxonomy":"category","embeddable":true,"href":"https:\/\/seconci.com.br\/site\/wp-json\/wp\/v2\/categories?post=7730"},{"taxonomy":"post_tag","embeddable":true,"href":"https:\/\/seconci.com.br\/site\/wp-json\/wp\/v2\/tags?post=7730"}],"curies":[{"name":"wp","href":"https:\/\/api.w.org\/{rel}","templated":true}]}}