{"id":7733,"date":"2018-10-01T14:06:21","date_gmt":"2018-10-01T14:06:21","guid":{"rendered":"https:\/\/seconci.com.br\/site\/?p=7733"},"modified":"2018-10-01T14:56:48","modified_gmt":"2018-10-01T14:56:48","slug":"7733","status":"publish","type":"post","link":"https:\/\/seconci.com.br\/site\/2018\/10\/01\/7733\/","title":{"rendered":"Bras\u00edlia sedia IV Encontro Nacional de Seguran\u00e7a e Sa\u00fade no Trabalho na Ind\u00fastria da Constru\u00e7\u00e3o no dia 4 de outubro"},"content":{"rendered":"<p style=\"text-align: justify;\">No pr\u00f3ximo dia 4, a C\u00e2mara Brasileira da Ind\u00fastria da Constru\u00e7\u00e3o (CBIC), por meio da sua Comiss\u00e3o de Pol\u00edtica de Rela\u00e7\u00f5es Trabalhistas (CPRT), com a correaliza\u00e7\u00e3o do Sesi-DN, realizar\u00e1 o IV Encontro Nacional de Seguran\u00e7a e Sa\u00fade no Trabalho na Ind\u00fastria da Constru\u00e7\u00e3o, com a participa\u00e7\u00e3o de autoridades dos Poderes Executivo e Judici\u00e1rio, empres\u00e1rios da ind\u00fastria da constru\u00e7\u00e3o e representantes dos trabalhadores do setor. Dividido em dois pain\u00e9is, um sobre Pol\u00edticas P\u00fablicas de Preven\u00e7\u00e3o de Acidentes &#8211; CANPAT Constru\u00e7\u00e3o, ciclo 2018\/2019, e o outro com palestras t\u00e9cnicas sobre os temas &#8220;Plataforma Sesi Viva +&#8221;, &#8220;SST em BIM&#8221; e &#8220;Preven\u00e7\u00e3o em Quedas por Altura&#8221;, o evento ter\u00e1 in\u00edcio \u00e0s 9h e t\u00e9rmino \u00e0s 16h30, no Centro Internacional de Conven\u00e7\u00f5es do Brasil (CICB).<\/p>\n<p style=\"text-align: justify;\">Com a media\u00e7\u00e3o do jornalista Alexandre Eggler Gusm\u00e3o, o primeiro painel ter\u00e1 uma rodada de debates com a participa\u00e7\u00e3o de Jos\u00e9 Carlos Martins (presidente da CBIC), Fernando Guedes Ferreira Filho (presidente da CPRT\/CBIC), Cl\u00e1udio Secchin (secret\u00e1rio de Inspe\u00e7\u00e3o do Trabalho &#8211; SIT\/Minist\u00e9rio do Trabalho); Mario Macedo Fernandes Caron (desembargador do Tribunal Regional do Trabalho da 10\u00aa Regi\u00e3o), Leonardo Os\u00f3rio Mendon\u00e7a (procurador do Trabalho e coordenador nacional da Coordenadoria Nacional de Defesa do Meio Ambiente do Trabalho &#8211; Codemat), Paulo M\u00f3i (diretor de Opera\u00e7\u00f5es do Sesi-DN), e de Wilson Geraldo Sales da Silva (presidente da Federa\u00e7\u00e3o dos Trabalhadores nas Ind\u00fastrias da Constru\u00e7\u00e3o e do Mobili\u00e1rio do Estado de Minas Gerais \u2013 Feticon-MG), representando os trabalhadores do setor.<\/p>\n<p style=\"text-align: justify;\">O gerente executivo de Qualidade de Vida do Sesi-DN, Emmanuel Lacerda, far\u00e1 a apresenta\u00e7\u00e3o da Plataforma Sesi Viva +. O tema &#8220;SST em BIM&#8221; ser\u00e1 abordado por Dionyzio Klavdianos (presidente da Comiss\u00e3o de Materiais, Tecnologia, Qualidade e Produtividade \u2013 Comat\/CBIC), Renata R\u00e9zio (Sesi-DN) e Adriano Macedo Silva (Centro de Inova\u00e7\u00e3o do Sesi-MS). J\u00e1 o tema &#8220;Preven\u00e7\u00e3o em Quedas por Altura&#8221; ser\u00e1 tratado por Haruo Ishikawa (presidente do Seconci-SP e vice-presidente do SindusCon-SP), Lu\u00eds Carlos Lumbreras (auditor fiscal do Trabalho), e Andreia Kaucher Darmstadter (supervisora do Departamento de Seguran\u00e7a do Trabalho no Seconci-MG).<\/p>\n<p style=\"text-align: justify;\"><a href=\"https:\/\/cbic.us11.list-manage.com\/track\/click?u=0a0e557e1f19bd31aef34f334&amp;id=2f669dd7b8&amp;e=91a4b0b24f\" target=\"_blank\" rel=\"noopener\">Inscreva-se aqui.<\/a> Vagas limitadas.<\/p>\n","protected":false},"excerpt":{"rendered":"<p>No pr\u00f3ximo dia 4, a C\u00e2mara Brasileira da Ind\u00fastria da Constru\u00e7\u00e3o (CBIC), por meio da sua Comiss\u00e3o de Pol\u00edtica de Rela\u00e7\u00f5es Trabalhistas (CPRT), com a correaliza\u00e7\u00e3o do Sesi-DN, realizar\u00e1 o IV Encontro Nacional de Seguran\u00e7a e Sa\u00fade no Trabalho na Ind\u00fastria da Constru\u00e7\u00e3o, com a participa\u00e7\u00e3o de autoridades dos Poderes Executivo e Judici\u00e1rio, empres\u00e1rios da [&hellip;]<\/p>\n","protected":false},"author":3,"featured_media":7734,"comment_status":"closed","ping_status":"closed","sticky":false,"template":"","format":"standard","meta":{"footnotes":""},"categories":[92],"tags":[],"class_list":["post-7733","post","type-post","status-publish","format-standard","has-post-thumbnail","hentry","category-seconci-brasil"],"yoast_head":"<!-- This site is optimized with the Yoast SEO plugin v26.9 - https:\/\/yoast.com\/product\/yoast-seo-wordpress\/ -->\n<title>Bras\u00edlia sedia IV Encontro Nacional de Seguran\u00e7a e Sa\u00fade no Trabalho na Ind\u00fastria da Constru\u00e7\u00e3o no dia 4 de outubro - Seconci Brasil<\/title>\n<meta name=\"robots\" content=\"index, follow, max-snippet:-1, max-image-preview:large, max-video-preview:-1\" \/>\n<link rel=\"canonical\" href=\"https:\/\/seconci.com.br\/site\/2018\/10\/01\/7733\/\" \/>\n<meta property=\"og:locale\" content=\"pt_PT\" \/>\n<meta property=\"og:type\" content=\"article\" \/>\n<meta property=\"og:title\" content=\"Bras\u00edlia sedia IV Encontro Nacional de Seguran\u00e7a e Sa\u00fade no Trabalho na Ind\u00fastria da Constru\u00e7\u00e3o no dia 4 de outubro - Seconci Brasil\" \/>\n<meta property=\"og:description\" content=\"No pr\u00f3ximo dia 4, a C\u00e2mara Brasileira da Ind\u00fastria da Constru\u00e7\u00e3o (CBIC), por meio da sua Comiss\u00e3o de Pol\u00edtica de Rela\u00e7\u00f5es Trabalhistas (CPRT), com a correaliza\u00e7\u00e3o do Sesi-DN, realizar\u00e1 o IV Encontro Nacional de Seguran\u00e7a e Sa\u00fade no Trabalho na Ind\u00fastria da Constru\u00e7\u00e3o, com a participa\u00e7\u00e3o de autoridades dos Poderes Executivo e Judici\u00e1rio, empres\u00e1rios da [&hellip;]\" \/>\n<meta property=\"og:url\" content=\"https:\/\/seconci.com.br\/site\/2018\/10\/01\/7733\/\" \/>\n<meta property=\"og:site_name\" content=\"Seconci Brasil\" \/>\n<meta property=\"article:published_time\" content=\"2018-10-01T14:06:21+00:00\" \/>\n<meta property=\"article:modified_time\" content=\"2018-10-01T14:56:48+00:00\" \/>\n<meta property=\"og:image\" content=\"https:\/\/seconci.com.br\/site\/wp-content\/uploads\/2018\/10\/4-encontro.jpg\" \/>\n\t<meta property=\"og:image:width\" content=\"352\" \/>\n\t<meta property=\"og:image:height\" content=\"259\" \/>\n\t<meta property=\"og:image:type\" content=\"image\/jpeg\" \/>\n<meta name=\"author\" content=\"Sidney Rocha\" \/>\n<meta name=\"twitter:card\" content=\"summary_large_image\" \/>\n<meta name=\"twitter:label1\" content=\"Escrito por\" \/>\n\t<meta name=\"twitter:data1\" content=\"Sidney Rocha\" \/>\n\t<meta name=\"twitter:label2\" content=\"Tempo estimado de leitura\" \/>\n\t<meta name=\"twitter:data2\" content=\"2 minutos\" \/>\n<script type=\"application\/ld+json\" class=\"yoast-schema-graph\">{\"@context\":\"https:\/\/schema.org\",\"@graph\":[{\"@type\":\"Article\",\"@id\":\"https:\/\/seconci.com.br\/site\/2018\/10\/01\/7733\/#article\",\"isPartOf\":{\"@id\":\"https:\/\/seconci.com.br\/site\/2018\/10\/01\/7733\/\"},\"author\":{\"name\":\"Sidney Rocha\",\"@id\":\"https:\/\/seconci.com.br\/site\/#\/schema\/person\/1d79afd97ddc8f2c68c1e88e298aa8e2\"},\"headline\":\"Bras\u00edlia sedia IV Encontro Nacional de Seguran\u00e7a e Sa\u00fade no Trabalho na Ind\u00fastria da Constru\u00e7\u00e3o no dia 4 de outubro\",\"datePublished\":\"2018-10-01T14:06:21+00:00\",\"dateModified\":\"2018-10-01T14:56:48+00:00\",\"mainEntityOfPage\":{\"@id\":\"https:\/\/seconci.com.br\/site\/2018\/10\/01\/7733\/\"},\"wordCount\":403,\"publisher\":{\"@id\":\"https:\/\/seconci.com.br\/site\/#organization\"},\"image\":{\"@id\":\"https:\/\/seconci.com.br\/site\/2018\/10\/01\/7733\/#primaryimage\"},\"thumbnailUrl\":\"https:\/\/seconci.com.br\/site\/wp-content\/uploads\/2018\/10\/4-encontro.jpg\",\"articleSection\":[\"Seconci Brasil\"],\"inLanguage\":\"pt-PT\"},{\"@type\":\"WebPage\",\"@id\":\"https:\/\/seconci.com.br\/site\/2018\/10\/01\/7733\/\",\"url\":\"https:\/\/seconci.com.br\/site\/2018\/10\/01\/7733\/\",\"name\":\"Bras\u00edlia sedia IV Encontro Nacional de Seguran\u00e7a e Sa\u00fade no Trabalho na Ind\u00fastria da Constru\u00e7\u00e3o no dia 4 de outubro - Seconci Brasil\",\"isPartOf\":{\"@id\":\"https:\/\/seconci.com.br\/site\/#website\"},\"primaryImageOfPage\":{\"@id\":\"https:\/\/seconci.com.br\/site\/2018\/10\/01\/7733\/#primaryimage\"},\"image\":{\"@id\":\"https:\/\/seconci.com.br\/site\/2018\/10\/01\/7733\/#primaryimage\"},\"thumbnailUrl\":\"https:\/\/seconci.com.br\/site\/wp-content\/uploads\/2018\/10\/4-encontro.jpg\",\"datePublished\":\"2018-10-01T14:06:21+00:00\",\"dateModified\":\"2018-10-01T14:56:48+00:00\",\"breadcrumb\":{\"@id\":\"https:\/\/seconci.com.br\/site\/2018\/10\/01\/7733\/#breadcrumb\"},\"inLanguage\":\"pt-PT\",\"potentialAction\":[{\"@type\":\"ReadAction\",\"target\":[\"https:\/\/seconci.com.br\/site\/2018\/10\/01\/7733\/\"]}]},{\"@type\":\"ImageObject\",\"inLanguage\":\"pt-PT\",\"@id\":\"https:\/\/seconci.com.br\/site\/2018\/10\/01\/7733\/#primaryimage\",\"url\":\"https:\/\/seconci.com.br\/site\/wp-content\/uploads\/2018\/10\/4-encontro.jpg\",\"contentUrl\":\"https:\/\/seconci.com.br\/site\/wp-content\/uploads\/2018\/10\/4-encontro.jpg\",\"width\":352,\"height\":259},{\"@type\":\"BreadcrumbList\",\"@id\":\"https:\/\/seconci.com.br\/site\/2018\/10\/01\/7733\/#breadcrumb\",\"itemListElement\":[{\"@type\":\"ListItem\",\"position\":1,\"name\":\"In\u00edcio\",\"item\":\"https:\/\/seconci.com.br\/site\/\"},{\"@type\":\"ListItem\",\"position\":2,\"name\":\"Bras\u00edlia sedia IV Encontro Nacional de Seguran\u00e7a e Sa\u00fade no Trabalho na Ind\u00fastria da Constru\u00e7\u00e3o no dia 4 de outubro\"}]},{\"@type\":\"WebSite\",\"@id\":\"https:\/\/seconci.com.br\/site\/#website\",\"url\":\"https:\/\/seconci.com.br\/site\/\",\"name\":\"Seconci Brasil\",\"description\":\"\",\"publisher\":{\"@id\":\"https:\/\/seconci.com.br\/site\/#organization\"},\"potentialAction\":[{\"@type\":\"SearchAction\",\"target\":{\"@type\":\"EntryPoint\",\"urlTemplate\":\"https:\/\/seconci.com.br\/site\/?s={search_term_string}\"},\"query-input\":{\"@type\":\"PropertyValueSpecification\",\"valueRequired\":true,\"valueName\":\"search_term_string\"}}],\"inLanguage\":\"pt-PT\"},{\"@type\":\"Organization\",\"@id\":\"https:\/\/seconci.com.br\/site\/#organization\",\"name\":\"Seconci Brasil\",\"url\":\"https:\/\/seconci.com.br\/site\/\",\"logo\":{\"@type\":\"ImageObject\",\"inLanguage\":\"pt-PT\",\"@id\":\"https:\/\/seconci.com.br\/site\/#\/schema\/logo\/image\/\",\"url\":\"https:\/\/seconci.com.br\/site\/wp-content\/uploads\/2024\/08\/Logo-Seconci-Brasil-branca-2.png\",\"contentUrl\":\"https:\/\/seconci.com.br\/site\/wp-content\/uploads\/2024\/08\/Logo-Seconci-Brasil-branca-2.png\",\"width\":1315,\"height\":598,\"caption\":\"Seconci Brasil\"},\"image\":{\"@id\":\"https:\/\/seconci.com.br\/site\/#\/schema\/logo\/image\/\"}},{\"@type\":\"Person\",\"@id\":\"https:\/\/seconci.com.br\/site\/#\/schema\/person\/1d79afd97ddc8f2c68c1e88e298aa8e2\",\"name\":\"Sidney Rocha\",\"description\":\"Comunicador e estagi\u00e1rio do Seconci Brasil.\",\"url\":\"https:\/\/seconci.com.br\/site\/author\/sidney-rocha\/\"}]}<\/script>\n<!-- \/ Yoast SEO plugin. -->","yoast_head_json":{"title":"Bras\u00edlia sedia IV Encontro Nacional de Seguran\u00e7a e Sa\u00fade no Trabalho na Ind\u00fastria da Constru\u00e7\u00e3o no dia 4 de outubro - Seconci Brasil","robots":{"index":"index","follow":"follow","max-snippet":"max-snippet:-1","max-image-preview":"max-image-preview:large","max-video-preview":"max-video-preview:-1"},"canonical":"https:\/\/seconci.com.br\/site\/2018\/10\/01\/7733\/","og_locale":"pt_PT","og_type":"article","og_title":"Bras\u00edlia sedia IV Encontro Nacional de Seguran\u00e7a e Sa\u00fade no Trabalho na Ind\u00fastria da Constru\u00e7\u00e3o no dia 4 de outubro - Seconci Brasil","og_description":"No pr\u00f3ximo dia 4, a C\u00e2mara Brasileira da Ind\u00fastria da Constru\u00e7\u00e3o (CBIC), por meio da sua Comiss\u00e3o de Pol\u00edtica de Rela\u00e7\u00f5es Trabalhistas (CPRT), com a correaliza\u00e7\u00e3o do Sesi-DN, realizar\u00e1 o IV Encontro Nacional de Seguran\u00e7a e Sa\u00fade no Trabalho na Ind\u00fastria da Constru\u00e7\u00e3o, com a participa\u00e7\u00e3o de autoridades dos Poderes Executivo e Judici\u00e1rio, empres\u00e1rios da [&hellip;]","og_url":"https:\/\/seconci.com.br\/site\/2018\/10\/01\/7733\/","og_site_name":"Seconci Brasil","article_published_time":"2018-10-01T14:06:21+00:00","article_modified_time":"2018-10-01T14:56:48+00:00","og_image":[{"width":352,"height":259,"url":"https:\/\/seconci.com.br\/site\/wp-content\/uploads\/2018\/10\/4-encontro.jpg","type":"image\/jpeg"}],"author":"Sidney Rocha","twitter_card":"summary_large_image","twitter_misc":{"Escrito por":"Sidney Rocha","Tempo estimado de leitura":"2 minutos"},"schema":{"@context":"https:\/\/schema.org","@graph":[{"@type":"Article","@id":"https:\/\/seconci.com.br\/site\/2018\/10\/01\/7733\/#article","isPartOf":{"@id":"https:\/\/seconci.com.br\/site\/2018\/10\/01\/7733\/"},"author":{"name":"Sidney Rocha","@id":"https:\/\/seconci.com.br\/site\/#\/schema\/person\/1d79afd97ddc8f2c68c1e88e298aa8e2"},"headline":"Bras\u00edlia sedia IV Encontro Nacional de Seguran\u00e7a e Sa\u00fade no Trabalho na Ind\u00fastria da Constru\u00e7\u00e3o no dia 4 de outubro","datePublished":"2018-10-01T14:06:21+00:00","dateModified":"2018-10-01T14:56:48+00:00","mainEntityOfPage":{"@id":"https:\/\/seconci.com.br\/site\/2018\/10\/01\/7733\/"},"wordCount":403,"publisher":{"@id":"https:\/\/seconci.com.br\/site\/#organization"},"image":{"@id":"https:\/\/seconci.com.br\/site\/2018\/10\/01\/7733\/#primaryimage"},"thumbnailUrl":"https:\/\/seconci.com.br\/site\/wp-content\/uploads\/2018\/10\/4-encontro.jpg","articleSection":["Seconci Brasil"],"inLanguage":"pt-PT"},{"@type":"WebPage","@id":"https:\/\/seconci.com.br\/site\/2018\/10\/01\/7733\/","url":"https:\/\/seconci.com.br\/site\/2018\/10\/01\/7733\/","name":"Bras\u00edlia sedia IV Encontro Nacional de Seguran\u00e7a e Sa\u00fade no Trabalho na Ind\u00fastria da Constru\u00e7\u00e3o no dia 4 de outubro - Seconci Brasil","isPartOf":{"@id":"https:\/\/seconci.com.br\/site\/#website"},"primaryImageOfPage":{"@id":"https:\/\/seconci.com.br\/site\/2018\/10\/01\/7733\/#primaryimage"},"image":{"@id":"https:\/\/seconci.com.br\/site\/2018\/10\/01\/7733\/#primaryimage"},"thumbnailUrl":"https:\/\/seconci.com.br\/site\/wp-content\/uploads\/2018\/10\/4-encontro.jpg","datePublished":"2018-10-01T14:06:21+00:00","dateModified":"2018-10-01T14:56:48+00:00","breadcrumb":{"@id":"https:\/\/seconci.com.br\/site\/2018\/10\/01\/7733\/#breadcrumb"},"inLanguage":"pt-PT","potentialAction":[{"@type":"ReadAction","target":["https:\/\/seconci.com.br\/site\/2018\/10\/01\/7733\/"]}]},{"@type":"ImageObject","inLanguage":"pt-PT","@id":"https:\/\/seconci.com.br\/site\/2018\/10\/01\/7733\/#primaryimage","url":"https:\/\/seconci.com.br\/site\/wp-content\/uploads\/2018\/10\/4-encontro.jpg","contentUrl":"https:\/\/seconci.com.br\/site\/wp-content\/uploads\/2018\/10\/4-encontro.jpg","width":352,"height":259},{"@type":"BreadcrumbList","@id":"https:\/\/seconci.com.br\/site\/2018\/10\/01\/7733\/#breadcrumb","itemListElement":[{"@type":"ListItem","position":1,"name":"In\u00edcio","item":"https:\/\/seconci.com.br\/site\/"},{"@type":"ListItem","position":2,"name":"Bras\u00edlia sedia IV Encontro Nacional de Seguran\u00e7a e Sa\u00fade no Trabalho na Ind\u00fastria da Constru\u00e7\u00e3o no dia 4 de outubro"}]},{"@type":"WebSite","@id":"https:\/\/seconci.com.br\/site\/#website","url":"https:\/\/seconci.com.br\/site\/","name":"Seconci Brasil","description":"","publisher":{"@id":"https:\/\/seconci.com.br\/site\/#organization"},"potentialAction":[{"@type":"SearchAction","target":{"@type":"EntryPoint","urlTemplate":"https:\/\/seconci.com.br\/site\/?s={search_term_string}"},"query-input":{"@type":"PropertyValueSpecification","valueRequired":true,"valueName":"search_term_string"}}],"inLanguage":"pt-PT"},{"@type":"Organization","@id":"https:\/\/seconci.com.br\/site\/#organization","name":"Seconci Brasil","url":"https:\/\/seconci.com.br\/site\/","logo":{"@type":"ImageObject","inLanguage":"pt-PT","@id":"https:\/\/seconci.com.br\/site\/#\/schema\/logo\/image\/","url":"https:\/\/seconci.com.br\/site\/wp-content\/uploads\/2024\/08\/Logo-Seconci-Brasil-branca-2.png","contentUrl":"https:\/\/seconci.com.br\/site\/wp-content\/uploads\/2024\/08\/Logo-Seconci-Brasil-branca-2.png","width":1315,"height":598,"caption":"Seconci Brasil"},"image":{"@id":"https:\/\/seconci.com.br\/site\/#\/schema\/logo\/image\/"}},{"@type":"Person","@id":"https:\/\/seconci.com.br\/site\/#\/schema\/person\/1d79afd97ddc8f2c68c1e88e298aa8e2","name":"Sidney Rocha","description":"Comunicador e estagi\u00e1rio do Seconci Brasil.","url":"https:\/\/seconci.com.br\/site\/author\/sidney-rocha\/"}]}},"_links":{"self":[{"href":"https:\/\/seconci.com.br\/site\/wp-json\/wp\/v2\/posts\/7733","targetHints":{"allow":["GET"]}}],"collection":[{"href":"https:\/\/seconci.com.br\/site\/wp-json\/wp\/v2\/posts"}],"about":[{"href":"https:\/\/seconci.com.br\/site\/wp-json\/wp\/v2\/types\/post"}],"author":[{"embeddable":true,"href":"https:\/\/seconci.com.br\/site\/wp-json\/wp\/v2\/users\/3"}],"replies":[{"embeddable":true,"href":"https:\/\/seconci.com.br\/site\/wp-json\/wp\/v2\/comments?post=7733"}],"version-history":[{"count":0,"href":"https:\/\/seconci.com.br\/site\/wp-json\/wp\/v2\/posts\/7733\/revisions"}],"wp:featuredmedia":[{"embeddable":true,"href":"https:\/\/seconci.com.br\/site\/wp-json\/wp\/v2\/media\/7734"}],"wp:attachment":[{"href":"https:\/\/seconci.com.br\/site\/wp-json\/wp\/v2\/media?parent=7733"}],"wp:term":[{"taxonomy":"category","embeddable":true,"href":"https:\/\/seconci.com.br\/site\/wp-json\/wp\/v2\/categories?post=7733"},{"taxonomy":"post_tag","embeddable":true,"href":"https:\/\/seconci.com.br\/site\/wp-json\/wp\/v2\/tags?post=7733"}],"curies":[{"name":"wp","href":"https:\/\/api.w.org\/{rel}","templated":true}]}}