{"id":7737,"date":"2018-10-01T14:49:34","date_gmt":"2018-10-01T14:49:34","guid":{"rendered":"https:\/\/seconci.com.br\/site\/?p=7737"},"modified":"2018-10-01T15:04:30","modified_gmt":"2018-10-01T15:04:30","slug":"seconci-mg-integra-mais-um-projeto-de-responsabilidade-social","status":"publish","type":"post","link":"https:\/\/seconci.com.br\/site\/2018\/10\/01\/seconci-mg-integra-mais-um-projeto-de-responsabilidade-social\/","title":{"rendered":"Seconci-MG integra mais um projeto de responsabilidade social"},"content":{"rendered":"<p style=\"text-align: center;\"><em>Presidente do Seconci-MG, Danuza Mohallem, e padrinho do projeto Tudo de Cor, Fl\u00e1vio Renegado, junto a alguns dos detentos que realizar\u00e3o a revitaliza\u00e7\u00e3o do Circuito Liberdade.<\/em><\/p>\n<p>| Assessoria de Comunica\u00e7\u00e3o Social do Seconci-MG |<\/p>\n<p style=\"text-align: justify;\">Revitaliza\u00e7\u00e3o para os bens culturais do entorno da Pra\u00e7a da Liberdade e para a hist\u00f3ria de vida de um grupo de detentos em cumprimento de pena no regime semiaberto. Atrav\u00e9s da parceria entre a Secretaria de Estado de Administra\u00e7\u00e3o Prisional (Seap) e o Instituto Estadual do Patrim\u00f4nio Hist\u00f3rico e Art\u00edstico (Iepha-MG), cerca de 40 homens e mulheres ir\u00e3o trabalhar nas obras do conhecido Pr\u00e9dio Verde (futura Casa do Patrim\u00f4nio Cultural de Minas Gerais) e na pintura das fachadas do Museu Mineiro e do Arquivo P\u00fablico Mineiro, na cobertura do coreto da pra\u00e7a e nos muros do Pal\u00e1cio da Liberdade.<\/p>\n<p style=\"text-align: justify;\">Al\u00e9m da preserva\u00e7\u00e3o dos im\u00f3veis do Circuito Liberdade, o objetivo da parceria \u00e9 promover a ressocializa\u00e7\u00e3o destas pessoas e capacit\u00e1-las para que busquem oportunidades de emprego no mercado de trabalho. Todos os apenados passaram por uma avalia\u00e7\u00e3o pr\u00e9via da Comiss\u00e3o T\u00e9cnica de Classifica\u00e7\u00e3o, formada por profissionais da Seap, e frequentaram o curso Capacita\u00e7\u00e3o profissional para revitaliza\u00e7\u00e3o e pintura de edifica\u00e7\u00f5es protegidas, realizado nasdepend\u00eancias do Pr\u00e9dio Verde.<\/p>\n<p style=\"text-align: justify;\">Nas aulas, os alunos receberam informa\u00e7\u00f5es sobre o Circuito Liberdade, que engloba museus, centros culturais e outros equipamentos de conhecimento e lazer, e a respeito das t\u00e9cnicas espec\u00edficas sobre o servi\u00e7o que ir\u00e3o executar. Elas foram ministradas por profissionais do Iepha \u2013 institui\u00e7\u00e3o vinculada \u00e0 Secretaria de Estado da Cultura \u2013, e culminaram com um certificado expedido pelo Instituto Federal de Muzambinho, no sul de Minas, que aprovou a matriz curricular e as atividades desenvolvidas.<\/p>\n<p style=\"text-align: justify;\">Al\u00e9m da preserva\u00e7\u00e3o dos im\u00f3veis do Circuito Liberdade, o objetivo da parceria \u00e9 promover a ressocializa\u00e7\u00e3o destas pessoas e capacit\u00e1-las para que busquem oportunidades de emprego no mercado de trabalho. Todos os apenados passaram por uma avalia\u00e7\u00e3o pr\u00e9via da Comiss\u00e3o T\u00e9cnica de Classifica\u00e7\u00e3o, formada por profissionais da Seap, e frequentaram o curso\u00a0<em>Capacita\u00e7\u00e3o profissional para revitaliza\u00e7\u00e3o e pintura de edifica\u00e7\u00f5es protegidas<\/em>, realizado nas depend\u00eancias do Pr\u00e9dio Verde. Nas aulas, os alunos receberam informa\u00e7\u00f5es sobre o Circuito Liberdade, que engloba museus, centros culturais e outros equipamentos de conhecimento e lazer, e a respeito das t\u00e9cnicas espec\u00edficas sobre o servi\u00e7o que ir\u00e3o executar.<\/p>\n<p style=\"text-align: justify;\">Elas foram ministradas por profissionais do Iepha \u2013 institui\u00e7\u00e3o vinculada \u00e0 Secretaria de Estado da Cultura \u2013, e culminaram com um certificado expedido pelo Instituto Federal de Muzambinho, no sul de Minas, que aprovou a matriz curricular e as atividades desenvolvidas.<\/p>\n<p style=\"text-align: justify;\">O Seconci-MG foi convidado pelo Iepha a integrar este cons\u00f3rcio, que contou, tamb\u00e9m, com a Coral \u2013 por meio do programa Tudo de Cor \u2013, a Casa &amp; Tinta, o Sindicato da Ind\u00fastria da Constru\u00e7\u00e3o Pesada no Estado de Minas Gerais (Sicepot-MG), o Grupo Orguel, a Cemig e a Associa\u00e7\u00e3o dos Amigos do Museu Mineiro.<\/p>\n<p style=\"text-align: justify;\">Nos dias 13 e 14 de setembro, o Seconci ministrou os treinamentos da NR18 e da NR35 para os participantes do projeto, atrav\u00e9s de profissionais de seu Departamento de Seguran\u00e7a do Trabalho. Os alunos aprenderam sobre as medidas de controle e os sistemas preventivos de seguran\u00e7anos processos construtivos e receberam orienta\u00e7\u00f5es sobre os requisitos de prote\u00e7\u00e3o para o trabalho em altura.<\/p>\n<p style=\"text-align: justify;\"><strong>Certifica\u00e7\u00e3o e in\u00edcio dos trabalhos<\/strong><\/p>\n<p style=\"text-align: justify;\">A presidente do Seconci-MG, Danuza Mohallem, participou dos atos solenes de entrega dos certificados aos presos que cumpriram as 90 horas de capacita\u00e7\u00e3o, e de in\u00edcio da pintura das fachadas do Museu Mineiro e do Arquivo P\u00fablico Mineiro. No dia 21 de setembro, nas depend\u00eancias do Pr\u00e9dio Verde, os 40 detentos integrantes da m\u00e3o de obra que ir\u00e1 atuar na revitaliza\u00e7\u00e3o do Circuito Pra\u00e7a da Liberdade e que conclu\u00edram o programa de aulas te\u00f3ricas e pr\u00e1ticas previsto, receberam o diploma que atesta a disponibilidade para execu\u00e7\u00e3o dos servi\u00e7os, bem como o compromisso com o desafio assumido. Quem passou por esta sele\u00e7\u00e3o ir\u00e1 receber uma remunera\u00e7\u00e3o pelos servi\u00e7os prestados, de acodo com a frequ\u00eancia e assiduidade, e ter\u00e1 direito a uma remiss\u00e3o de pena proporcional, estabelecida por lei.<\/p>\n<p style=\"text-align: justify;\">No dia 24 de setembro houve um ato inaugural e simb\u00f3lico, conduzido pela Coral e pela Casa &amp; Tinta, para dar in\u00edcio \u00e0 pintura da fachada e de outros espa\u00e7os do Museu Mineiro e do Arquivo P\u00fablico, ambos localizados na avenida Jo\u00e3o Pinheiro. Al\u00e9m dos parceiros do projeto, esteve presente o cantor e padrinho da iniciativa, Fl\u00e1vio Renegado \u2013 que enalteceu a oportunidade dada aos acautelados de mudarem seu destino e verbalizou seu \u201csonho de levar atividades como esta para dentro das favelas\u201d, disse.<\/p>\n<p style=\"text-align: justify;\">A participa\u00e7\u00e3o no processo de restauro \u00e9 considerada pelos apenados como uma chance de se ressocializar e de se recolocar no mercado de trabalho. Um dos participantes, Paulo Anderson Guimar\u00e3es, de 42 anos, pediu a palavra e exp\u00f4s que hoje est\u00e1 pagando pelo seu erro com dignidade. \u201cQueremos que a sociedade nos enxergue como recuperandos, e n\u00e3o como criminosos. Tenho certeza de que vou sair daqui como um homem bem melhor\u201d \u2013 afirmou.<\/p>\n<p style=\"text-align: justify;\">Para a presidente do Seconci-MG, ter integrado essa parceria atrav\u00e9s da oferta dos treinamentos em seguran\u00e7a do trabalho \u2013 uma das expertises da entidade \u2013, reafirma sua voca\u00e7\u00e3o para o exerc\u00edcio da responsabilidade social empresarial.<\/p>\n<p style=\"text-align: justify;\">J\u00e1 a presidente do Iepha, Michele Arroyo, observa que a iniciativa busca, al\u00e9m da ressocializa\u00e7\u00e3o dos detentos, mostrar que os espa\u00e7os p\u00fablicos tamb\u00e9m \u201cs\u00e3o para eles, para suas fam\u00edlias e para a toda a sociedade\u201d.<br \/>\nConfira mais fotos em nosso<a href=\"https:\/\/www.facebook.com\/pg\/SeconciMG\/photos\/?tab=album&amp;album_id=2242410402658253\" target=\"_blank\" rel=\"noopener\"> Facebook.<\/a><\/p>\n","protected":false},"excerpt":{"rendered":"<p>Presidente do Seconci-MG, Danuza Mohallem, e padrinho do projeto Tudo de Cor, Fl\u00e1vio Renegado, junto a alguns dos detentos que realizar\u00e3o a revitaliza\u00e7\u00e3o do Circuito Liberdade. | Assessoria de Comunica\u00e7\u00e3o Social do Seconci-MG | Revitaliza\u00e7\u00e3o para os bens culturais do entorno da Pra\u00e7a da Liberdade e para a hist\u00f3ria de vida de um grupo de [&hellip;]<\/p>\n","protected":false},"author":3,"featured_media":7738,"comment_status":"closed","ping_status":"closed","sticky":false,"template":"","format":"standard","meta":{"footnotes":""},"categories":[74],"tags":[],"class_list":["post-7737","post","type-post","status-publish","format-standard","has-post-thumbnail","hentry","category-seconci-minas-gerais"],"yoast_head":"<!-- This site is optimized with the Yoast SEO plugin v26.9 - https:\/\/yoast.com\/product\/yoast-seo-wordpress\/ -->\n<title>Seconci-MG integra mais um projeto de responsabilidade social - Seconci Brasil<\/title>\n<meta name=\"robots\" content=\"index, follow, max-snippet:-1, max-image-preview:large, max-video-preview:-1\" \/>\n<link rel=\"canonical\" href=\"https:\/\/seconci.com.br\/site\/2018\/10\/01\/seconci-mg-integra-mais-um-projeto-de-responsabilidade-social\/\" \/>\n<meta property=\"og:locale\" content=\"pt_PT\" \/>\n<meta property=\"og:type\" content=\"article\" \/>\n<meta property=\"og:title\" content=\"Seconci-MG integra mais um projeto de responsabilidade social - Seconci Brasil\" \/>\n<meta property=\"og:description\" content=\"Presidente do Seconci-MG, Danuza Mohallem, e padrinho do projeto Tudo de Cor, Fl\u00e1vio Renegado, junto a alguns dos detentos que realizar\u00e3o a revitaliza\u00e7\u00e3o do Circuito Liberdade. | Assessoria de Comunica\u00e7\u00e3o Social do Seconci-MG | Revitaliza\u00e7\u00e3o para os bens culturais do entorno da Pra\u00e7a da Liberdade e para a hist\u00f3ria de vida de um grupo de [&hellip;]\" \/>\n<meta property=\"og:url\" content=\"https:\/\/seconci.com.br\/site\/2018\/10\/01\/seconci-mg-integra-mais-um-projeto-de-responsabilidade-social\/\" \/>\n<meta property=\"og:site_name\" content=\"Seconci Brasil\" \/>\n<meta property=\"article:published_time\" content=\"2018-10-01T14:49:34+00:00\" \/>\n<meta property=\"article:modified_time\" content=\"2018-10-01T15:04:30+00:00\" \/>\n<meta property=\"og:image\" content=\"https:\/\/seconci.com.br\/site\/wp-content\/uploads\/2018\/10\/seconci-mg.png\" \/>\n\t<meta property=\"og:image:width\" content=\"731\" \/>\n\t<meta property=\"og:image:height\" content=\"383\" \/>\n\t<meta property=\"og:image:type\" content=\"image\/png\" \/>\n<meta name=\"author\" content=\"Sidney Rocha\" \/>\n<meta name=\"twitter:card\" content=\"summary_large_image\" \/>\n<meta name=\"twitter:label1\" content=\"Escrito por\" \/>\n\t<meta name=\"twitter:data1\" content=\"Sidney Rocha\" \/>\n\t<meta name=\"twitter:label2\" content=\"Tempo estimado de leitura\" \/>\n\t<meta name=\"twitter:data2\" content=\"5 minutos\" \/>\n<script type=\"application\/ld+json\" class=\"yoast-schema-graph\">{\"@context\":\"https:\/\/schema.org\",\"@graph\":[{\"@type\":\"Article\",\"@id\":\"https:\/\/seconci.com.br\/site\/2018\/10\/01\/seconci-mg-integra-mais-um-projeto-de-responsabilidade-social\/#article\",\"isPartOf\":{\"@id\":\"https:\/\/seconci.com.br\/site\/2018\/10\/01\/seconci-mg-integra-mais-um-projeto-de-responsabilidade-social\/\"},\"author\":{\"name\":\"Sidney Rocha\",\"@id\":\"https:\/\/seconci.com.br\/site\/#\/schema\/person\/1d79afd97ddc8f2c68c1e88e298aa8e2\"},\"headline\":\"Seconci-MG integra mais um projeto de responsabilidade social\",\"datePublished\":\"2018-10-01T14:49:34+00:00\",\"dateModified\":\"2018-10-01T15:04:30+00:00\",\"mainEntityOfPage\":{\"@id\":\"https:\/\/seconci.com.br\/site\/2018\/10\/01\/seconci-mg-integra-mais-um-projeto-de-responsabilidade-social\/\"},\"wordCount\":991,\"publisher\":{\"@id\":\"https:\/\/seconci.com.br\/site\/#organization\"},\"image\":{\"@id\":\"https:\/\/seconci.com.br\/site\/2018\/10\/01\/seconci-mg-integra-mais-um-projeto-de-responsabilidade-social\/#primaryimage\"},\"thumbnailUrl\":\"https:\/\/seconci.com.br\/site\/wp-content\/uploads\/2018\/10\/seconci-mg.png\",\"articleSection\":[\"Seconci Minas Gerais\"],\"inLanguage\":\"pt-PT\"},{\"@type\":\"WebPage\",\"@id\":\"https:\/\/seconci.com.br\/site\/2018\/10\/01\/seconci-mg-integra-mais-um-projeto-de-responsabilidade-social\/\",\"url\":\"https:\/\/seconci.com.br\/site\/2018\/10\/01\/seconci-mg-integra-mais-um-projeto-de-responsabilidade-social\/\",\"name\":\"Seconci-MG integra mais um projeto de responsabilidade social - Seconci Brasil\",\"isPartOf\":{\"@id\":\"https:\/\/seconci.com.br\/site\/#website\"},\"primaryImageOfPage\":{\"@id\":\"https:\/\/seconci.com.br\/site\/2018\/10\/01\/seconci-mg-integra-mais-um-projeto-de-responsabilidade-social\/#primaryimage\"},\"image\":{\"@id\":\"https:\/\/seconci.com.br\/site\/2018\/10\/01\/seconci-mg-integra-mais-um-projeto-de-responsabilidade-social\/#primaryimage\"},\"thumbnailUrl\":\"https:\/\/seconci.com.br\/site\/wp-content\/uploads\/2018\/10\/seconci-mg.png\",\"datePublished\":\"2018-10-01T14:49:34+00:00\",\"dateModified\":\"2018-10-01T15:04:30+00:00\",\"breadcrumb\":{\"@id\":\"https:\/\/seconci.com.br\/site\/2018\/10\/01\/seconci-mg-integra-mais-um-projeto-de-responsabilidade-social\/#breadcrumb\"},\"inLanguage\":\"pt-PT\",\"potentialAction\":[{\"@type\":\"ReadAction\",\"target\":[\"https:\/\/seconci.com.br\/site\/2018\/10\/01\/seconci-mg-integra-mais-um-projeto-de-responsabilidade-social\/\"]}]},{\"@type\":\"ImageObject\",\"inLanguage\":\"pt-PT\",\"@id\":\"https:\/\/seconci.com.br\/site\/2018\/10\/01\/seconci-mg-integra-mais-um-projeto-de-responsabilidade-social\/#primaryimage\",\"url\":\"https:\/\/seconci.com.br\/site\/wp-content\/uploads\/2018\/10\/seconci-mg.png\",\"contentUrl\":\"https:\/\/seconci.com.br\/site\/wp-content\/uploads\/2018\/10\/seconci-mg.png\",\"width\":731,\"height\":383},{\"@type\":\"BreadcrumbList\",\"@id\":\"https:\/\/seconci.com.br\/site\/2018\/10\/01\/seconci-mg-integra-mais-um-projeto-de-responsabilidade-social\/#breadcrumb\",\"itemListElement\":[{\"@type\":\"ListItem\",\"position\":1,\"name\":\"In\u00edcio\",\"item\":\"https:\/\/seconci.com.br\/site\/\"},{\"@type\":\"ListItem\",\"position\":2,\"name\":\"Seconci-MG integra mais um projeto de responsabilidade social\"}]},{\"@type\":\"WebSite\",\"@id\":\"https:\/\/seconci.com.br\/site\/#website\",\"url\":\"https:\/\/seconci.com.br\/site\/\",\"name\":\"Seconci Brasil\",\"description\":\"\",\"publisher\":{\"@id\":\"https:\/\/seconci.com.br\/site\/#organization\"},\"potentialAction\":[{\"@type\":\"SearchAction\",\"target\":{\"@type\":\"EntryPoint\",\"urlTemplate\":\"https:\/\/seconci.com.br\/site\/?s={search_term_string}\"},\"query-input\":{\"@type\":\"PropertyValueSpecification\",\"valueRequired\":true,\"valueName\":\"search_term_string\"}}],\"inLanguage\":\"pt-PT\"},{\"@type\":\"Organization\",\"@id\":\"https:\/\/seconci.com.br\/site\/#organization\",\"name\":\"Seconci Brasil\",\"url\":\"https:\/\/seconci.com.br\/site\/\",\"logo\":{\"@type\":\"ImageObject\",\"inLanguage\":\"pt-PT\",\"@id\":\"https:\/\/seconci.com.br\/site\/#\/schema\/logo\/image\/\",\"url\":\"https:\/\/seconci.com.br\/site\/wp-content\/uploads\/2024\/08\/Logo-Seconci-Brasil-branca-2.png\",\"contentUrl\":\"https:\/\/seconci.com.br\/site\/wp-content\/uploads\/2024\/08\/Logo-Seconci-Brasil-branca-2.png\",\"width\":1315,\"height\":598,\"caption\":\"Seconci Brasil\"},\"image\":{\"@id\":\"https:\/\/seconci.com.br\/site\/#\/schema\/logo\/image\/\"}},{\"@type\":\"Person\",\"@id\":\"https:\/\/seconci.com.br\/site\/#\/schema\/person\/1d79afd97ddc8f2c68c1e88e298aa8e2\",\"name\":\"Sidney Rocha\",\"description\":\"Comunicador e estagi\u00e1rio do Seconci Brasil.\",\"url\":\"https:\/\/seconci.com.br\/site\/author\/sidney-rocha\/\"}]}<\/script>\n<!-- \/ Yoast SEO plugin. -->","yoast_head_json":{"title":"Seconci-MG integra mais um projeto de responsabilidade social - Seconci Brasil","robots":{"index":"index","follow":"follow","max-snippet":"max-snippet:-1","max-image-preview":"max-image-preview:large","max-video-preview":"max-video-preview:-1"},"canonical":"https:\/\/seconci.com.br\/site\/2018\/10\/01\/seconci-mg-integra-mais-um-projeto-de-responsabilidade-social\/","og_locale":"pt_PT","og_type":"article","og_title":"Seconci-MG integra mais um projeto de responsabilidade social - Seconci Brasil","og_description":"Presidente do Seconci-MG, Danuza Mohallem, e padrinho do projeto Tudo de Cor, Fl\u00e1vio Renegado, junto a alguns dos detentos que realizar\u00e3o a revitaliza\u00e7\u00e3o do Circuito Liberdade. | Assessoria de Comunica\u00e7\u00e3o Social do Seconci-MG | Revitaliza\u00e7\u00e3o para os bens culturais do entorno da Pra\u00e7a da Liberdade e para a hist\u00f3ria de vida de um grupo de [&hellip;]","og_url":"https:\/\/seconci.com.br\/site\/2018\/10\/01\/seconci-mg-integra-mais-um-projeto-de-responsabilidade-social\/","og_site_name":"Seconci Brasil","article_published_time":"2018-10-01T14:49:34+00:00","article_modified_time":"2018-10-01T15:04:30+00:00","og_image":[{"width":731,"height":383,"url":"https:\/\/seconci.com.br\/site\/wp-content\/uploads\/2018\/10\/seconci-mg.png","type":"image\/png"}],"author":"Sidney Rocha","twitter_card":"summary_large_image","twitter_misc":{"Escrito por":"Sidney Rocha","Tempo estimado de leitura":"5 minutos"},"schema":{"@context":"https:\/\/schema.org","@graph":[{"@type":"Article","@id":"https:\/\/seconci.com.br\/site\/2018\/10\/01\/seconci-mg-integra-mais-um-projeto-de-responsabilidade-social\/#article","isPartOf":{"@id":"https:\/\/seconci.com.br\/site\/2018\/10\/01\/seconci-mg-integra-mais-um-projeto-de-responsabilidade-social\/"},"author":{"name":"Sidney Rocha","@id":"https:\/\/seconci.com.br\/site\/#\/schema\/person\/1d79afd97ddc8f2c68c1e88e298aa8e2"},"headline":"Seconci-MG integra mais um projeto de responsabilidade social","datePublished":"2018-10-01T14:49:34+00:00","dateModified":"2018-10-01T15:04:30+00:00","mainEntityOfPage":{"@id":"https:\/\/seconci.com.br\/site\/2018\/10\/01\/seconci-mg-integra-mais-um-projeto-de-responsabilidade-social\/"},"wordCount":991,"publisher":{"@id":"https:\/\/seconci.com.br\/site\/#organization"},"image":{"@id":"https:\/\/seconci.com.br\/site\/2018\/10\/01\/seconci-mg-integra-mais-um-projeto-de-responsabilidade-social\/#primaryimage"},"thumbnailUrl":"https:\/\/seconci.com.br\/site\/wp-content\/uploads\/2018\/10\/seconci-mg.png","articleSection":["Seconci Minas Gerais"],"inLanguage":"pt-PT"},{"@type":"WebPage","@id":"https:\/\/seconci.com.br\/site\/2018\/10\/01\/seconci-mg-integra-mais-um-projeto-de-responsabilidade-social\/","url":"https:\/\/seconci.com.br\/site\/2018\/10\/01\/seconci-mg-integra-mais-um-projeto-de-responsabilidade-social\/","name":"Seconci-MG integra mais um projeto de responsabilidade social - Seconci Brasil","isPartOf":{"@id":"https:\/\/seconci.com.br\/site\/#website"},"primaryImageOfPage":{"@id":"https:\/\/seconci.com.br\/site\/2018\/10\/01\/seconci-mg-integra-mais-um-projeto-de-responsabilidade-social\/#primaryimage"},"image":{"@id":"https:\/\/seconci.com.br\/site\/2018\/10\/01\/seconci-mg-integra-mais-um-projeto-de-responsabilidade-social\/#primaryimage"},"thumbnailUrl":"https:\/\/seconci.com.br\/site\/wp-content\/uploads\/2018\/10\/seconci-mg.png","datePublished":"2018-10-01T14:49:34+00:00","dateModified":"2018-10-01T15:04:30+00:00","breadcrumb":{"@id":"https:\/\/seconci.com.br\/site\/2018\/10\/01\/seconci-mg-integra-mais-um-projeto-de-responsabilidade-social\/#breadcrumb"},"inLanguage":"pt-PT","potentialAction":[{"@type":"ReadAction","target":["https:\/\/seconci.com.br\/site\/2018\/10\/01\/seconci-mg-integra-mais-um-projeto-de-responsabilidade-social\/"]}]},{"@type":"ImageObject","inLanguage":"pt-PT","@id":"https:\/\/seconci.com.br\/site\/2018\/10\/01\/seconci-mg-integra-mais-um-projeto-de-responsabilidade-social\/#primaryimage","url":"https:\/\/seconci.com.br\/site\/wp-content\/uploads\/2018\/10\/seconci-mg.png","contentUrl":"https:\/\/seconci.com.br\/site\/wp-content\/uploads\/2018\/10\/seconci-mg.png","width":731,"height":383},{"@type":"BreadcrumbList","@id":"https:\/\/seconci.com.br\/site\/2018\/10\/01\/seconci-mg-integra-mais-um-projeto-de-responsabilidade-social\/#breadcrumb","itemListElement":[{"@type":"ListItem","position":1,"name":"In\u00edcio","item":"https:\/\/seconci.com.br\/site\/"},{"@type":"ListItem","position":2,"name":"Seconci-MG integra mais um projeto de responsabilidade social"}]},{"@type":"WebSite","@id":"https:\/\/seconci.com.br\/site\/#website","url":"https:\/\/seconci.com.br\/site\/","name":"Seconci Brasil","description":"","publisher":{"@id":"https:\/\/seconci.com.br\/site\/#organization"},"potentialAction":[{"@type":"SearchAction","target":{"@type":"EntryPoint","urlTemplate":"https:\/\/seconci.com.br\/site\/?s={search_term_string}"},"query-input":{"@type":"PropertyValueSpecification","valueRequired":true,"valueName":"search_term_string"}}],"inLanguage":"pt-PT"},{"@type":"Organization","@id":"https:\/\/seconci.com.br\/site\/#organization","name":"Seconci Brasil","url":"https:\/\/seconci.com.br\/site\/","logo":{"@type":"ImageObject","inLanguage":"pt-PT","@id":"https:\/\/seconci.com.br\/site\/#\/schema\/logo\/image\/","url":"https:\/\/seconci.com.br\/site\/wp-content\/uploads\/2024\/08\/Logo-Seconci-Brasil-branca-2.png","contentUrl":"https:\/\/seconci.com.br\/site\/wp-content\/uploads\/2024\/08\/Logo-Seconci-Brasil-branca-2.png","width":1315,"height":598,"caption":"Seconci Brasil"},"image":{"@id":"https:\/\/seconci.com.br\/site\/#\/schema\/logo\/image\/"}},{"@type":"Person","@id":"https:\/\/seconci.com.br\/site\/#\/schema\/person\/1d79afd97ddc8f2c68c1e88e298aa8e2","name":"Sidney Rocha","description":"Comunicador e estagi\u00e1rio do Seconci Brasil.","url":"https:\/\/seconci.com.br\/site\/author\/sidney-rocha\/"}]}},"_links":{"self":[{"href":"https:\/\/seconci.com.br\/site\/wp-json\/wp\/v2\/posts\/7737","targetHints":{"allow":["GET"]}}],"collection":[{"href":"https:\/\/seconci.com.br\/site\/wp-json\/wp\/v2\/posts"}],"about":[{"href":"https:\/\/seconci.com.br\/site\/wp-json\/wp\/v2\/types\/post"}],"author":[{"embeddable":true,"href":"https:\/\/seconci.com.br\/site\/wp-json\/wp\/v2\/users\/3"}],"replies":[{"embeddable":true,"href":"https:\/\/seconci.com.br\/site\/wp-json\/wp\/v2\/comments?post=7737"}],"version-history":[{"count":0,"href":"https:\/\/seconci.com.br\/site\/wp-json\/wp\/v2\/posts\/7737\/revisions"}],"wp:featuredmedia":[{"embeddable":true,"href":"https:\/\/seconci.com.br\/site\/wp-json\/wp\/v2\/media\/7738"}],"wp:attachment":[{"href":"https:\/\/seconci.com.br\/site\/wp-json\/wp\/v2\/media?parent=7737"}],"wp:term":[{"taxonomy":"category","embeddable":true,"href":"https:\/\/seconci.com.br\/site\/wp-json\/wp\/v2\/categories?post=7737"},{"taxonomy":"post_tag","embeddable":true,"href":"https:\/\/seconci.com.br\/site\/wp-json\/wp\/v2\/tags?post=7737"}],"curies":[{"name":"wp","href":"https:\/\/api.w.org\/{rel}","templated":true}]}}