{"id":7757,"date":"2018-10-05T12:35:29","date_gmt":"2018-10-05T12:35:29","guid":{"rendered":"https:\/\/seconci.com.br\/site\/?p=7757"},"modified":"2018-10-05T12:36:17","modified_gmt":"2018-10-05T12:36:17","slug":"cprt-cbic-e-sesi-nacional-construindo-melhores-relacoes-de-trabalho-na-industria-da-construcao","status":"publish","type":"post","link":"https:\/\/seconci.com.br\/site\/2018\/10\/05\/cprt-cbic-e-sesi-nacional-construindo-melhores-relacoes-de-trabalho-na-industria-da-construcao\/","title":{"rendered":"CPRT\/CBIC e Sesi Nacional: construindo melhores rela\u00e7\u00f5es de trabalho na ind\u00fastria da constru\u00e7\u00e3o"},"content":{"rendered":"<p style=\"text-align: justify;\">| Ag\u00eancia Cbic |<\/p>\n<p style=\"text-align: justify;\">A partir desta quinta-feira (04\/10), empres\u00e1rios e t\u00e9cnicos do setor da constru\u00e7\u00e3o podem interagir de forma mais sustent\u00e1vel com todas as iniciativas da Comiss\u00e3o de Pol\u00edtica de Rela\u00e7\u00f5es Trabalhistas (CPRT) da C\u00e2mara Brasileira da Ind\u00fastria da Constru\u00e7\u00e3o (CBIC), correalizadas com o Sesi Nacional, sobre a tem\u00e1tica Seguran\u00e7a e Sa\u00fade no Trabalho (SST). Lan\u00e7ado oficialmente durante o IV Encontro Nacional de Seguran\u00e7a e Sa\u00fade no Trabalho na Ind\u00fastria da Constru\u00e7\u00e3o, em Bras\u00edlia, o material est\u00e1 alinhado \u00e0 tecnologia da Realidade Aumentada (RA). Ou seja, todo o card\u00e1pio com os materiais de SST produzidos pelo setor &#8211; guias e v\u00eddeos \u2013 pode ser acessado a qualquer momento, evitando a impress\u00e3o gr\u00e1fica. A tecnologia permite que o mundo virtual se misture ao real. Para acessar a novidade e, ao mesmo tempo, colaborar com essa corrente de preven\u00e7\u00e3o, basta baixar o app Zappar e apontar para a capa do material. Todos os PDFs dispon\u00edveis podem ser baixados.<\/p>\n<p style=\"text-align: justify;\">\u201cQuando a CPRT desenvolveu a pe\u00e7a foi para resumir as suas a\u00e7\u00f5es\/publica\u00e7\u00f5es somente numa plataforma f\u00edsica e dar oportunidade ao leitor de, virtualmente, acess\u00e1-las pela realidade aumentada. Via aplicativo de celular \u00e9 poss\u00edvel abrir todas as publica\u00e7\u00f5es, inclusive o hotsite da CANPAT Constru\u00e7\u00e3o\u201d, ressalta o presidente da CPRT\/CBIC, Fernando Guedes Ferreira Filho.<\/p>\n<p style=\"text-align: justify;\">Dentre os materiais dispon\u00edveis, est\u00e3o: <strong>Construindo Seguran\u00e7a &amp; Sa\u00fade<\/strong>, simulador de custos de acidentes e afastamentos em uma empresa; <strong>V\u00eddeos Orientativos de SST<\/strong> sobre os cuidados que devem ser tomados nos canteiros de obra contra soterramento, queda e choque; <strong>Guia Contrate Certo<\/strong>, com orienta\u00e7\u00f5es para a contrata\u00e7\u00e3o adequada de empreiteiros e subempreiteiros na constru\u00e7\u00e3o civil; Guia para Gest\u00e3o de Seguran\u00e7a nos Canteiros de Obra, que apresenta e esclarece as principais tem\u00e1ticas e regula\u00e7\u00f5es relativas \u00e0 sa\u00fade e seguran\u00e7a no trabalho que devem ser observadas nos canteiros de obra; <strong>Guia Orientativo de Seguran\u00e7a<\/strong>, que instrui os empres\u00e1rios sobre as regras b\u00e1sicas para gest\u00e3o de seguran\u00e7a e sa\u00fade na ind\u00fastria da constru\u00e7\u00e3o; <strong>Guia Orientativo \u00c1reas de Viv\u00eancia<\/strong>, com compila\u00e7\u00e3o das regras que devem ser observadas para instala\u00e7\u00e3o e manuten\u00e7\u00e3o das \u00e1reas de viv\u00eancia; <strong>Manual B\u00e1sico de Indicadores de Produtividade na Constru\u00e7\u00e3o Civil<\/strong>, criado para o gestor de obras, o manual ajuda a melhorar a produtividade na constru\u00e7\u00e3o civil e a organizar atividades no canteiro, apresentando modelos de indicadores de produtividade; <strong>Edificar o Trabalho<\/strong>, aborda a lei de moderniza\u00e7\u00e3o trabalhista e as rela\u00e7\u00f5es de trabalho na ind\u00fastria da constru\u00e7\u00e3o; <strong>Encargos Previdenci\u00e1rios e Trabalhistas no Setor da Constru\u00e7\u00e3o Civil<\/strong>, metodologia de c\u00e1lculo para apura\u00e7\u00e3o dos custos com a m\u00e3o de obra na constru\u00e7\u00e3o civil; <strong>Incentivo \u00e0 Formalidad<\/strong>e, orienta\u00e7\u00f5es para que as empresas sejam regulares e formais; Comit\u00ea de Incentivo \u00e0 Formalidade, que estabelece mecanismo de coopera\u00e7\u00e3o para combater a informalidade no mercado de trabalho da ind\u00fastria da constru\u00e7\u00e3o, com base na experi\u00eancia exitosa do Sinduscon-PR; <strong>CANPAT Constru\u00e7\u00e3o<\/strong> \u2013 <strong>Campanha Nacional de Preven\u00e7\u00e3o de Acidentes na Ind\u00fastria da Constru\u00e7\u00e3o, iniciativa pioneira desenvolvida pela CBIC, Sesi Nacional, Minist\u00e9rio do Trabalho<\/strong>, por interm\u00e9dio da Secretaria de Inspe\u00e7\u00e3o do Trabalho (SIT) e Seconci-Brasil, e <strong>Programa Nacional de Seguran\u00e7a e Sa\u00fade no Trabalho para a Ind\u00fastria da Constru\u00e7\u00e3o (PNSST-IC)<\/strong>. Oriente-se e colabore com essa corrente da preven\u00e7\u00e3o!<\/p>\n<p style=\"text-align: justify;\">Realizado pela CPRT\/CBIC, com a correaliza\u00e7\u00e3o do Sesi Nacional, o IV Encontro Nacional de Seguran\u00e7a e Sa\u00fade no Trabalho na Ind\u00fastria da Constru\u00e7\u00e3o reuniu, no Centro Internacional de Conven\u00e7\u00f5es do Brasil (CICB), contou, entre outras, com as participa\u00e7\u00f5es de representantes do setor da constru\u00e7\u00e3o, do Minist\u00e9rio do Trabalho, do Minist\u00e9rio P\u00fablico, do Sesi Nacional, do Tribunal Regional do Trabalho (TRT) e dos trabalhadores. Confira a cobertura do evento no CBIC Mais desta sexta-feira (05\/10).<\/p>\n","protected":false},"excerpt":{"rendered":"<p>| Ag\u00eancia Cbic | A partir desta quinta-feira (04\/10), empres\u00e1rios e t\u00e9cnicos do setor da constru\u00e7\u00e3o podem interagir de forma mais sustent\u00e1vel com todas as iniciativas da Comiss\u00e3o de Pol\u00edtica de Rela\u00e7\u00f5es Trabalhistas (CPRT) da C\u00e2mara Brasileira da Ind\u00fastria da Constru\u00e7\u00e3o (CBIC), correalizadas com o Sesi Nacional, sobre a tem\u00e1tica Seguran\u00e7a e Sa\u00fade no Trabalho [&hellip;]<\/p>\n","protected":false},"author":3,"featured_media":7758,"comment_status":"closed","ping_status":"closed","sticky":false,"template":"","format":"standard","meta":{"footnotes":""},"categories":[92],"tags":[],"class_list":["post-7757","post","type-post","status-publish","format-standard","has-post-thumbnail","hentry","category-seconci-brasil"],"yoast_head":"<!-- This site is optimized with the Yoast SEO plugin v26.9 - https:\/\/yoast.com\/product\/yoast-seo-wordpress\/ -->\n<title>CPRT\/CBIC e Sesi Nacional: construindo melhores rela\u00e7\u00f5es de trabalho na ind\u00fastria da constru\u00e7\u00e3o - Seconci Brasil<\/title>\n<meta name=\"robots\" content=\"index, follow, max-snippet:-1, max-image-preview:large, max-video-preview:-1\" \/>\n<link rel=\"canonical\" href=\"https:\/\/seconci.com.br\/site\/2018\/10\/05\/cprt-cbic-e-sesi-nacional-construindo-melhores-relacoes-de-trabalho-na-industria-da-construcao\/\" \/>\n<meta property=\"og:locale\" content=\"pt_PT\" \/>\n<meta property=\"og:type\" content=\"article\" \/>\n<meta property=\"og:title\" content=\"CPRT\/CBIC e Sesi Nacional: construindo melhores rela\u00e7\u00f5es de trabalho na ind\u00fastria da constru\u00e7\u00e3o - Seconci Brasil\" \/>\n<meta property=\"og:description\" content=\"| Ag\u00eancia Cbic | A partir desta quinta-feira (04\/10), empres\u00e1rios e t\u00e9cnicos do setor da constru\u00e7\u00e3o podem interagir de forma mais sustent\u00e1vel com todas as iniciativas da Comiss\u00e3o de Pol\u00edtica de Rela\u00e7\u00f5es Trabalhistas (CPRT) da C\u00e2mara Brasileira da Ind\u00fastria da Constru\u00e7\u00e3o (CBIC), correalizadas com o Sesi Nacional, sobre a tem\u00e1tica Seguran\u00e7a e Sa\u00fade no Trabalho [&hellip;]\" \/>\n<meta property=\"og:url\" content=\"https:\/\/seconci.com.br\/site\/2018\/10\/05\/cprt-cbic-e-sesi-nacional-construindo-melhores-relacoes-de-trabalho-na-industria-da-construcao\/\" \/>\n<meta property=\"og:site_name\" content=\"Seconci Brasil\" \/>\n<meta property=\"article:published_time\" content=\"2018-10-05T12:35:29+00:00\" \/>\n<meta property=\"article:modified_time\" content=\"2018-10-05T12:36:17+00:00\" \/>\n<meta property=\"og:image\" content=\"https:\/\/seconci.com.br\/site\/wp-content\/uploads\/2018\/10\/f60fdcd4-c983-4365-8bfb-a947233ed3e2.jpg\" \/>\n\t<meta property=\"og:image:width\" content=\"1024\" \/>\n\t<meta property=\"og:image:height\" content=\"683\" \/>\n\t<meta property=\"og:image:type\" content=\"image\/jpeg\" \/>\n<meta name=\"author\" content=\"Sidney Rocha\" \/>\n<meta name=\"twitter:card\" content=\"summary_large_image\" \/>\n<meta name=\"twitter:label1\" content=\"Escrito por\" \/>\n\t<meta name=\"twitter:data1\" content=\"Sidney Rocha\" \/>\n\t<meta name=\"twitter:label2\" content=\"Tempo estimado de leitura\" \/>\n\t<meta name=\"twitter:data2\" content=\"3 minutos\" \/>\n<script type=\"application\/ld+json\" class=\"yoast-schema-graph\">{\"@context\":\"https:\/\/schema.org\",\"@graph\":[{\"@type\":\"Article\",\"@id\":\"https:\/\/seconci.com.br\/site\/2018\/10\/05\/cprt-cbic-e-sesi-nacional-construindo-melhores-relacoes-de-trabalho-na-industria-da-construcao\/#article\",\"isPartOf\":{\"@id\":\"https:\/\/seconci.com.br\/site\/2018\/10\/05\/cprt-cbic-e-sesi-nacional-construindo-melhores-relacoes-de-trabalho-na-industria-da-construcao\/\"},\"author\":{\"name\":\"Sidney Rocha\",\"@id\":\"https:\/\/seconci.com.br\/site\/#\/schema\/person\/1d79afd97ddc8f2c68c1e88e298aa8e2\"},\"headline\":\"CPRT\/CBIC e Sesi Nacional: construindo melhores rela\u00e7\u00f5es de trabalho na ind\u00fastria da constru\u00e7\u00e3o\",\"datePublished\":\"2018-10-05T12:35:29+00:00\",\"dateModified\":\"2018-10-05T12:36:17+00:00\",\"mainEntityOfPage\":{\"@id\":\"https:\/\/seconci.com.br\/site\/2018\/10\/05\/cprt-cbic-e-sesi-nacional-construindo-melhores-relacoes-de-trabalho-na-industria-da-construcao\/\"},\"wordCount\":702,\"publisher\":{\"@id\":\"https:\/\/seconci.com.br\/site\/#organization\"},\"image\":{\"@id\":\"https:\/\/seconci.com.br\/site\/2018\/10\/05\/cprt-cbic-e-sesi-nacional-construindo-melhores-relacoes-de-trabalho-na-industria-da-construcao\/#primaryimage\"},\"thumbnailUrl\":\"https:\/\/seconci.com.br\/site\/wp-content\/uploads\/2018\/10\/f60fdcd4-c983-4365-8bfb-a947233ed3e2.jpg\",\"articleSection\":[\"Seconci Brasil\"],\"inLanguage\":\"pt-PT\"},{\"@type\":\"WebPage\",\"@id\":\"https:\/\/seconci.com.br\/site\/2018\/10\/05\/cprt-cbic-e-sesi-nacional-construindo-melhores-relacoes-de-trabalho-na-industria-da-construcao\/\",\"url\":\"https:\/\/seconci.com.br\/site\/2018\/10\/05\/cprt-cbic-e-sesi-nacional-construindo-melhores-relacoes-de-trabalho-na-industria-da-construcao\/\",\"name\":\"CPRT\/CBIC e Sesi Nacional: construindo melhores rela\u00e7\u00f5es de trabalho na ind\u00fastria da constru\u00e7\u00e3o - Seconci Brasil\",\"isPartOf\":{\"@id\":\"https:\/\/seconci.com.br\/site\/#website\"},\"primaryImageOfPage\":{\"@id\":\"https:\/\/seconci.com.br\/site\/2018\/10\/05\/cprt-cbic-e-sesi-nacional-construindo-melhores-relacoes-de-trabalho-na-industria-da-construcao\/#primaryimage\"},\"image\":{\"@id\":\"https:\/\/seconci.com.br\/site\/2018\/10\/05\/cprt-cbic-e-sesi-nacional-construindo-melhores-relacoes-de-trabalho-na-industria-da-construcao\/#primaryimage\"},\"thumbnailUrl\":\"https:\/\/seconci.com.br\/site\/wp-content\/uploads\/2018\/10\/f60fdcd4-c983-4365-8bfb-a947233ed3e2.jpg\",\"datePublished\":\"2018-10-05T12:35:29+00:00\",\"dateModified\":\"2018-10-05T12:36:17+00:00\",\"breadcrumb\":{\"@id\":\"https:\/\/seconci.com.br\/site\/2018\/10\/05\/cprt-cbic-e-sesi-nacional-construindo-melhores-relacoes-de-trabalho-na-industria-da-construcao\/#breadcrumb\"},\"inLanguage\":\"pt-PT\",\"potentialAction\":[{\"@type\":\"ReadAction\",\"target\":[\"https:\/\/seconci.com.br\/site\/2018\/10\/05\/cprt-cbic-e-sesi-nacional-construindo-melhores-relacoes-de-trabalho-na-industria-da-construcao\/\"]}]},{\"@type\":\"ImageObject\",\"inLanguage\":\"pt-PT\",\"@id\":\"https:\/\/seconci.com.br\/site\/2018\/10\/05\/cprt-cbic-e-sesi-nacional-construindo-melhores-relacoes-de-trabalho-na-industria-da-construcao\/#primaryimage\",\"url\":\"https:\/\/seconci.com.br\/site\/wp-content\/uploads\/2018\/10\/f60fdcd4-c983-4365-8bfb-a947233ed3e2.jpg\",\"contentUrl\":\"https:\/\/seconci.com.br\/site\/wp-content\/uploads\/2018\/10\/f60fdcd4-c983-4365-8bfb-a947233ed3e2.jpg\",\"width\":1024,\"height\":683},{\"@type\":\"BreadcrumbList\",\"@id\":\"https:\/\/seconci.com.br\/site\/2018\/10\/05\/cprt-cbic-e-sesi-nacional-construindo-melhores-relacoes-de-trabalho-na-industria-da-construcao\/#breadcrumb\",\"itemListElement\":[{\"@type\":\"ListItem\",\"position\":1,\"name\":\"In\u00edcio\",\"item\":\"https:\/\/seconci.com.br\/site\/\"},{\"@type\":\"ListItem\",\"position\":2,\"name\":\"CPRT\/CBIC e Sesi Nacional: construindo melhores rela\u00e7\u00f5es de trabalho na ind\u00fastria da constru\u00e7\u00e3o\"}]},{\"@type\":\"WebSite\",\"@id\":\"https:\/\/seconci.com.br\/site\/#website\",\"url\":\"https:\/\/seconci.com.br\/site\/\",\"name\":\"Seconci Brasil\",\"description\":\"\",\"publisher\":{\"@id\":\"https:\/\/seconci.com.br\/site\/#organization\"},\"potentialAction\":[{\"@type\":\"SearchAction\",\"target\":{\"@type\":\"EntryPoint\",\"urlTemplate\":\"https:\/\/seconci.com.br\/site\/?s={search_term_string}\"},\"query-input\":{\"@type\":\"PropertyValueSpecification\",\"valueRequired\":true,\"valueName\":\"search_term_string\"}}],\"inLanguage\":\"pt-PT\"},{\"@type\":\"Organization\",\"@id\":\"https:\/\/seconci.com.br\/site\/#organization\",\"name\":\"Seconci Brasil\",\"url\":\"https:\/\/seconci.com.br\/site\/\",\"logo\":{\"@type\":\"ImageObject\",\"inLanguage\":\"pt-PT\",\"@id\":\"https:\/\/seconci.com.br\/site\/#\/schema\/logo\/image\/\",\"url\":\"https:\/\/seconci.com.br\/site\/wp-content\/uploads\/2024\/08\/Logo-Seconci-Brasil-branca-2.png\",\"contentUrl\":\"https:\/\/seconci.com.br\/site\/wp-content\/uploads\/2024\/08\/Logo-Seconci-Brasil-branca-2.png\",\"width\":1315,\"height\":598,\"caption\":\"Seconci Brasil\"},\"image\":{\"@id\":\"https:\/\/seconci.com.br\/site\/#\/schema\/logo\/image\/\"}},{\"@type\":\"Person\",\"@id\":\"https:\/\/seconci.com.br\/site\/#\/schema\/person\/1d79afd97ddc8f2c68c1e88e298aa8e2\",\"name\":\"Sidney Rocha\",\"description\":\"Comunicador e estagi\u00e1rio do Seconci Brasil.\",\"url\":\"https:\/\/seconci.com.br\/site\/author\/sidney-rocha\/\"}]}<\/script>\n<!-- \/ Yoast SEO plugin. -->","yoast_head_json":{"title":"CPRT\/CBIC e Sesi Nacional: construindo melhores rela\u00e7\u00f5es de trabalho na ind\u00fastria da constru\u00e7\u00e3o - Seconci Brasil","robots":{"index":"index","follow":"follow","max-snippet":"max-snippet:-1","max-image-preview":"max-image-preview:large","max-video-preview":"max-video-preview:-1"},"canonical":"https:\/\/seconci.com.br\/site\/2018\/10\/05\/cprt-cbic-e-sesi-nacional-construindo-melhores-relacoes-de-trabalho-na-industria-da-construcao\/","og_locale":"pt_PT","og_type":"article","og_title":"CPRT\/CBIC e Sesi Nacional: construindo melhores rela\u00e7\u00f5es de trabalho na ind\u00fastria da constru\u00e7\u00e3o - Seconci Brasil","og_description":"| Ag\u00eancia Cbic | A partir desta quinta-feira (04\/10), empres\u00e1rios e t\u00e9cnicos do setor da constru\u00e7\u00e3o podem interagir de forma mais sustent\u00e1vel com todas as iniciativas da Comiss\u00e3o de Pol\u00edtica de Rela\u00e7\u00f5es Trabalhistas (CPRT) da C\u00e2mara Brasileira da Ind\u00fastria da Constru\u00e7\u00e3o (CBIC), correalizadas com o Sesi Nacional, sobre a tem\u00e1tica Seguran\u00e7a e Sa\u00fade no Trabalho [&hellip;]","og_url":"https:\/\/seconci.com.br\/site\/2018\/10\/05\/cprt-cbic-e-sesi-nacional-construindo-melhores-relacoes-de-trabalho-na-industria-da-construcao\/","og_site_name":"Seconci Brasil","article_published_time":"2018-10-05T12:35:29+00:00","article_modified_time":"2018-10-05T12:36:17+00:00","og_image":[{"width":1024,"height":683,"url":"https:\/\/seconci.com.br\/site\/wp-content\/uploads\/2018\/10\/f60fdcd4-c983-4365-8bfb-a947233ed3e2.jpg","type":"image\/jpeg"}],"author":"Sidney Rocha","twitter_card":"summary_large_image","twitter_misc":{"Escrito por":"Sidney Rocha","Tempo estimado de leitura":"3 minutos"},"schema":{"@context":"https:\/\/schema.org","@graph":[{"@type":"Article","@id":"https:\/\/seconci.com.br\/site\/2018\/10\/05\/cprt-cbic-e-sesi-nacional-construindo-melhores-relacoes-de-trabalho-na-industria-da-construcao\/#article","isPartOf":{"@id":"https:\/\/seconci.com.br\/site\/2018\/10\/05\/cprt-cbic-e-sesi-nacional-construindo-melhores-relacoes-de-trabalho-na-industria-da-construcao\/"},"author":{"name":"Sidney Rocha","@id":"https:\/\/seconci.com.br\/site\/#\/schema\/person\/1d79afd97ddc8f2c68c1e88e298aa8e2"},"headline":"CPRT\/CBIC e Sesi Nacional: construindo melhores rela\u00e7\u00f5es de trabalho na ind\u00fastria da constru\u00e7\u00e3o","datePublished":"2018-10-05T12:35:29+00:00","dateModified":"2018-10-05T12:36:17+00:00","mainEntityOfPage":{"@id":"https:\/\/seconci.com.br\/site\/2018\/10\/05\/cprt-cbic-e-sesi-nacional-construindo-melhores-relacoes-de-trabalho-na-industria-da-construcao\/"},"wordCount":702,"publisher":{"@id":"https:\/\/seconci.com.br\/site\/#organization"},"image":{"@id":"https:\/\/seconci.com.br\/site\/2018\/10\/05\/cprt-cbic-e-sesi-nacional-construindo-melhores-relacoes-de-trabalho-na-industria-da-construcao\/#primaryimage"},"thumbnailUrl":"https:\/\/seconci.com.br\/site\/wp-content\/uploads\/2018\/10\/f60fdcd4-c983-4365-8bfb-a947233ed3e2.jpg","articleSection":["Seconci Brasil"],"inLanguage":"pt-PT"},{"@type":"WebPage","@id":"https:\/\/seconci.com.br\/site\/2018\/10\/05\/cprt-cbic-e-sesi-nacional-construindo-melhores-relacoes-de-trabalho-na-industria-da-construcao\/","url":"https:\/\/seconci.com.br\/site\/2018\/10\/05\/cprt-cbic-e-sesi-nacional-construindo-melhores-relacoes-de-trabalho-na-industria-da-construcao\/","name":"CPRT\/CBIC e Sesi Nacional: construindo melhores rela\u00e7\u00f5es de trabalho na ind\u00fastria da constru\u00e7\u00e3o - Seconci Brasil","isPartOf":{"@id":"https:\/\/seconci.com.br\/site\/#website"},"primaryImageOfPage":{"@id":"https:\/\/seconci.com.br\/site\/2018\/10\/05\/cprt-cbic-e-sesi-nacional-construindo-melhores-relacoes-de-trabalho-na-industria-da-construcao\/#primaryimage"},"image":{"@id":"https:\/\/seconci.com.br\/site\/2018\/10\/05\/cprt-cbic-e-sesi-nacional-construindo-melhores-relacoes-de-trabalho-na-industria-da-construcao\/#primaryimage"},"thumbnailUrl":"https:\/\/seconci.com.br\/site\/wp-content\/uploads\/2018\/10\/f60fdcd4-c983-4365-8bfb-a947233ed3e2.jpg","datePublished":"2018-10-05T12:35:29+00:00","dateModified":"2018-10-05T12:36:17+00:00","breadcrumb":{"@id":"https:\/\/seconci.com.br\/site\/2018\/10\/05\/cprt-cbic-e-sesi-nacional-construindo-melhores-relacoes-de-trabalho-na-industria-da-construcao\/#breadcrumb"},"inLanguage":"pt-PT","potentialAction":[{"@type":"ReadAction","target":["https:\/\/seconci.com.br\/site\/2018\/10\/05\/cprt-cbic-e-sesi-nacional-construindo-melhores-relacoes-de-trabalho-na-industria-da-construcao\/"]}]},{"@type":"ImageObject","inLanguage":"pt-PT","@id":"https:\/\/seconci.com.br\/site\/2018\/10\/05\/cprt-cbic-e-sesi-nacional-construindo-melhores-relacoes-de-trabalho-na-industria-da-construcao\/#primaryimage","url":"https:\/\/seconci.com.br\/site\/wp-content\/uploads\/2018\/10\/f60fdcd4-c983-4365-8bfb-a947233ed3e2.jpg","contentUrl":"https:\/\/seconci.com.br\/site\/wp-content\/uploads\/2018\/10\/f60fdcd4-c983-4365-8bfb-a947233ed3e2.jpg","width":1024,"height":683},{"@type":"BreadcrumbList","@id":"https:\/\/seconci.com.br\/site\/2018\/10\/05\/cprt-cbic-e-sesi-nacional-construindo-melhores-relacoes-de-trabalho-na-industria-da-construcao\/#breadcrumb","itemListElement":[{"@type":"ListItem","position":1,"name":"In\u00edcio","item":"https:\/\/seconci.com.br\/site\/"},{"@type":"ListItem","position":2,"name":"CPRT\/CBIC e Sesi Nacional: construindo melhores rela\u00e7\u00f5es de trabalho na ind\u00fastria da constru\u00e7\u00e3o"}]},{"@type":"WebSite","@id":"https:\/\/seconci.com.br\/site\/#website","url":"https:\/\/seconci.com.br\/site\/","name":"Seconci Brasil","description":"","publisher":{"@id":"https:\/\/seconci.com.br\/site\/#organization"},"potentialAction":[{"@type":"SearchAction","target":{"@type":"EntryPoint","urlTemplate":"https:\/\/seconci.com.br\/site\/?s={search_term_string}"},"query-input":{"@type":"PropertyValueSpecification","valueRequired":true,"valueName":"search_term_string"}}],"inLanguage":"pt-PT"},{"@type":"Organization","@id":"https:\/\/seconci.com.br\/site\/#organization","name":"Seconci Brasil","url":"https:\/\/seconci.com.br\/site\/","logo":{"@type":"ImageObject","inLanguage":"pt-PT","@id":"https:\/\/seconci.com.br\/site\/#\/schema\/logo\/image\/","url":"https:\/\/seconci.com.br\/site\/wp-content\/uploads\/2024\/08\/Logo-Seconci-Brasil-branca-2.png","contentUrl":"https:\/\/seconci.com.br\/site\/wp-content\/uploads\/2024\/08\/Logo-Seconci-Brasil-branca-2.png","width":1315,"height":598,"caption":"Seconci Brasil"},"image":{"@id":"https:\/\/seconci.com.br\/site\/#\/schema\/logo\/image\/"}},{"@type":"Person","@id":"https:\/\/seconci.com.br\/site\/#\/schema\/person\/1d79afd97ddc8f2c68c1e88e298aa8e2","name":"Sidney Rocha","description":"Comunicador e estagi\u00e1rio do Seconci Brasil.","url":"https:\/\/seconci.com.br\/site\/author\/sidney-rocha\/"}]}},"_links":{"self":[{"href":"https:\/\/seconci.com.br\/site\/wp-json\/wp\/v2\/posts\/7757","targetHints":{"allow":["GET"]}}],"collection":[{"href":"https:\/\/seconci.com.br\/site\/wp-json\/wp\/v2\/posts"}],"about":[{"href":"https:\/\/seconci.com.br\/site\/wp-json\/wp\/v2\/types\/post"}],"author":[{"embeddable":true,"href":"https:\/\/seconci.com.br\/site\/wp-json\/wp\/v2\/users\/3"}],"replies":[{"embeddable":true,"href":"https:\/\/seconci.com.br\/site\/wp-json\/wp\/v2\/comments?post=7757"}],"version-history":[{"count":0,"href":"https:\/\/seconci.com.br\/site\/wp-json\/wp\/v2\/posts\/7757\/revisions"}],"wp:featuredmedia":[{"embeddable":true,"href":"https:\/\/seconci.com.br\/site\/wp-json\/wp\/v2\/media\/7758"}],"wp:attachment":[{"href":"https:\/\/seconci.com.br\/site\/wp-json\/wp\/v2\/media?parent=7757"}],"wp:term":[{"taxonomy":"category","embeddable":true,"href":"https:\/\/seconci.com.br\/site\/wp-json\/wp\/v2\/categories?post=7757"},{"taxonomy":"post_tag","embeddable":true,"href":"https:\/\/seconci.com.br\/site\/wp-json\/wp\/v2\/tags?post=7757"}],"curies":[{"name":"wp","href":"https:\/\/api.w.org\/{rel}","templated":true}]}}