{"id":7761,"date":"2018-10-05T14:06:54","date_gmt":"2018-10-05T14:06:54","guid":{"rendered":"https:\/\/seconci.com.br\/site\/?p=7761"},"modified":"2018-10-05T14:13:30","modified_gmt":"2018-10-05T14:13:30","slug":"o-seconci-e-a-institucionalizacao-do-artigo-1o-da-constituicao-diz-desembargador","status":"publish","type":"post","link":"https:\/\/seconci.com.br\/site\/2018\/10\/05\/o-seconci-e-a-institucionalizacao-do-artigo-1o-da-constituicao-diz-desembargador\/","title":{"rendered":"\u201cO Seconci \u00e9 a institucionaliza\u00e7\u00e3o do artigo 1\u00ba da Constitui\u00e7\u00e3o\u201d, diz desembargador"},"content":{"rendered":"<p style=\"text-align: justify;\">| Assessoria de Comunica\u00e7\u00e3o Social do Seconci-DF |<\/p>\n<p style=\"text-align: justify;\">O desembargador do Tribunal Regional do Trabalho 10\u00aa Regi\u00e3o M\u00e1rio Caron ressaltou a import\u00e2ncia do trabalho desenvolvido pelos Servi\u00e7os Sociais da Constru\u00e7\u00e3o (Seconcis) durante o IV Encontro Nacional de Seguran\u00e7a e Sa\u00fade no Trabalho na Ind\u00fastria da Constru\u00e7\u00e3o. O evento aconteceu nesta quinta-feira, 4 de outubro, e \u00e9 realizado pela C\u00e2mara Brasileira da Ind\u00fastria da Constru\u00e7\u00e3o, por meio da Comiss\u00e3o de Pol\u00edticas de Rela\u00e7\u00f5es Trabalhistas (CPRT\/CBIC), com apoio do Servi\u00e7o Social da Ind\u00fastria (Sesi\/DN).<\/p>\n<p style=\"text-align: justify;\">Caron, que j\u00e1 foi coordenador regional do Grupo de Trabalho Interinstitucional de Preven\u00e7\u00e3o de Acidentes de Trabalho (Getrin10), disse que a entidade \u00e9 uma cria\u00e7\u00e3o maravilhosa e precisa ter a participa\u00e7\u00e3o dos empres\u00e1rios. \u201cO Seconci \u00e9 a institucionaliza\u00e7\u00e3o do artigo 1\u00ba da Constitui\u00e7\u00e3o quando trata do valor social do trabalho e do valor social da livre iniciativa. O que precisa, no meu entendimento, \u00e9 uma participa\u00e7\u00e3o maior desses empregadores para que ele n\u00e3o passe tanta dificuldade e cumpra, ainda melhor, com o seu conte\u00fado\u201d, falou.<\/p>\n<p style=\"text-align: justify;\">Presente no Encontro, o presidente do Seconci-DF, Deyr Corr\u00eaa, endossou as palavras do desembargador e agradeceu pelo reconhecimento do trabalho que \u00e9 feito pela entidade em prol da seguran\u00e7a, sa\u00fade e melhoria da qualidade de vida dos trabalhadores. \u201cTer um elogio de um desembargador para a\u00e7\u00f5es que s\u00e3o desenvolvidas pela nossa entidade refor\u00e7a nosso papel social e o trabalho que fazemos em prol do trabalhador, em parceria com o empres\u00e1rio da constru\u00e7\u00e3o civil\u201d, disse Deyr.<\/p>\n<p><img fetchpriority=\"high\" decoding=\"async\" class=\"alignnone size-medium wp-image-7766\" src=\"http:\/\/seconci.com.br\/site\/wp-content\/uploads\/2018\/10\/IMG_7652-2-e1538748355924-300x225.jpg\" alt=\"\" width=\"300\" height=\"225\" \/><\/p>\n<p><em>Representantes do Seconci-DF durante o evento<\/em><\/p>\n<p style=\"text-align: justify;\">Em 2018, o Encontro debateu a\u00e7\u00f5es como a Campanha Nacional de Preven\u00e7\u00e3o de Acidentes (Canpat), com a presen\u00e7a de Jos\u00e9 Carlos Martins, presidente da Cbic; Fernando Guedes, presidente da CPRT; Claudio Secchin, Secret\u00e1rio de Inspe\u00e7\u00e3o do Trabalho (SIT\/Minist\u00e9rio do Trabalho); M\u00e1rio Caron, desembargador do TRT10; Leonardo Mendon\u00e7a, prorucrador do trabalho e coordenador nacional da CODEMAT; Paulo M\u00f3l, diretor de opera\u00e7\u00f5es do SESI-DN; e Wilson Geraldo Sales, Presidente da FETICOM-MG.<\/p>\n<p style=\"text-align: justify;\">Na parte t\u00e9cnica do evento, foram discutidos assuntos como preven\u00e7\u00e3o de quedas por trabalho em altura, com a presen\u00e7a do presidente do Seconci-SP, Haruo Ishikawa; da supervisora do departamento de seguran\u00e7a do trabalho do Seconci-MG, Andreia Kaucher Darmstadter; e do auditor fiscal do trabalho Luis Carlos Lumbreras. Al\u00e9m disso, teve a apresenta\u00e7\u00e3o da Plataforma Sesi Viva+ (pelo gerente executivo de qualidade de vida do Sesi-DN, Emmanuel Lacerda) e SST em BIM com a presen\u00e7a do presidente da COMAT\/CBIC Dionyzio Klavdianos, Renata R\u00e9zio (Sesi-DF) e Adriano Macedo Silva (Sesi-MS).<\/p>\n<p style=\"text-align: justify;\">O evento teve transmiss\u00e3o ao vivo, via Facebook da Cbic. Para acessar os v\u00eddeos, <a href=\"https:\/\/www.facebook.com\/cbicbrasil\/videos\/2181685885383591\/?notif_id=1538658175691521&amp;notif_t=live_video_explicit\" target=\"_blank\" rel=\"noopener\">clique aqui.<\/a><\/p>\n","protected":false},"excerpt":{"rendered":"<p>| Assessoria de Comunica\u00e7\u00e3o Social do Seconci-DF | O desembargador do Tribunal Regional do Trabalho 10\u00aa Regi\u00e3o M\u00e1rio Caron ressaltou a import\u00e2ncia do trabalho desenvolvido pelos Servi\u00e7os Sociais da Constru\u00e7\u00e3o (Seconcis) durante o IV Encontro Nacional de Seguran\u00e7a e Sa\u00fade no Trabalho na Ind\u00fastria da Constru\u00e7\u00e3o. O evento aconteceu nesta quinta-feira, 4 de outubro, e [&hellip;]<\/p>\n","protected":false},"author":3,"featured_media":7762,"comment_status":"closed","ping_status":"closed","sticky":false,"template":"","format":"standard","meta":{"footnotes":""},"categories":[77],"tags":[],"class_list":["post-7761","post","type-post","status-publish","format-standard","has-post-thumbnail","hentry","category-seconci-distrito-federal"],"yoast_head":"<!-- This site is optimized with the Yoast SEO plugin v26.9 - https:\/\/yoast.com\/product\/yoast-seo-wordpress\/ -->\n<title>\u201cO Seconci \u00e9 a institucionaliza\u00e7\u00e3o do artigo 1\u00ba da Constitui\u00e7\u00e3o\u201d, diz desembargador - Seconci Brasil<\/title>\n<meta name=\"robots\" content=\"index, follow, max-snippet:-1, max-image-preview:large, max-video-preview:-1\" \/>\n<link rel=\"canonical\" href=\"https:\/\/seconci.com.br\/site\/2018\/10\/05\/o-seconci-e-a-institucionalizacao-do-artigo-1o-da-constituicao-diz-desembargador\/\" \/>\n<meta property=\"og:locale\" content=\"pt_PT\" \/>\n<meta property=\"og:type\" content=\"article\" \/>\n<meta property=\"og:title\" content=\"\u201cO Seconci \u00e9 a institucionaliza\u00e7\u00e3o do artigo 1\u00ba da Constitui\u00e7\u00e3o\u201d, diz desembargador - Seconci Brasil\" \/>\n<meta property=\"og:description\" content=\"| Assessoria de Comunica\u00e7\u00e3o Social do Seconci-DF | O desembargador do Tribunal Regional do Trabalho 10\u00aa Regi\u00e3o M\u00e1rio Caron ressaltou a import\u00e2ncia do trabalho desenvolvido pelos Servi\u00e7os Sociais da Constru\u00e7\u00e3o (Seconcis) durante o IV Encontro Nacional de Seguran\u00e7a e Sa\u00fade no Trabalho na Ind\u00fastria da Constru\u00e7\u00e3o. O evento aconteceu nesta quinta-feira, 4 de outubro, e [&hellip;]\" \/>\n<meta property=\"og:url\" content=\"https:\/\/seconci.com.br\/site\/2018\/10\/05\/o-seconci-e-a-institucionalizacao-do-artigo-1o-da-constituicao-diz-desembargador\/\" \/>\n<meta property=\"og:site_name\" content=\"Seconci Brasil\" \/>\n<meta property=\"article:published_time\" content=\"2018-10-05T14:06:54+00:00\" \/>\n<meta property=\"article:modified_time\" content=\"2018-10-05T14:13:30+00:00\" \/>\n<meta property=\"og:image\" content=\"https:\/\/seconci.com.br\/site\/wp-content\/uploads\/2018\/10\/EF0566E3-FC19-44EC-92F4-398EF2516103-e1538679160823-300x169.jpg\" \/>\n\t<meta property=\"og:image:width\" content=\"1\" \/>\n\t<meta property=\"og:image:height\" content=\"1\" \/>\n\t<meta property=\"og:image:type\" content=\"image\/jpeg\" \/>\n<meta name=\"author\" content=\"Sidney Rocha\" \/>\n<meta name=\"twitter:card\" content=\"summary_large_image\" \/>\n<meta name=\"twitter:label1\" content=\"Escrito por\" \/>\n\t<meta name=\"twitter:data1\" content=\"Sidney Rocha\" \/>\n\t<meta name=\"twitter:label2\" content=\"Tempo estimado de leitura\" \/>\n\t<meta name=\"twitter:data2\" content=\"2 minutos\" \/>\n<script type=\"application\/ld+json\" class=\"yoast-schema-graph\">{\"@context\":\"https:\/\/schema.org\",\"@graph\":[{\"@type\":\"Article\",\"@id\":\"https:\/\/seconci.com.br\/site\/2018\/10\/05\/o-seconci-e-a-institucionalizacao-do-artigo-1o-da-constituicao-diz-desembargador\/#article\",\"isPartOf\":{\"@id\":\"https:\/\/seconci.com.br\/site\/2018\/10\/05\/o-seconci-e-a-institucionalizacao-do-artigo-1o-da-constituicao-diz-desembargador\/\"},\"author\":{\"name\":\"Sidney Rocha\",\"@id\":\"https:\/\/seconci.com.br\/site\/#\/schema\/person\/1d79afd97ddc8f2c68c1e88e298aa8e2\"},\"headline\":\"\u201cO Seconci \u00e9 a institucionaliza\u00e7\u00e3o do artigo 1\u00ba da Constitui\u00e7\u00e3o\u201d, diz desembargador\",\"datePublished\":\"2018-10-05T14:06:54+00:00\",\"dateModified\":\"2018-10-05T14:13:30+00:00\",\"mainEntityOfPage\":{\"@id\":\"https:\/\/seconci.com.br\/site\/2018\/10\/05\/o-seconci-e-a-institucionalizacao-do-artigo-1o-da-constituicao-diz-desembargador\/\"},\"wordCount\":481,\"publisher\":{\"@id\":\"https:\/\/seconci.com.br\/site\/#organization\"},\"image\":{\"@id\":\"https:\/\/seconci.com.br\/site\/2018\/10\/05\/o-seconci-e-a-institucionalizacao-do-artigo-1o-da-constituicao-diz-desembargador\/#primaryimage\"},\"thumbnailUrl\":\"https:\/\/seconci.com.br\/site\/wp-content\/uploads\/2018\/10\/EF0566E3-FC19-44EC-92F4-398EF2516103-e1538679160823-300x169.jpg\",\"articleSection\":[\"Seconci Distrito Federal\"],\"inLanguage\":\"pt-PT\"},{\"@type\":\"WebPage\",\"@id\":\"https:\/\/seconci.com.br\/site\/2018\/10\/05\/o-seconci-e-a-institucionalizacao-do-artigo-1o-da-constituicao-diz-desembargador\/\",\"url\":\"https:\/\/seconci.com.br\/site\/2018\/10\/05\/o-seconci-e-a-institucionalizacao-do-artigo-1o-da-constituicao-diz-desembargador\/\",\"name\":\"\u201cO Seconci \u00e9 a institucionaliza\u00e7\u00e3o do artigo 1\u00ba da Constitui\u00e7\u00e3o\u201d, diz desembargador - Seconci Brasil\",\"isPartOf\":{\"@id\":\"https:\/\/seconci.com.br\/site\/#website\"},\"primaryImageOfPage\":{\"@id\":\"https:\/\/seconci.com.br\/site\/2018\/10\/05\/o-seconci-e-a-institucionalizacao-do-artigo-1o-da-constituicao-diz-desembargador\/#primaryimage\"},\"image\":{\"@id\":\"https:\/\/seconci.com.br\/site\/2018\/10\/05\/o-seconci-e-a-institucionalizacao-do-artigo-1o-da-constituicao-diz-desembargador\/#primaryimage\"},\"thumbnailUrl\":\"https:\/\/seconci.com.br\/site\/wp-content\/uploads\/2018\/10\/EF0566E3-FC19-44EC-92F4-398EF2516103-e1538679160823-300x169.jpg\",\"datePublished\":\"2018-10-05T14:06:54+00:00\",\"dateModified\":\"2018-10-05T14:13:30+00:00\",\"breadcrumb\":{\"@id\":\"https:\/\/seconci.com.br\/site\/2018\/10\/05\/o-seconci-e-a-institucionalizacao-do-artigo-1o-da-constituicao-diz-desembargador\/#breadcrumb\"},\"inLanguage\":\"pt-PT\",\"potentialAction\":[{\"@type\":\"ReadAction\",\"target\":[\"https:\/\/seconci.com.br\/site\/2018\/10\/05\/o-seconci-e-a-institucionalizacao-do-artigo-1o-da-constituicao-diz-desembargador\/\"]}]},{\"@type\":\"ImageObject\",\"inLanguage\":\"pt-PT\",\"@id\":\"https:\/\/seconci.com.br\/site\/2018\/10\/05\/o-seconci-e-a-institucionalizacao-do-artigo-1o-da-constituicao-diz-desembargador\/#primaryimage\",\"url\":\"https:\/\/seconci.com.br\/site\/wp-content\/uploads\/2018\/10\/EF0566E3-FC19-44EC-92F4-398EF2516103-e1538679160823-300x169.jpg\",\"contentUrl\":\"https:\/\/seconci.com.br\/site\/wp-content\/uploads\/2018\/10\/EF0566E3-FC19-44EC-92F4-398EF2516103-e1538679160823-300x169.jpg\"},{\"@type\":\"BreadcrumbList\",\"@id\":\"https:\/\/seconci.com.br\/site\/2018\/10\/05\/o-seconci-e-a-institucionalizacao-do-artigo-1o-da-constituicao-diz-desembargador\/#breadcrumb\",\"itemListElement\":[{\"@type\":\"ListItem\",\"position\":1,\"name\":\"In\u00edcio\",\"item\":\"https:\/\/seconci.com.br\/site\/\"},{\"@type\":\"ListItem\",\"position\":2,\"name\":\"\u201cO Seconci \u00e9 a institucionaliza\u00e7\u00e3o do artigo 1\u00ba da Constitui\u00e7\u00e3o\u201d, diz desembargador\"}]},{\"@type\":\"WebSite\",\"@id\":\"https:\/\/seconci.com.br\/site\/#website\",\"url\":\"https:\/\/seconci.com.br\/site\/\",\"name\":\"Seconci Brasil\",\"description\":\"\",\"publisher\":{\"@id\":\"https:\/\/seconci.com.br\/site\/#organization\"},\"potentialAction\":[{\"@type\":\"SearchAction\",\"target\":{\"@type\":\"EntryPoint\",\"urlTemplate\":\"https:\/\/seconci.com.br\/site\/?s={search_term_string}\"},\"query-input\":{\"@type\":\"PropertyValueSpecification\",\"valueRequired\":true,\"valueName\":\"search_term_string\"}}],\"inLanguage\":\"pt-PT\"},{\"@type\":\"Organization\",\"@id\":\"https:\/\/seconci.com.br\/site\/#organization\",\"name\":\"Seconci Brasil\",\"url\":\"https:\/\/seconci.com.br\/site\/\",\"logo\":{\"@type\":\"ImageObject\",\"inLanguage\":\"pt-PT\",\"@id\":\"https:\/\/seconci.com.br\/site\/#\/schema\/logo\/image\/\",\"url\":\"https:\/\/seconci.com.br\/site\/wp-content\/uploads\/2024\/08\/Logo-Seconci-Brasil-branca-2.png\",\"contentUrl\":\"https:\/\/seconci.com.br\/site\/wp-content\/uploads\/2024\/08\/Logo-Seconci-Brasil-branca-2.png\",\"width\":1315,\"height\":598,\"caption\":\"Seconci Brasil\"},\"image\":{\"@id\":\"https:\/\/seconci.com.br\/site\/#\/schema\/logo\/image\/\"}},{\"@type\":\"Person\",\"@id\":\"https:\/\/seconci.com.br\/site\/#\/schema\/person\/1d79afd97ddc8f2c68c1e88e298aa8e2\",\"name\":\"Sidney Rocha\",\"description\":\"Comunicador e estagi\u00e1rio do Seconci Brasil.\",\"url\":\"https:\/\/seconci.com.br\/site\/author\/sidney-rocha\/\"}]}<\/script>\n<!-- \/ Yoast SEO plugin. -->","yoast_head_json":{"title":"\u201cO Seconci \u00e9 a institucionaliza\u00e7\u00e3o do artigo 1\u00ba da Constitui\u00e7\u00e3o\u201d, diz desembargador - Seconci Brasil","robots":{"index":"index","follow":"follow","max-snippet":"max-snippet:-1","max-image-preview":"max-image-preview:large","max-video-preview":"max-video-preview:-1"},"canonical":"https:\/\/seconci.com.br\/site\/2018\/10\/05\/o-seconci-e-a-institucionalizacao-do-artigo-1o-da-constituicao-diz-desembargador\/","og_locale":"pt_PT","og_type":"article","og_title":"\u201cO Seconci \u00e9 a institucionaliza\u00e7\u00e3o do artigo 1\u00ba da Constitui\u00e7\u00e3o\u201d, diz desembargador - Seconci Brasil","og_description":"| Assessoria de Comunica\u00e7\u00e3o Social do Seconci-DF | O desembargador do Tribunal Regional do Trabalho 10\u00aa Regi\u00e3o M\u00e1rio Caron ressaltou a import\u00e2ncia do trabalho desenvolvido pelos Servi\u00e7os Sociais da Constru\u00e7\u00e3o (Seconcis) durante o IV Encontro Nacional de Seguran\u00e7a e Sa\u00fade no Trabalho na Ind\u00fastria da Constru\u00e7\u00e3o. O evento aconteceu nesta quinta-feira, 4 de outubro, e [&hellip;]","og_url":"https:\/\/seconci.com.br\/site\/2018\/10\/05\/o-seconci-e-a-institucionalizacao-do-artigo-1o-da-constituicao-diz-desembargador\/","og_site_name":"Seconci Brasil","article_published_time":"2018-10-05T14:06:54+00:00","article_modified_time":"2018-10-05T14:13:30+00:00","og_image":[{"url":"https:\/\/seconci.com.br\/site\/wp-content\/uploads\/2018\/10\/EF0566E3-FC19-44EC-92F4-398EF2516103-e1538679160823-300x169.jpg","width":1,"height":1,"type":"image\/jpeg"}],"author":"Sidney Rocha","twitter_card":"summary_large_image","twitter_misc":{"Escrito por":"Sidney Rocha","Tempo estimado de leitura":"2 minutos"},"schema":{"@context":"https:\/\/schema.org","@graph":[{"@type":"Article","@id":"https:\/\/seconci.com.br\/site\/2018\/10\/05\/o-seconci-e-a-institucionalizacao-do-artigo-1o-da-constituicao-diz-desembargador\/#article","isPartOf":{"@id":"https:\/\/seconci.com.br\/site\/2018\/10\/05\/o-seconci-e-a-institucionalizacao-do-artigo-1o-da-constituicao-diz-desembargador\/"},"author":{"name":"Sidney Rocha","@id":"https:\/\/seconci.com.br\/site\/#\/schema\/person\/1d79afd97ddc8f2c68c1e88e298aa8e2"},"headline":"\u201cO Seconci \u00e9 a institucionaliza\u00e7\u00e3o do artigo 1\u00ba da Constitui\u00e7\u00e3o\u201d, diz desembargador","datePublished":"2018-10-05T14:06:54+00:00","dateModified":"2018-10-05T14:13:30+00:00","mainEntityOfPage":{"@id":"https:\/\/seconci.com.br\/site\/2018\/10\/05\/o-seconci-e-a-institucionalizacao-do-artigo-1o-da-constituicao-diz-desembargador\/"},"wordCount":481,"publisher":{"@id":"https:\/\/seconci.com.br\/site\/#organization"},"image":{"@id":"https:\/\/seconci.com.br\/site\/2018\/10\/05\/o-seconci-e-a-institucionalizacao-do-artigo-1o-da-constituicao-diz-desembargador\/#primaryimage"},"thumbnailUrl":"https:\/\/seconci.com.br\/site\/wp-content\/uploads\/2018\/10\/EF0566E3-FC19-44EC-92F4-398EF2516103-e1538679160823-300x169.jpg","articleSection":["Seconci Distrito Federal"],"inLanguage":"pt-PT"},{"@type":"WebPage","@id":"https:\/\/seconci.com.br\/site\/2018\/10\/05\/o-seconci-e-a-institucionalizacao-do-artigo-1o-da-constituicao-diz-desembargador\/","url":"https:\/\/seconci.com.br\/site\/2018\/10\/05\/o-seconci-e-a-institucionalizacao-do-artigo-1o-da-constituicao-diz-desembargador\/","name":"\u201cO Seconci \u00e9 a institucionaliza\u00e7\u00e3o do artigo 1\u00ba da Constitui\u00e7\u00e3o\u201d, diz desembargador - Seconci Brasil","isPartOf":{"@id":"https:\/\/seconci.com.br\/site\/#website"},"primaryImageOfPage":{"@id":"https:\/\/seconci.com.br\/site\/2018\/10\/05\/o-seconci-e-a-institucionalizacao-do-artigo-1o-da-constituicao-diz-desembargador\/#primaryimage"},"image":{"@id":"https:\/\/seconci.com.br\/site\/2018\/10\/05\/o-seconci-e-a-institucionalizacao-do-artigo-1o-da-constituicao-diz-desembargador\/#primaryimage"},"thumbnailUrl":"https:\/\/seconci.com.br\/site\/wp-content\/uploads\/2018\/10\/EF0566E3-FC19-44EC-92F4-398EF2516103-e1538679160823-300x169.jpg","datePublished":"2018-10-05T14:06:54+00:00","dateModified":"2018-10-05T14:13:30+00:00","breadcrumb":{"@id":"https:\/\/seconci.com.br\/site\/2018\/10\/05\/o-seconci-e-a-institucionalizacao-do-artigo-1o-da-constituicao-diz-desembargador\/#breadcrumb"},"inLanguage":"pt-PT","potentialAction":[{"@type":"ReadAction","target":["https:\/\/seconci.com.br\/site\/2018\/10\/05\/o-seconci-e-a-institucionalizacao-do-artigo-1o-da-constituicao-diz-desembargador\/"]}]},{"@type":"ImageObject","inLanguage":"pt-PT","@id":"https:\/\/seconci.com.br\/site\/2018\/10\/05\/o-seconci-e-a-institucionalizacao-do-artigo-1o-da-constituicao-diz-desembargador\/#primaryimage","url":"https:\/\/seconci.com.br\/site\/wp-content\/uploads\/2018\/10\/EF0566E3-FC19-44EC-92F4-398EF2516103-e1538679160823-300x169.jpg","contentUrl":"https:\/\/seconci.com.br\/site\/wp-content\/uploads\/2018\/10\/EF0566E3-FC19-44EC-92F4-398EF2516103-e1538679160823-300x169.jpg"},{"@type":"BreadcrumbList","@id":"https:\/\/seconci.com.br\/site\/2018\/10\/05\/o-seconci-e-a-institucionalizacao-do-artigo-1o-da-constituicao-diz-desembargador\/#breadcrumb","itemListElement":[{"@type":"ListItem","position":1,"name":"In\u00edcio","item":"https:\/\/seconci.com.br\/site\/"},{"@type":"ListItem","position":2,"name":"\u201cO Seconci \u00e9 a institucionaliza\u00e7\u00e3o do artigo 1\u00ba da Constitui\u00e7\u00e3o\u201d, diz desembargador"}]},{"@type":"WebSite","@id":"https:\/\/seconci.com.br\/site\/#website","url":"https:\/\/seconci.com.br\/site\/","name":"Seconci Brasil","description":"","publisher":{"@id":"https:\/\/seconci.com.br\/site\/#organization"},"potentialAction":[{"@type":"SearchAction","target":{"@type":"EntryPoint","urlTemplate":"https:\/\/seconci.com.br\/site\/?s={search_term_string}"},"query-input":{"@type":"PropertyValueSpecification","valueRequired":true,"valueName":"search_term_string"}}],"inLanguage":"pt-PT"},{"@type":"Organization","@id":"https:\/\/seconci.com.br\/site\/#organization","name":"Seconci Brasil","url":"https:\/\/seconci.com.br\/site\/","logo":{"@type":"ImageObject","inLanguage":"pt-PT","@id":"https:\/\/seconci.com.br\/site\/#\/schema\/logo\/image\/","url":"https:\/\/seconci.com.br\/site\/wp-content\/uploads\/2024\/08\/Logo-Seconci-Brasil-branca-2.png","contentUrl":"https:\/\/seconci.com.br\/site\/wp-content\/uploads\/2024\/08\/Logo-Seconci-Brasil-branca-2.png","width":1315,"height":598,"caption":"Seconci Brasil"},"image":{"@id":"https:\/\/seconci.com.br\/site\/#\/schema\/logo\/image\/"}},{"@type":"Person","@id":"https:\/\/seconci.com.br\/site\/#\/schema\/person\/1d79afd97ddc8f2c68c1e88e298aa8e2","name":"Sidney Rocha","description":"Comunicador e estagi\u00e1rio do Seconci Brasil.","url":"https:\/\/seconci.com.br\/site\/author\/sidney-rocha\/"}]}},"_links":{"self":[{"href":"https:\/\/seconci.com.br\/site\/wp-json\/wp\/v2\/posts\/7761","targetHints":{"allow":["GET"]}}],"collection":[{"href":"https:\/\/seconci.com.br\/site\/wp-json\/wp\/v2\/posts"}],"about":[{"href":"https:\/\/seconci.com.br\/site\/wp-json\/wp\/v2\/types\/post"}],"author":[{"embeddable":true,"href":"https:\/\/seconci.com.br\/site\/wp-json\/wp\/v2\/users\/3"}],"replies":[{"embeddable":true,"href":"https:\/\/seconci.com.br\/site\/wp-json\/wp\/v2\/comments?post=7761"}],"version-history":[{"count":0,"href":"https:\/\/seconci.com.br\/site\/wp-json\/wp\/v2\/posts\/7761\/revisions"}],"wp:featuredmedia":[{"embeddable":true,"href":"https:\/\/seconci.com.br\/site\/wp-json\/wp\/v2\/media\/7762"}],"wp:attachment":[{"href":"https:\/\/seconci.com.br\/site\/wp-json\/wp\/v2\/media?parent=7761"}],"wp:term":[{"taxonomy":"category","embeddable":true,"href":"https:\/\/seconci.com.br\/site\/wp-json\/wp\/v2\/categories?post=7761"},{"taxonomy":"post_tag","embeddable":true,"href":"https:\/\/seconci.com.br\/site\/wp-json\/wp\/v2\/tags?post=7761"}],"curies":[{"name":"wp","href":"https:\/\/api.w.org\/{rel}","templated":true}]}}