{"id":7786,"date":"2018-10-10T14:06:30","date_gmt":"2018-10-10T14:06:30","guid":{"rendered":"https:\/\/seconci.com.br\/site\/?p=7786"},"modified":"2018-10-10T14:15:26","modified_gmt":"2018-10-10T14:15:26","slug":"seconci-df-alteracoes-da-nr-18-entram-em-vigor-neste-mes","status":"publish","type":"post","link":"https:\/\/seconci.com.br\/site\/2018\/10\/10\/seconci-df-alteracoes-da-nr-18-entram-em-vigor-neste-mes\/","title":{"rendered":"| Seconci-DF | Altera\u00e7\u00f5es da NR-18 entram em vigor neste m\u00eas"},"content":{"rendered":"<p style=\"text-align: justify;\"><em>As mudan\u00e7as foram publicadas por meio de Portaria do Minist\u00e9rio do Trabalho e come\u00e7am a valer na segunda quinzena de outubro<\/em><\/p>\n<p style=\"text-align: justify;\">| <strong>Assessoria de Comunica\u00e7\u00e3o Social do Seconci-DF<\/strong> |<\/p>\n<p style=\"text-align: justify;\">A partir do dia 18 de outubro, entra em vigor as altera\u00e7\u00f5es da Norma Regulamentadora 18: Condi\u00e7\u00f5es e Meio Ambiente de Trabalho na Ind\u00fastria da Constru\u00e7\u00e3o, do Minist\u00e9rio do Trabalho. As altera\u00e7\u00f5es foram publicadas na <a href=\"http:\/\/www.trtsp.jus.br\/geral\/tribunal2\/ORGAOS\/MTE\/Portaria\/P261_18.html\" target=\"_blank\" rel=\"noopener\">Portaria 261\/2018<\/a>, do mesmo Minist\u00e9rio, e versa sobre as altera\u00e7\u00f5es do item 18.21: Instala\u00e7\u00f5es El\u00e9tricas.<\/p>\n<p style=\"text-align: justify;\">Entre as altera\u00e7\u00f5es, est\u00e1 o disposto que diz que as execu\u00e7\u00f5es das instala\u00e7\u00f5es el\u00e9tricas tempor\u00e1rias e definitivas devem atender \u00e0 Norma Regulamentadora 10 (NR-10) \u2013 Seguran\u00e7a em Instala\u00e7\u00f5es e Servi\u00e7os em Eletricidade \u2013 do Minist\u00e9rio do Trabalho. Al\u00e9m disso, a execu\u00e7\u00e3o deste tipo de trabalho deve ser feita por profissionais capacitados e legalmente habilitados, de acordo com a NR10. Outro ponto que merece aten\u00e7\u00e3o, \u00e9 a obrigatoriedade de instala\u00e7\u00f5es de dispositivo de seguran\u00e7a \u2013 Diferencial Residual (DR) e a instala\u00e7\u00e3o do Sistema de Prote\u00e7\u00e3o contra Descarga Atmosf\u00e9rica (SPDA) nos canteiros de obra.<\/p>\n<p style=\"text-align: justify;\">A engenheira e gerente de seguran\u00e7a do trabalho do Seconci-DF, Juliana Moreira, ressalta a import\u00e2ncia do cumprimento das altera\u00e7\u00f5es pelas empresas, al\u00e9m da adequa\u00e7\u00e3o das novas exig\u00eancias, a fim de tornar o ambiente de trabalho um local mais seguro, menos prop\u00edcio a acidentes e livre de penalidades por parte da fiscaliza\u00e7\u00e3o. \u201cEssas mudan\u00e7as refor\u00e7am a preocupa\u00e7\u00e3o de todos os envolvidos com a seguran\u00e7a nos canteiros e o trabalho feito pelas equipes de seguran\u00e7a para evitar o risco de acidentes com instala\u00e7\u00f5es el\u00e9tricas\u201d, fala Juliana.<\/p>\n<p style=\"text-align: justify;\">Os choques el\u00e9tricos est\u00e3o entre as principais causas de acidentes na constru\u00e7\u00e3o civil, \u00e0 sua frente: queda de materiais e dermatoses (alergias causadas por poeira, \u00e1caros e afins). Portanto, a preven\u00e7\u00e3o e o cuidado podem salvar vidas e melhorar a qualidade do ambiente onde os trabalhadores desempenham suas fun\u00e7\u00f5es.<\/p>\n<p style=\"text-align: justify;\">Conte com o Seconci-DF na preven\u00e7\u00e3o de acidentes: a seguran\u00e7a do trabalho \u00e9 um dos carros-chefes da entidade que oferece treinamentos e capacita\u00e7\u00e3o de profissionais para atuar nos canteiros do DF. Os t\u00e9cnicos da \u00e1rea ministram treinamentos (admissional, para membros da CIPA, trabalho em altura, entre outros), palestras (temas diversos), distribui\u00e7\u00e3o de material informativo e de sinaliza\u00e7\u00e3o para obras (cartazes e cartilhas), pe\u00e7as teatrais e realiza programas exigidos por Lei como O Programa de Condi\u00e7\u00f5es e meio Ambiente de Trabalho na Ind\u00fastria de Constru\u00e7\u00e3o (PCMAT), o Programa de Preven\u00e7\u00e3o de Riscos Ambientais (PPRA) e o Programa de Controle M\u00e9dico de Sa\u00fade Ocupacional (PCMSO), este, em parceria com a Medicina do Trabalho da entidade.<\/p>\n<p style=\"text-align: justify;\">Conhe\u00e7a os servi\u00e7os do Seconci-DF e promova a seguran\u00e7a do trabalho na sua empresa. Ligue (61) 3399-1888 ramal 247 e fale conosco.<\/p>\n","protected":false},"excerpt":{"rendered":"<p>As mudan\u00e7as foram publicadas por meio de Portaria do Minist\u00e9rio do Trabalho e come\u00e7am a valer na segunda quinzena de outubro | Assessoria de Comunica\u00e7\u00e3o Social do Seconci-DF | A partir do dia 18 de outubro, entra em vigor as altera\u00e7\u00f5es da Norma Regulamentadora 18: Condi\u00e7\u00f5es e Meio Ambiente de Trabalho na Ind\u00fastria da Constru\u00e7\u00e3o, [&hellip;]<\/p>\n","protected":false},"author":3,"featured_media":7788,"comment_status":"closed","ping_status":"closed","sticky":false,"template":"","format":"standard","meta":{"footnotes":""},"categories":[77],"tags":[],"class_list":["post-7786","post","type-post","status-publish","format-standard","has-post-thumbnail","hentry","category-seconci-distrito-federal"],"yoast_head":"<!-- This site is optimized with the Yoast SEO plugin v26.9 - https:\/\/yoast.com\/product\/yoast-seo-wordpress\/ -->\n<title>| Seconci-DF | Altera\u00e7\u00f5es da NR-18 entram em vigor neste m\u00eas - Seconci Brasil<\/title>\n<meta name=\"robots\" content=\"index, follow, max-snippet:-1, max-image-preview:large, max-video-preview:-1\" \/>\n<link rel=\"canonical\" href=\"https:\/\/seconci.com.br\/site\/2018\/10\/10\/seconci-df-alteracoes-da-nr-18-entram-em-vigor-neste-mes\/\" \/>\n<meta property=\"og:locale\" content=\"pt_PT\" \/>\n<meta property=\"og:type\" content=\"article\" \/>\n<meta property=\"og:title\" content=\"| Seconci-DF | Altera\u00e7\u00f5es da NR-18 entram em vigor neste m\u00eas - Seconci Brasil\" \/>\n<meta property=\"og:description\" content=\"As mudan\u00e7as foram publicadas por meio de Portaria do Minist\u00e9rio do Trabalho e come\u00e7am a valer na segunda quinzena de outubro | Assessoria de Comunica\u00e7\u00e3o Social do Seconci-DF | A partir do dia 18 de outubro, entra em vigor as altera\u00e7\u00f5es da Norma Regulamentadora 18: Condi\u00e7\u00f5es e Meio Ambiente de Trabalho na Ind\u00fastria da Constru\u00e7\u00e3o, [&hellip;]\" \/>\n<meta property=\"og:url\" content=\"https:\/\/seconci.com.br\/site\/2018\/10\/10\/seconci-df-alteracoes-da-nr-18-entram-em-vigor-neste-mes\/\" \/>\n<meta property=\"og:site_name\" content=\"Seconci Brasil\" \/>\n<meta property=\"article:published_time\" content=\"2018-10-10T14:06:30+00:00\" \/>\n<meta property=\"article:modified_time\" content=\"2018-10-10T14:15:26+00:00\" \/>\n<meta property=\"og:image\" content=\"https:\/\/seconci.com.br\/site\/wp-content\/uploads\/2018\/10\/Happy-1.png\" \/>\n\t<meta property=\"og:image:width\" content=\"940\" \/>\n\t<meta property=\"og:image:height\" content=\"788\" \/>\n\t<meta property=\"og:image:type\" content=\"image\/png\" \/>\n<meta name=\"author\" content=\"Sidney Rocha\" \/>\n<meta name=\"twitter:card\" content=\"summary_large_image\" \/>\n<meta name=\"twitter:label1\" content=\"Escrito por\" \/>\n\t<meta name=\"twitter:data1\" content=\"Sidney Rocha\" \/>\n\t<meta name=\"twitter:label2\" content=\"Tempo estimado de leitura\" \/>\n\t<meta name=\"twitter:data2\" content=\"2 minutos\" \/>\n<script type=\"application\/ld+json\" class=\"yoast-schema-graph\">{\"@context\":\"https:\/\/schema.org\",\"@graph\":[{\"@type\":\"Article\",\"@id\":\"https:\/\/seconci.com.br\/site\/2018\/10\/10\/seconci-df-alteracoes-da-nr-18-entram-em-vigor-neste-mes\/#article\",\"isPartOf\":{\"@id\":\"https:\/\/seconci.com.br\/site\/2018\/10\/10\/seconci-df-alteracoes-da-nr-18-entram-em-vigor-neste-mes\/\"},\"author\":{\"name\":\"Sidney Rocha\",\"@id\":\"https:\/\/seconci.com.br\/site\/#\/schema\/person\/1d79afd97ddc8f2c68c1e88e298aa8e2\"},\"headline\":\"| Seconci-DF | Altera\u00e7\u00f5es da NR-18 entram em vigor neste m\u00eas\",\"datePublished\":\"2018-10-10T14:06:30+00:00\",\"dateModified\":\"2018-10-10T14:15:26+00:00\",\"mainEntityOfPage\":{\"@id\":\"https:\/\/seconci.com.br\/site\/2018\/10\/10\/seconci-df-alteracoes-da-nr-18-entram-em-vigor-neste-mes\/\"},\"wordCount\":501,\"publisher\":{\"@id\":\"https:\/\/seconci.com.br\/site\/#organization\"},\"image\":{\"@id\":\"https:\/\/seconci.com.br\/site\/2018\/10\/10\/seconci-df-alteracoes-da-nr-18-entram-em-vigor-neste-mes\/#primaryimage\"},\"thumbnailUrl\":\"https:\/\/seconci.com.br\/site\/wp-content\/uploads\/2018\/10\/Happy-1.png\",\"articleSection\":[\"Seconci Distrito Federal\"],\"inLanguage\":\"pt-PT\"},{\"@type\":\"WebPage\",\"@id\":\"https:\/\/seconci.com.br\/site\/2018\/10\/10\/seconci-df-alteracoes-da-nr-18-entram-em-vigor-neste-mes\/\",\"url\":\"https:\/\/seconci.com.br\/site\/2018\/10\/10\/seconci-df-alteracoes-da-nr-18-entram-em-vigor-neste-mes\/\",\"name\":\"| Seconci-DF | Altera\u00e7\u00f5es da NR-18 entram em vigor neste m\u00eas - Seconci Brasil\",\"isPartOf\":{\"@id\":\"https:\/\/seconci.com.br\/site\/#website\"},\"primaryImageOfPage\":{\"@id\":\"https:\/\/seconci.com.br\/site\/2018\/10\/10\/seconci-df-alteracoes-da-nr-18-entram-em-vigor-neste-mes\/#primaryimage\"},\"image\":{\"@id\":\"https:\/\/seconci.com.br\/site\/2018\/10\/10\/seconci-df-alteracoes-da-nr-18-entram-em-vigor-neste-mes\/#primaryimage\"},\"thumbnailUrl\":\"https:\/\/seconci.com.br\/site\/wp-content\/uploads\/2018\/10\/Happy-1.png\",\"datePublished\":\"2018-10-10T14:06:30+00:00\",\"dateModified\":\"2018-10-10T14:15:26+00:00\",\"breadcrumb\":{\"@id\":\"https:\/\/seconci.com.br\/site\/2018\/10\/10\/seconci-df-alteracoes-da-nr-18-entram-em-vigor-neste-mes\/#breadcrumb\"},\"inLanguage\":\"pt-PT\",\"potentialAction\":[{\"@type\":\"ReadAction\",\"target\":[\"https:\/\/seconci.com.br\/site\/2018\/10\/10\/seconci-df-alteracoes-da-nr-18-entram-em-vigor-neste-mes\/\"]}]},{\"@type\":\"ImageObject\",\"inLanguage\":\"pt-PT\",\"@id\":\"https:\/\/seconci.com.br\/site\/2018\/10\/10\/seconci-df-alteracoes-da-nr-18-entram-em-vigor-neste-mes\/#primaryimage\",\"url\":\"https:\/\/seconci.com.br\/site\/wp-content\/uploads\/2018\/10\/Happy-1.png\",\"contentUrl\":\"https:\/\/seconci.com.br\/site\/wp-content\/uploads\/2018\/10\/Happy-1.png\",\"width\":940,\"height\":788},{\"@type\":\"BreadcrumbList\",\"@id\":\"https:\/\/seconci.com.br\/site\/2018\/10\/10\/seconci-df-alteracoes-da-nr-18-entram-em-vigor-neste-mes\/#breadcrumb\",\"itemListElement\":[{\"@type\":\"ListItem\",\"position\":1,\"name\":\"In\u00edcio\",\"item\":\"https:\/\/seconci.com.br\/site\/\"},{\"@type\":\"ListItem\",\"position\":2,\"name\":\"| Seconci-DF | Altera\u00e7\u00f5es da NR-18 entram em vigor neste m\u00eas\"}]},{\"@type\":\"WebSite\",\"@id\":\"https:\/\/seconci.com.br\/site\/#website\",\"url\":\"https:\/\/seconci.com.br\/site\/\",\"name\":\"Seconci Brasil\",\"description\":\"\",\"publisher\":{\"@id\":\"https:\/\/seconci.com.br\/site\/#organization\"},\"potentialAction\":[{\"@type\":\"SearchAction\",\"target\":{\"@type\":\"EntryPoint\",\"urlTemplate\":\"https:\/\/seconci.com.br\/site\/?s={search_term_string}\"},\"query-input\":{\"@type\":\"PropertyValueSpecification\",\"valueRequired\":true,\"valueName\":\"search_term_string\"}}],\"inLanguage\":\"pt-PT\"},{\"@type\":\"Organization\",\"@id\":\"https:\/\/seconci.com.br\/site\/#organization\",\"name\":\"Seconci Brasil\",\"url\":\"https:\/\/seconci.com.br\/site\/\",\"logo\":{\"@type\":\"ImageObject\",\"inLanguage\":\"pt-PT\",\"@id\":\"https:\/\/seconci.com.br\/site\/#\/schema\/logo\/image\/\",\"url\":\"https:\/\/seconci.com.br\/site\/wp-content\/uploads\/2024\/08\/Logo-Seconci-Brasil-branca-2.png\",\"contentUrl\":\"https:\/\/seconci.com.br\/site\/wp-content\/uploads\/2024\/08\/Logo-Seconci-Brasil-branca-2.png\",\"width\":1315,\"height\":598,\"caption\":\"Seconci Brasil\"},\"image\":{\"@id\":\"https:\/\/seconci.com.br\/site\/#\/schema\/logo\/image\/\"}},{\"@type\":\"Person\",\"@id\":\"https:\/\/seconci.com.br\/site\/#\/schema\/person\/1d79afd97ddc8f2c68c1e88e298aa8e2\",\"name\":\"Sidney Rocha\",\"description\":\"Comunicador e estagi\u00e1rio do Seconci Brasil.\",\"url\":\"https:\/\/seconci.com.br\/site\/author\/sidney-rocha\/\"}]}<\/script>\n<!-- \/ Yoast SEO plugin. -->","yoast_head_json":{"title":"| Seconci-DF | Altera\u00e7\u00f5es da NR-18 entram em vigor neste m\u00eas - Seconci Brasil","robots":{"index":"index","follow":"follow","max-snippet":"max-snippet:-1","max-image-preview":"max-image-preview:large","max-video-preview":"max-video-preview:-1"},"canonical":"https:\/\/seconci.com.br\/site\/2018\/10\/10\/seconci-df-alteracoes-da-nr-18-entram-em-vigor-neste-mes\/","og_locale":"pt_PT","og_type":"article","og_title":"| Seconci-DF | Altera\u00e7\u00f5es da NR-18 entram em vigor neste m\u00eas - Seconci Brasil","og_description":"As mudan\u00e7as foram publicadas por meio de Portaria do Minist\u00e9rio do Trabalho e come\u00e7am a valer na segunda quinzena de outubro | Assessoria de Comunica\u00e7\u00e3o Social do Seconci-DF | A partir do dia 18 de outubro, entra em vigor as altera\u00e7\u00f5es da Norma Regulamentadora 18: Condi\u00e7\u00f5es e Meio Ambiente de Trabalho na Ind\u00fastria da Constru\u00e7\u00e3o, [&hellip;]","og_url":"https:\/\/seconci.com.br\/site\/2018\/10\/10\/seconci-df-alteracoes-da-nr-18-entram-em-vigor-neste-mes\/","og_site_name":"Seconci Brasil","article_published_time":"2018-10-10T14:06:30+00:00","article_modified_time":"2018-10-10T14:15:26+00:00","og_image":[{"width":940,"height":788,"url":"https:\/\/seconci.com.br\/site\/wp-content\/uploads\/2018\/10\/Happy-1.png","type":"image\/png"}],"author":"Sidney Rocha","twitter_card":"summary_large_image","twitter_misc":{"Escrito por":"Sidney Rocha","Tempo estimado de leitura":"2 minutos"},"schema":{"@context":"https:\/\/schema.org","@graph":[{"@type":"Article","@id":"https:\/\/seconci.com.br\/site\/2018\/10\/10\/seconci-df-alteracoes-da-nr-18-entram-em-vigor-neste-mes\/#article","isPartOf":{"@id":"https:\/\/seconci.com.br\/site\/2018\/10\/10\/seconci-df-alteracoes-da-nr-18-entram-em-vigor-neste-mes\/"},"author":{"name":"Sidney Rocha","@id":"https:\/\/seconci.com.br\/site\/#\/schema\/person\/1d79afd97ddc8f2c68c1e88e298aa8e2"},"headline":"| Seconci-DF | Altera\u00e7\u00f5es da NR-18 entram em vigor neste m\u00eas","datePublished":"2018-10-10T14:06:30+00:00","dateModified":"2018-10-10T14:15:26+00:00","mainEntityOfPage":{"@id":"https:\/\/seconci.com.br\/site\/2018\/10\/10\/seconci-df-alteracoes-da-nr-18-entram-em-vigor-neste-mes\/"},"wordCount":501,"publisher":{"@id":"https:\/\/seconci.com.br\/site\/#organization"},"image":{"@id":"https:\/\/seconci.com.br\/site\/2018\/10\/10\/seconci-df-alteracoes-da-nr-18-entram-em-vigor-neste-mes\/#primaryimage"},"thumbnailUrl":"https:\/\/seconci.com.br\/site\/wp-content\/uploads\/2018\/10\/Happy-1.png","articleSection":["Seconci Distrito Federal"],"inLanguage":"pt-PT"},{"@type":"WebPage","@id":"https:\/\/seconci.com.br\/site\/2018\/10\/10\/seconci-df-alteracoes-da-nr-18-entram-em-vigor-neste-mes\/","url":"https:\/\/seconci.com.br\/site\/2018\/10\/10\/seconci-df-alteracoes-da-nr-18-entram-em-vigor-neste-mes\/","name":"| Seconci-DF | Altera\u00e7\u00f5es da NR-18 entram em vigor neste m\u00eas - Seconci Brasil","isPartOf":{"@id":"https:\/\/seconci.com.br\/site\/#website"},"primaryImageOfPage":{"@id":"https:\/\/seconci.com.br\/site\/2018\/10\/10\/seconci-df-alteracoes-da-nr-18-entram-em-vigor-neste-mes\/#primaryimage"},"image":{"@id":"https:\/\/seconci.com.br\/site\/2018\/10\/10\/seconci-df-alteracoes-da-nr-18-entram-em-vigor-neste-mes\/#primaryimage"},"thumbnailUrl":"https:\/\/seconci.com.br\/site\/wp-content\/uploads\/2018\/10\/Happy-1.png","datePublished":"2018-10-10T14:06:30+00:00","dateModified":"2018-10-10T14:15:26+00:00","breadcrumb":{"@id":"https:\/\/seconci.com.br\/site\/2018\/10\/10\/seconci-df-alteracoes-da-nr-18-entram-em-vigor-neste-mes\/#breadcrumb"},"inLanguage":"pt-PT","potentialAction":[{"@type":"ReadAction","target":["https:\/\/seconci.com.br\/site\/2018\/10\/10\/seconci-df-alteracoes-da-nr-18-entram-em-vigor-neste-mes\/"]}]},{"@type":"ImageObject","inLanguage":"pt-PT","@id":"https:\/\/seconci.com.br\/site\/2018\/10\/10\/seconci-df-alteracoes-da-nr-18-entram-em-vigor-neste-mes\/#primaryimage","url":"https:\/\/seconci.com.br\/site\/wp-content\/uploads\/2018\/10\/Happy-1.png","contentUrl":"https:\/\/seconci.com.br\/site\/wp-content\/uploads\/2018\/10\/Happy-1.png","width":940,"height":788},{"@type":"BreadcrumbList","@id":"https:\/\/seconci.com.br\/site\/2018\/10\/10\/seconci-df-alteracoes-da-nr-18-entram-em-vigor-neste-mes\/#breadcrumb","itemListElement":[{"@type":"ListItem","position":1,"name":"In\u00edcio","item":"https:\/\/seconci.com.br\/site\/"},{"@type":"ListItem","position":2,"name":"| Seconci-DF | Altera\u00e7\u00f5es da NR-18 entram em vigor neste m\u00eas"}]},{"@type":"WebSite","@id":"https:\/\/seconci.com.br\/site\/#website","url":"https:\/\/seconci.com.br\/site\/","name":"Seconci Brasil","description":"","publisher":{"@id":"https:\/\/seconci.com.br\/site\/#organization"},"potentialAction":[{"@type":"SearchAction","target":{"@type":"EntryPoint","urlTemplate":"https:\/\/seconci.com.br\/site\/?s={search_term_string}"},"query-input":{"@type":"PropertyValueSpecification","valueRequired":true,"valueName":"search_term_string"}}],"inLanguage":"pt-PT"},{"@type":"Organization","@id":"https:\/\/seconci.com.br\/site\/#organization","name":"Seconci Brasil","url":"https:\/\/seconci.com.br\/site\/","logo":{"@type":"ImageObject","inLanguage":"pt-PT","@id":"https:\/\/seconci.com.br\/site\/#\/schema\/logo\/image\/","url":"https:\/\/seconci.com.br\/site\/wp-content\/uploads\/2024\/08\/Logo-Seconci-Brasil-branca-2.png","contentUrl":"https:\/\/seconci.com.br\/site\/wp-content\/uploads\/2024\/08\/Logo-Seconci-Brasil-branca-2.png","width":1315,"height":598,"caption":"Seconci Brasil"},"image":{"@id":"https:\/\/seconci.com.br\/site\/#\/schema\/logo\/image\/"}},{"@type":"Person","@id":"https:\/\/seconci.com.br\/site\/#\/schema\/person\/1d79afd97ddc8f2c68c1e88e298aa8e2","name":"Sidney Rocha","description":"Comunicador e estagi\u00e1rio do Seconci Brasil.","url":"https:\/\/seconci.com.br\/site\/author\/sidney-rocha\/"}]}},"_links":{"self":[{"href":"https:\/\/seconci.com.br\/site\/wp-json\/wp\/v2\/posts\/7786","targetHints":{"allow":["GET"]}}],"collection":[{"href":"https:\/\/seconci.com.br\/site\/wp-json\/wp\/v2\/posts"}],"about":[{"href":"https:\/\/seconci.com.br\/site\/wp-json\/wp\/v2\/types\/post"}],"author":[{"embeddable":true,"href":"https:\/\/seconci.com.br\/site\/wp-json\/wp\/v2\/users\/3"}],"replies":[{"embeddable":true,"href":"https:\/\/seconci.com.br\/site\/wp-json\/wp\/v2\/comments?post=7786"}],"version-history":[{"count":0,"href":"https:\/\/seconci.com.br\/site\/wp-json\/wp\/v2\/posts\/7786\/revisions"}],"wp:featuredmedia":[{"embeddable":true,"href":"https:\/\/seconci.com.br\/site\/wp-json\/wp\/v2\/media\/7788"}],"wp:attachment":[{"href":"https:\/\/seconci.com.br\/site\/wp-json\/wp\/v2\/media?parent=7786"}],"wp:term":[{"taxonomy":"category","embeddable":true,"href":"https:\/\/seconci.com.br\/site\/wp-json\/wp\/v2\/categories?post=7786"},{"taxonomy":"post_tag","embeddable":true,"href":"https:\/\/seconci.com.br\/site\/wp-json\/wp\/v2\/tags?post=7786"}],"curies":[{"name":"wp","href":"https:\/\/api.w.org\/{rel}","templated":true}]}}