{"id":7837,"date":"2018-10-22T11:45:47","date_gmt":"2018-10-22T11:45:47","guid":{"rendered":"https:\/\/seconci.com.br\/site\/?p=7837"},"modified":"2018-10-22T11:55:12","modified_gmt":"2018-10-22T11:55:12","slug":"tarde-de-outubro-rosa-no-setor-da-construcao-civil","status":"publish","type":"post","link":"https:\/\/seconci.com.br\/site\/2018\/10\/22\/tarde-de-outubro-rosa-no-setor-da-construcao-civil\/","title":{"rendered":"| Seconci-MG | Tarde de Outubro Rosa no setor da constru\u00e7\u00e3o civil"},"content":{"rendered":"<p style=\"text-align: justify;\">| Portal Belo Horizonte |<\/p>\n<p style=\"text-align: justify;\">Com palestras e uma apresenta\u00e7\u00e3o c\u00eanica em torno de temas que afetam o bem estar da mulher, o Seconci-MG e o Sicepot-MG marcam presen\u00e7a na campanha Outubro Rosa de 2018.<\/p>\n<p style=\"text-align: justify;\">As entidades, com uma trajet\u00f3ria pautada por a\u00e7\u00f5es de responsabilidade social, e parceiras na deflagra\u00e7\u00e3o de iniciativas com um vi\u00e9s s\u00f3cio-educativo, promovem, na tarde do dia 26 de outubro (sexta-feira), das 13h30 \u00e0s 17h30, um encontro para discutir a sa\u00fade e seguran\u00e7a das mulheres.<\/p>\n<p style=\"text-align: justify;\">Para al\u00e9m da conscientiza\u00e7\u00e3o sobre os cuidados preventivos e a import\u00e2ncia do diagn\u00f3stico precoce no tratamento do c\u00e2ncer de mama e de colo do \u00fatero, o encontro pretende provocar reflex\u00f5es sobre situa\u00e7\u00f5es que v\u00eam afetando a popula\u00e7\u00e3o feminina, como viol\u00eancia dom\u00e9stica e familiar, stress causado pelo ac\u00famulo de fun\u00e7\u00f5es, equil\u00edbrio f\u00edsico e psicol\u00f3gico e recomposi\u00e7\u00e3o familiar no contexto do adoecimento.<\/p>\n<p style=\"text-align: justify;\">O Seconci-MG, bra\u00e7o social do Sinduscon-MG, tamb\u00e9m vem promovendo, sob demanda, palestras sobre a sa\u00fade da mulher em obras de suas associadas. Algumas empresas inclu\u00edram o tema na programa\u00e7\u00e3o de suas Semanas Internas de Preven\u00e7\u00e3o de Acidentes (Sipats) e receberam a m\u00e9dica ginecologista da entidade, Elza Beatriz Nogueira Brand\u00e3o, para falar sobre cuidados preventivos e h\u00e1bitos de vida saud\u00e1veis. Embora a plateia nos canteiros seja, em sua maioria, masculina, o assunto atinge o \u00e2mbito familiar e quanto mais debatido e desmistificado, maiores ser\u00e3o as chances de enfrent\u00e1-lo de forma respons\u00e1vel e positiva.<\/p>\n<p style=\"text-align: justify;\"><strong>Informa\u00e7\u00f5es<\/strong><\/p>\n<p style=\"text-align: justify;\"><strong>Evento<\/strong>: Outubro Rosa \u2013 Sa\u00fade e Bem Estar da Mulher<\/p>\n<p style=\"text-align: justify;\"><strong>Data<\/strong>: 26\/10<\/p>\n<p style=\"text-align: justify;\"><strong>Hor\u00e1rio<\/strong>: 13h30 \u00e0s 17h30<\/p>\n<p style=\"text-align: justify;\"><strong>Local<\/strong>: Sicepot-MG<\/p>\n<p style=\"text-align: justify;\">Avenida Bar\u00e3o Homem de Melo, 3090<\/p>\n","protected":false},"excerpt":{"rendered":"<p>| Portal Belo Horizonte | Com palestras e uma apresenta\u00e7\u00e3o c\u00eanica em torno de temas que afetam o bem estar da mulher, o Seconci-MG e o Sicepot-MG marcam presen\u00e7a na campanha Outubro Rosa de 2018. As entidades, com uma trajet\u00f3ria pautada por a\u00e7\u00f5es de responsabilidade social, e parceiras na deflagra\u00e7\u00e3o de iniciativas com um vi\u00e9s [&hellip;]<\/p>\n","protected":false},"author":3,"featured_media":7838,"comment_status":"closed","ping_status":"closed","sticky":false,"template":"","format":"standard","meta":{"footnotes":""},"categories":[74],"tags":[],"class_list":["post-7837","post","type-post","status-publish","format-standard","has-post-thumbnail","hentry","category-seconci-minas-gerais"],"yoast_head":"<!-- This site is optimized with the Yoast SEO plugin v26.9 - https:\/\/yoast.com\/product\/yoast-seo-wordpress\/ -->\n<title>| Seconci-MG | Tarde de Outubro Rosa no setor da constru\u00e7\u00e3o civil - Seconci Brasil<\/title>\n<meta name=\"robots\" content=\"index, follow, max-snippet:-1, max-image-preview:large, max-video-preview:-1\" \/>\n<link rel=\"canonical\" href=\"https:\/\/seconci.com.br\/site\/2018\/10\/22\/tarde-de-outubro-rosa-no-setor-da-construcao-civil\/\" \/>\n<meta property=\"og:locale\" content=\"pt_PT\" \/>\n<meta property=\"og:type\" content=\"article\" \/>\n<meta property=\"og:title\" content=\"| Seconci-MG | Tarde de Outubro Rosa no setor da constru\u00e7\u00e3o civil - Seconci Brasil\" \/>\n<meta property=\"og:description\" content=\"| Portal Belo Horizonte | Com palestras e uma apresenta\u00e7\u00e3o c\u00eanica em torno de temas que afetam o bem estar da mulher, o Seconci-MG e o Sicepot-MG marcam presen\u00e7a na campanha Outubro Rosa de 2018. As entidades, com uma trajet\u00f3ria pautada por a\u00e7\u00f5es de responsabilidade social, e parceiras na deflagra\u00e7\u00e3o de iniciativas com um vi\u00e9s [&hellip;]\" \/>\n<meta property=\"og:url\" content=\"https:\/\/seconci.com.br\/site\/2018\/10\/22\/tarde-de-outubro-rosa-no-setor-da-construcao-civil\/\" \/>\n<meta property=\"og:site_name\" content=\"Seconci Brasil\" \/>\n<meta property=\"article:published_time\" content=\"2018-10-22T11:45:47+00:00\" \/>\n<meta property=\"article:modified_time\" content=\"2018-10-22T11:55:12+00:00\" \/>\n<meta property=\"og:image\" content=\"https:\/\/seconci.com.br\/site\/wp-content\/uploads\/2018\/10\/Outubro-Rosa.jpeg\" \/>\n\t<meta property=\"og:image:width\" content=\"1\" \/>\n\t<meta property=\"og:image:height\" content=\"1\" \/>\n\t<meta property=\"og:image:type\" content=\"image\/jpeg\" \/>\n<meta name=\"author\" content=\"Sidney Rocha\" \/>\n<meta name=\"twitter:card\" content=\"summary_large_image\" \/>\n<meta name=\"twitter:label1\" content=\"Escrito por\" \/>\n\t<meta name=\"twitter:data1\" content=\"Sidney Rocha\" \/>\n\t<meta name=\"twitter:label2\" content=\"Tempo estimado de leitura\" \/>\n\t<meta name=\"twitter:data2\" content=\"1 minuto\" \/>\n<script type=\"application\/ld+json\" class=\"yoast-schema-graph\">{\"@context\":\"https:\/\/schema.org\",\"@graph\":[{\"@type\":\"Article\",\"@id\":\"https:\/\/seconci.com.br\/site\/2018\/10\/22\/tarde-de-outubro-rosa-no-setor-da-construcao-civil\/#article\",\"isPartOf\":{\"@id\":\"https:\/\/seconci.com.br\/site\/2018\/10\/22\/tarde-de-outubro-rosa-no-setor-da-construcao-civil\/\"},\"author\":{\"name\":\"Sidney Rocha\",\"@id\":\"https:\/\/seconci.com.br\/site\/#\/schema\/person\/1d79afd97ddc8f2c68c1e88e298aa8e2\"},\"headline\":\"| Seconci-MG | Tarde de Outubro Rosa no setor da constru\u00e7\u00e3o civil\",\"datePublished\":\"2018-10-22T11:45:47+00:00\",\"dateModified\":\"2018-10-22T11:55:12+00:00\",\"mainEntityOfPage\":{\"@id\":\"https:\/\/seconci.com.br\/site\/2018\/10\/22\/tarde-de-outubro-rosa-no-setor-da-construcao-civil\/\"},\"wordCount\":304,\"publisher\":{\"@id\":\"https:\/\/seconci.com.br\/site\/#organization\"},\"image\":{\"@id\":\"https:\/\/seconci.com.br\/site\/2018\/10\/22\/tarde-de-outubro-rosa-no-setor-da-construcao-civil\/#primaryimage\"},\"thumbnailUrl\":\"https:\/\/seconci.com.br\/site\/wp-content\/uploads\/2018\/10\/Outubro-Rosa.jpeg\",\"articleSection\":[\"Seconci Minas Gerais\"],\"inLanguage\":\"pt-PT\"},{\"@type\":\"WebPage\",\"@id\":\"https:\/\/seconci.com.br\/site\/2018\/10\/22\/tarde-de-outubro-rosa-no-setor-da-construcao-civil\/\",\"url\":\"https:\/\/seconci.com.br\/site\/2018\/10\/22\/tarde-de-outubro-rosa-no-setor-da-construcao-civil\/\",\"name\":\"| Seconci-MG | Tarde de Outubro Rosa no setor da constru\u00e7\u00e3o civil - Seconci Brasil\",\"isPartOf\":{\"@id\":\"https:\/\/seconci.com.br\/site\/#website\"},\"primaryImageOfPage\":{\"@id\":\"https:\/\/seconci.com.br\/site\/2018\/10\/22\/tarde-de-outubro-rosa-no-setor-da-construcao-civil\/#primaryimage\"},\"image\":{\"@id\":\"https:\/\/seconci.com.br\/site\/2018\/10\/22\/tarde-de-outubro-rosa-no-setor-da-construcao-civil\/#primaryimage\"},\"thumbnailUrl\":\"https:\/\/seconci.com.br\/site\/wp-content\/uploads\/2018\/10\/Outubro-Rosa.jpeg\",\"datePublished\":\"2018-10-22T11:45:47+00:00\",\"dateModified\":\"2018-10-22T11:55:12+00:00\",\"breadcrumb\":{\"@id\":\"https:\/\/seconci.com.br\/site\/2018\/10\/22\/tarde-de-outubro-rosa-no-setor-da-construcao-civil\/#breadcrumb\"},\"inLanguage\":\"pt-PT\",\"potentialAction\":[{\"@type\":\"ReadAction\",\"target\":[\"https:\/\/seconci.com.br\/site\/2018\/10\/22\/tarde-de-outubro-rosa-no-setor-da-construcao-civil\/\"]}]},{\"@type\":\"ImageObject\",\"inLanguage\":\"pt-PT\",\"@id\":\"https:\/\/seconci.com.br\/site\/2018\/10\/22\/tarde-de-outubro-rosa-no-setor-da-construcao-civil\/#primaryimage\",\"url\":\"https:\/\/seconci.com.br\/site\/wp-content\/uploads\/2018\/10\/Outubro-Rosa.jpeg\",\"contentUrl\":\"https:\/\/seconci.com.br\/site\/wp-content\/uploads\/2018\/10\/Outubro-Rosa.jpeg\"},{\"@type\":\"BreadcrumbList\",\"@id\":\"https:\/\/seconci.com.br\/site\/2018\/10\/22\/tarde-de-outubro-rosa-no-setor-da-construcao-civil\/#breadcrumb\",\"itemListElement\":[{\"@type\":\"ListItem\",\"position\":1,\"name\":\"In\u00edcio\",\"item\":\"https:\/\/seconci.com.br\/site\/\"},{\"@type\":\"ListItem\",\"position\":2,\"name\":\"| Seconci-MG | Tarde de Outubro Rosa no setor da constru\u00e7\u00e3o civil\"}]},{\"@type\":\"WebSite\",\"@id\":\"https:\/\/seconci.com.br\/site\/#website\",\"url\":\"https:\/\/seconci.com.br\/site\/\",\"name\":\"Seconci Brasil\",\"description\":\"\",\"publisher\":{\"@id\":\"https:\/\/seconci.com.br\/site\/#organization\"},\"potentialAction\":[{\"@type\":\"SearchAction\",\"target\":{\"@type\":\"EntryPoint\",\"urlTemplate\":\"https:\/\/seconci.com.br\/site\/?s={search_term_string}\"},\"query-input\":{\"@type\":\"PropertyValueSpecification\",\"valueRequired\":true,\"valueName\":\"search_term_string\"}}],\"inLanguage\":\"pt-PT\"},{\"@type\":\"Organization\",\"@id\":\"https:\/\/seconci.com.br\/site\/#organization\",\"name\":\"Seconci Brasil\",\"url\":\"https:\/\/seconci.com.br\/site\/\",\"logo\":{\"@type\":\"ImageObject\",\"inLanguage\":\"pt-PT\",\"@id\":\"https:\/\/seconci.com.br\/site\/#\/schema\/logo\/image\/\",\"url\":\"https:\/\/seconci.com.br\/site\/wp-content\/uploads\/2024\/08\/Logo-Seconci-Brasil-branca-2.png\",\"contentUrl\":\"https:\/\/seconci.com.br\/site\/wp-content\/uploads\/2024\/08\/Logo-Seconci-Brasil-branca-2.png\",\"width\":1315,\"height\":598,\"caption\":\"Seconci Brasil\"},\"image\":{\"@id\":\"https:\/\/seconci.com.br\/site\/#\/schema\/logo\/image\/\"}},{\"@type\":\"Person\",\"@id\":\"https:\/\/seconci.com.br\/site\/#\/schema\/person\/1d79afd97ddc8f2c68c1e88e298aa8e2\",\"name\":\"Sidney Rocha\",\"description\":\"Comunicador e estagi\u00e1rio do Seconci Brasil.\",\"url\":\"https:\/\/seconci.com.br\/site\/author\/sidney-rocha\/\"}]}<\/script>\n<!-- \/ Yoast SEO plugin. -->","yoast_head_json":{"title":"| Seconci-MG | Tarde de Outubro Rosa no setor da constru\u00e7\u00e3o civil - Seconci Brasil","robots":{"index":"index","follow":"follow","max-snippet":"max-snippet:-1","max-image-preview":"max-image-preview:large","max-video-preview":"max-video-preview:-1"},"canonical":"https:\/\/seconci.com.br\/site\/2018\/10\/22\/tarde-de-outubro-rosa-no-setor-da-construcao-civil\/","og_locale":"pt_PT","og_type":"article","og_title":"| Seconci-MG | Tarde de Outubro Rosa no setor da constru\u00e7\u00e3o civil - Seconci Brasil","og_description":"| Portal Belo Horizonte | Com palestras e uma apresenta\u00e7\u00e3o c\u00eanica em torno de temas que afetam o bem estar da mulher, o Seconci-MG e o Sicepot-MG marcam presen\u00e7a na campanha Outubro Rosa de 2018. As entidades, com uma trajet\u00f3ria pautada por a\u00e7\u00f5es de responsabilidade social, e parceiras na deflagra\u00e7\u00e3o de iniciativas com um vi\u00e9s [&hellip;]","og_url":"https:\/\/seconci.com.br\/site\/2018\/10\/22\/tarde-de-outubro-rosa-no-setor-da-construcao-civil\/","og_site_name":"Seconci Brasil","article_published_time":"2018-10-22T11:45:47+00:00","article_modified_time":"2018-10-22T11:55:12+00:00","og_image":[{"url":"https:\/\/seconci.com.br\/site\/wp-content\/uploads\/2018\/10\/Outubro-Rosa.jpeg","width":1,"height":1,"type":"image\/jpeg"}],"author":"Sidney Rocha","twitter_card":"summary_large_image","twitter_misc":{"Escrito por":"Sidney Rocha","Tempo estimado de leitura":"1 minuto"},"schema":{"@context":"https:\/\/schema.org","@graph":[{"@type":"Article","@id":"https:\/\/seconci.com.br\/site\/2018\/10\/22\/tarde-de-outubro-rosa-no-setor-da-construcao-civil\/#article","isPartOf":{"@id":"https:\/\/seconci.com.br\/site\/2018\/10\/22\/tarde-de-outubro-rosa-no-setor-da-construcao-civil\/"},"author":{"name":"Sidney Rocha","@id":"https:\/\/seconci.com.br\/site\/#\/schema\/person\/1d79afd97ddc8f2c68c1e88e298aa8e2"},"headline":"| Seconci-MG | Tarde de Outubro Rosa no setor da constru\u00e7\u00e3o civil","datePublished":"2018-10-22T11:45:47+00:00","dateModified":"2018-10-22T11:55:12+00:00","mainEntityOfPage":{"@id":"https:\/\/seconci.com.br\/site\/2018\/10\/22\/tarde-de-outubro-rosa-no-setor-da-construcao-civil\/"},"wordCount":304,"publisher":{"@id":"https:\/\/seconci.com.br\/site\/#organization"},"image":{"@id":"https:\/\/seconci.com.br\/site\/2018\/10\/22\/tarde-de-outubro-rosa-no-setor-da-construcao-civil\/#primaryimage"},"thumbnailUrl":"https:\/\/seconci.com.br\/site\/wp-content\/uploads\/2018\/10\/Outubro-Rosa.jpeg","articleSection":["Seconci Minas Gerais"],"inLanguage":"pt-PT"},{"@type":"WebPage","@id":"https:\/\/seconci.com.br\/site\/2018\/10\/22\/tarde-de-outubro-rosa-no-setor-da-construcao-civil\/","url":"https:\/\/seconci.com.br\/site\/2018\/10\/22\/tarde-de-outubro-rosa-no-setor-da-construcao-civil\/","name":"| Seconci-MG | Tarde de Outubro Rosa no setor da constru\u00e7\u00e3o civil - Seconci Brasil","isPartOf":{"@id":"https:\/\/seconci.com.br\/site\/#website"},"primaryImageOfPage":{"@id":"https:\/\/seconci.com.br\/site\/2018\/10\/22\/tarde-de-outubro-rosa-no-setor-da-construcao-civil\/#primaryimage"},"image":{"@id":"https:\/\/seconci.com.br\/site\/2018\/10\/22\/tarde-de-outubro-rosa-no-setor-da-construcao-civil\/#primaryimage"},"thumbnailUrl":"https:\/\/seconci.com.br\/site\/wp-content\/uploads\/2018\/10\/Outubro-Rosa.jpeg","datePublished":"2018-10-22T11:45:47+00:00","dateModified":"2018-10-22T11:55:12+00:00","breadcrumb":{"@id":"https:\/\/seconci.com.br\/site\/2018\/10\/22\/tarde-de-outubro-rosa-no-setor-da-construcao-civil\/#breadcrumb"},"inLanguage":"pt-PT","potentialAction":[{"@type":"ReadAction","target":["https:\/\/seconci.com.br\/site\/2018\/10\/22\/tarde-de-outubro-rosa-no-setor-da-construcao-civil\/"]}]},{"@type":"ImageObject","inLanguage":"pt-PT","@id":"https:\/\/seconci.com.br\/site\/2018\/10\/22\/tarde-de-outubro-rosa-no-setor-da-construcao-civil\/#primaryimage","url":"https:\/\/seconci.com.br\/site\/wp-content\/uploads\/2018\/10\/Outubro-Rosa.jpeg","contentUrl":"https:\/\/seconci.com.br\/site\/wp-content\/uploads\/2018\/10\/Outubro-Rosa.jpeg"},{"@type":"BreadcrumbList","@id":"https:\/\/seconci.com.br\/site\/2018\/10\/22\/tarde-de-outubro-rosa-no-setor-da-construcao-civil\/#breadcrumb","itemListElement":[{"@type":"ListItem","position":1,"name":"In\u00edcio","item":"https:\/\/seconci.com.br\/site\/"},{"@type":"ListItem","position":2,"name":"| Seconci-MG | Tarde de Outubro Rosa no setor da constru\u00e7\u00e3o civil"}]},{"@type":"WebSite","@id":"https:\/\/seconci.com.br\/site\/#website","url":"https:\/\/seconci.com.br\/site\/","name":"Seconci Brasil","description":"","publisher":{"@id":"https:\/\/seconci.com.br\/site\/#organization"},"potentialAction":[{"@type":"SearchAction","target":{"@type":"EntryPoint","urlTemplate":"https:\/\/seconci.com.br\/site\/?s={search_term_string}"},"query-input":{"@type":"PropertyValueSpecification","valueRequired":true,"valueName":"search_term_string"}}],"inLanguage":"pt-PT"},{"@type":"Organization","@id":"https:\/\/seconci.com.br\/site\/#organization","name":"Seconci Brasil","url":"https:\/\/seconci.com.br\/site\/","logo":{"@type":"ImageObject","inLanguage":"pt-PT","@id":"https:\/\/seconci.com.br\/site\/#\/schema\/logo\/image\/","url":"https:\/\/seconci.com.br\/site\/wp-content\/uploads\/2024\/08\/Logo-Seconci-Brasil-branca-2.png","contentUrl":"https:\/\/seconci.com.br\/site\/wp-content\/uploads\/2024\/08\/Logo-Seconci-Brasil-branca-2.png","width":1315,"height":598,"caption":"Seconci Brasil"},"image":{"@id":"https:\/\/seconci.com.br\/site\/#\/schema\/logo\/image\/"}},{"@type":"Person","@id":"https:\/\/seconci.com.br\/site\/#\/schema\/person\/1d79afd97ddc8f2c68c1e88e298aa8e2","name":"Sidney Rocha","description":"Comunicador e estagi\u00e1rio do Seconci Brasil.","url":"https:\/\/seconci.com.br\/site\/author\/sidney-rocha\/"}]}},"_links":{"self":[{"href":"https:\/\/seconci.com.br\/site\/wp-json\/wp\/v2\/posts\/7837","targetHints":{"allow":["GET"]}}],"collection":[{"href":"https:\/\/seconci.com.br\/site\/wp-json\/wp\/v2\/posts"}],"about":[{"href":"https:\/\/seconci.com.br\/site\/wp-json\/wp\/v2\/types\/post"}],"author":[{"embeddable":true,"href":"https:\/\/seconci.com.br\/site\/wp-json\/wp\/v2\/users\/3"}],"replies":[{"embeddable":true,"href":"https:\/\/seconci.com.br\/site\/wp-json\/wp\/v2\/comments?post=7837"}],"version-history":[{"count":0,"href":"https:\/\/seconci.com.br\/site\/wp-json\/wp\/v2\/posts\/7837\/revisions"}],"wp:featuredmedia":[{"embeddable":true,"href":"https:\/\/seconci.com.br\/site\/wp-json\/wp\/v2\/media\/7838"}],"wp:attachment":[{"href":"https:\/\/seconci.com.br\/site\/wp-json\/wp\/v2\/media?parent=7837"}],"wp:term":[{"taxonomy":"category","embeddable":true,"href":"https:\/\/seconci.com.br\/site\/wp-json\/wp\/v2\/categories?post=7837"},{"taxonomy":"post_tag","embeddable":true,"href":"https:\/\/seconci.com.br\/site\/wp-json\/wp\/v2\/tags?post=7837"}],"curies":[{"name":"wp","href":"https:\/\/api.w.org\/{rel}","templated":true}]}}