{"id":7842,"date":"2018-10-23T14:52:00","date_gmt":"2018-10-23T14:52:00","guid":{"rendered":"https:\/\/seconci.com.br\/site\/?p=7842"},"modified":"2018-10-23T14:53:51","modified_gmt":"2018-10-23T14:53:51","slug":"seconci-df-trabalho-em-altura-deve-ser-desempenhado-por-profissionais-capacitados","status":"publish","type":"post","link":"https:\/\/seconci.com.br\/site\/2018\/10\/23\/seconci-df-trabalho-em-altura-deve-ser-desempenhado-por-profissionais-capacitados\/","title":{"rendered":"| Seconci-DF | Trabalho em altura deve ser desempenhado por profissionais capacitados"},"content":{"rendered":"<p style=\"text-align: justify;\"><em>Trabalhadores treinados para desenvolver atividades de acordo com a Norma<\/em><\/p>\n<p style=\"text-align: justify;\">| <strong>Assessoria de Comunica\u00e7\u00e3o Social do Seconci-D<\/strong>F |<\/p>\n<p style=\"text-align: justify;\">A Norma Regulamentadora 35 \u2013 Trabalho em altura foi publicada em mar\u00e7o de 2012. Seu objetivo \u00e9 regulamentar os servi\u00e7os que s\u00e3o desempenhados a partir de 2 metros do n\u00edvel do solo. Para estarem aptos a realiz\u00e1-los, os profissionais precisam passar por treinamento e exames espec\u00edficos.<\/p>\n<p style=\"text-align: justify;\">J\u00e1 s\u00e3o mais de seis anos desde a publica\u00e7\u00e3o, no entanto, queda ainda est\u00e1 entre as principais causas de acidentes de trabalho com morte, de acordo com o Instituto Nacional de Seguridade Social (INSS). Em 2017, por exemplo, 14,49% dos acidentes fatais foram ocasionados por queda. Foram 161 mortes, num universo de 1. 111.<\/p>\n<p style=\"text-align: justify;\">Para o diretor de pol\u00edticas e rela\u00e7\u00f5es trabalhistas do Sinduscon-DF, Izidio Santos, a informalidade e a falta de fiscaliza\u00e7\u00e3o contribuem para que o n\u00famero de acidentes ainda esteja nos patamares atuais. \u201cMuitas empresas n\u00e3o capacitam seus funcion\u00e1rios e a fiscaliza\u00e7\u00e3o acaba acontecendo, muita das vezes, nas grandes, que n\u00e3o chegam a 3% do total. Com isso, n\u00e3o se atinge quem deveria\u201d, explica Izidio.<\/p>\n<p style=\"text-align: justify;\">No Distrito Federal, o setor da constru\u00e7\u00e3o civil conta com o apoio do Seconci-DF na capacita\u00e7\u00e3o dos profissionais que precisam exercer trabalho em altura. A entidade oferece, por meio da sua Ger\u00eancia de Seguran\u00e7a do Trabalho, o treinamento de NR-35.<\/p>\n<p style=\"text-align: justify;\">Desde que teve in\u00edcio, 115 trabalhadores foram capacitados, num universo de 12 empresas. \u201cNosso objetivo \u00e9 mostrar aos trabalhadores as formas corretas de desempenhar suas fun\u00e7\u00f5es, atender a legisla\u00e7\u00e3o e como eles devem agir para evitar acidentes durante seu dia-a-dia de trabalho\u201d, conta a gerente de seguran\u00e7a do trabalho do Seconci-DF, Juliana Moreira.<\/p>\n<p style=\"text-align: justify;\">Para realiza\u00e7\u00e3o deste servi\u00e7o, o t\u00e9cnico da entidade vai at\u00e9 a empresa e passa um dia inteiro com os funcion\u00e1rios. S\u00e3o dois momentos: teoria, onde h\u00e1 toda a explica\u00e7\u00e3o dos requisitos dispostos na NR e, posteriormente, aula pr\u00e1tica para aprimorar o conhecimento adquirido. No final, todos passam por uma avalia\u00e7\u00e3o para averiguar a capacidade e o desempenho de cada um.<\/p>\n<p style=\"text-align: justify;\">Vale ressaltar que o Seconci oferece ainda toda a parte de exames necess\u00e1rios para os funcion\u00e1rios que s\u00e3o contratados para trabalho em altura. A lista de exames para esta fun\u00e7\u00e3o est\u00e1 sob responsabilidade da Ger\u00eancia M\u00e9dica e eles podem ser realizados na pr\u00f3pria entidade, no N\u00facleo Bandeirante, por meio dos profissionais que atuam nesta \u00e1rea.<\/p>\n<p style=\"text-align: justify;\">Para saber mais sobre o treinamento de NR-35 ou os exames para trabalhadores que ir\u00e3o desempenhar esta fun\u00e7\u00e3o, ligue (61) 3399-1888 ramal 247 (Seguran\u00e7a do trabalho) e 257 (Medicina do trabalho).<\/p>\n","protected":false},"excerpt":{"rendered":"<p>Trabalhadores treinados para desenvolver atividades de acordo com a Norma | Assessoria de Comunica\u00e7\u00e3o Social do Seconci-DF | A Norma Regulamentadora 35 \u2013 Trabalho em altura foi publicada em mar\u00e7o de 2012. Seu objetivo \u00e9 regulamentar os servi\u00e7os que s\u00e3o desempenhados a partir de 2 metros do n\u00edvel do solo. Para estarem aptos a realiz\u00e1-los, [&hellip;]<\/p>\n","protected":false},"author":3,"featured_media":7843,"comment_status":"closed","ping_status":"closed","sticky":false,"template":"","format":"standard","meta":{"footnotes":""},"categories":[77],"tags":[],"class_list":["post-7842","post","type-post","status-publish","format-standard","has-post-thumbnail","hentry","category-seconci-distrito-federal"],"yoast_head":"<!-- This site is optimized with the Yoast SEO plugin v26.9 - https:\/\/yoast.com\/product\/yoast-seo-wordpress\/ -->\n<title>| Seconci-DF | Trabalho em altura deve ser desempenhado por profissionais capacitados - Seconci Brasil<\/title>\n<meta name=\"robots\" content=\"index, follow, max-snippet:-1, max-image-preview:large, max-video-preview:-1\" \/>\n<link rel=\"canonical\" href=\"https:\/\/seconci.com.br\/site\/2018\/10\/23\/seconci-df-trabalho-em-altura-deve-ser-desempenhado-por-profissionais-capacitados\/\" \/>\n<meta property=\"og:locale\" content=\"pt_PT\" \/>\n<meta property=\"og:type\" content=\"article\" \/>\n<meta property=\"og:title\" content=\"| Seconci-DF | Trabalho em altura deve ser desempenhado por profissionais capacitados - Seconci Brasil\" \/>\n<meta property=\"og:description\" content=\"Trabalhadores treinados para desenvolver atividades de acordo com a Norma | Assessoria de Comunica\u00e7\u00e3o Social do Seconci-DF | A Norma Regulamentadora 35 \u2013 Trabalho em altura foi publicada em mar\u00e7o de 2012. Seu objetivo \u00e9 regulamentar os servi\u00e7os que s\u00e3o desempenhados a partir de 2 metros do n\u00edvel do solo. Para estarem aptos a realiz\u00e1-los, [&hellip;]\" \/>\n<meta property=\"og:url\" content=\"https:\/\/seconci.com.br\/site\/2018\/10\/23\/seconci-df-trabalho-em-altura-deve-ser-desempenhado-por-profissionais-capacitados\/\" \/>\n<meta property=\"og:site_name\" content=\"Seconci Brasil\" \/>\n<meta property=\"article:published_time\" content=\"2018-10-23T14:52:00+00:00\" \/>\n<meta property=\"article:modified_time\" content=\"2018-10-23T14:53:51+00:00\" \/>\n<meta property=\"og:image\" content=\"https:\/\/seconci.com.br\/site\/wp-content\/uploads\/2018\/10\/A2F0F823D8A882AC.jpg\" \/>\n\t<meta property=\"og:image:width\" content=\"670\" \/>\n\t<meta property=\"og:image:height\" content=\"365\" \/>\n\t<meta property=\"og:image:type\" content=\"image\/jpeg\" \/>\n<meta name=\"author\" content=\"Sidney Rocha\" \/>\n<meta name=\"twitter:card\" content=\"summary_large_image\" \/>\n<meta name=\"twitter:label1\" content=\"Escrito por\" \/>\n\t<meta name=\"twitter:data1\" content=\"Sidney Rocha\" \/>\n\t<meta name=\"twitter:label2\" content=\"Tempo estimado de leitura\" \/>\n\t<meta name=\"twitter:data2\" content=\"2 minutos\" \/>\n<script type=\"application\/ld+json\" class=\"yoast-schema-graph\">{\"@context\":\"https:\/\/schema.org\",\"@graph\":[{\"@type\":\"Article\",\"@id\":\"https:\/\/seconci.com.br\/site\/2018\/10\/23\/seconci-df-trabalho-em-altura-deve-ser-desempenhado-por-profissionais-capacitados\/#article\",\"isPartOf\":{\"@id\":\"https:\/\/seconci.com.br\/site\/2018\/10\/23\/seconci-df-trabalho-em-altura-deve-ser-desempenhado-por-profissionais-capacitados\/\"},\"author\":{\"name\":\"Sidney Rocha\",\"@id\":\"https:\/\/seconci.com.br\/site\/#\/schema\/person\/1d79afd97ddc8f2c68c1e88e298aa8e2\"},\"headline\":\"| Seconci-DF | Trabalho em altura deve ser desempenhado por profissionais capacitados\",\"datePublished\":\"2018-10-23T14:52:00+00:00\",\"dateModified\":\"2018-10-23T14:53:51+00:00\",\"mainEntityOfPage\":{\"@id\":\"https:\/\/seconci.com.br\/site\/2018\/10\/23\/seconci-df-trabalho-em-altura-deve-ser-desempenhado-por-profissionais-capacitados\/\"},\"wordCount\":456,\"publisher\":{\"@id\":\"https:\/\/seconci.com.br\/site\/#organization\"},\"image\":{\"@id\":\"https:\/\/seconci.com.br\/site\/2018\/10\/23\/seconci-df-trabalho-em-altura-deve-ser-desempenhado-por-profissionais-capacitados\/#primaryimage\"},\"thumbnailUrl\":\"https:\/\/seconci.com.br\/site\/wp-content\/uploads\/2018\/10\/A2F0F823D8A882AC.jpg\",\"articleSection\":[\"Seconci Distrito Federal\"],\"inLanguage\":\"pt-PT\"},{\"@type\":\"WebPage\",\"@id\":\"https:\/\/seconci.com.br\/site\/2018\/10\/23\/seconci-df-trabalho-em-altura-deve-ser-desempenhado-por-profissionais-capacitados\/\",\"url\":\"https:\/\/seconci.com.br\/site\/2018\/10\/23\/seconci-df-trabalho-em-altura-deve-ser-desempenhado-por-profissionais-capacitados\/\",\"name\":\"| Seconci-DF | Trabalho em altura deve ser desempenhado por profissionais capacitados - Seconci Brasil\",\"isPartOf\":{\"@id\":\"https:\/\/seconci.com.br\/site\/#website\"},\"primaryImageOfPage\":{\"@id\":\"https:\/\/seconci.com.br\/site\/2018\/10\/23\/seconci-df-trabalho-em-altura-deve-ser-desempenhado-por-profissionais-capacitados\/#primaryimage\"},\"image\":{\"@id\":\"https:\/\/seconci.com.br\/site\/2018\/10\/23\/seconci-df-trabalho-em-altura-deve-ser-desempenhado-por-profissionais-capacitados\/#primaryimage\"},\"thumbnailUrl\":\"https:\/\/seconci.com.br\/site\/wp-content\/uploads\/2018\/10\/A2F0F823D8A882AC.jpg\",\"datePublished\":\"2018-10-23T14:52:00+00:00\",\"dateModified\":\"2018-10-23T14:53:51+00:00\",\"breadcrumb\":{\"@id\":\"https:\/\/seconci.com.br\/site\/2018\/10\/23\/seconci-df-trabalho-em-altura-deve-ser-desempenhado-por-profissionais-capacitados\/#breadcrumb\"},\"inLanguage\":\"pt-PT\",\"potentialAction\":[{\"@type\":\"ReadAction\",\"target\":[\"https:\/\/seconci.com.br\/site\/2018\/10\/23\/seconci-df-trabalho-em-altura-deve-ser-desempenhado-por-profissionais-capacitados\/\"]}]},{\"@type\":\"ImageObject\",\"inLanguage\":\"pt-PT\",\"@id\":\"https:\/\/seconci.com.br\/site\/2018\/10\/23\/seconci-df-trabalho-em-altura-deve-ser-desempenhado-por-profissionais-capacitados\/#primaryimage\",\"url\":\"https:\/\/seconci.com.br\/site\/wp-content\/uploads\/2018\/10\/A2F0F823D8A882AC.jpg\",\"contentUrl\":\"https:\/\/seconci.com.br\/site\/wp-content\/uploads\/2018\/10\/A2F0F823D8A882AC.jpg\",\"width\":670,\"height\":365},{\"@type\":\"BreadcrumbList\",\"@id\":\"https:\/\/seconci.com.br\/site\/2018\/10\/23\/seconci-df-trabalho-em-altura-deve-ser-desempenhado-por-profissionais-capacitados\/#breadcrumb\",\"itemListElement\":[{\"@type\":\"ListItem\",\"position\":1,\"name\":\"In\u00edcio\",\"item\":\"https:\/\/seconci.com.br\/site\/\"},{\"@type\":\"ListItem\",\"position\":2,\"name\":\"| Seconci-DF | Trabalho em altura deve ser desempenhado por profissionais capacitados\"}]},{\"@type\":\"WebSite\",\"@id\":\"https:\/\/seconci.com.br\/site\/#website\",\"url\":\"https:\/\/seconci.com.br\/site\/\",\"name\":\"Seconci Brasil\",\"description\":\"\",\"publisher\":{\"@id\":\"https:\/\/seconci.com.br\/site\/#organization\"},\"potentialAction\":[{\"@type\":\"SearchAction\",\"target\":{\"@type\":\"EntryPoint\",\"urlTemplate\":\"https:\/\/seconci.com.br\/site\/?s={search_term_string}\"},\"query-input\":{\"@type\":\"PropertyValueSpecification\",\"valueRequired\":true,\"valueName\":\"search_term_string\"}}],\"inLanguage\":\"pt-PT\"},{\"@type\":\"Organization\",\"@id\":\"https:\/\/seconci.com.br\/site\/#organization\",\"name\":\"Seconci Brasil\",\"url\":\"https:\/\/seconci.com.br\/site\/\",\"logo\":{\"@type\":\"ImageObject\",\"inLanguage\":\"pt-PT\",\"@id\":\"https:\/\/seconci.com.br\/site\/#\/schema\/logo\/image\/\",\"url\":\"https:\/\/seconci.com.br\/site\/wp-content\/uploads\/2024\/08\/Logo-Seconci-Brasil-branca-2.png\",\"contentUrl\":\"https:\/\/seconci.com.br\/site\/wp-content\/uploads\/2024\/08\/Logo-Seconci-Brasil-branca-2.png\",\"width\":1315,\"height\":598,\"caption\":\"Seconci Brasil\"},\"image\":{\"@id\":\"https:\/\/seconci.com.br\/site\/#\/schema\/logo\/image\/\"}},{\"@type\":\"Person\",\"@id\":\"https:\/\/seconci.com.br\/site\/#\/schema\/person\/1d79afd97ddc8f2c68c1e88e298aa8e2\",\"name\":\"Sidney Rocha\",\"description\":\"Comunicador e estagi\u00e1rio do Seconci Brasil.\",\"url\":\"https:\/\/seconci.com.br\/site\/author\/sidney-rocha\/\"}]}<\/script>\n<!-- \/ Yoast SEO plugin. -->","yoast_head_json":{"title":"| Seconci-DF | Trabalho em altura deve ser desempenhado por profissionais capacitados - Seconci Brasil","robots":{"index":"index","follow":"follow","max-snippet":"max-snippet:-1","max-image-preview":"max-image-preview:large","max-video-preview":"max-video-preview:-1"},"canonical":"https:\/\/seconci.com.br\/site\/2018\/10\/23\/seconci-df-trabalho-em-altura-deve-ser-desempenhado-por-profissionais-capacitados\/","og_locale":"pt_PT","og_type":"article","og_title":"| Seconci-DF | Trabalho em altura deve ser desempenhado por profissionais capacitados - Seconci Brasil","og_description":"Trabalhadores treinados para desenvolver atividades de acordo com a Norma | Assessoria de Comunica\u00e7\u00e3o Social do Seconci-DF | A Norma Regulamentadora 35 \u2013 Trabalho em altura foi publicada em mar\u00e7o de 2012. Seu objetivo \u00e9 regulamentar os servi\u00e7os que s\u00e3o desempenhados a partir de 2 metros do n\u00edvel do solo. Para estarem aptos a realiz\u00e1-los, [&hellip;]","og_url":"https:\/\/seconci.com.br\/site\/2018\/10\/23\/seconci-df-trabalho-em-altura-deve-ser-desempenhado-por-profissionais-capacitados\/","og_site_name":"Seconci Brasil","article_published_time":"2018-10-23T14:52:00+00:00","article_modified_time":"2018-10-23T14:53:51+00:00","og_image":[{"width":670,"height":365,"url":"https:\/\/seconci.com.br\/site\/wp-content\/uploads\/2018\/10\/A2F0F823D8A882AC.jpg","type":"image\/jpeg"}],"author":"Sidney Rocha","twitter_card":"summary_large_image","twitter_misc":{"Escrito por":"Sidney Rocha","Tempo estimado de leitura":"2 minutos"},"schema":{"@context":"https:\/\/schema.org","@graph":[{"@type":"Article","@id":"https:\/\/seconci.com.br\/site\/2018\/10\/23\/seconci-df-trabalho-em-altura-deve-ser-desempenhado-por-profissionais-capacitados\/#article","isPartOf":{"@id":"https:\/\/seconci.com.br\/site\/2018\/10\/23\/seconci-df-trabalho-em-altura-deve-ser-desempenhado-por-profissionais-capacitados\/"},"author":{"name":"Sidney Rocha","@id":"https:\/\/seconci.com.br\/site\/#\/schema\/person\/1d79afd97ddc8f2c68c1e88e298aa8e2"},"headline":"| Seconci-DF | Trabalho em altura deve ser desempenhado por profissionais capacitados","datePublished":"2018-10-23T14:52:00+00:00","dateModified":"2018-10-23T14:53:51+00:00","mainEntityOfPage":{"@id":"https:\/\/seconci.com.br\/site\/2018\/10\/23\/seconci-df-trabalho-em-altura-deve-ser-desempenhado-por-profissionais-capacitados\/"},"wordCount":456,"publisher":{"@id":"https:\/\/seconci.com.br\/site\/#organization"},"image":{"@id":"https:\/\/seconci.com.br\/site\/2018\/10\/23\/seconci-df-trabalho-em-altura-deve-ser-desempenhado-por-profissionais-capacitados\/#primaryimage"},"thumbnailUrl":"https:\/\/seconci.com.br\/site\/wp-content\/uploads\/2018\/10\/A2F0F823D8A882AC.jpg","articleSection":["Seconci Distrito Federal"],"inLanguage":"pt-PT"},{"@type":"WebPage","@id":"https:\/\/seconci.com.br\/site\/2018\/10\/23\/seconci-df-trabalho-em-altura-deve-ser-desempenhado-por-profissionais-capacitados\/","url":"https:\/\/seconci.com.br\/site\/2018\/10\/23\/seconci-df-trabalho-em-altura-deve-ser-desempenhado-por-profissionais-capacitados\/","name":"| Seconci-DF | Trabalho em altura deve ser desempenhado por profissionais capacitados - Seconci Brasil","isPartOf":{"@id":"https:\/\/seconci.com.br\/site\/#website"},"primaryImageOfPage":{"@id":"https:\/\/seconci.com.br\/site\/2018\/10\/23\/seconci-df-trabalho-em-altura-deve-ser-desempenhado-por-profissionais-capacitados\/#primaryimage"},"image":{"@id":"https:\/\/seconci.com.br\/site\/2018\/10\/23\/seconci-df-trabalho-em-altura-deve-ser-desempenhado-por-profissionais-capacitados\/#primaryimage"},"thumbnailUrl":"https:\/\/seconci.com.br\/site\/wp-content\/uploads\/2018\/10\/A2F0F823D8A882AC.jpg","datePublished":"2018-10-23T14:52:00+00:00","dateModified":"2018-10-23T14:53:51+00:00","breadcrumb":{"@id":"https:\/\/seconci.com.br\/site\/2018\/10\/23\/seconci-df-trabalho-em-altura-deve-ser-desempenhado-por-profissionais-capacitados\/#breadcrumb"},"inLanguage":"pt-PT","potentialAction":[{"@type":"ReadAction","target":["https:\/\/seconci.com.br\/site\/2018\/10\/23\/seconci-df-trabalho-em-altura-deve-ser-desempenhado-por-profissionais-capacitados\/"]}]},{"@type":"ImageObject","inLanguage":"pt-PT","@id":"https:\/\/seconci.com.br\/site\/2018\/10\/23\/seconci-df-trabalho-em-altura-deve-ser-desempenhado-por-profissionais-capacitados\/#primaryimage","url":"https:\/\/seconci.com.br\/site\/wp-content\/uploads\/2018\/10\/A2F0F823D8A882AC.jpg","contentUrl":"https:\/\/seconci.com.br\/site\/wp-content\/uploads\/2018\/10\/A2F0F823D8A882AC.jpg","width":670,"height":365},{"@type":"BreadcrumbList","@id":"https:\/\/seconci.com.br\/site\/2018\/10\/23\/seconci-df-trabalho-em-altura-deve-ser-desempenhado-por-profissionais-capacitados\/#breadcrumb","itemListElement":[{"@type":"ListItem","position":1,"name":"In\u00edcio","item":"https:\/\/seconci.com.br\/site\/"},{"@type":"ListItem","position":2,"name":"| Seconci-DF | Trabalho em altura deve ser desempenhado por profissionais capacitados"}]},{"@type":"WebSite","@id":"https:\/\/seconci.com.br\/site\/#website","url":"https:\/\/seconci.com.br\/site\/","name":"Seconci Brasil","description":"","publisher":{"@id":"https:\/\/seconci.com.br\/site\/#organization"},"potentialAction":[{"@type":"SearchAction","target":{"@type":"EntryPoint","urlTemplate":"https:\/\/seconci.com.br\/site\/?s={search_term_string}"},"query-input":{"@type":"PropertyValueSpecification","valueRequired":true,"valueName":"search_term_string"}}],"inLanguage":"pt-PT"},{"@type":"Organization","@id":"https:\/\/seconci.com.br\/site\/#organization","name":"Seconci Brasil","url":"https:\/\/seconci.com.br\/site\/","logo":{"@type":"ImageObject","inLanguage":"pt-PT","@id":"https:\/\/seconci.com.br\/site\/#\/schema\/logo\/image\/","url":"https:\/\/seconci.com.br\/site\/wp-content\/uploads\/2024\/08\/Logo-Seconci-Brasil-branca-2.png","contentUrl":"https:\/\/seconci.com.br\/site\/wp-content\/uploads\/2024\/08\/Logo-Seconci-Brasil-branca-2.png","width":1315,"height":598,"caption":"Seconci Brasil"},"image":{"@id":"https:\/\/seconci.com.br\/site\/#\/schema\/logo\/image\/"}},{"@type":"Person","@id":"https:\/\/seconci.com.br\/site\/#\/schema\/person\/1d79afd97ddc8f2c68c1e88e298aa8e2","name":"Sidney Rocha","description":"Comunicador e estagi\u00e1rio do Seconci Brasil.","url":"https:\/\/seconci.com.br\/site\/author\/sidney-rocha\/"}]}},"_links":{"self":[{"href":"https:\/\/seconci.com.br\/site\/wp-json\/wp\/v2\/posts\/7842","targetHints":{"allow":["GET"]}}],"collection":[{"href":"https:\/\/seconci.com.br\/site\/wp-json\/wp\/v2\/posts"}],"about":[{"href":"https:\/\/seconci.com.br\/site\/wp-json\/wp\/v2\/types\/post"}],"author":[{"embeddable":true,"href":"https:\/\/seconci.com.br\/site\/wp-json\/wp\/v2\/users\/3"}],"replies":[{"embeddable":true,"href":"https:\/\/seconci.com.br\/site\/wp-json\/wp\/v2\/comments?post=7842"}],"version-history":[{"count":0,"href":"https:\/\/seconci.com.br\/site\/wp-json\/wp\/v2\/posts\/7842\/revisions"}],"wp:featuredmedia":[{"embeddable":true,"href":"https:\/\/seconci.com.br\/site\/wp-json\/wp\/v2\/media\/7843"}],"wp:attachment":[{"href":"https:\/\/seconci.com.br\/site\/wp-json\/wp\/v2\/media?parent=7842"}],"wp:term":[{"taxonomy":"category","embeddable":true,"href":"https:\/\/seconci.com.br\/site\/wp-json\/wp\/v2\/categories?post=7842"},{"taxonomy":"post_tag","embeddable":true,"href":"https:\/\/seconci.com.br\/site\/wp-json\/wp\/v2\/tags?post=7842"}],"curies":[{"name":"wp","href":"https:\/\/api.w.org\/{rel}","templated":true}]}}