{"id":7847,"date":"2018-10-26T12:33:02","date_gmt":"2018-10-26T12:33:02","guid":{"rendered":"https:\/\/seconci.com.br\/site\/?p=7847"},"modified":"2018-10-26T12:36:57","modified_gmt":"2018-10-26T12:36:57","slug":"fasc-discute-projetos-estrategicos-para-fortalecer-a-responsabilidade-social-no-setor","status":"publish","type":"post","link":"https:\/\/seconci.com.br\/site\/2018\/10\/26\/fasc-discute-projetos-estrategicos-para-fortalecer-a-responsabilidade-social-no-setor\/","title":{"rendered":"FASC discute projetos estrat\u00e9gicos para fortalecer a responsabilidade social no setor"},"content":{"rendered":"<p style=\"text-align: justify;\">| Ag\u00eancia Cbic |<\/p>\n<p style=\"text-align: justify;\">Membros do F\u00f3rum de A\u00e7\u00e3o Social e Cidadania da CBIC &#8211; FASC\/CBIC se reuniram hoje, 25 de outubro no Seconci Rio de Janeiro para discutir os principais projetos do ciclo 2018-2019. Entre os temas discutidos mereceram destaque projetos como o Dia Nacional da Constru\u00e7\u00e3o Social 2019 &#8211; DNCS2019. A Presidente do FASC, Ana Cl\u00e1udia Gomes, apresentou a proposta de tema para o DNCS-2019: Inova\u00e7\u00e3o. Com o mote \u201co mundo esta mudando, e voc\u00ea ?\u201d o DNCS pretende chamar a aten\u00e7\u00e3o para o profissional da constru\u00e7\u00e3o do futuro. Mostrar a evolu\u00e7\u00e3o das profiss\u00f5es da \u00e1rea da constru\u00e7\u00e3o. Os eventos dever\u00e3o trabalhar a responsabilidade social frente a inova\u00e7\u00e3o tecnol\u00f3gica e a qualifica\u00e7\u00e3o profissional com o intuito de preparar o trabalhador da constru\u00e7\u00e3o para um novo momento.<\/p>\n<p style=\"text-align: justify;\">O FASC pretende tamb\u00e9m se aproximar da Comiss\u00e3o de Materiais, Tecnologia, Qualidade e Produtividade COMAT\/CBIC e SENAI na expectativa de olhar tend\u00eancias, verificar as novas compet\u00eancias que ser\u00e3o demandas para que o trabalhador possa se preparar para as mudan\u00e7as que est\u00e3o por vir!<\/p>\n<p style=\"text-align: justify;\">Outro tema debatido durante a reuni\u00e3o foi o projeto Boas Pr\u00e1ticas na constru\u00e7\u00e3o. O consultor Rafael Tello participou da reuni\u00e3o apresentando as boas pr\u00e1ticas levantadas no setor. Rafael analisou as 20 pr\u00e1ticas levantadas dando destaque aos Objetivos do Desenvolvimento Sustent\u00e1vel identificadas em cada uma delas. Os resultados desse estudo ser\u00e3o apresentados em evento em parceria com o Pacto Global programado para acontecer no Rio de Janeiro\/RJ em mar\u00e7o de 2019. A representante do Paran\u00e1 na comiss\u00e3o Jociana relatou sobre uma Premia\u00e7\u00e3o do SESI no Paran\u00e1 referente aos ODS. A atividade pretende mostrar para o construtor novas demandas relacionadas a responsabilidade s\u00f3cio ambiental vindas dos agentes financiadores e do consumidor. Ser\u00e3o convidados para o evento a CEF e o BNDES que apresentar\u00e3o suas taxas e benef\u00edcios diferenciados para empresas que investem em sustentabilidade.<\/p>\n<p style=\"text-align: justify;\">Participou tamb\u00e9m da reuni\u00e3o como convidada a ONG Junior Achievement &#8211; que trabalha na educa\u00e7\u00e3o de jovens e adolescentes com temas relacionados a empreendedorismo, \u00e9tica e prepara\u00e7\u00e3o para o mercado de trabalho. O objetivo do FASC e construir em parceria com a ONG um Projeto que possa ser realizado nacionalmente com a tem\u00e1tica da educa\u00e7\u00e3o estimulando inclusive o voluntariado empresarial.<\/p>\n<p style=\"text-align: justify;\">O SESI Nacional \u00e9 correalizador dos projetos do FASC\/CBIC. A pr\u00f3xima reuni\u00e3o do FASC ser\u00e1 realizada virtualmente no dia 29 de novembro das 10h \u00e0s 12h.<\/p>\n","protected":false},"excerpt":{"rendered":"<p>| Ag\u00eancia Cbic | Membros do F\u00f3rum de A\u00e7\u00e3o Social e Cidadania da CBIC &#8211; FASC\/CBIC se reuniram hoje, 25 de outubro no Seconci Rio de Janeiro para discutir os principais projetos do ciclo 2018-2019. Entre os temas discutidos mereceram destaque projetos como o Dia Nacional da Constru\u00e7\u00e3o Social 2019 &#8211; DNCS2019. A Presidente do [&hellip;]<\/p>\n","protected":false},"author":3,"featured_media":7849,"comment_status":"closed","ping_status":"closed","sticky":false,"template":"","format":"standard","meta":{"footnotes":""},"categories":[92],"tags":[],"class_list":["post-7847","post","type-post","status-publish","format-standard","has-post-thumbnail","hentry","category-seconci-brasil"],"yoast_head":"<!-- This site is optimized with the Yoast SEO plugin v26.9 - https:\/\/yoast.com\/product\/yoast-seo-wordpress\/ -->\n<title>FASC discute projetos estrat\u00e9gicos para fortalecer a responsabilidade social no setor - Seconci Brasil<\/title>\n<meta name=\"robots\" content=\"index, follow, max-snippet:-1, max-image-preview:large, max-video-preview:-1\" \/>\n<link rel=\"canonical\" href=\"https:\/\/seconci.com.br\/site\/2018\/10\/26\/fasc-discute-projetos-estrategicos-para-fortalecer-a-responsabilidade-social-no-setor\/\" \/>\n<meta property=\"og:locale\" content=\"pt_PT\" \/>\n<meta property=\"og:type\" content=\"article\" \/>\n<meta property=\"og:title\" content=\"FASC discute projetos estrat\u00e9gicos para fortalecer a responsabilidade social no setor - Seconci Brasil\" \/>\n<meta property=\"og:description\" content=\"| Ag\u00eancia Cbic | Membros do F\u00f3rum de A\u00e7\u00e3o Social e Cidadania da CBIC &#8211; FASC\/CBIC se reuniram hoje, 25 de outubro no Seconci Rio de Janeiro para discutir os principais projetos do ciclo 2018-2019. Entre os temas discutidos mereceram destaque projetos como o Dia Nacional da Constru\u00e7\u00e3o Social 2019 &#8211; DNCS2019. A Presidente do [&hellip;]\" \/>\n<meta property=\"og:url\" content=\"https:\/\/seconci.com.br\/site\/2018\/10\/26\/fasc-discute-projetos-estrategicos-para-fortalecer-a-responsabilidade-social-no-setor\/\" \/>\n<meta property=\"og:site_name\" content=\"Seconci Brasil\" \/>\n<meta property=\"article:published_time\" content=\"2018-10-26T12:33:02+00:00\" \/>\n<meta property=\"article:modified_time\" content=\"2018-10-26T12:36:57+00:00\" \/>\n<meta property=\"og:image\" content=\"https:\/\/seconci.com.br\/site\/wp-content\/uploads\/2018\/10\/fasc.jpg\" \/>\n\t<meta property=\"og:image:width\" content=\"965\" \/>\n\t<meta property=\"og:image:height\" content=\"447\" \/>\n\t<meta property=\"og:image:type\" content=\"image\/jpeg\" \/>\n<meta name=\"author\" content=\"Sidney Rocha\" \/>\n<meta name=\"twitter:card\" content=\"summary_large_image\" \/>\n<meta name=\"twitter:label1\" content=\"Escrito por\" \/>\n\t<meta name=\"twitter:data1\" content=\"Sidney Rocha\" \/>\n\t<meta name=\"twitter:label2\" content=\"Tempo estimado de leitura\" \/>\n\t<meta name=\"twitter:data2\" content=\"2 minutos\" \/>\n<script type=\"application\/ld+json\" class=\"yoast-schema-graph\">{\"@context\":\"https:\/\/schema.org\",\"@graph\":[{\"@type\":\"Article\",\"@id\":\"https:\/\/seconci.com.br\/site\/2018\/10\/26\/fasc-discute-projetos-estrategicos-para-fortalecer-a-responsabilidade-social-no-setor\/#article\",\"isPartOf\":{\"@id\":\"https:\/\/seconci.com.br\/site\/2018\/10\/26\/fasc-discute-projetos-estrategicos-para-fortalecer-a-responsabilidade-social-no-setor\/\"},\"author\":{\"name\":\"Sidney Rocha\",\"@id\":\"https:\/\/seconci.com.br\/site\/#\/schema\/person\/1d79afd97ddc8f2c68c1e88e298aa8e2\"},\"headline\":\"FASC discute projetos estrat\u00e9gicos para fortalecer a responsabilidade social no setor\",\"datePublished\":\"2018-10-26T12:33:02+00:00\",\"dateModified\":\"2018-10-26T12:36:57+00:00\",\"mainEntityOfPage\":{\"@id\":\"https:\/\/seconci.com.br\/site\/2018\/10\/26\/fasc-discute-projetos-estrategicos-para-fortalecer-a-responsabilidade-social-no-setor\/\"},\"wordCount\":442,\"publisher\":{\"@id\":\"https:\/\/seconci.com.br\/site\/#organization\"},\"image\":{\"@id\":\"https:\/\/seconci.com.br\/site\/2018\/10\/26\/fasc-discute-projetos-estrategicos-para-fortalecer-a-responsabilidade-social-no-setor\/#primaryimage\"},\"thumbnailUrl\":\"https:\/\/seconci.com.br\/site\/wp-content\/uploads\/2018\/10\/fasc.jpg\",\"articleSection\":[\"Seconci Brasil\"],\"inLanguage\":\"pt-PT\"},{\"@type\":\"WebPage\",\"@id\":\"https:\/\/seconci.com.br\/site\/2018\/10\/26\/fasc-discute-projetos-estrategicos-para-fortalecer-a-responsabilidade-social-no-setor\/\",\"url\":\"https:\/\/seconci.com.br\/site\/2018\/10\/26\/fasc-discute-projetos-estrategicos-para-fortalecer-a-responsabilidade-social-no-setor\/\",\"name\":\"FASC discute projetos estrat\u00e9gicos para fortalecer a responsabilidade social no setor - Seconci Brasil\",\"isPartOf\":{\"@id\":\"https:\/\/seconci.com.br\/site\/#website\"},\"primaryImageOfPage\":{\"@id\":\"https:\/\/seconci.com.br\/site\/2018\/10\/26\/fasc-discute-projetos-estrategicos-para-fortalecer-a-responsabilidade-social-no-setor\/#primaryimage\"},\"image\":{\"@id\":\"https:\/\/seconci.com.br\/site\/2018\/10\/26\/fasc-discute-projetos-estrategicos-para-fortalecer-a-responsabilidade-social-no-setor\/#primaryimage\"},\"thumbnailUrl\":\"https:\/\/seconci.com.br\/site\/wp-content\/uploads\/2018\/10\/fasc.jpg\",\"datePublished\":\"2018-10-26T12:33:02+00:00\",\"dateModified\":\"2018-10-26T12:36:57+00:00\",\"breadcrumb\":{\"@id\":\"https:\/\/seconci.com.br\/site\/2018\/10\/26\/fasc-discute-projetos-estrategicos-para-fortalecer-a-responsabilidade-social-no-setor\/#breadcrumb\"},\"inLanguage\":\"pt-PT\",\"potentialAction\":[{\"@type\":\"ReadAction\",\"target\":[\"https:\/\/seconci.com.br\/site\/2018\/10\/26\/fasc-discute-projetos-estrategicos-para-fortalecer-a-responsabilidade-social-no-setor\/\"]}]},{\"@type\":\"ImageObject\",\"inLanguage\":\"pt-PT\",\"@id\":\"https:\/\/seconci.com.br\/site\/2018\/10\/26\/fasc-discute-projetos-estrategicos-para-fortalecer-a-responsabilidade-social-no-setor\/#primaryimage\",\"url\":\"https:\/\/seconci.com.br\/site\/wp-content\/uploads\/2018\/10\/fasc.jpg\",\"contentUrl\":\"https:\/\/seconci.com.br\/site\/wp-content\/uploads\/2018\/10\/fasc.jpg\",\"width\":965,\"height\":447},{\"@type\":\"BreadcrumbList\",\"@id\":\"https:\/\/seconci.com.br\/site\/2018\/10\/26\/fasc-discute-projetos-estrategicos-para-fortalecer-a-responsabilidade-social-no-setor\/#breadcrumb\",\"itemListElement\":[{\"@type\":\"ListItem\",\"position\":1,\"name\":\"In\u00edcio\",\"item\":\"https:\/\/seconci.com.br\/site\/\"},{\"@type\":\"ListItem\",\"position\":2,\"name\":\"FASC discute projetos estrat\u00e9gicos para fortalecer a responsabilidade social no setor\"}]},{\"@type\":\"WebSite\",\"@id\":\"https:\/\/seconci.com.br\/site\/#website\",\"url\":\"https:\/\/seconci.com.br\/site\/\",\"name\":\"Seconci Brasil\",\"description\":\"\",\"publisher\":{\"@id\":\"https:\/\/seconci.com.br\/site\/#organization\"},\"potentialAction\":[{\"@type\":\"SearchAction\",\"target\":{\"@type\":\"EntryPoint\",\"urlTemplate\":\"https:\/\/seconci.com.br\/site\/?s={search_term_string}\"},\"query-input\":{\"@type\":\"PropertyValueSpecification\",\"valueRequired\":true,\"valueName\":\"search_term_string\"}}],\"inLanguage\":\"pt-PT\"},{\"@type\":\"Organization\",\"@id\":\"https:\/\/seconci.com.br\/site\/#organization\",\"name\":\"Seconci Brasil\",\"url\":\"https:\/\/seconci.com.br\/site\/\",\"logo\":{\"@type\":\"ImageObject\",\"inLanguage\":\"pt-PT\",\"@id\":\"https:\/\/seconci.com.br\/site\/#\/schema\/logo\/image\/\",\"url\":\"https:\/\/seconci.com.br\/site\/wp-content\/uploads\/2024\/08\/Logo-Seconci-Brasil-branca-2.png\",\"contentUrl\":\"https:\/\/seconci.com.br\/site\/wp-content\/uploads\/2024\/08\/Logo-Seconci-Brasil-branca-2.png\",\"width\":1315,\"height\":598,\"caption\":\"Seconci Brasil\"},\"image\":{\"@id\":\"https:\/\/seconci.com.br\/site\/#\/schema\/logo\/image\/\"}},{\"@type\":\"Person\",\"@id\":\"https:\/\/seconci.com.br\/site\/#\/schema\/person\/1d79afd97ddc8f2c68c1e88e298aa8e2\",\"name\":\"Sidney Rocha\",\"description\":\"Comunicador e estagi\u00e1rio do Seconci Brasil.\",\"url\":\"https:\/\/seconci.com.br\/site\/author\/sidney-rocha\/\"}]}<\/script>\n<!-- \/ Yoast SEO plugin. -->","yoast_head_json":{"title":"FASC discute projetos estrat\u00e9gicos para fortalecer a responsabilidade social no setor - Seconci Brasil","robots":{"index":"index","follow":"follow","max-snippet":"max-snippet:-1","max-image-preview":"max-image-preview:large","max-video-preview":"max-video-preview:-1"},"canonical":"https:\/\/seconci.com.br\/site\/2018\/10\/26\/fasc-discute-projetos-estrategicos-para-fortalecer-a-responsabilidade-social-no-setor\/","og_locale":"pt_PT","og_type":"article","og_title":"FASC discute projetos estrat\u00e9gicos para fortalecer a responsabilidade social no setor - Seconci Brasil","og_description":"| Ag\u00eancia Cbic | Membros do F\u00f3rum de A\u00e7\u00e3o Social e Cidadania da CBIC &#8211; FASC\/CBIC se reuniram hoje, 25 de outubro no Seconci Rio de Janeiro para discutir os principais projetos do ciclo 2018-2019. Entre os temas discutidos mereceram destaque projetos como o Dia Nacional da Constru\u00e7\u00e3o Social 2019 &#8211; DNCS2019. A Presidente do [&hellip;]","og_url":"https:\/\/seconci.com.br\/site\/2018\/10\/26\/fasc-discute-projetos-estrategicos-para-fortalecer-a-responsabilidade-social-no-setor\/","og_site_name":"Seconci Brasil","article_published_time":"2018-10-26T12:33:02+00:00","article_modified_time":"2018-10-26T12:36:57+00:00","og_image":[{"width":965,"height":447,"url":"https:\/\/seconci.com.br\/site\/wp-content\/uploads\/2018\/10\/fasc.jpg","type":"image\/jpeg"}],"author":"Sidney Rocha","twitter_card":"summary_large_image","twitter_misc":{"Escrito por":"Sidney Rocha","Tempo estimado de leitura":"2 minutos"},"schema":{"@context":"https:\/\/schema.org","@graph":[{"@type":"Article","@id":"https:\/\/seconci.com.br\/site\/2018\/10\/26\/fasc-discute-projetos-estrategicos-para-fortalecer-a-responsabilidade-social-no-setor\/#article","isPartOf":{"@id":"https:\/\/seconci.com.br\/site\/2018\/10\/26\/fasc-discute-projetos-estrategicos-para-fortalecer-a-responsabilidade-social-no-setor\/"},"author":{"name":"Sidney Rocha","@id":"https:\/\/seconci.com.br\/site\/#\/schema\/person\/1d79afd97ddc8f2c68c1e88e298aa8e2"},"headline":"FASC discute projetos estrat\u00e9gicos para fortalecer a responsabilidade social no setor","datePublished":"2018-10-26T12:33:02+00:00","dateModified":"2018-10-26T12:36:57+00:00","mainEntityOfPage":{"@id":"https:\/\/seconci.com.br\/site\/2018\/10\/26\/fasc-discute-projetos-estrategicos-para-fortalecer-a-responsabilidade-social-no-setor\/"},"wordCount":442,"publisher":{"@id":"https:\/\/seconci.com.br\/site\/#organization"},"image":{"@id":"https:\/\/seconci.com.br\/site\/2018\/10\/26\/fasc-discute-projetos-estrategicos-para-fortalecer-a-responsabilidade-social-no-setor\/#primaryimage"},"thumbnailUrl":"https:\/\/seconci.com.br\/site\/wp-content\/uploads\/2018\/10\/fasc.jpg","articleSection":["Seconci Brasil"],"inLanguage":"pt-PT"},{"@type":"WebPage","@id":"https:\/\/seconci.com.br\/site\/2018\/10\/26\/fasc-discute-projetos-estrategicos-para-fortalecer-a-responsabilidade-social-no-setor\/","url":"https:\/\/seconci.com.br\/site\/2018\/10\/26\/fasc-discute-projetos-estrategicos-para-fortalecer-a-responsabilidade-social-no-setor\/","name":"FASC discute projetos estrat\u00e9gicos para fortalecer a responsabilidade social no setor - Seconci Brasil","isPartOf":{"@id":"https:\/\/seconci.com.br\/site\/#website"},"primaryImageOfPage":{"@id":"https:\/\/seconci.com.br\/site\/2018\/10\/26\/fasc-discute-projetos-estrategicos-para-fortalecer-a-responsabilidade-social-no-setor\/#primaryimage"},"image":{"@id":"https:\/\/seconci.com.br\/site\/2018\/10\/26\/fasc-discute-projetos-estrategicos-para-fortalecer-a-responsabilidade-social-no-setor\/#primaryimage"},"thumbnailUrl":"https:\/\/seconci.com.br\/site\/wp-content\/uploads\/2018\/10\/fasc.jpg","datePublished":"2018-10-26T12:33:02+00:00","dateModified":"2018-10-26T12:36:57+00:00","breadcrumb":{"@id":"https:\/\/seconci.com.br\/site\/2018\/10\/26\/fasc-discute-projetos-estrategicos-para-fortalecer-a-responsabilidade-social-no-setor\/#breadcrumb"},"inLanguage":"pt-PT","potentialAction":[{"@type":"ReadAction","target":["https:\/\/seconci.com.br\/site\/2018\/10\/26\/fasc-discute-projetos-estrategicos-para-fortalecer-a-responsabilidade-social-no-setor\/"]}]},{"@type":"ImageObject","inLanguage":"pt-PT","@id":"https:\/\/seconci.com.br\/site\/2018\/10\/26\/fasc-discute-projetos-estrategicos-para-fortalecer-a-responsabilidade-social-no-setor\/#primaryimage","url":"https:\/\/seconci.com.br\/site\/wp-content\/uploads\/2018\/10\/fasc.jpg","contentUrl":"https:\/\/seconci.com.br\/site\/wp-content\/uploads\/2018\/10\/fasc.jpg","width":965,"height":447},{"@type":"BreadcrumbList","@id":"https:\/\/seconci.com.br\/site\/2018\/10\/26\/fasc-discute-projetos-estrategicos-para-fortalecer-a-responsabilidade-social-no-setor\/#breadcrumb","itemListElement":[{"@type":"ListItem","position":1,"name":"In\u00edcio","item":"https:\/\/seconci.com.br\/site\/"},{"@type":"ListItem","position":2,"name":"FASC discute projetos estrat\u00e9gicos para fortalecer a responsabilidade social no setor"}]},{"@type":"WebSite","@id":"https:\/\/seconci.com.br\/site\/#website","url":"https:\/\/seconci.com.br\/site\/","name":"Seconci Brasil","description":"","publisher":{"@id":"https:\/\/seconci.com.br\/site\/#organization"},"potentialAction":[{"@type":"SearchAction","target":{"@type":"EntryPoint","urlTemplate":"https:\/\/seconci.com.br\/site\/?s={search_term_string}"},"query-input":{"@type":"PropertyValueSpecification","valueRequired":true,"valueName":"search_term_string"}}],"inLanguage":"pt-PT"},{"@type":"Organization","@id":"https:\/\/seconci.com.br\/site\/#organization","name":"Seconci Brasil","url":"https:\/\/seconci.com.br\/site\/","logo":{"@type":"ImageObject","inLanguage":"pt-PT","@id":"https:\/\/seconci.com.br\/site\/#\/schema\/logo\/image\/","url":"https:\/\/seconci.com.br\/site\/wp-content\/uploads\/2024\/08\/Logo-Seconci-Brasil-branca-2.png","contentUrl":"https:\/\/seconci.com.br\/site\/wp-content\/uploads\/2024\/08\/Logo-Seconci-Brasil-branca-2.png","width":1315,"height":598,"caption":"Seconci Brasil"},"image":{"@id":"https:\/\/seconci.com.br\/site\/#\/schema\/logo\/image\/"}},{"@type":"Person","@id":"https:\/\/seconci.com.br\/site\/#\/schema\/person\/1d79afd97ddc8f2c68c1e88e298aa8e2","name":"Sidney Rocha","description":"Comunicador e estagi\u00e1rio do Seconci Brasil.","url":"https:\/\/seconci.com.br\/site\/author\/sidney-rocha\/"}]}},"_links":{"self":[{"href":"https:\/\/seconci.com.br\/site\/wp-json\/wp\/v2\/posts\/7847","targetHints":{"allow":["GET"]}}],"collection":[{"href":"https:\/\/seconci.com.br\/site\/wp-json\/wp\/v2\/posts"}],"about":[{"href":"https:\/\/seconci.com.br\/site\/wp-json\/wp\/v2\/types\/post"}],"author":[{"embeddable":true,"href":"https:\/\/seconci.com.br\/site\/wp-json\/wp\/v2\/users\/3"}],"replies":[{"embeddable":true,"href":"https:\/\/seconci.com.br\/site\/wp-json\/wp\/v2\/comments?post=7847"}],"version-history":[{"count":0,"href":"https:\/\/seconci.com.br\/site\/wp-json\/wp\/v2\/posts\/7847\/revisions"}],"wp:featuredmedia":[{"embeddable":true,"href":"https:\/\/seconci.com.br\/site\/wp-json\/wp\/v2\/media\/7849"}],"wp:attachment":[{"href":"https:\/\/seconci.com.br\/site\/wp-json\/wp\/v2\/media?parent=7847"}],"wp:term":[{"taxonomy":"category","embeddable":true,"href":"https:\/\/seconci.com.br\/site\/wp-json\/wp\/v2\/categories?post=7847"},{"taxonomy":"post_tag","embeddable":true,"href":"https:\/\/seconci.com.br\/site\/wp-json\/wp\/v2\/tags?post=7847"}],"curies":[{"name":"wp","href":"https:\/\/api.w.org\/{rel}","templated":true}]}}