{"id":7901,"date":"2018-11-23T10:27:15","date_gmt":"2018-11-23T10:27:15","guid":{"rendered":"https:\/\/seconci.com.br\/site\/?p=7901"},"modified":"2018-11-23T10:27:15","modified_gmt":"2018-11-23T10:27:15","slug":"concorrentes-do-premio-cbic-de-inovacao-e-sustentabilidade-apresentam-projetos","status":"publish","type":"post","link":"https:\/\/seconci.com.br\/site\/2018\/11\/23\/concorrentes-do-premio-cbic-de-inovacao-e-sustentabilidade-apresentam-projetos\/","title":{"rendered":"Concorrentes do Pr\u00eamio CBIC de Inova\u00e7\u00e3o e Sustentabilidade apresentam projetos"},"content":{"rendered":"<p>Come\u00e7ou nesta quinta-feira (22) a \u00faltima etapa do processo de julgamento da 22\u00aa Edi\u00e7\u00e3o do <a href=\"https:\/\/cbic.us11.list-manage.com\/track\/click?u=0a0e557e1f19bd31aef34f334&amp;id=2060d3130a&amp;e=91a4b0b24f\">Pr\u00eamio CBIC de Inova\u00e7\u00e3o e Sustentabilidade<\/a>. At\u00e9 amanh\u00e3, os tr\u00eas projetos melhor avaliados de cada categoria at\u00e9 a fase anterior, apresentar\u00e3o individualmente as inova\u00e7\u00f5es \u00e0 comiss\u00e3o julgadora. Os vencedores ser\u00e3o anunciados em 11 de dezembro, durante cerim\u00f4nia em Bras\u00edlia.<\/p>\n<p>As exposi\u00e7\u00f5es acontecem virtualmente, coordenadas pela C\u00e2mara Brasileira da Ind\u00fastria da Constru\u00e7\u00e3o (CBIC), organizadora do pr\u00eamio, em correaliza\u00e7\u00e3o com o com o Servi\u00e7o Nacional de Aprendizagem Industrial (Senai Nacional). Cada participante tem 20 minutos para apresenta\u00e7\u00e3o, e 10 minutos para questionamentos da banca.<\/p>\n<p>A pontua\u00e7\u00e3o \u00e9 definida de acordo com os seguintes crit\u00e9rios:<br \/>\n\u2022 Apresenta\u00e7\u00e3o do projeto<br \/>\n\u2022 Impacto sobre a produtividade<br \/>\n\u2022 Impacto sobre o desempenho<br \/>\n\u2022 Impacto sobre a sustentabilidade<br \/>\n\u2022 Viabilidade<br \/>\n\u2022 Funcionalidade<br \/>\n\u2022 Grau de inova\u00e7\u00e3o<br \/>\n\u2022 M\u00e9todos de desenvolvimento<br \/>\nA comiss\u00e3o julgadora \u00e9 composta por institui\u00e7\u00f5es acad\u00eamicas, construtoras, e sindicatos, al\u00e9m de representantes da Associa\u00e7\u00e3o Brasileira da Ind\u00fastria Materiais de Constru\u00e7\u00e3o (Abramat), Associa\u00e7\u00e3o Brasileira dos Escrit\u00f3rios de Arquitetura (AsBEA), Caixa Econ\u00f4mica, Minist\u00e9rio das Cidades e Senai Nacional.<\/p>\n<p>O pr\u00eamio tem como objetivo reconhecer, premiar e divulgar solu\u00e7\u00f5es relacionadas \u00e0 tecnologia e gest\u00e3o de produ\u00e7\u00e3o em constru\u00e7\u00e3o civil, com foco em sustentabilidade dos empreendimentos. S\u00e3o cinco categorias:<br \/>\n\u2022 Materiais e Componentes<br \/>\n\u2022 Sistemas Construtivos<br \/>\n\u2022 Gest\u00e3o da Produ\u00e7\u00e3o e Pesquisa e Desenvolvimento (P&amp;D)<br \/>\n\u2022 Pesquisa Acad\u00eamica<br \/>\n\u2022 Tecnologia de Informa\u00e7\u00e3o para a Constru\u00e7\u00e3o (TICs)<br \/>\n<a href=\"https:\/\/cbic.us11.list-manage.com\/track\/click?u=0a0e557e1f19bd31aef34f334&amp;id=200bca5bd9&amp;e=91a4b0b24f\">Veja o regulamento na \u00edntegra.<\/a><\/p>\n","protected":false},"excerpt":{"rendered":"<p>Come\u00e7ou nesta quinta-feira (22) a \u00faltima etapa do processo de julgamento da 22\u00aa Edi\u00e7\u00e3o do Pr\u00eamio CBIC de Inova\u00e7\u00e3o e Sustentabilidade. At\u00e9 amanh\u00e3, os tr\u00eas projetos melhor avaliados de cada categoria at\u00e9 a fase anterior, apresentar\u00e3o individualmente as inova\u00e7\u00f5es \u00e0 comiss\u00e3o julgadora. Os vencedores ser\u00e3o anunciados em 11 de dezembro, durante cerim\u00f4nia em Bras\u00edlia. As [&hellip;]<\/p>\n","protected":false},"author":3,"featured_media":7902,"comment_status":"closed","ping_status":"closed","sticky":false,"template":"","format":"standard","meta":{"footnotes":""},"categories":[92],"tags":[],"class_list":["post-7901","post","type-post","status-publish","format-standard","has-post-thumbnail","hentry","category-seconci-brasil"],"yoast_head":"<!-- This site is optimized with the Yoast SEO plugin v26.9 - https:\/\/yoast.com\/product\/yoast-seo-wordpress\/ -->\n<title>Concorrentes do Pr\u00eamio CBIC de Inova\u00e7\u00e3o e Sustentabilidade apresentam projetos - Seconci Brasil<\/title>\n<meta name=\"robots\" content=\"index, follow, max-snippet:-1, max-image-preview:large, max-video-preview:-1\" \/>\n<link rel=\"canonical\" href=\"https:\/\/seconci.com.br\/site\/2018\/11\/23\/concorrentes-do-premio-cbic-de-inovacao-e-sustentabilidade-apresentam-projetos\/\" \/>\n<meta property=\"og:locale\" content=\"pt_PT\" \/>\n<meta property=\"og:type\" content=\"article\" \/>\n<meta property=\"og:title\" content=\"Concorrentes do Pr\u00eamio CBIC de Inova\u00e7\u00e3o e Sustentabilidade apresentam projetos - Seconci Brasil\" \/>\n<meta property=\"og:description\" content=\"Come\u00e7ou nesta quinta-feira (22) a \u00faltima etapa do processo de julgamento da 22\u00aa Edi\u00e7\u00e3o do Pr\u00eamio CBIC de Inova\u00e7\u00e3o e Sustentabilidade. At\u00e9 amanh\u00e3, os tr\u00eas projetos melhor avaliados de cada categoria at\u00e9 a fase anterior, apresentar\u00e3o individualmente as inova\u00e7\u00f5es \u00e0 comiss\u00e3o julgadora. Os vencedores ser\u00e3o anunciados em 11 de dezembro, durante cerim\u00f4nia em Bras\u00edlia. As [&hellip;]\" \/>\n<meta property=\"og:url\" content=\"https:\/\/seconci.com.br\/site\/2018\/11\/23\/concorrentes-do-premio-cbic-de-inovacao-e-sustentabilidade-apresentam-projetos\/\" \/>\n<meta property=\"og:site_name\" content=\"Seconci Brasil\" \/>\n<meta property=\"article:published_time\" content=\"2018-11-23T10:27:15+00:00\" \/>\n<meta property=\"og:image\" content=\"https:\/\/seconci.com.br\/site\/wp-content\/uploads\/2018\/11\/inovacao-e-sustentabilidade.png\" \/>\n\t<meta property=\"og:image:width\" content=\"1280\" \/>\n\t<meta property=\"og:image:height\" content=\"720\" \/>\n\t<meta property=\"og:image:type\" content=\"image\/png\" \/>\n<meta name=\"author\" content=\"Sidney Rocha\" \/>\n<meta name=\"twitter:card\" content=\"summary_large_image\" \/>\n<meta name=\"twitter:label1\" content=\"Escrito por\" \/>\n\t<meta name=\"twitter:data1\" content=\"Sidney Rocha\" \/>\n\t<meta name=\"twitter:label2\" content=\"Tempo estimado de leitura\" \/>\n\t<meta name=\"twitter:data2\" content=\"1 minuto\" \/>\n<script type=\"application\/ld+json\" class=\"yoast-schema-graph\">{\"@context\":\"https:\/\/schema.org\",\"@graph\":[{\"@type\":\"Article\",\"@id\":\"https:\/\/seconci.com.br\/site\/2018\/11\/23\/concorrentes-do-premio-cbic-de-inovacao-e-sustentabilidade-apresentam-projetos\/#article\",\"isPartOf\":{\"@id\":\"https:\/\/seconci.com.br\/site\/2018\/11\/23\/concorrentes-do-premio-cbic-de-inovacao-e-sustentabilidade-apresentam-projetos\/\"},\"author\":{\"name\":\"Sidney Rocha\",\"@id\":\"https:\/\/seconci.com.br\/site\/#\/schema\/person\/1d79afd97ddc8f2c68c1e88e298aa8e2\"},\"headline\":\"Concorrentes do Pr\u00eamio CBIC de Inova\u00e7\u00e3o e Sustentabilidade apresentam projetos\",\"datePublished\":\"2018-11-23T10:27:15+00:00\",\"mainEntityOfPage\":{\"@id\":\"https:\/\/seconci.com.br\/site\/2018\/11\/23\/concorrentes-do-premio-cbic-de-inovacao-e-sustentabilidade-apresentam-projetos\/\"},\"wordCount\":275,\"publisher\":{\"@id\":\"https:\/\/seconci.com.br\/site\/#organization\"},\"image\":{\"@id\":\"https:\/\/seconci.com.br\/site\/2018\/11\/23\/concorrentes-do-premio-cbic-de-inovacao-e-sustentabilidade-apresentam-projetos\/#primaryimage\"},\"thumbnailUrl\":\"https:\/\/seconci.com.br\/site\/wp-content\/uploads\/2018\/11\/inovacao-e-sustentabilidade.png\",\"articleSection\":[\"Seconci Brasil\"],\"inLanguage\":\"pt-PT\"},{\"@type\":\"WebPage\",\"@id\":\"https:\/\/seconci.com.br\/site\/2018\/11\/23\/concorrentes-do-premio-cbic-de-inovacao-e-sustentabilidade-apresentam-projetos\/\",\"url\":\"https:\/\/seconci.com.br\/site\/2018\/11\/23\/concorrentes-do-premio-cbic-de-inovacao-e-sustentabilidade-apresentam-projetos\/\",\"name\":\"Concorrentes do Pr\u00eamio CBIC de Inova\u00e7\u00e3o e Sustentabilidade apresentam projetos - Seconci Brasil\",\"isPartOf\":{\"@id\":\"https:\/\/seconci.com.br\/site\/#website\"},\"primaryImageOfPage\":{\"@id\":\"https:\/\/seconci.com.br\/site\/2018\/11\/23\/concorrentes-do-premio-cbic-de-inovacao-e-sustentabilidade-apresentam-projetos\/#primaryimage\"},\"image\":{\"@id\":\"https:\/\/seconci.com.br\/site\/2018\/11\/23\/concorrentes-do-premio-cbic-de-inovacao-e-sustentabilidade-apresentam-projetos\/#primaryimage\"},\"thumbnailUrl\":\"https:\/\/seconci.com.br\/site\/wp-content\/uploads\/2018\/11\/inovacao-e-sustentabilidade.png\",\"datePublished\":\"2018-11-23T10:27:15+00:00\",\"breadcrumb\":{\"@id\":\"https:\/\/seconci.com.br\/site\/2018\/11\/23\/concorrentes-do-premio-cbic-de-inovacao-e-sustentabilidade-apresentam-projetos\/#breadcrumb\"},\"inLanguage\":\"pt-PT\",\"potentialAction\":[{\"@type\":\"ReadAction\",\"target\":[\"https:\/\/seconci.com.br\/site\/2018\/11\/23\/concorrentes-do-premio-cbic-de-inovacao-e-sustentabilidade-apresentam-projetos\/\"]}]},{\"@type\":\"ImageObject\",\"inLanguage\":\"pt-PT\",\"@id\":\"https:\/\/seconci.com.br\/site\/2018\/11\/23\/concorrentes-do-premio-cbic-de-inovacao-e-sustentabilidade-apresentam-projetos\/#primaryimage\",\"url\":\"https:\/\/seconci.com.br\/site\/wp-content\/uploads\/2018\/11\/inovacao-e-sustentabilidade.png\",\"contentUrl\":\"https:\/\/seconci.com.br\/site\/wp-content\/uploads\/2018\/11\/inovacao-e-sustentabilidade.png\",\"width\":1280,\"height\":720},{\"@type\":\"BreadcrumbList\",\"@id\":\"https:\/\/seconci.com.br\/site\/2018\/11\/23\/concorrentes-do-premio-cbic-de-inovacao-e-sustentabilidade-apresentam-projetos\/#breadcrumb\",\"itemListElement\":[{\"@type\":\"ListItem\",\"position\":1,\"name\":\"In\u00edcio\",\"item\":\"https:\/\/seconci.com.br\/site\/\"},{\"@type\":\"ListItem\",\"position\":2,\"name\":\"Concorrentes do Pr\u00eamio CBIC de Inova\u00e7\u00e3o e Sustentabilidade apresentam projetos\"}]},{\"@type\":\"WebSite\",\"@id\":\"https:\/\/seconci.com.br\/site\/#website\",\"url\":\"https:\/\/seconci.com.br\/site\/\",\"name\":\"Seconci Brasil\",\"description\":\"\",\"publisher\":{\"@id\":\"https:\/\/seconci.com.br\/site\/#organization\"},\"potentialAction\":[{\"@type\":\"SearchAction\",\"target\":{\"@type\":\"EntryPoint\",\"urlTemplate\":\"https:\/\/seconci.com.br\/site\/?s={search_term_string}\"},\"query-input\":{\"@type\":\"PropertyValueSpecification\",\"valueRequired\":true,\"valueName\":\"search_term_string\"}}],\"inLanguage\":\"pt-PT\"},{\"@type\":\"Organization\",\"@id\":\"https:\/\/seconci.com.br\/site\/#organization\",\"name\":\"Seconci Brasil\",\"url\":\"https:\/\/seconci.com.br\/site\/\",\"logo\":{\"@type\":\"ImageObject\",\"inLanguage\":\"pt-PT\",\"@id\":\"https:\/\/seconci.com.br\/site\/#\/schema\/logo\/image\/\",\"url\":\"https:\/\/seconci.com.br\/site\/wp-content\/uploads\/2024\/08\/Logo-Seconci-Brasil-branca-2.png\",\"contentUrl\":\"https:\/\/seconci.com.br\/site\/wp-content\/uploads\/2024\/08\/Logo-Seconci-Brasil-branca-2.png\",\"width\":1315,\"height\":598,\"caption\":\"Seconci Brasil\"},\"image\":{\"@id\":\"https:\/\/seconci.com.br\/site\/#\/schema\/logo\/image\/\"}},{\"@type\":\"Person\",\"@id\":\"https:\/\/seconci.com.br\/site\/#\/schema\/person\/1d79afd97ddc8f2c68c1e88e298aa8e2\",\"name\":\"Sidney Rocha\",\"description\":\"Comunicador e estagi\u00e1rio do Seconci Brasil.\",\"url\":\"https:\/\/seconci.com.br\/site\/author\/sidney-rocha\/\"}]}<\/script>\n<!-- \/ Yoast SEO plugin. -->","yoast_head_json":{"title":"Concorrentes do Pr\u00eamio CBIC de Inova\u00e7\u00e3o e Sustentabilidade apresentam projetos - Seconci Brasil","robots":{"index":"index","follow":"follow","max-snippet":"max-snippet:-1","max-image-preview":"max-image-preview:large","max-video-preview":"max-video-preview:-1"},"canonical":"https:\/\/seconci.com.br\/site\/2018\/11\/23\/concorrentes-do-premio-cbic-de-inovacao-e-sustentabilidade-apresentam-projetos\/","og_locale":"pt_PT","og_type":"article","og_title":"Concorrentes do Pr\u00eamio CBIC de Inova\u00e7\u00e3o e Sustentabilidade apresentam projetos - Seconci Brasil","og_description":"Come\u00e7ou nesta quinta-feira (22) a \u00faltima etapa do processo de julgamento da 22\u00aa Edi\u00e7\u00e3o do Pr\u00eamio CBIC de Inova\u00e7\u00e3o e Sustentabilidade. At\u00e9 amanh\u00e3, os tr\u00eas projetos melhor avaliados de cada categoria at\u00e9 a fase anterior, apresentar\u00e3o individualmente as inova\u00e7\u00f5es \u00e0 comiss\u00e3o julgadora. Os vencedores ser\u00e3o anunciados em 11 de dezembro, durante cerim\u00f4nia em Bras\u00edlia. As [&hellip;]","og_url":"https:\/\/seconci.com.br\/site\/2018\/11\/23\/concorrentes-do-premio-cbic-de-inovacao-e-sustentabilidade-apresentam-projetos\/","og_site_name":"Seconci Brasil","article_published_time":"2018-11-23T10:27:15+00:00","og_image":[{"width":1280,"height":720,"url":"https:\/\/seconci.com.br\/site\/wp-content\/uploads\/2018\/11\/inovacao-e-sustentabilidade.png","type":"image\/png"}],"author":"Sidney Rocha","twitter_card":"summary_large_image","twitter_misc":{"Escrito por":"Sidney Rocha","Tempo estimado de leitura":"1 minuto"},"schema":{"@context":"https:\/\/schema.org","@graph":[{"@type":"Article","@id":"https:\/\/seconci.com.br\/site\/2018\/11\/23\/concorrentes-do-premio-cbic-de-inovacao-e-sustentabilidade-apresentam-projetos\/#article","isPartOf":{"@id":"https:\/\/seconci.com.br\/site\/2018\/11\/23\/concorrentes-do-premio-cbic-de-inovacao-e-sustentabilidade-apresentam-projetos\/"},"author":{"name":"Sidney Rocha","@id":"https:\/\/seconci.com.br\/site\/#\/schema\/person\/1d79afd97ddc8f2c68c1e88e298aa8e2"},"headline":"Concorrentes do Pr\u00eamio CBIC de Inova\u00e7\u00e3o e Sustentabilidade apresentam projetos","datePublished":"2018-11-23T10:27:15+00:00","mainEntityOfPage":{"@id":"https:\/\/seconci.com.br\/site\/2018\/11\/23\/concorrentes-do-premio-cbic-de-inovacao-e-sustentabilidade-apresentam-projetos\/"},"wordCount":275,"publisher":{"@id":"https:\/\/seconci.com.br\/site\/#organization"},"image":{"@id":"https:\/\/seconci.com.br\/site\/2018\/11\/23\/concorrentes-do-premio-cbic-de-inovacao-e-sustentabilidade-apresentam-projetos\/#primaryimage"},"thumbnailUrl":"https:\/\/seconci.com.br\/site\/wp-content\/uploads\/2018\/11\/inovacao-e-sustentabilidade.png","articleSection":["Seconci Brasil"],"inLanguage":"pt-PT"},{"@type":"WebPage","@id":"https:\/\/seconci.com.br\/site\/2018\/11\/23\/concorrentes-do-premio-cbic-de-inovacao-e-sustentabilidade-apresentam-projetos\/","url":"https:\/\/seconci.com.br\/site\/2018\/11\/23\/concorrentes-do-premio-cbic-de-inovacao-e-sustentabilidade-apresentam-projetos\/","name":"Concorrentes do Pr\u00eamio CBIC de Inova\u00e7\u00e3o e Sustentabilidade apresentam projetos - Seconci Brasil","isPartOf":{"@id":"https:\/\/seconci.com.br\/site\/#website"},"primaryImageOfPage":{"@id":"https:\/\/seconci.com.br\/site\/2018\/11\/23\/concorrentes-do-premio-cbic-de-inovacao-e-sustentabilidade-apresentam-projetos\/#primaryimage"},"image":{"@id":"https:\/\/seconci.com.br\/site\/2018\/11\/23\/concorrentes-do-premio-cbic-de-inovacao-e-sustentabilidade-apresentam-projetos\/#primaryimage"},"thumbnailUrl":"https:\/\/seconci.com.br\/site\/wp-content\/uploads\/2018\/11\/inovacao-e-sustentabilidade.png","datePublished":"2018-11-23T10:27:15+00:00","breadcrumb":{"@id":"https:\/\/seconci.com.br\/site\/2018\/11\/23\/concorrentes-do-premio-cbic-de-inovacao-e-sustentabilidade-apresentam-projetos\/#breadcrumb"},"inLanguage":"pt-PT","potentialAction":[{"@type":"ReadAction","target":["https:\/\/seconci.com.br\/site\/2018\/11\/23\/concorrentes-do-premio-cbic-de-inovacao-e-sustentabilidade-apresentam-projetos\/"]}]},{"@type":"ImageObject","inLanguage":"pt-PT","@id":"https:\/\/seconci.com.br\/site\/2018\/11\/23\/concorrentes-do-premio-cbic-de-inovacao-e-sustentabilidade-apresentam-projetos\/#primaryimage","url":"https:\/\/seconci.com.br\/site\/wp-content\/uploads\/2018\/11\/inovacao-e-sustentabilidade.png","contentUrl":"https:\/\/seconci.com.br\/site\/wp-content\/uploads\/2018\/11\/inovacao-e-sustentabilidade.png","width":1280,"height":720},{"@type":"BreadcrumbList","@id":"https:\/\/seconci.com.br\/site\/2018\/11\/23\/concorrentes-do-premio-cbic-de-inovacao-e-sustentabilidade-apresentam-projetos\/#breadcrumb","itemListElement":[{"@type":"ListItem","position":1,"name":"In\u00edcio","item":"https:\/\/seconci.com.br\/site\/"},{"@type":"ListItem","position":2,"name":"Concorrentes do Pr\u00eamio CBIC de Inova\u00e7\u00e3o e Sustentabilidade apresentam projetos"}]},{"@type":"WebSite","@id":"https:\/\/seconci.com.br\/site\/#website","url":"https:\/\/seconci.com.br\/site\/","name":"Seconci Brasil","description":"","publisher":{"@id":"https:\/\/seconci.com.br\/site\/#organization"},"potentialAction":[{"@type":"SearchAction","target":{"@type":"EntryPoint","urlTemplate":"https:\/\/seconci.com.br\/site\/?s={search_term_string}"},"query-input":{"@type":"PropertyValueSpecification","valueRequired":true,"valueName":"search_term_string"}}],"inLanguage":"pt-PT"},{"@type":"Organization","@id":"https:\/\/seconci.com.br\/site\/#organization","name":"Seconci Brasil","url":"https:\/\/seconci.com.br\/site\/","logo":{"@type":"ImageObject","inLanguage":"pt-PT","@id":"https:\/\/seconci.com.br\/site\/#\/schema\/logo\/image\/","url":"https:\/\/seconci.com.br\/site\/wp-content\/uploads\/2024\/08\/Logo-Seconci-Brasil-branca-2.png","contentUrl":"https:\/\/seconci.com.br\/site\/wp-content\/uploads\/2024\/08\/Logo-Seconci-Brasil-branca-2.png","width":1315,"height":598,"caption":"Seconci Brasil"},"image":{"@id":"https:\/\/seconci.com.br\/site\/#\/schema\/logo\/image\/"}},{"@type":"Person","@id":"https:\/\/seconci.com.br\/site\/#\/schema\/person\/1d79afd97ddc8f2c68c1e88e298aa8e2","name":"Sidney Rocha","description":"Comunicador e estagi\u00e1rio do Seconci Brasil.","url":"https:\/\/seconci.com.br\/site\/author\/sidney-rocha\/"}]}},"_links":{"self":[{"href":"https:\/\/seconci.com.br\/site\/wp-json\/wp\/v2\/posts\/7901","targetHints":{"allow":["GET"]}}],"collection":[{"href":"https:\/\/seconci.com.br\/site\/wp-json\/wp\/v2\/posts"}],"about":[{"href":"https:\/\/seconci.com.br\/site\/wp-json\/wp\/v2\/types\/post"}],"author":[{"embeddable":true,"href":"https:\/\/seconci.com.br\/site\/wp-json\/wp\/v2\/users\/3"}],"replies":[{"embeddable":true,"href":"https:\/\/seconci.com.br\/site\/wp-json\/wp\/v2\/comments?post=7901"}],"version-history":[{"count":0,"href":"https:\/\/seconci.com.br\/site\/wp-json\/wp\/v2\/posts\/7901\/revisions"}],"wp:featuredmedia":[{"embeddable":true,"href":"https:\/\/seconci.com.br\/site\/wp-json\/wp\/v2\/media\/7902"}],"wp:attachment":[{"href":"https:\/\/seconci.com.br\/site\/wp-json\/wp\/v2\/media?parent=7901"}],"wp:term":[{"taxonomy":"category","embeddable":true,"href":"https:\/\/seconci.com.br\/site\/wp-json\/wp\/v2\/categories?post=7901"},{"taxonomy":"post_tag","embeddable":true,"href":"https:\/\/seconci.com.br\/site\/wp-json\/wp\/v2\/tags?post=7901"}],"curies":[{"name":"wp","href":"https:\/\/api.w.org\/{rel}","templated":true}]}}