{"id":7981,"date":"2018-12-13T13:28:58","date_gmt":"2018-12-13T13:28:58","guid":{"rendered":"https:\/\/seconci.com.br\/site\/?p=7981"},"modified":"2018-12-13T13:28:58","modified_gmt":"2018-12-13T13:28:58","slug":"esta-preparando-a-sipat-da-sua-empresa-precisa-de-ajuda","status":"publish","type":"post","link":"https:\/\/seconci.com.br\/site\/2018\/12\/13\/esta-preparando-a-sipat-da-sua-empresa-precisa-de-ajuda\/","title":{"rendered":"Est\u00e1 preparando a SIPAT da sua empresa? Precisa de ajuda?"},"content":{"rendered":"<p style=\"text-align: justify;\"><em>Temos v\u00e1rios servi\u00e7os que podem incrementar seu evento e contribuir para a conscientiza\u00e7\u00e3o dos trabalhadores<\/em><\/p>\n<p style=\"text-align: justify;\">| <strong>Assessoria de Comunica\u00e7\u00e3o Social do Seconci-DF<\/strong> |<\/p>\n<p style=\"text-align: justify;\">O Seconci-DF disponibiliza diversos servi\u00e7os que podem ser utilizados durante a Semana Interna de Preven\u00e7\u00e3o de Acidentes de Trabalho (SIPATs) das empresas da constru\u00e7\u00e3o civil. Desde sua funda\u00e7\u00e3o, h\u00e1 30 anos, a entidade busca ser parceira dos empres\u00e1rios e uma aliada no desenvolvimento e implanta\u00e7\u00e3o de quest\u00f5es relacionadas \u00e0 seguran\u00e7a e sa\u00fade no ambiente de trabalho.<\/p>\n<p style=\"text-align: justify;\">A equipe de t\u00e9cnicos percorre canteiros por todo DF levando conhecimento e conscientizando os trabalhadores. A inten\u00e7\u00e3o \u00e9 torna-los disseminadores da cultura prevencionista dentro do ambiente onde atuam. \u201cNossa preocupa\u00e7\u00e3o \u00e9 evitar que acidentes aconte\u00e7am e, por isso, a conscientiza\u00e7\u00e3o \u00e9 fundamental para que cada um possa desempenhar seu papel como agente transformador para a seguran\u00e7a nos canteiros\u201d, explica a gerente de seguran\u00e7a do trabalho do Seconci-DF, Juliana Moreira.<\/p>\n<p style=\"text-align: justify;\">S\u00e3o v\u00e1rios os servi\u00e7os dispon\u00edveis e que podem ser solicitados para agregar \u00e0s SIPATs. Al\u00e9m do tema Seguran\u00e7a, as empresas contam tamb\u00e9m com outros servi\u00e7os nas \u00e1reas de medicina ocupacional. Confira abaixo, alguns dos servi\u00e7os dispon\u00edveis:<\/p>\n<ul>\n<li>Palestras com temas diversos (Medicina ocupacional, Seguran\u00e7a do trabalho, entre outros);<\/li>\n<li>Distribui\u00e7\u00e3o de cartazes e cartilhas orientativas;<\/li>\n<li>Apresenta\u00e7\u00e3o de pe\u00e7as teatrais;<\/li>\n<\/ul>\n<p style=\"text-align: justify;\">\nSe voc\u00ea \u00e9 empres\u00e1rio da constru\u00e7\u00e3o, t\u00e9cnico de seguran\u00e7a e est\u00e1 promovendo algum evento para seus funcion\u00e1rios, entre em contato conosco e veja como fazer para contar com o apoio do Seconci-DF.<\/p>\n<p style=\"text-align: justify;\">Ligue (61) 3399-1888 ramal 247 e conhe\u00e7a estes e os demais servi\u00e7os da nossa entidade com o foco na SEGURAN\u00c7A DO TRABALHO.<\/p>\n","protected":false},"excerpt":{"rendered":"<p>Temos v\u00e1rios servi\u00e7os que podem incrementar seu evento e contribuir para a conscientiza\u00e7\u00e3o dos trabalhadores | Assessoria de Comunica\u00e7\u00e3o Social do Seconci-DF | O Seconci-DF disponibiliza diversos servi\u00e7os que podem ser utilizados durante a Semana Interna de Preven\u00e7\u00e3o de Acidentes de Trabalho (SIPATs) das empresas da constru\u00e7\u00e3o civil. Desde sua funda\u00e7\u00e3o, h\u00e1 30 anos, a [&hellip;]<\/p>\n","protected":false},"author":3,"featured_media":7982,"comment_status":"closed","ping_status":"closed","sticky":false,"template":"","format":"standard","meta":{"footnotes":""},"categories":[77],"tags":[],"class_list":["post-7981","post","type-post","status-publish","format-standard","has-post-thumbnail","hentry","category-seconci-distrito-federal"],"yoast_head":"<!-- This site is optimized with the Yoast SEO plugin v26.9 - https:\/\/yoast.com\/product\/yoast-seo-wordpress\/ -->\n<title>Est\u00e1 preparando a SIPAT da sua empresa? Precisa de ajuda? - Seconci Brasil<\/title>\n<meta name=\"robots\" content=\"index, follow, max-snippet:-1, max-image-preview:large, max-video-preview:-1\" \/>\n<link rel=\"canonical\" href=\"https:\/\/seconci.com.br\/site\/2018\/12\/13\/esta-preparando-a-sipat-da-sua-empresa-precisa-de-ajuda\/\" \/>\n<meta property=\"og:locale\" content=\"pt_PT\" \/>\n<meta property=\"og:type\" content=\"article\" \/>\n<meta property=\"og:title\" content=\"Est\u00e1 preparando a SIPAT da sua empresa? Precisa de ajuda? - Seconci Brasil\" \/>\n<meta property=\"og:description\" content=\"Temos v\u00e1rios servi\u00e7os que podem incrementar seu evento e contribuir para a conscientiza\u00e7\u00e3o dos trabalhadores | Assessoria de Comunica\u00e7\u00e3o Social do Seconci-DF | O Seconci-DF disponibiliza diversos servi\u00e7os que podem ser utilizados durante a Semana Interna de Preven\u00e7\u00e3o de Acidentes de Trabalho (SIPATs) das empresas da constru\u00e7\u00e3o civil. Desde sua funda\u00e7\u00e3o, h\u00e1 30 anos, a [&hellip;]\" \/>\n<meta property=\"og:url\" content=\"https:\/\/seconci.com.br\/site\/2018\/12\/13\/esta-preparando-a-sipat-da-sua-empresa-precisa-de-ajuda\/\" \/>\n<meta property=\"og:site_name\" content=\"Seconci Brasil\" \/>\n<meta property=\"article:published_time\" content=\"2018-12-13T13:28:58+00:00\" \/>\n<meta property=\"og:image\" content=\"https:\/\/seconci.com.br\/site\/wp-content\/uploads\/2018\/12\/sipat-solano.jpeg\" \/>\n\t<meta property=\"og:image:width\" content=\"1280\" \/>\n\t<meta property=\"og:image:height\" content=\"1280\" \/>\n\t<meta property=\"og:image:type\" content=\"image\/jpeg\" \/>\n<meta name=\"author\" content=\"Sidney Rocha\" \/>\n<meta name=\"twitter:card\" content=\"summary_large_image\" \/>\n<meta name=\"twitter:label1\" content=\"Escrito por\" \/>\n\t<meta name=\"twitter:data1\" content=\"Sidney Rocha\" \/>\n\t<meta name=\"twitter:label2\" content=\"Tempo estimado de leitura\" \/>\n\t<meta name=\"twitter:data2\" content=\"1 minuto\" \/>\n<script type=\"application\/ld+json\" class=\"yoast-schema-graph\">{\"@context\":\"https:\/\/schema.org\",\"@graph\":[{\"@type\":\"Article\",\"@id\":\"https:\/\/seconci.com.br\/site\/2018\/12\/13\/esta-preparando-a-sipat-da-sua-empresa-precisa-de-ajuda\/#article\",\"isPartOf\":{\"@id\":\"https:\/\/seconci.com.br\/site\/2018\/12\/13\/esta-preparando-a-sipat-da-sua-empresa-precisa-de-ajuda\/\"},\"author\":{\"name\":\"Sidney Rocha\",\"@id\":\"https:\/\/seconci.com.br\/site\/#\/schema\/person\/1d79afd97ddc8f2c68c1e88e298aa8e2\"},\"headline\":\"Est\u00e1 preparando a SIPAT da sua empresa? Precisa de ajuda?\",\"datePublished\":\"2018-12-13T13:28:58+00:00\",\"mainEntityOfPage\":{\"@id\":\"https:\/\/seconci.com.br\/site\/2018\/12\/13\/esta-preparando-a-sipat-da-sua-empresa-precisa-de-ajuda\/\"},\"wordCount\":301,\"publisher\":{\"@id\":\"https:\/\/seconci.com.br\/site\/#organization\"},\"image\":{\"@id\":\"https:\/\/seconci.com.br\/site\/2018\/12\/13\/esta-preparando-a-sipat-da-sua-empresa-precisa-de-ajuda\/#primaryimage\"},\"thumbnailUrl\":\"https:\/\/seconci.com.br\/site\/wp-content\/uploads\/2018\/12\/sipat-solano.jpeg\",\"articleSection\":[\"Seconci Distrito Federal\"],\"inLanguage\":\"pt-PT\"},{\"@type\":\"WebPage\",\"@id\":\"https:\/\/seconci.com.br\/site\/2018\/12\/13\/esta-preparando-a-sipat-da-sua-empresa-precisa-de-ajuda\/\",\"url\":\"https:\/\/seconci.com.br\/site\/2018\/12\/13\/esta-preparando-a-sipat-da-sua-empresa-precisa-de-ajuda\/\",\"name\":\"Est\u00e1 preparando a SIPAT da sua empresa? Precisa de ajuda? - Seconci Brasil\",\"isPartOf\":{\"@id\":\"https:\/\/seconci.com.br\/site\/#website\"},\"primaryImageOfPage\":{\"@id\":\"https:\/\/seconci.com.br\/site\/2018\/12\/13\/esta-preparando-a-sipat-da-sua-empresa-precisa-de-ajuda\/#primaryimage\"},\"image\":{\"@id\":\"https:\/\/seconci.com.br\/site\/2018\/12\/13\/esta-preparando-a-sipat-da-sua-empresa-precisa-de-ajuda\/#primaryimage\"},\"thumbnailUrl\":\"https:\/\/seconci.com.br\/site\/wp-content\/uploads\/2018\/12\/sipat-solano.jpeg\",\"datePublished\":\"2018-12-13T13:28:58+00:00\",\"breadcrumb\":{\"@id\":\"https:\/\/seconci.com.br\/site\/2018\/12\/13\/esta-preparando-a-sipat-da-sua-empresa-precisa-de-ajuda\/#breadcrumb\"},\"inLanguage\":\"pt-PT\",\"potentialAction\":[{\"@type\":\"ReadAction\",\"target\":[\"https:\/\/seconci.com.br\/site\/2018\/12\/13\/esta-preparando-a-sipat-da-sua-empresa-precisa-de-ajuda\/\"]}]},{\"@type\":\"ImageObject\",\"inLanguage\":\"pt-PT\",\"@id\":\"https:\/\/seconci.com.br\/site\/2018\/12\/13\/esta-preparando-a-sipat-da-sua-empresa-precisa-de-ajuda\/#primaryimage\",\"url\":\"https:\/\/seconci.com.br\/site\/wp-content\/uploads\/2018\/12\/sipat-solano.jpeg\",\"contentUrl\":\"https:\/\/seconci.com.br\/site\/wp-content\/uploads\/2018\/12\/sipat-solano.jpeg\",\"width\":1280,\"height\":1280},{\"@type\":\"BreadcrumbList\",\"@id\":\"https:\/\/seconci.com.br\/site\/2018\/12\/13\/esta-preparando-a-sipat-da-sua-empresa-precisa-de-ajuda\/#breadcrumb\",\"itemListElement\":[{\"@type\":\"ListItem\",\"position\":1,\"name\":\"In\u00edcio\",\"item\":\"https:\/\/seconci.com.br\/site\/\"},{\"@type\":\"ListItem\",\"position\":2,\"name\":\"Est\u00e1 preparando a SIPAT da sua empresa? Precisa de ajuda?\"}]},{\"@type\":\"WebSite\",\"@id\":\"https:\/\/seconci.com.br\/site\/#website\",\"url\":\"https:\/\/seconci.com.br\/site\/\",\"name\":\"Seconci Brasil\",\"description\":\"\",\"publisher\":{\"@id\":\"https:\/\/seconci.com.br\/site\/#organization\"},\"potentialAction\":[{\"@type\":\"SearchAction\",\"target\":{\"@type\":\"EntryPoint\",\"urlTemplate\":\"https:\/\/seconci.com.br\/site\/?s={search_term_string}\"},\"query-input\":{\"@type\":\"PropertyValueSpecification\",\"valueRequired\":true,\"valueName\":\"search_term_string\"}}],\"inLanguage\":\"pt-PT\"},{\"@type\":\"Organization\",\"@id\":\"https:\/\/seconci.com.br\/site\/#organization\",\"name\":\"Seconci Brasil\",\"url\":\"https:\/\/seconci.com.br\/site\/\",\"logo\":{\"@type\":\"ImageObject\",\"inLanguage\":\"pt-PT\",\"@id\":\"https:\/\/seconci.com.br\/site\/#\/schema\/logo\/image\/\",\"url\":\"https:\/\/seconci.com.br\/site\/wp-content\/uploads\/2024\/08\/Logo-Seconci-Brasil-branca-2.png\",\"contentUrl\":\"https:\/\/seconci.com.br\/site\/wp-content\/uploads\/2024\/08\/Logo-Seconci-Brasil-branca-2.png\",\"width\":1315,\"height\":598,\"caption\":\"Seconci Brasil\"},\"image\":{\"@id\":\"https:\/\/seconci.com.br\/site\/#\/schema\/logo\/image\/\"}},{\"@type\":\"Person\",\"@id\":\"https:\/\/seconci.com.br\/site\/#\/schema\/person\/1d79afd97ddc8f2c68c1e88e298aa8e2\",\"name\":\"Sidney Rocha\",\"description\":\"Comunicador e estagi\u00e1rio do Seconci Brasil.\",\"url\":\"https:\/\/seconci.com.br\/site\/author\/sidney-rocha\/\"}]}<\/script>\n<!-- \/ Yoast SEO plugin. -->","yoast_head_json":{"title":"Est\u00e1 preparando a SIPAT da sua empresa? Precisa de ajuda? - Seconci Brasil","robots":{"index":"index","follow":"follow","max-snippet":"max-snippet:-1","max-image-preview":"max-image-preview:large","max-video-preview":"max-video-preview:-1"},"canonical":"https:\/\/seconci.com.br\/site\/2018\/12\/13\/esta-preparando-a-sipat-da-sua-empresa-precisa-de-ajuda\/","og_locale":"pt_PT","og_type":"article","og_title":"Est\u00e1 preparando a SIPAT da sua empresa? Precisa de ajuda? - Seconci Brasil","og_description":"Temos v\u00e1rios servi\u00e7os que podem incrementar seu evento e contribuir para a conscientiza\u00e7\u00e3o dos trabalhadores | Assessoria de Comunica\u00e7\u00e3o Social do Seconci-DF | O Seconci-DF disponibiliza diversos servi\u00e7os que podem ser utilizados durante a Semana Interna de Preven\u00e7\u00e3o de Acidentes de Trabalho (SIPATs) das empresas da constru\u00e7\u00e3o civil. Desde sua funda\u00e7\u00e3o, h\u00e1 30 anos, a [&hellip;]","og_url":"https:\/\/seconci.com.br\/site\/2018\/12\/13\/esta-preparando-a-sipat-da-sua-empresa-precisa-de-ajuda\/","og_site_name":"Seconci Brasil","article_published_time":"2018-12-13T13:28:58+00:00","og_image":[{"width":1280,"height":1280,"url":"https:\/\/seconci.com.br\/site\/wp-content\/uploads\/2018\/12\/sipat-solano.jpeg","type":"image\/jpeg"}],"author":"Sidney Rocha","twitter_card":"summary_large_image","twitter_misc":{"Escrito por":"Sidney Rocha","Tempo estimado de leitura":"1 minuto"},"schema":{"@context":"https:\/\/schema.org","@graph":[{"@type":"Article","@id":"https:\/\/seconci.com.br\/site\/2018\/12\/13\/esta-preparando-a-sipat-da-sua-empresa-precisa-de-ajuda\/#article","isPartOf":{"@id":"https:\/\/seconci.com.br\/site\/2018\/12\/13\/esta-preparando-a-sipat-da-sua-empresa-precisa-de-ajuda\/"},"author":{"name":"Sidney Rocha","@id":"https:\/\/seconci.com.br\/site\/#\/schema\/person\/1d79afd97ddc8f2c68c1e88e298aa8e2"},"headline":"Est\u00e1 preparando a SIPAT da sua empresa? Precisa de ajuda?","datePublished":"2018-12-13T13:28:58+00:00","mainEntityOfPage":{"@id":"https:\/\/seconci.com.br\/site\/2018\/12\/13\/esta-preparando-a-sipat-da-sua-empresa-precisa-de-ajuda\/"},"wordCount":301,"publisher":{"@id":"https:\/\/seconci.com.br\/site\/#organization"},"image":{"@id":"https:\/\/seconci.com.br\/site\/2018\/12\/13\/esta-preparando-a-sipat-da-sua-empresa-precisa-de-ajuda\/#primaryimage"},"thumbnailUrl":"https:\/\/seconci.com.br\/site\/wp-content\/uploads\/2018\/12\/sipat-solano.jpeg","articleSection":["Seconci Distrito Federal"],"inLanguage":"pt-PT"},{"@type":"WebPage","@id":"https:\/\/seconci.com.br\/site\/2018\/12\/13\/esta-preparando-a-sipat-da-sua-empresa-precisa-de-ajuda\/","url":"https:\/\/seconci.com.br\/site\/2018\/12\/13\/esta-preparando-a-sipat-da-sua-empresa-precisa-de-ajuda\/","name":"Est\u00e1 preparando a SIPAT da sua empresa? Precisa de ajuda? - Seconci Brasil","isPartOf":{"@id":"https:\/\/seconci.com.br\/site\/#website"},"primaryImageOfPage":{"@id":"https:\/\/seconci.com.br\/site\/2018\/12\/13\/esta-preparando-a-sipat-da-sua-empresa-precisa-de-ajuda\/#primaryimage"},"image":{"@id":"https:\/\/seconci.com.br\/site\/2018\/12\/13\/esta-preparando-a-sipat-da-sua-empresa-precisa-de-ajuda\/#primaryimage"},"thumbnailUrl":"https:\/\/seconci.com.br\/site\/wp-content\/uploads\/2018\/12\/sipat-solano.jpeg","datePublished":"2018-12-13T13:28:58+00:00","breadcrumb":{"@id":"https:\/\/seconci.com.br\/site\/2018\/12\/13\/esta-preparando-a-sipat-da-sua-empresa-precisa-de-ajuda\/#breadcrumb"},"inLanguage":"pt-PT","potentialAction":[{"@type":"ReadAction","target":["https:\/\/seconci.com.br\/site\/2018\/12\/13\/esta-preparando-a-sipat-da-sua-empresa-precisa-de-ajuda\/"]}]},{"@type":"ImageObject","inLanguage":"pt-PT","@id":"https:\/\/seconci.com.br\/site\/2018\/12\/13\/esta-preparando-a-sipat-da-sua-empresa-precisa-de-ajuda\/#primaryimage","url":"https:\/\/seconci.com.br\/site\/wp-content\/uploads\/2018\/12\/sipat-solano.jpeg","contentUrl":"https:\/\/seconci.com.br\/site\/wp-content\/uploads\/2018\/12\/sipat-solano.jpeg","width":1280,"height":1280},{"@type":"BreadcrumbList","@id":"https:\/\/seconci.com.br\/site\/2018\/12\/13\/esta-preparando-a-sipat-da-sua-empresa-precisa-de-ajuda\/#breadcrumb","itemListElement":[{"@type":"ListItem","position":1,"name":"In\u00edcio","item":"https:\/\/seconci.com.br\/site\/"},{"@type":"ListItem","position":2,"name":"Est\u00e1 preparando a SIPAT da sua empresa? Precisa de ajuda?"}]},{"@type":"WebSite","@id":"https:\/\/seconci.com.br\/site\/#website","url":"https:\/\/seconci.com.br\/site\/","name":"Seconci Brasil","description":"","publisher":{"@id":"https:\/\/seconci.com.br\/site\/#organization"},"potentialAction":[{"@type":"SearchAction","target":{"@type":"EntryPoint","urlTemplate":"https:\/\/seconci.com.br\/site\/?s={search_term_string}"},"query-input":{"@type":"PropertyValueSpecification","valueRequired":true,"valueName":"search_term_string"}}],"inLanguage":"pt-PT"},{"@type":"Organization","@id":"https:\/\/seconci.com.br\/site\/#organization","name":"Seconci Brasil","url":"https:\/\/seconci.com.br\/site\/","logo":{"@type":"ImageObject","inLanguage":"pt-PT","@id":"https:\/\/seconci.com.br\/site\/#\/schema\/logo\/image\/","url":"https:\/\/seconci.com.br\/site\/wp-content\/uploads\/2024\/08\/Logo-Seconci-Brasil-branca-2.png","contentUrl":"https:\/\/seconci.com.br\/site\/wp-content\/uploads\/2024\/08\/Logo-Seconci-Brasil-branca-2.png","width":1315,"height":598,"caption":"Seconci Brasil"},"image":{"@id":"https:\/\/seconci.com.br\/site\/#\/schema\/logo\/image\/"}},{"@type":"Person","@id":"https:\/\/seconci.com.br\/site\/#\/schema\/person\/1d79afd97ddc8f2c68c1e88e298aa8e2","name":"Sidney Rocha","description":"Comunicador e estagi\u00e1rio do Seconci Brasil.","url":"https:\/\/seconci.com.br\/site\/author\/sidney-rocha\/"}]}},"_links":{"self":[{"href":"https:\/\/seconci.com.br\/site\/wp-json\/wp\/v2\/posts\/7981","targetHints":{"allow":["GET"]}}],"collection":[{"href":"https:\/\/seconci.com.br\/site\/wp-json\/wp\/v2\/posts"}],"about":[{"href":"https:\/\/seconci.com.br\/site\/wp-json\/wp\/v2\/types\/post"}],"author":[{"embeddable":true,"href":"https:\/\/seconci.com.br\/site\/wp-json\/wp\/v2\/users\/3"}],"replies":[{"embeddable":true,"href":"https:\/\/seconci.com.br\/site\/wp-json\/wp\/v2\/comments?post=7981"}],"version-history":[{"count":0,"href":"https:\/\/seconci.com.br\/site\/wp-json\/wp\/v2\/posts\/7981\/revisions"}],"wp:featuredmedia":[{"embeddable":true,"href":"https:\/\/seconci.com.br\/site\/wp-json\/wp\/v2\/media\/7982"}],"wp:attachment":[{"href":"https:\/\/seconci.com.br\/site\/wp-json\/wp\/v2\/media?parent=7981"}],"wp:term":[{"taxonomy":"category","embeddable":true,"href":"https:\/\/seconci.com.br\/site\/wp-json\/wp\/v2\/categories?post=7981"},{"taxonomy":"post_tag","embeddable":true,"href":"https:\/\/seconci.com.br\/site\/wp-json\/wp\/v2\/tags?post=7981"}],"curies":[{"name":"wp","href":"https:\/\/api.w.org\/{rel}","templated":true}]}}