{"id":7990,"date":"2019-01-18T10:59:40","date_gmt":"2019-01-18T10:59:40","guid":{"rendered":"https:\/\/seconci.com.br\/site\/?p=7990"},"modified":"2019-01-18T10:59:40","modified_gmt":"2019-01-18T10:59:40","slug":"entidades-realizam-evento-sobre-prevencao-de-acidentes-de-trabalho-na-construcao","status":"publish","type":"post","link":"https:\/\/seconci.com.br\/site\/2019\/01\/18\/entidades-realizam-evento-sobre-prevencao-de-acidentes-de-trabalho-na-construcao\/","title":{"rendered":"Entidades realizam evento sobre preven\u00e7\u00e3o de acidentes de trabalho na constru\u00e7\u00e3o"},"content":{"rendered":"<p style=\"text-align: justify;\">| Assessoria de Comunica\u00e7\u00e3o Social do Seconci-MG |<\/p>\n<p style=\"text-align: justify;\">Est\u00e3o abertas as inscri\u00e7\u00f5es para o evento regional da Campanha Nacional de Preven\u00e7\u00e3o de Acidentes de Trabalho (CANPAT) na Constru\u00e7\u00e3o. Com o tema \u201cMais preven\u00e7\u00e3o, menos quedas\u201d, a iniciativa ser\u00e1 realizada no dia 07 de fevereiro, das 08h \u00e0s 12h30, na sede do Seconci-MG em Belo Horizonte.<\/p>\n<p style=\"text-align: justify;\">Criada h\u00e1 dois anos em Bras\u00edlia, a CANPAT Constru\u00e7\u00e3o \u00e9 disseminada em todo o Brasil por meio de eventos regionais que visam \u00e0 conscientiza\u00e7\u00e3o dos empres\u00e1rios e o di\u00e1logo com integrantes do poder p\u00fablico em busca das boas pr\u00e1ticas de seguran\u00e7a do trabalho.<\/p>\n<p style=\"text-align: justify;\">No encontro que ser\u00e1 realizado na capital mineira, ser\u00e3o tratados os temas: preven\u00e7\u00e3o de quedas por trabalho em altura e a gest\u00e3o da Seguran\u00e7a e Sa\u00fade no Trabalho (SST) para terceirizados. Tamb\u00e9m ser\u00e3o apresentados a plataforma Sesi Viva+, que re\u00fane em um \u00fanico ambiente os dados sobre sa\u00fade, seguran\u00e7a e estilo de vida do trabalhador da ind\u00fastria, al\u00e9m de uma exibi\u00e7\u00e3o do grupo teatral Todo Cultura.<\/p>\n<p style=\"text-align: justify;\">Segundo a supervisora do Departamento de Seguran\u00e7a do Trabalho do Seconci-MG, Andreia Kaucher, \u00e9 fundamental que as empresas e os trabalhadores conhe\u00e7am os poss\u00edveis riscos que a atividade laboral desempenhada oferece e saibam como evit\u00e1-los. \u201cA sa\u00fade do trabalhador \u00e9 um bem que ele possui e que deve ser preservado a todo custo e as empresas n\u00e3o devem expor, de forma alguma, o trabalhador h\u00e1 algum risco. Para se ter uma ideia, cerca de 48% das fatalidades que n\u00f3s temos na constru\u00e7\u00e3o devem-se \u00e0s quedas, por isso, \u00e9 t\u00e3o importante difundir a cultura prevencionista\u201d, avalia.<\/p>\n<p style=\"text-align: justify;\">A CANPAT Constru\u00e7\u00e3o Regional est\u00e1 sendo organizada pelo Sindicato da Ind\u00fastria da Constru\u00e7\u00e3o Civil no Estado de Minas Gerais (Sinduscon-MG), a C\u00e2mara Brasileira da Ind\u00fastria da Constru\u00e7\u00e3o (CBIC), o Servi\u00e7o Social da Ind\u00fastria (SESI-DN) e o Servi\u00e7o Social da Ind\u00fastria da Constru\u00e7\u00e3o Civil no Estado de Minas Gerais (Seconci-MG).<\/p>\n<p style=\"text-align: justify;\">Servi\u00e7o:<\/p>\n<p style=\"text-align: justify;\">Data: 07 de fevereiro de 2019 (quinta-feira)<br \/>\nHor\u00e1rio: 08h00 \u00e0s 12h30<br \/>\nLocal: Seconci-MG<br \/>\nEndere\u00e7o: Rua Adalberto Ferraz, 336 &#8211; Lagoinha &#8211; Belo Horizonte-MG<\/p>\n","protected":false},"excerpt":{"rendered":"<p>| Assessoria de Comunica\u00e7\u00e3o Social do Seconci-MG | Est\u00e3o abertas as inscri\u00e7\u00f5es para o evento regional da Campanha Nacional de Preven\u00e7\u00e3o de Acidentes de Trabalho (CANPAT) na Constru\u00e7\u00e3o. Com o tema \u201cMais preven\u00e7\u00e3o, menos quedas\u201d, a iniciativa ser\u00e1 realizada no dia 07 de fevereiro, das 08h \u00e0s 12h30, na sede do Seconci-MG em Belo Horizonte. [&hellip;]<\/p>\n","protected":false},"author":3,"featured_media":0,"comment_status":"closed","ping_status":"closed","sticky":false,"template":"","format":"standard","meta":{"footnotes":""},"categories":[74],"tags":[],"class_list":["post-7990","post","type-post","status-publish","format-standard","hentry","category-seconci-minas-gerais"],"yoast_head":"<!-- This site is optimized with the Yoast SEO plugin v26.9 - https:\/\/yoast.com\/product\/yoast-seo-wordpress\/ -->\n<title>Entidades realizam evento sobre preven\u00e7\u00e3o de acidentes de trabalho na constru\u00e7\u00e3o - Seconci Brasil<\/title>\n<meta name=\"robots\" content=\"index, follow, max-snippet:-1, max-image-preview:large, max-video-preview:-1\" \/>\n<link rel=\"canonical\" href=\"https:\/\/seconci.com.br\/site\/2019\/01\/18\/entidades-realizam-evento-sobre-prevencao-de-acidentes-de-trabalho-na-construcao\/\" \/>\n<meta property=\"og:locale\" content=\"pt_PT\" \/>\n<meta property=\"og:type\" content=\"article\" \/>\n<meta property=\"og:title\" content=\"Entidades realizam evento sobre preven\u00e7\u00e3o de acidentes de trabalho na constru\u00e7\u00e3o - Seconci Brasil\" \/>\n<meta property=\"og:description\" content=\"| Assessoria de Comunica\u00e7\u00e3o Social do Seconci-MG | Est\u00e3o abertas as inscri\u00e7\u00f5es para o evento regional da Campanha Nacional de Preven\u00e7\u00e3o de Acidentes de Trabalho (CANPAT) na Constru\u00e7\u00e3o. Com o tema \u201cMais preven\u00e7\u00e3o, menos quedas\u201d, a iniciativa ser\u00e1 realizada no dia 07 de fevereiro, das 08h \u00e0s 12h30, na sede do Seconci-MG em Belo Horizonte. [&hellip;]\" \/>\n<meta property=\"og:url\" content=\"https:\/\/seconci.com.br\/site\/2019\/01\/18\/entidades-realizam-evento-sobre-prevencao-de-acidentes-de-trabalho-na-construcao\/\" \/>\n<meta property=\"og:site_name\" content=\"Seconci Brasil\" \/>\n<meta property=\"article:published_time\" content=\"2019-01-18T10:59:40+00:00\" \/>\n<meta name=\"author\" content=\"Sidney Rocha\" \/>\n<meta name=\"twitter:card\" content=\"summary_large_image\" \/>\n<meta name=\"twitter:label1\" content=\"Escrito por\" \/>\n\t<meta name=\"twitter:data1\" content=\"Sidney Rocha\" \/>\n\t<meta name=\"twitter:label2\" content=\"Tempo estimado de leitura\" \/>\n\t<meta name=\"twitter:data2\" content=\"2 minutos\" \/>\n<script type=\"application\/ld+json\" class=\"yoast-schema-graph\">{\"@context\":\"https:\/\/schema.org\",\"@graph\":[{\"@type\":\"Article\",\"@id\":\"https:\/\/seconci.com.br\/site\/2019\/01\/18\/entidades-realizam-evento-sobre-prevencao-de-acidentes-de-trabalho-na-construcao\/#article\",\"isPartOf\":{\"@id\":\"https:\/\/seconci.com.br\/site\/2019\/01\/18\/entidades-realizam-evento-sobre-prevencao-de-acidentes-de-trabalho-na-construcao\/\"},\"author\":{\"name\":\"Sidney Rocha\",\"@id\":\"https:\/\/seconci.com.br\/site\/#\/schema\/person\/1d79afd97ddc8f2c68c1e88e298aa8e2\"},\"headline\":\"Entidades realizam evento sobre preven\u00e7\u00e3o de acidentes de trabalho na constru\u00e7\u00e3o\",\"datePublished\":\"2019-01-18T10:59:40+00:00\",\"mainEntityOfPage\":{\"@id\":\"https:\/\/seconci.com.br\/site\/2019\/01\/18\/entidades-realizam-evento-sobre-prevencao-de-acidentes-de-trabalho-na-construcao\/\"},\"wordCount\":383,\"publisher\":{\"@id\":\"https:\/\/seconci.com.br\/site\/#organization\"},\"articleSection\":[\"Seconci Minas Gerais\"],\"inLanguage\":\"pt-PT\"},{\"@type\":\"WebPage\",\"@id\":\"https:\/\/seconci.com.br\/site\/2019\/01\/18\/entidades-realizam-evento-sobre-prevencao-de-acidentes-de-trabalho-na-construcao\/\",\"url\":\"https:\/\/seconci.com.br\/site\/2019\/01\/18\/entidades-realizam-evento-sobre-prevencao-de-acidentes-de-trabalho-na-construcao\/\",\"name\":\"Entidades realizam evento sobre preven\u00e7\u00e3o de acidentes de trabalho na constru\u00e7\u00e3o - Seconci Brasil\",\"isPartOf\":{\"@id\":\"https:\/\/seconci.com.br\/site\/#website\"},\"datePublished\":\"2019-01-18T10:59:40+00:00\",\"breadcrumb\":{\"@id\":\"https:\/\/seconci.com.br\/site\/2019\/01\/18\/entidades-realizam-evento-sobre-prevencao-de-acidentes-de-trabalho-na-construcao\/#breadcrumb\"},\"inLanguage\":\"pt-PT\",\"potentialAction\":[{\"@type\":\"ReadAction\",\"target\":[\"https:\/\/seconci.com.br\/site\/2019\/01\/18\/entidades-realizam-evento-sobre-prevencao-de-acidentes-de-trabalho-na-construcao\/\"]}]},{\"@type\":\"BreadcrumbList\",\"@id\":\"https:\/\/seconci.com.br\/site\/2019\/01\/18\/entidades-realizam-evento-sobre-prevencao-de-acidentes-de-trabalho-na-construcao\/#breadcrumb\",\"itemListElement\":[{\"@type\":\"ListItem\",\"position\":1,\"name\":\"In\u00edcio\",\"item\":\"https:\/\/seconci.com.br\/site\/\"},{\"@type\":\"ListItem\",\"position\":2,\"name\":\"Entidades realizam evento sobre preven\u00e7\u00e3o de acidentes de trabalho na constru\u00e7\u00e3o\"}]},{\"@type\":\"WebSite\",\"@id\":\"https:\/\/seconci.com.br\/site\/#website\",\"url\":\"https:\/\/seconci.com.br\/site\/\",\"name\":\"Seconci Brasil\",\"description\":\"\",\"publisher\":{\"@id\":\"https:\/\/seconci.com.br\/site\/#organization\"},\"potentialAction\":[{\"@type\":\"SearchAction\",\"target\":{\"@type\":\"EntryPoint\",\"urlTemplate\":\"https:\/\/seconci.com.br\/site\/?s={search_term_string}\"},\"query-input\":{\"@type\":\"PropertyValueSpecification\",\"valueRequired\":true,\"valueName\":\"search_term_string\"}}],\"inLanguage\":\"pt-PT\"},{\"@type\":\"Organization\",\"@id\":\"https:\/\/seconci.com.br\/site\/#organization\",\"name\":\"Seconci Brasil\",\"url\":\"https:\/\/seconci.com.br\/site\/\",\"logo\":{\"@type\":\"ImageObject\",\"inLanguage\":\"pt-PT\",\"@id\":\"https:\/\/seconci.com.br\/site\/#\/schema\/logo\/image\/\",\"url\":\"https:\/\/seconci.com.br\/site\/wp-content\/uploads\/2024\/08\/Logo-Seconci-Brasil-branca-2.png\",\"contentUrl\":\"https:\/\/seconci.com.br\/site\/wp-content\/uploads\/2024\/08\/Logo-Seconci-Brasil-branca-2.png\",\"width\":1315,\"height\":598,\"caption\":\"Seconci Brasil\"},\"image\":{\"@id\":\"https:\/\/seconci.com.br\/site\/#\/schema\/logo\/image\/\"}},{\"@type\":\"Person\",\"@id\":\"https:\/\/seconci.com.br\/site\/#\/schema\/person\/1d79afd97ddc8f2c68c1e88e298aa8e2\",\"name\":\"Sidney Rocha\",\"description\":\"Comunicador e estagi\u00e1rio do Seconci Brasil.\",\"url\":\"https:\/\/seconci.com.br\/site\/author\/sidney-rocha\/\"}]}<\/script>\n<!-- \/ Yoast SEO plugin. -->","yoast_head_json":{"title":"Entidades realizam evento sobre preven\u00e7\u00e3o de acidentes de trabalho na constru\u00e7\u00e3o - Seconci Brasil","robots":{"index":"index","follow":"follow","max-snippet":"max-snippet:-1","max-image-preview":"max-image-preview:large","max-video-preview":"max-video-preview:-1"},"canonical":"https:\/\/seconci.com.br\/site\/2019\/01\/18\/entidades-realizam-evento-sobre-prevencao-de-acidentes-de-trabalho-na-construcao\/","og_locale":"pt_PT","og_type":"article","og_title":"Entidades realizam evento sobre preven\u00e7\u00e3o de acidentes de trabalho na constru\u00e7\u00e3o - Seconci Brasil","og_description":"| Assessoria de Comunica\u00e7\u00e3o Social do Seconci-MG | Est\u00e3o abertas as inscri\u00e7\u00f5es para o evento regional da Campanha Nacional de Preven\u00e7\u00e3o de Acidentes de Trabalho (CANPAT) na Constru\u00e7\u00e3o. Com o tema \u201cMais preven\u00e7\u00e3o, menos quedas\u201d, a iniciativa ser\u00e1 realizada no dia 07 de fevereiro, das 08h \u00e0s 12h30, na sede do Seconci-MG em Belo Horizonte. [&hellip;]","og_url":"https:\/\/seconci.com.br\/site\/2019\/01\/18\/entidades-realizam-evento-sobre-prevencao-de-acidentes-de-trabalho-na-construcao\/","og_site_name":"Seconci Brasil","article_published_time":"2019-01-18T10:59:40+00:00","author":"Sidney Rocha","twitter_card":"summary_large_image","twitter_misc":{"Escrito por":"Sidney Rocha","Tempo estimado de leitura":"2 minutos"},"schema":{"@context":"https:\/\/schema.org","@graph":[{"@type":"Article","@id":"https:\/\/seconci.com.br\/site\/2019\/01\/18\/entidades-realizam-evento-sobre-prevencao-de-acidentes-de-trabalho-na-construcao\/#article","isPartOf":{"@id":"https:\/\/seconci.com.br\/site\/2019\/01\/18\/entidades-realizam-evento-sobre-prevencao-de-acidentes-de-trabalho-na-construcao\/"},"author":{"name":"Sidney Rocha","@id":"https:\/\/seconci.com.br\/site\/#\/schema\/person\/1d79afd97ddc8f2c68c1e88e298aa8e2"},"headline":"Entidades realizam evento sobre preven\u00e7\u00e3o de acidentes de trabalho na constru\u00e7\u00e3o","datePublished":"2019-01-18T10:59:40+00:00","mainEntityOfPage":{"@id":"https:\/\/seconci.com.br\/site\/2019\/01\/18\/entidades-realizam-evento-sobre-prevencao-de-acidentes-de-trabalho-na-construcao\/"},"wordCount":383,"publisher":{"@id":"https:\/\/seconci.com.br\/site\/#organization"},"articleSection":["Seconci Minas Gerais"],"inLanguage":"pt-PT"},{"@type":"WebPage","@id":"https:\/\/seconci.com.br\/site\/2019\/01\/18\/entidades-realizam-evento-sobre-prevencao-de-acidentes-de-trabalho-na-construcao\/","url":"https:\/\/seconci.com.br\/site\/2019\/01\/18\/entidades-realizam-evento-sobre-prevencao-de-acidentes-de-trabalho-na-construcao\/","name":"Entidades realizam evento sobre preven\u00e7\u00e3o de acidentes de trabalho na constru\u00e7\u00e3o - Seconci Brasil","isPartOf":{"@id":"https:\/\/seconci.com.br\/site\/#website"},"datePublished":"2019-01-18T10:59:40+00:00","breadcrumb":{"@id":"https:\/\/seconci.com.br\/site\/2019\/01\/18\/entidades-realizam-evento-sobre-prevencao-de-acidentes-de-trabalho-na-construcao\/#breadcrumb"},"inLanguage":"pt-PT","potentialAction":[{"@type":"ReadAction","target":["https:\/\/seconci.com.br\/site\/2019\/01\/18\/entidades-realizam-evento-sobre-prevencao-de-acidentes-de-trabalho-na-construcao\/"]}]},{"@type":"BreadcrumbList","@id":"https:\/\/seconci.com.br\/site\/2019\/01\/18\/entidades-realizam-evento-sobre-prevencao-de-acidentes-de-trabalho-na-construcao\/#breadcrumb","itemListElement":[{"@type":"ListItem","position":1,"name":"In\u00edcio","item":"https:\/\/seconci.com.br\/site\/"},{"@type":"ListItem","position":2,"name":"Entidades realizam evento sobre preven\u00e7\u00e3o de acidentes de trabalho na constru\u00e7\u00e3o"}]},{"@type":"WebSite","@id":"https:\/\/seconci.com.br\/site\/#website","url":"https:\/\/seconci.com.br\/site\/","name":"Seconci Brasil","description":"","publisher":{"@id":"https:\/\/seconci.com.br\/site\/#organization"},"potentialAction":[{"@type":"SearchAction","target":{"@type":"EntryPoint","urlTemplate":"https:\/\/seconci.com.br\/site\/?s={search_term_string}"},"query-input":{"@type":"PropertyValueSpecification","valueRequired":true,"valueName":"search_term_string"}}],"inLanguage":"pt-PT"},{"@type":"Organization","@id":"https:\/\/seconci.com.br\/site\/#organization","name":"Seconci Brasil","url":"https:\/\/seconci.com.br\/site\/","logo":{"@type":"ImageObject","inLanguage":"pt-PT","@id":"https:\/\/seconci.com.br\/site\/#\/schema\/logo\/image\/","url":"https:\/\/seconci.com.br\/site\/wp-content\/uploads\/2024\/08\/Logo-Seconci-Brasil-branca-2.png","contentUrl":"https:\/\/seconci.com.br\/site\/wp-content\/uploads\/2024\/08\/Logo-Seconci-Brasil-branca-2.png","width":1315,"height":598,"caption":"Seconci Brasil"},"image":{"@id":"https:\/\/seconci.com.br\/site\/#\/schema\/logo\/image\/"}},{"@type":"Person","@id":"https:\/\/seconci.com.br\/site\/#\/schema\/person\/1d79afd97ddc8f2c68c1e88e298aa8e2","name":"Sidney Rocha","description":"Comunicador e estagi\u00e1rio do Seconci Brasil.","url":"https:\/\/seconci.com.br\/site\/author\/sidney-rocha\/"}]}},"_links":{"self":[{"href":"https:\/\/seconci.com.br\/site\/wp-json\/wp\/v2\/posts\/7990","targetHints":{"allow":["GET"]}}],"collection":[{"href":"https:\/\/seconci.com.br\/site\/wp-json\/wp\/v2\/posts"}],"about":[{"href":"https:\/\/seconci.com.br\/site\/wp-json\/wp\/v2\/types\/post"}],"author":[{"embeddable":true,"href":"https:\/\/seconci.com.br\/site\/wp-json\/wp\/v2\/users\/3"}],"replies":[{"embeddable":true,"href":"https:\/\/seconci.com.br\/site\/wp-json\/wp\/v2\/comments?post=7990"}],"version-history":[{"count":0,"href":"https:\/\/seconci.com.br\/site\/wp-json\/wp\/v2\/posts\/7990\/revisions"}],"wp:attachment":[{"href":"https:\/\/seconci.com.br\/site\/wp-json\/wp\/v2\/media?parent=7990"}],"wp:term":[{"taxonomy":"category","embeddable":true,"href":"https:\/\/seconci.com.br\/site\/wp-json\/wp\/v2\/categories?post=7990"},{"taxonomy":"post_tag","embeddable":true,"href":"https:\/\/seconci.com.br\/site\/wp-json\/wp\/v2\/tags?post=7990"}],"curies":[{"name":"wp","href":"https:\/\/api.w.org\/{rel}","templated":true}]}}