{"id":7992,"date":"2019-01-18T11:01:02","date_gmt":"2019-01-18T11:01:02","guid":{"rendered":"https:\/\/seconci.com.br\/site\/?p=7992"},"modified":"2019-01-18T11:01:02","modified_gmt":"2019-01-18T11:01:02","slug":"seconci-rio-promove-curso-sobre-trabalho-em-altura-2","status":"publish","type":"post","link":"https:\/\/seconci.com.br\/site\/2019\/01\/18\/seconci-rio-promove-curso-sobre-trabalho-em-altura-2\/","title":{"rendered":"Seconci-Rio promove curso sobre trabalho em altura"},"content":{"rendered":"<p style=\"text-align: justify;\">Fonte: Revista Prote\u00e7\u00e3o<\/p>\n<p style=\"text-align: justify;\">Rio de Janeiro\/RJ &#8211; Parece \u00f3bvio que o fato de que trabalhar em altura envolve riscos, responsabilidades, compromissos e obriga\u00e7\u00f5es para a empresa, empregadores e para o pr\u00f3prio oper\u00e1rio. No entanto nem sempre todos os envolvidos t\u00eam conhecimentos suficientes para executar essa fun\u00e7\u00e3o em seguran\u00e7a. Por isso, o ano j\u00e1 come\u00e7a com um curso sobre &#8220;Trabalho em Altura (NR 35)&#8221;, oferecido pelo Seconci \u00e0queles que realizam qualquer atividade acima de dois metros do n\u00edvel inferior, estudantes da \u00e1rea da constru\u00e7\u00e3o civil e demais profissionais do setor que estejam buscando aperfei\u00e7oamento.<\/p>\n<p style=\"text-align: justify;\">Com carga hor\u00e1ria de 8h, realizada em apenas um dia (das 8h \u00e0s 17h), o curso ser\u00e1 ministrado nos dias 15, 17, 22, 24, 29 e 31 no CPCC -Centro Profissional da Constru\u00e7\u00e3o Civil (Estrada dos Bandeirantes, 2.443 &#8211; Curicica, pr\u00f3ximo \u00e0 Esta\u00e7\u00e3o Bandolim do BRT) e engloba aulas te\u00f3ricas e pr\u00e1ticas, utilizando inclusive uma das poucas torres dispon\u00edveis na cidade para treinamento em altura. O conte\u00fado program\u00e1tico abrange disciplinas como &#8220;Normas e regulamentos aplic\u00e1veis ao trabalho em altura&#8221;; &#8220;An\u00e1lise de Risco e condi\u00e7\u00f5es impeditivas&#8221;; &#8220;Sistemas, equipamentos e procedimentos de prote\u00e7\u00e3o coletiva&#8221;; &#8220;Condutas em situa\u00e7\u00f5es de emerg\u00eancia, incluindo no\u00e7\u00f5es de t\u00e9cnicas de resgate e de primeiros socorros&#8221;, &#8220;Acidentes T\u00edpicos em Trabalhos em Altura&#8221; entre outras.<\/p>\n<p style=\"text-align: justify;\">O curso \u00e9 gratuito para os trabalhadores das empresas que fazem o PCMSO (Programa de Controle M\u00e9dico de Sa\u00fade Ocupacional) no Seconci. Para os demais a taxa \u00e9 de R$ 50,00. Estudantes da \u00c1rea da Constru\u00e7\u00e3o civil (mediante comprova\u00e7\u00e3o) pagam R$ 50,00. Pessoa f\u00edsica sem v\u00ednculo com as empresas contribuintes pagam R$ 110,00.<\/p>\n<p style=\"text-align: justify;\">Inscri\u00e7\u00f5es pelo telefone (21) 2443-8226 ou pelo e-mail qualificacao@cpcc.com.br<\/p>\n","protected":false},"excerpt":{"rendered":"<p>Fonte: Revista Prote\u00e7\u00e3o Rio de Janeiro\/RJ &#8211; Parece \u00f3bvio que o fato de que trabalhar em altura envolve riscos, responsabilidades, compromissos e obriga\u00e7\u00f5es para a empresa, empregadores e para o pr\u00f3prio oper\u00e1rio. No entanto nem sempre todos os envolvidos t\u00eam conhecimentos suficientes para executar essa fun\u00e7\u00e3o em seguran\u00e7a. Por isso, o ano j\u00e1 come\u00e7a com [&hellip;]<\/p>\n","protected":false},"author":3,"featured_media":0,"comment_status":"closed","ping_status":"closed","sticky":false,"template":"","format":"standard","meta":{"footnotes":""},"categories":[85],"tags":[],"class_list":["post-7992","post","type-post","status-publish","format-standard","hentry","category-seconci-rio-de-janeiro"],"yoast_head":"<!-- This site is optimized with the Yoast SEO plugin v26.9 - https:\/\/yoast.com\/product\/yoast-seo-wordpress\/ -->\n<title>Seconci-Rio promove curso sobre trabalho em altura - Seconci Brasil<\/title>\n<meta name=\"robots\" content=\"index, follow, max-snippet:-1, max-image-preview:large, max-video-preview:-1\" \/>\n<link rel=\"canonical\" href=\"https:\/\/seconci.com.br\/site\/2019\/01\/18\/seconci-rio-promove-curso-sobre-trabalho-em-altura-2\/\" \/>\n<meta property=\"og:locale\" content=\"pt_PT\" \/>\n<meta property=\"og:type\" content=\"article\" \/>\n<meta property=\"og:title\" content=\"Seconci-Rio promove curso sobre trabalho em altura - Seconci Brasil\" \/>\n<meta property=\"og:description\" content=\"Fonte: Revista Prote\u00e7\u00e3o Rio de Janeiro\/RJ &#8211; Parece \u00f3bvio que o fato de que trabalhar em altura envolve riscos, responsabilidades, compromissos e obriga\u00e7\u00f5es para a empresa, empregadores e para o pr\u00f3prio oper\u00e1rio. No entanto nem sempre todos os envolvidos t\u00eam conhecimentos suficientes para executar essa fun\u00e7\u00e3o em seguran\u00e7a. Por isso, o ano j\u00e1 come\u00e7a com [&hellip;]\" \/>\n<meta property=\"og:url\" content=\"https:\/\/seconci.com.br\/site\/2019\/01\/18\/seconci-rio-promove-curso-sobre-trabalho-em-altura-2\/\" \/>\n<meta property=\"og:site_name\" content=\"Seconci Brasil\" \/>\n<meta property=\"article:published_time\" content=\"2019-01-18T11:01:02+00:00\" \/>\n<meta name=\"author\" content=\"Sidney Rocha\" \/>\n<meta name=\"twitter:card\" content=\"summary_large_image\" \/>\n<meta name=\"twitter:label1\" content=\"Escrito por\" \/>\n\t<meta name=\"twitter:data1\" content=\"Sidney Rocha\" \/>\n\t<meta name=\"twitter:label2\" content=\"Tempo estimado de leitura\" \/>\n\t<meta name=\"twitter:data2\" content=\"1 minuto\" \/>\n<script type=\"application\/ld+json\" class=\"yoast-schema-graph\">{\"@context\":\"https:\/\/schema.org\",\"@graph\":[{\"@type\":\"Article\",\"@id\":\"https:\/\/seconci.com.br\/site\/2019\/01\/18\/seconci-rio-promove-curso-sobre-trabalho-em-altura-2\/#article\",\"isPartOf\":{\"@id\":\"https:\/\/seconci.com.br\/site\/2019\/01\/18\/seconci-rio-promove-curso-sobre-trabalho-em-altura-2\/\"},\"author\":{\"name\":\"Sidney Rocha\",\"@id\":\"https:\/\/seconci.com.br\/site\/#\/schema\/person\/1d79afd97ddc8f2c68c1e88e298aa8e2\"},\"headline\":\"Seconci-Rio promove curso sobre trabalho em altura\",\"datePublished\":\"2019-01-18T11:01:02+00:00\",\"mainEntityOfPage\":{\"@id\":\"https:\/\/seconci.com.br\/site\/2019\/01\/18\/seconci-rio-promove-curso-sobre-trabalho-em-altura-2\/\"},\"wordCount\":302,\"publisher\":{\"@id\":\"https:\/\/seconci.com.br\/site\/#organization\"},\"articleSection\":[\"Seconci Rio de Janeiro\"],\"inLanguage\":\"pt-PT\"},{\"@type\":\"WebPage\",\"@id\":\"https:\/\/seconci.com.br\/site\/2019\/01\/18\/seconci-rio-promove-curso-sobre-trabalho-em-altura-2\/\",\"url\":\"https:\/\/seconci.com.br\/site\/2019\/01\/18\/seconci-rio-promove-curso-sobre-trabalho-em-altura-2\/\",\"name\":\"Seconci-Rio promove curso sobre trabalho em altura - Seconci Brasil\",\"isPartOf\":{\"@id\":\"https:\/\/seconci.com.br\/site\/#website\"},\"datePublished\":\"2019-01-18T11:01:02+00:00\",\"breadcrumb\":{\"@id\":\"https:\/\/seconci.com.br\/site\/2019\/01\/18\/seconci-rio-promove-curso-sobre-trabalho-em-altura-2\/#breadcrumb\"},\"inLanguage\":\"pt-PT\",\"potentialAction\":[{\"@type\":\"ReadAction\",\"target\":[\"https:\/\/seconci.com.br\/site\/2019\/01\/18\/seconci-rio-promove-curso-sobre-trabalho-em-altura-2\/\"]}]},{\"@type\":\"BreadcrumbList\",\"@id\":\"https:\/\/seconci.com.br\/site\/2019\/01\/18\/seconci-rio-promove-curso-sobre-trabalho-em-altura-2\/#breadcrumb\",\"itemListElement\":[{\"@type\":\"ListItem\",\"position\":1,\"name\":\"In\u00edcio\",\"item\":\"https:\/\/seconci.com.br\/site\/\"},{\"@type\":\"ListItem\",\"position\":2,\"name\":\"Seconci-Rio promove curso sobre trabalho em altura\"}]},{\"@type\":\"WebSite\",\"@id\":\"https:\/\/seconci.com.br\/site\/#website\",\"url\":\"https:\/\/seconci.com.br\/site\/\",\"name\":\"Seconci Brasil\",\"description\":\"\",\"publisher\":{\"@id\":\"https:\/\/seconci.com.br\/site\/#organization\"},\"potentialAction\":[{\"@type\":\"SearchAction\",\"target\":{\"@type\":\"EntryPoint\",\"urlTemplate\":\"https:\/\/seconci.com.br\/site\/?s={search_term_string}\"},\"query-input\":{\"@type\":\"PropertyValueSpecification\",\"valueRequired\":true,\"valueName\":\"search_term_string\"}}],\"inLanguage\":\"pt-PT\"},{\"@type\":\"Organization\",\"@id\":\"https:\/\/seconci.com.br\/site\/#organization\",\"name\":\"Seconci Brasil\",\"url\":\"https:\/\/seconci.com.br\/site\/\",\"logo\":{\"@type\":\"ImageObject\",\"inLanguage\":\"pt-PT\",\"@id\":\"https:\/\/seconci.com.br\/site\/#\/schema\/logo\/image\/\",\"url\":\"https:\/\/seconci.com.br\/site\/wp-content\/uploads\/2024\/08\/Logo-Seconci-Brasil-branca-2.png\",\"contentUrl\":\"https:\/\/seconci.com.br\/site\/wp-content\/uploads\/2024\/08\/Logo-Seconci-Brasil-branca-2.png\",\"width\":1315,\"height\":598,\"caption\":\"Seconci Brasil\"},\"image\":{\"@id\":\"https:\/\/seconci.com.br\/site\/#\/schema\/logo\/image\/\"}},{\"@type\":\"Person\",\"@id\":\"https:\/\/seconci.com.br\/site\/#\/schema\/person\/1d79afd97ddc8f2c68c1e88e298aa8e2\",\"name\":\"Sidney Rocha\",\"description\":\"Comunicador e estagi\u00e1rio do Seconci Brasil.\",\"url\":\"https:\/\/seconci.com.br\/site\/author\/sidney-rocha\/\"}]}<\/script>\n<!-- \/ Yoast SEO plugin. -->","yoast_head_json":{"title":"Seconci-Rio promove curso sobre trabalho em altura - Seconci Brasil","robots":{"index":"index","follow":"follow","max-snippet":"max-snippet:-1","max-image-preview":"max-image-preview:large","max-video-preview":"max-video-preview:-1"},"canonical":"https:\/\/seconci.com.br\/site\/2019\/01\/18\/seconci-rio-promove-curso-sobre-trabalho-em-altura-2\/","og_locale":"pt_PT","og_type":"article","og_title":"Seconci-Rio promove curso sobre trabalho em altura - Seconci Brasil","og_description":"Fonte: Revista Prote\u00e7\u00e3o Rio de Janeiro\/RJ &#8211; Parece \u00f3bvio que o fato de que trabalhar em altura envolve riscos, responsabilidades, compromissos e obriga\u00e7\u00f5es para a empresa, empregadores e para o pr\u00f3prio oper\u00e1rio. No entanto nem sempre todos os envolvidos t\u00eam conhecimentos suficientes para executar essa fun\u00e7\u00e3o em seguran\u00e7a. Por isso, o ano j\u00e1 come\u00e7a com [&hellip;]","og_url":"https:\/\/seconci.com.br\/site\/2019\/01\/18\/seconci-rio-promove-curso-sobre-trabalho-em-altura-2\/","og_site_name":"Seconci Brasil","article_published_time":"2019-01-18T11:01:02+00:00","author":"Sidney Rocha","twitter_card":"summary_large_image","twitter_misc":{"Escrito por":"Sidney Rocha","Tempo estimado de leitura":"1 minuto"},"schema":{"@context":"https:\/\/schema.org","@graph":[{"@type":"Article","@id":"https:\/\/seconci.com.br\/site\/2019\/01\/18\/seconci-rio-promove-curso-sobre-trabalho-em-altura-2\/#article","isPartOf":{"@id":"https:\/\/seconci.com.br\/site\/2019\/01\/18\/seconci-rio-promove-curso-sobre-trabalho-em-altura-2\/"},"author":{"name":"Sidney Rocha","@id":"https:\/\/seconci.com.br\/site\/#\/schema\/person\/1d79afd97ddc8f2c68c1e88e298aa8e2"},"headline":"Seconci-Rio promove curso sobre trabalho em altura","datePublished":"2019-01-18T11:01:02+00:00","mainEntityOfPage":{"@id":"https:\/\/seconci.com.br\/site\/2019\/01\/18\/seconci-rio-promove-curso-sobre-trabalho-em-altura-2\/"},"wordCount":302,"publisher":{"@id":"https:\/\/seconci.com.br\/site\/#organization"},"articleSection":["Seconci Rio de Janeiro"],"inLanguage":"pt-PT"},{"@type":"WebPage","@id":"https:\/\/seconci.com.br\/site\/2019\/01\/18\/seconci-rio-promove-curso-sobre-trabalho-em-altura-2\/","url":"https:\/\/seconci.com.br\/site\/2019\/01\/18\/seconci-rio-promove-curso-sobre-trabalho-em-altura-2\/","name":"Seconci-Rio promove curso sobre trabalho em altura - Seconci Brasil","isPartOf":{"@id":"https:\/\/seconci.com.br\/site\/#website"},"datePublished":"2019-01-18T11:01:02+00:00","breadcrumb":{"@id":"https:\/\/seconci.com.br\/site\/2019\/01\/18\/seconci-rio-promove-curso-sobre-trabalho-em-altura-2\/#breadcrumb"},"inLanguage":"pt-PT","potentialAction":[{"@type":"ReadAction","target":["https:\/\/seconci.com.br\/site\/2019\/01\/18\/seconci-rio-promove-curso-sobre-trabalho-em-altura-2\/"]}]},{"@type":"BreadcrumbList","@id":"https:\/\/seconci.com.br\/site\/2019\/01\/18\/seconci-rio-promove-curso-sobre-trabalho-em-altura-2\/#breadcrumb","itemListElement":[{"@type":"ListItem","position":1,"name":"In\u00edcio","item":"https:\/\/seconci.com.br\/site\/"},{"@type":"ListItem","position":2,"name":"Seconci-Rio promove curso sobre trabalho em altura"}]},{"@type":"WebSite","@id":"https:\/\/seconci.com.br\/site\/#website","url":"https:\/\/seconci.com.br\/site\/","name":"Seconci Brasil","description":"","publisher":{"@id":"https:\/\/seconci.com.br\/site\/#organization"},"potentialAction":[{"@type":"SearchAction","target":{"@type":"EntryPoint","urlTemplate":"https:\/\/seconci.com.br\/site\/?s={search_term_string}"},"query-input":{"@type":"PropertyValueSpecification","valueRequired":true,"valueName":"search_term_string"}}],"inLanguage":"pt-PT"},{"@type":"Organization","@id":"https:\/\/seconci.com.br\/site\/#organization","name":"Seconci Brasil","url":"https:\/\/seconci.com.br\/site\/","logo":{"@type":"ImageObject","inLanguage":"pt-PT","@id":"https:\/\/seconci.com.br\/site\/#\/schema\/logo\/image\/","url":"https:\/\/seconci.com.br\/site\/wp-content\/uploads\/2024\/08\/Logo-Seconci-Brasil-branca-2.png","contentUrl":"https:\/\/seconci.com.br\/site\/wp-content\/uploads\/2024\/08\/Logo-Seconci-Brasil-branca-2.png","width":1315,"height":598,"caption":"Seconci Brasil"},"image":{"@id":"https:\/\/seconci.com.br\/site\/#\/schema\/logo\/image\/"}},{"@type":"Person","@id":"https:\/\/seconci.com.br\/site\/#\/schema\/person\/1d79afd97ddc8f2c68c1e88e298aa8e2","name":"Sidney Rocha","description":"Comunicador e estagi\u00e1rio do Seconci Brasil.","url":"https:\/\/seconci.com.br\/site\/author\/sidney-rocha\/"}]}},"_links":{"self":[{"href":"https:\/\/seconci.com.br\/site\/wp-json\/wp\/v2\/posts\/7992","targetHints":{"allow":["GET"]}}],"collection":[{"href":"https:\/\/seconci.com.br\/site\/wp-json\/wp\/v2\/posts"}],"about":[{"href":"https:\/\/seconci.com.br\/site\/wp-json\/wp\/v2\/types\/post"}],"author":[{"embeddable":true,"href":"https:\/\/seconci.com.br\/site\/wp-json\/wp\/v2\/users\/3"}],"replies":[{"embeddable":true,"href":"https:\/\/seconci.com.br\/site\/wp-json\/wp\/v2\/comments?post=7992"}],"version-history":[{"count":0,"href":"https:\/\/seconci.com.br\/site\/wp-json\/wp\/v2\/posts\/7992\/revisions"}],"wp:attachment":[{"href":"https:\/\/seconci.com.br\/site\/wp-json\/wp\/v2\/media?parent=7992"}],"wp:term":[{"taxonomy":"category","embeddable":true,"href":"https:\/\/seconci.com.br\/site\/wp-json\/wp\/v2\/categories?post=7992"},{"taxonomy":"post_tag","embeddable":true,"href":"https:\/\/seconci.com.br\/site\/wp-json\/wp\/v2\/tags?post=7992"}],"curies":[{"name":"wp","href":"https:\/\/api.w.org\/{rel}","templated":true}]}}