{"id":7999,"date":"2019-01-22T10:35:01","date_gmt":"2019-01-22T10:35:01","guid":{"rendered":"https:\/\/seconci.com.br\/site\/?p=7999"},"modified":"2019-01-22T10:38:26","modified_gmt":"2019-01-22T10:38:26","slug":"encontro-nacional-da-construcao-trara-novidades-em-2019","status":"publish","type":"post","link":"https:\/\/seconci.com.br\/site\/2019\/01\/22\/encontro-nacional-da-construcao-trara-novidades-em-2019\/","title":{"rendered":"Encontro Nacional da Constru\u00e7\u00e3o trar\u00e1 novidades em 2019"},"content":{"rendered":"<p style=\"text-align: justify;\">| <strong>Ag\u00eancia Cbic<\/strong> |<\/p>\n<p style=\"text-align: justify;\">Mais moderno, com novas atividades e espa\u00e7os para ampliar a intera\u00e7\u00e3o entre todos os segmentos da ind\u00fastria da constru\u00e7\u00e3o. Essa \u00e9 s\u00edntese da moderniza\u00e7\u00e3o do Encontro Nacional da Ind\u00fastria da Constru\u00e7\u00e3o (Enic), que ser\u00e1 realizado nos dias 15, 16 e 17 de maio, na cidade do Rio de Janeiro. O evento foi reformulado, agregando novidades que tornar\u00e3o sua programa\u00e7\u00e3o ainda mais robusta e interessante.<\/p>\n<p style=\"text-align: justify;\">\u201cTemos atuado por um entrosamento cada vez maior entre todos elos da cadeia produtiva da constru\u00e7\u00e3o e estamos trabalhando para aproximar mais as pessoas\u201d, diz Jos\u00e9 Carlos Martins, presidente da C\u00e2mara Brasileira da Ind\u00fastria da Constru\u00e7\u00e3o (CBIC).<\/p>\n<p style=\"text-align: justify;\">Promovido pela CBIC e realizado pelo Sinduscon-Rio, com a correaliza\u00e7\u00e3o da Aeerj e do Seconci-Rio, o Enic reunir\u00e1 empres\u00e1rios, executivos e profissionais da constru\u00e7\u00e3o civil e da incorpora\u00e7\u00e3o imobili\u00e1ria, dirigentes dos Poderes Executivo, Judici\u00e1rio e Legislativo em \u00e2mbito nacional, estadual e municipal, al\u00e9m de especialistas brasileiros e internacionais, acad\u00eamicos, estudantes e profissionais da imprensa. S\u00e3o esperados mais de 2 mil participantes na cidade maravilhosa.<\/p>\n<p style=\"text-align: justify;\">Tradicional evento do calend\u00e1rio anual do setor da constru\u00e7\u00e3o, o Enic trar\u00e1 novas din\u00e2micas e oportunidades para troca de experi\u00eancias e conhecimento, espa\u00e7os para networking, apropriando conceitos consagrados nos eventos internacionais de maior renome, com enfoque na aproxima\u00e7\u00e3o entre as pessoas e dissemina\u00e7\u00e3o de conhecimento. As inscri\u00e7\u00f5es j\u00e3 est\u00e3o abertas no site do <a href=\"http:\/\/cbic.org.br\/enic\/\">91\u00ba Encontro Nacional da Ind\u00fastria da Constru\u00e7\u00e3o.<\/a><\/p>\n<p style=\"text-align: justify;\">Voc\u00ea conhecer\u00e1 as novidades no<a href=\"https:\/\/cbic.org.br\/\"> site e informativo da CBIC<\/a><\/p>\n<p style=\"text-align: justify;\"><strong>Servi\u00e7o:<\/strong><br \/>\n91\u00ba Encontro Nacional da Ind\u00fastria da Constru\u00e7\u00e3o (Enic)<br \/>\nData: 15, 16 e 17 de maio<br \/>\nLocal: Windsor Barra \u2013 Rio de Janeiro\/RJ<br \/>\nInscri\u00e7\u00f5es: <a href=\"https:\/\/www.enic2019.com.br\/site\/Inscricoes.aspx\">https:\/\/www.enic2019.com.br\/site\/Inscricoes.aspx<\/a><br \/>\nMais informa\u00e7\u00f5es no <a href=\"https:\/\/www.enic2019.com.br\/site\/default.aspx\">site do 91\u00ba Enic<\/a><\/p>\n","protected":false},"excerpt":{"rendered":"<p>| Ag\u00eancia Cbic | Mais moderno, com novas atividades e espa\u00e7os para ampliar a intera\u00e7\u00e3o entre todos os segmentos da ind\u00fastria da constru\u00e7\u00e3o. Essa \u00e9 s\u00edntese da moderniza\u00e7\u00e3o do Encontro Nacional da Ind\u00fastria da Constru\u00e7\u00e3o (Enic), que ser\u00e1 realizado nos dias 15, 16 e 17 de maio, na cidade do Rio de Janeiro. O evento [&hellip;]<\/p>\n","protected":false},"author":3,"featured_media":8000,"comment_status":"closed","ping_status":"closed","sticky":false,"template":"","format":"standard","meta":{"footnotes":""},"categories":[92],"tags":[],"class_list":["post-7999","post","type-post","status-publish","format-standard","has-post-thumbnail","hentry","category-seconci-brasil"],"yoast_head":"<!-- This site is optimized with the Yoast SEO plugin v26.9 - https:\/\/yoast.com\/product\/yoast-seo-wordpress\/ -->\n<title>Encontro Nacional da Constru\u00e7\u00e3o trar\u00e1 novidades em 2019 - Seconci Brasil<\/title>\n<meta name=\"robots\" content=\"index, follow, max-snippet:-1, max-image-preview:large, max-video-preview:-1\" \/>\n<link rel=\"canonical\" href=\"https:\/\/seconci.com.br\/site\/2019\/01\/22\/encontro-nacional-da-construcao-trara-novidades-em-2019\/\" \/>\n<meta property=\"og:locale\" content=\"pt_PT\" \/>\n<meta property=\"og:type\" content=\"article\" \/>\n<meta property=\"og:title\" content=\"Encontro Nacional da Constru\u00e7\u00e3o trar\u00e1 novidades em 2019 - Seconci Brasil\" \/>\n<meta property=\"og:description\" content=\"| Ag\u00eancia Cbic | Mais moderno, com novas atividades e espa\u00e7os para ampliar a intera\u00e7\u00e3o entre todos os segmentos da ind\u00fastria da constru\u00e7\u00e3o. Essa \u00e9 s\u00edntese da moderniza\u00e7\u00e3o do Encontro Nacional da Ind\u00fastria da Constru\u00e7\u00e3o (Enic), que ser\u00e1 realizado nos dias 15, 16 e 17 de maio, na cidade do Rio de Janeiro. O evento [&hellip;]\" \/>\n<meta property=\"og:url\" content=\"https:\/\/seconci.com.br\/site\/2019\/01\/22\/encontro-nacional-da-construcao-trara-novidades-em-2019\/\" \/>\n<meta property=\"og:site_name\" content=\"Seconci Brasil\" \/>\n<meta property=\"article:published_time\" content=\"2019-01-22T10:35:01+00:00\" \/>\n<meta property=\"article:modified_time\" content=\"2019-01-22T10:38:26+00:00\" \/>\n<meta property=\"og:image\" content=\"https:\/\/seconci.com.br\/site\/wp-content\/uploads\/2019\/01\/ENIC.jpeg\" \/>\n\t<meta property=\"og:image:width\" content=\"1265\" \/>\n\t<meta property=\"og:image:height\" content=\"1026\" \/>\n\t<meta property=\"og:image:type\" content=\"image\/jpeg\" \/>\n<meta name=\"author\" content=\"Sidney Rocha\" \/>\n<meta name=\"twitter:card\" content=\"summary_large_image\" \/>\n<meta name=\"twitter:label1\" content=\"Escrito por\" \/>\n\t<meta name=\"twitter:data1\" content=\"Sidney Rocha\" \/>\n\t<meta name=\"twitter:label2\" content=\"Tempo estimado de leitura\" \/>\n\t<meta name=\"twitter:data2\" content=\"2 minutos\" \/>\n<script type=\"application\/ld+json\" class=\"yoast-schema-graph\">{\"@context\":\"https:\/\/schema.org\",\"@graph\":[{\"@type\":\"Article\",\"@id\":\"https:\/\/seconci.com.br\/site\/2019\/01\/22\/encontro-nacional-da-construcao-trara-novidades-em-2019\/#article\",\"isPartOf\":{\"@id\":\"https:\/\/seconci.com.br\/site\/2019\/01\/22\/encontro-nacional-da-construcao-trara-novidades-em-2019\/\"},\"author\":{\"name\":\"Sidney Rocha\",\"@id\":\"https:\/\/seconci.com.br\/site\/#\/schema\/person\/1d79afd97ddc8f2c68c1e88e298aa8e2\"},\"headline\":\"Encontro Nacional da Constru\u00e7\u00e3o trar\u00e1 novidades em 2019\",\"datePublished\":\"2019-01-22T10:35:01+00:00\",\"dateModified\":\"2019-01-22T10:38:26+00:00\",\"mainEntityOfPage\":{\"@id\":\"https:\/\/seconci.com.br\/site\/2019\/01\/22\/encontro-nacional-da-construcao-trara-novidades-em-2019\/\"},\"wordCount\":313,\"publisher\":{\"@id\":\"https:\/\/seconci.com.br\/site\/#organization\"},\"image\":{\"@id\":\"https:\/\/seconci.com.br\/site\/2019\/01\/22\/encontro-nacional-da-construcao-trara-novidades-em-2019\/#primaryimage\"},\"thumbnailUrl\":\"https:\/\/seconci.com.br\/site\/wp-content\/uploads\/2019\/01\/ENIC.jpeg\",\"articleSection\":[\"Seconci Brasil\"],\"inLanguage\":\"pt-PT\"},{\"@type\":\"WebPage\",\"@id\":\"https:\/\/seconci.com.br\/site\/2019\/01\/22\/encontro-nacional-da-construcao-trara-novidades-em-2019\/\",\"url\":\"https:\/\/seconci.com.br\/site\/2019\/01\/22\/encontro-nacional-da-construcao-trara-novidades-em-2019\/\",\"name\":\"Encontro Nacional da Constru\u00e7\u00e3o trar\u00e1 novidades em 2019 - Seconci Brasil\",\"isPartOf\":{\"@id\":\"https:\/\/seconci.com.br\/site\/#website\"},\"primaryImageOfPage\":{\"@id\":\"https:\/\/seconci.com.br\/site\/2019\/01\/22\/encontro-nacional-da-construcao-trara-novidades-em-2019\/#primaryimage\"},\"image\":{\"@id\":\"https:\/\/seconci.com.br\/site\/2019\/01\/22\/encontro-nacional-da-construcao-trara-novidades-em-2019\/#primaryimage\"},\"thumbnailUrl\":\"https:\/\/seconci.com.br\/site\/wp-content\/uploads\/2019\/01\/ENIC.jpeg\",\"datePublished\":\"2019-01-22T10:35:01+00:00\",\"dateModified\":\"2019-01-22T10:38:26+00:00\",\"breadcrumb\":{\"@id\":\"https:\/\/seconci.com.br\/site\/2019\/01\/22\/encontro-nacional-da-construcao-trara-novidades-em-2019\/#breadcrumb\"},\"inLanguage\":\"pt-PT\",\"potentialAction\":[{\"@type\":\"ReadAction\",\"target\":[\"https:\/\/seconci.com.br\/site\/2019\/01\/22\/encontro-nacional-da-construcao-trara-novidades-em-2019\/\"]}]},{\"@type\":\"ImageObject\",\"inLanguage\":\"pt-PT\",\"@id\":\"https:\/\/seconci.com.br\/site\/2019\/01\/22\/encontro-nacional-da-construcao-trara-novidades-em-2019\/#primaryimage\",\"url\":\"https:\/\/seconci.com.br\/site\/wp-content\/uploads\/2019\/01\/ENIC.jpeg\",\"contentUrl\":\"https:\/\/seconci.com.br\/site\/wp-content\/uploads\/2019\/01\/ENIC.jpeg\",\"width\":1265,\"height\":1026},{\"@type\":\"BreadcrumbList\",\"@id\":\"https:\/\/seconci.com.br\/site\/2019\/01\/22\/encontro-nacional-da-construcao-trara-novidades-em-2019\/#breadcrumb\",\"itemListElement\":[{\"@type\":\"ListItem\",\"position\":1,\"name\":\"In\u00edcio\",\"item\":\"https:\/\/seconci.com.br\/site\/\"},{\"@type\":\"ListItem\",\"position\":2,\"name\":\"Encontro Nacional da Constru\u00e7\u00e3o trar\u00e1 novidades em 2019\"}]},{\"@type\":\"WebSite\",\"@id\":\"https:\/\/seconci.com.br\/site\/#website\",\"url\":\"https:\/\/seconci.com.br\/site\/\",\"name\":\"Seconci Brasil\",\"description\":\"\",\"publisher\":{\"@id\":\"https:\/\/seconci.com.br\/site\/#organization\"},\"potentialAction\":[{\"@type\":\"SearchAction\",\"target\":{\"@type\":\"EntryPoint\",\"urlTemplate\":\"https:\/\/seconci.com.br\/site\/?s={search_term_string}\"},\"query-input\":{\"@type\":\"PropertyValueSpecification\",\"valueRequired\":true,\"valueName\":\"search_term_string\"}}],\"inLanguage\":\"pt-PT\"},{\"@type\":\"Organization\",\"@id\":\"https:\/\/seconci.com.br\/site\/#organization\",\"name\":\"Seconci Brasil\",\"url\":\"https:\/\/seconci.com.br\/site\/\",\"logo\":{\"@type\":\"ImageObject\",\"inLanguage\":\"pt-PT\",\"@id\":\"https:\/\/seconci.com.br\/site\/#\/schema\/logo\/image\/\",\"url\":\"https:\/\/seconci.com.br\/site\/wp-content\/uploads\/2024\/08\/Logo-Seconci-Brasil-branca-2.png\",\"contentUrl\":\"https:\/\/seconci.com.br\/site\/wp-content\/uploads\/2024\/08\/Logo-Seconci-Brasil-branca-2.png\",\"width\":1315,\"height\":598,\"caption\":\"Seconci Brasil\"},\"image\":{\"@id\":\"https:\/\/seconci.com.br\/site\/#\/schema\/logo\/image\/\"}},{\"@type\":\"Person\",\"@id\":\"https:\/\/seconci.com.br\/site\/#\/schema\/person\/1d79afd97ddc8f2c68c1e88e298aa8e2\",\"name\":\"Sidney Rocha\",\"description\":\"Comunicador e estagi\u00e1rio do Seconci Brasil.\",\"url\":\"https:\/\/seconci.com.br\/site\/author\/sidney-rocha\/\"}]}<\/script>\n<!-- \/ Yoast SEO plugin. -->","yoast_head_json":{"title":"Encontro Nacional da Constru\u00e7\u00e3o trar\u00e1 novidades em 2019 - Seconci Brasil","robots":{"index":"index","follow":"follow","max-snippet":"max-snippet:-1","max-image-preview":"max-image-preview:large","max-video-preview":"max-video-preview:-1"},"canonical":"https:\/\/seconci.com.br\/site\/2019\/01\/22\/encontro-nacional-da-construcao-trara-novidades-em-2019\/","og_locale":"pt_PT","og_type":"article","og_title":"Encontro Nacional da Constru\u00e7\u00e3o trar\u00e1 novidades em 2019 - Seconci Brasil","og_description":"| Ag\u00eancia Cbic | Mais moderno, com novas atividades e espa\u00e7os para ampliar a intera\u00e7\u00e3o entre todos os segmentos da ind\u00fastria da constru\u00e7\u00e3o. Essa \u00e9 s\u00edntese da moderniza\u00e7\u00e3o do Encontro Nacional da Ind\u00fastria da Constru\u00e7\u00e3o (Enic), que ser\u00e1 realizado nos dias 15, 16 e 17 de maio, na cidade do Rio de Janeiro. O evento [&hellip;]","og_url":"https:\/\/seconci.com.br\/site\/2019\/01\/22\/encontro-nacional-da-construcao-trara-novidades-em-2019\/","og_site_name":"Seconci Brasil","article_published_time":"2019-01-22T10:35:01+00:00","article_modified_time":"2019-01-22T10:38:26+00:00","og_image":[{"width":1265,"height":1026,"url":"https:\/\/seconci.com.br\/site\/wp-content\/uploads\/2019\/01\/ENIC.jpeg","type":"image\/jpeg"}],"author":"Sidney Rocha","twitter_card":"summary_large_image","twitter_misc":{"Escrito por":"Sidney Rocha","Tempo estimado de leitura":"2 minutos"},"schema":{"@context":"https:\/\/schema.org","@graph":[{"@type":"Article","@id":"https:\/\/seconci.com.br\/site\/2019\/01\/22\/encontro-nacional-da-construcao-trara-novidades-em-2019\/#article","isPartOf":{"@id":"https:\/\/seconci.com.br\/site\/2019\/01\/22\/encontro-nacional-da-construcao-trara-novidades-em-2019\/"},"author":{"name":"Sidney Rocha","@id":"https:\/\/seconci.com.br\/site\/#\/schema\/person\/1d79afd97ddc8f2c68c1e88e298aa8e2"},"headline":"Encontro Nacional da Constru\u00e7\u00e3o trar\u00e1 novidades em 2019","datePublished":"2019-01-22T10:35:01+00:00","dateModified":"2019-01-22T10:38:26+00:00","mainEntityOfPage":{"@id":"https:\/\/seconci.com.br\/site\/2019\/01\/22\/encontro-nacional-da-construcao-trara-novidades-em-2019\/"},"wordCount":313,"publisher":{"@id":"https:\/\/seconci.com.br\/site\/#organization"},"image":{"@id":"https:\/\/seconci.com.br\/site\/2019\/01\/22\/encontro-nacional-da-construcao-trara-novidades-em-2019\/#primaryimage"},"thumbnailUrl":"https:\/\/seconci.com.br\/site\/wp-content\/uploads\/2019\/01\/ENIC.jpeg","articleSection":["Seconci Brasil"],"inLanguage":"pt-PT"},{"@type":"WebPage","@id":"https:\/\/seconci.com.br\/site\/2019\/01\/22\/encontro-nacional-da-construcao-trara-novidades-em-2019\/","url":"https:\/\/seconci.com.br\/site\/2019\/01\/22\/encontro-nacional-da-construcao-trara-novidades-em-2019\/","name":"Encontro Nacional da Constru\u00e7\u00e3o trar\u00e1 novidades em 2019 - Seconci Brasil","isPartOf":{"@id":"https:\/\/seconci.com.br\/site\/#website"},"primaryImageOfPage":{"@id":"https:\/\/seconci.com.br\/site\/2019\/01\/22\/encontro-nacional-da-construcao-trara-novidades-em-2019\/#primaryimage"},"image":{"@id":"https:\/\/seconci.com.br\/site\/2019\/01\/22\/encontro-nacional-da-construcao-trara-novidades-em-2019\/#primaryimage"},"thumbnailUrl":"https:\/\/seconci.com.br\/site\/wp-content\/uploads\/2019\/01\/ENIC.jpeg","datePublished":"2019-01-22T10:35:01+00:00","dateModified":"2019-01-22T10:38:26+00:00","breadcrumb":{"@id":"https:\/\/seconci.com.br\/site\/2019\/01\/22\/encontro-nacional-da-construcao-trara-novidades-em-2019\/#breadcrumb"},"inLanguage":"pt-PT","potentialAction":[{"@type":"ReadAction","target":["https:\/\/seconci.com.br\/site\/2019\/01\/22\/encontro-nacional-da-construcao-trara-novidades-em-2019\/"]}]},{"@type":"ImageObject","inLanguage":"pt-PT","@id":"https:\/\/seconci.com.br\/site\/2019\/01\/22\/encontro-nacional-da-construcao-trara-novidades-em-2019\/#primaryimage","url":"https:\/\/seconci.com.br\/site\/wp-content\/uploads\/2019\/01\/ENIC.jpeg","contentUrl":"https:\/\/seconci.com.br\/site\/wp-content\/uploads\/2019\/01\/ENIC.jpeg","width":1265,"height":1026},{"@type":"BreadcrumbList","@id":"https:\/\/seconci.com.br\/site\/2019\/01\/22\/encontro-nacional-da-construcao-trara-novidades-em-2019\/#breadcrumb","itemListElement":[{"@type":"ListItem","position":1,"name":"In\u00edcio","item":"https:\/\/seconci.com.br\/site\/"},{"@type":"ListItem","position":2,"name":"Encontro Nacional da Constru\u00e7\u00e3o trar\u00e1 novidades em 2019"}]},{"@type":"WebSite","@id":"https:\/\/seconci.com.br\/site\/#website","url":"https:\/\/seconci.com.br\/site\/","name":"Seconci Brasil","description":"","publisher":{"@id":"https:\/\/seconci.com.br\/site\/#organization"},"potentialAction":[{"@type":"SearchAction","target":{"@type":"EntryPoint","urlTemplate":"https:\/\/seconci.com.br\/site\/?s={search_term_string}"},"query-input":{"@type":"PropertyValueSpecification","valueRequired":true,"valueName":"search_term_string"}}],"inLanguage":"pt-PT"},{"@type":"Organization","@id":"https:\/\/seconci.com.br\/site\/#organization","name":"Seconci Brasil","url":"https:\/\/seconci.com.br\/site\/","logo":{"@type":"ImageObject","inLanguage":"pt-PT","@id":"https:\/\/seconci.com.br\/site\/#\/schema\/logo\/image\/","url":"https:\/\/seconci.com.br\/site\/wp-content\/uploads\/2024\/08\/Logo-Seconci-Brasil-branca-2.png","contentUrl":"https:\/\/seconci.com.br\/site\/wp-content\/uploads\/2024\/08\/Logo-Seconci-Brasil-branca-2.png","width":1315,"height":598,"caption":"Seconci Brasil"},"image":{"@id":"https:\/\/seconci.com.br\/site\/#\/schema\/logo\/image\/"}},{"@type":"Person","@id":"https:\/\/seconci.com.br\/site\/#\/schema\/person\/1d79afd97ddc8f2c68c1e88e298aa8e2","name":"Sidney Rocha","description":"Comunicador e estagi\u00e1rio do Seconci Brasil.","url":"https:\/\/seconci.com.br\/site\/author\/sidney-rocha\/"}]}},"_links":{"self":[{"href":"https:\/\/seconci.com.br\/site\/wp-json\/wp\/v2\/posts\/7999","targetHints":{"allow":["GET"]}}],"collection":[{"href":"https:\/\/seconci.com.br\/site\/wp-json\/wp\/v2\/posts"}],"about":[{"href":"https:\/\/seconci.com.br\/site\/wp-json\/wp\/v2\/types\/post"}],"author":[{"embeddable":true,"href":"https:\/\/seconci.com.br\/site\/wp-json\/wp\/v2\/users\/3"}],"replies":[{"embeddable":true,"href":"https:\/\/seconci.com.br\/site\/wp-json\/wp\/v2\/comments?post=7999"}],"version-history":[{"count":0,"href":"https:\/\/seconci.com.br\/site\/wp-json\/wp\/v2\/posts\/7999\/revisions"}],"wp:featuredmedia":[{"embeddable":true,"href":"https:\/\/seconci.com.br\/site\/wp-json\/wp\/v2\/media\/8000"}],"wp:attachment":[{"href":"https:\/\/seconci.com.br\/site\/wp-json\/wp\/v2\/media?parent=7999"}],"wp:term":[{"taxonomy":"category","embeddable":true,"href":"https:\/\/seconci.com.br\/site\/wp-json\/wp\/v2\/categories?post=7999"},{"taxonomy":"post_tag","embeddable":true,"href":"https:\/\/seconci.com.br\/site\/wp-json\/wp\/v2\/tags?post=7999"}],"curies":[{"name":"wp","href":"https:\/\/api.w.org\/{rel}","templated":true}]}}