{"id":8007,"date":"2019-01-24T10:39:16","date_gmt":"2019-01-24T10:39:16","guid":{"rendered":"https:\/\/seconci.com.br\/site\/?p=8007"},"modified":"2019-01-24T10:40:05","modified_gmt":"2019-01-24T10:40:05","slug":"seconci-mg-sedia-primeiro-evento-regional-da-canpat-construcao","status":"publish","type":"post","link":"https:\/\/seconci.com.br\/site\/2019\/01\/24\/seconci-mg-sedia-primeiro-evento-regional-da-canpat-construcao\/","title":{"rendered":"Seconci-MG sedia primeiro evento regional da Canpat Constru\u00e7\u00e3o"},"content":{"rendered":"<p><em>Equipe da primeira palestra das a\u00e7\u00f5es pr\u00e9vias da Canpat: profissionais da PHV, Cbic, Seconci-MG e Sesi.<\/em><\/p>\n<p style=\"text-align: justify;\">| <strong>Assessoria de Comunica\u00e7\u00e3o Social do Seconci-MG<\/strong> |<\/p>\n<p style=\"text-align: justify;\">J\u00e1 est\u00e3o acontecendo, desde o dia 22 de janeiro, as a\u00e7\u00f5es pr\u00e9vias de sensibiliza\u00e7\u00e3o da Campanha Nacional de Preven\u00e7\u00e3o de Acidentes na Ind\u00fastria da Constru\u00e7\u00e3o (Canpat), cujo primeiro evento regional de 2019 ser\u00e1 realizado no dia 07 de fevereiro (quinta-feira), no Centro de Treinamento do Seconci-MG.<\/p>\n<p style=\"text-align: justify;\">As a\u00e7\u00f5es preparat\u00f3rias do encontro est\u00e3o programadas em obras da Construtora PHV Ltda, EPO Engenharia, Construtora Segenco, MRV Engenharia e Participa\u00e7\u00f5es S.A. e Construtora Linear Ltda. Elas consistem em palestras em torno do tema principal da Canpat deste ano, o Trabalho em Altura.<\/p>\n<p style=\"text-align: justify;\">Iniciativa da C\u00e2mara Brasileira da Ind\u00fastria da Constru\u00e7\u00e3o (Cbic), a Canpat integra esfor\u00e7os de atores destacados na atua\u00e7\u00e3o em Seguran\u00e7a e Sa\u00fade do Trabalho: o Servi\u00e7o Social da Ind\u00fastria (Sesi-DN), os Sindicatos da Ind\u00fastria da Constru\u00e7\u00e3o Civil (Sinduscons), os Servi\u00e7os Sociais da Ind\u00fastria da Constru\u00e7\u00e3o (Seconcis) e o Minist\u00e9rio do Trabalho (MTE).<\/p>\n<p style=\"text-align: justify;\">A a\u00e7\u00e3o conjunta visa fomentar e fortalecer uma cultura de preven\u00e7\u00e3o de acidentes e doen\u00e7as ocupacionais atrav\u00e9s da realiza\u00e7\u00e3o de eventos regionais de mobiliza\u00e7\u00e3o que tragam a discuss\u00e3o de quest\u00f5es relacionadas ao assunto. Iniciada em 2017, na capital federal, a Canpat vem sendo disseminada em todo o pa\u00eds, buscando, tamb\u00e9m, estimular o di\u00e1logo entre as empresas de constru\u00e7\u00e3o com integrantes do poder p\u00fablico.<\/p>\n<p style=\"text-align: justify;\">Em Belo Horizonte, o evento acontecer\u00e1 das 8h00 \u00e0s 12h30, e ter\u00e1 a preven\u00e7\u00e3o de quedas por trabalho em altura entre os principais assuntos a serem discutidos. Al\u00e9m de compartilhar os resultados das a\u00e7\u00f5es pr\u00e9vias empreendidas junto a trabalhadores locais em torno do tema, especialistas ir\u00e3o debater conhecimentos espec\u00edficos e atualizar os participantes sobre quest\u00f5es que afetam a gest\u00e3o de SST. Para conhecer a programa\u00e7\u00e3o completa e fazer sua inscri\u00e7\u00e3o, <a href=\"https:\/\/seconci-mg.us10.list-manage.com\/track\/click?u=6718002a91a1cb088c9560833&amp;id=645028cdb5&amp;e=6d6496c6e5\">acesse este link<\/a>. As inscri\u00e7\u00f5es s\u00e3o gratuitas e as vagas limitadas. N\u00e3o deixe de participar!<\/p>\n","protected":false},"excerpt":{"rendered":"<p>Equipe da primeira palestra das a\u00e7\u00f5es pr\u00e9vias da Canpat: profissionais da PHV, Cbic, Seconci-MG e Sesi. | Assessoria de Comunica\u00e7\u00e3o Social do Seconci-MG | J\u00e1 est\u00e3o acontecendo, desde o dia 22 de janeiro, as a\u00e7\u00f5es pr\u00e9vias de sensibiliza\u00e7\u00e3o da Campanha Nacional de Preven\u00e7\u00e3o de Acidentes na Ind\u00fastria da Constru\u00e7\u00e3o (Canpat), cujo primeiro evento regional de [&hellip;]<\/p>\n","protected":false},"author":3,"featured_media":8008,"comment_status":"closed","ping_status":"closed","sticky":false,"template":"","format":"standard","meta":{"footnotes":""},"categories":[74],"tags":[],"class_list":["post-8007","post","type-post","status-publish","format-standard","has-post-thumbnail","hentry","category-seconci-minas-gerais"],"yoast_head":"<!-- This site is optimized with the Yoast SEO plugin v26.9 - https:\/\/yoast.com\/product\/yoast-seo-wordpress\/ -->\n<title>Seconci-MG sedia primeiro evento regional da Canpat Constru\u00e7\u00e3o - Seconci Brasil<\/title>\n<meta name=\"robots\" content=\"index, follow, max-snippet:-1, max-image-preview:large, max-video-preview:-1\" \/>\n<link rel=\"canonical\" href=\"https:\/\/seconci.com.br\/site\/2019\/01\/24\/seconci-mg-sedia-primeiro-evento-regional-da-canpat-construcao\/\" \/>\n<meta property=\"og:locale\" content=\"pt_PT\" \/>\n<meta property=\"og:type\" content=\"article\" \/>\n<meta property=\"og:title\" content=\"Seconci-MG sedia primeiro evento regional da Canpat Constru\u00e7\u00e3o - Seconci Brasil\" \/>\n<meta property=\"og:description\" content=\"Equipe da primeira palestra das a\u00e7\u00f5es pr\u00e9vias da Canpat: profissionais da PHV, Cbic, Seconci-MG e Sesi. | Assessoria de Comunica\u00e7\u00e3o Social do Seconci-MG | J\u00e1 est\u00e3o acontecendo, desde o dia 22 de janeiro, as a\u00e7\u00f5es pr\u00e9vias de sensibiliza\u00e7\u00e3o da Campanha Nacional de Preven\u00e7\u00e3o de Acidentes na Ind\u00fastria da Constru\u00e7\u00e3o (Canpat), cujo primeiro evento regional de [&hellip;]\" \/>\n<meta property=\"og:url\" content=\"https:\/\/seconci.com.br\/site\/2019\/01\/24\/seconci-mg-sedia-primeiro-evento-regional-da-canpat-construcao\/\" \/>\n<meta property=\"og:site_name\" content=\"Seconci Brasil\" \/>\n<meta property=\"article:published_time\" content=\"2019-01-24T10:39:16+00:00\" \/>\n<meta property=\"article:modified_time\" content=\"2019-01-24T10:40:05+00:00\" \/>\n<meta property=\"og:image\" content=\"https:\/\/seconci.com.br\/site\/wp-content\/uploads\/2019\/01\/segmg.jpg\" \/>\n\t<meta property=\"og:image:width\" content=\"707\" \/>\n\t<meta property=\"og:image:height\" content=\"315\" \/>\n\t<meta property=\"og:image:type\" content=\"image\/jpeg\" \/>\n<meta name=\"author\" content=\"Sidney Rocha\" \/>\n<meta name=\"twitter:card\" content=\"summary_large_image\" \/>\n<meta name=\"twitter:label1\" content=\"Escrito por\" \/>\n\t<meta name=\"twitter:data1\" content=\"Sidney Rocha\" \/>\n\t<meta name=\"twitter:label2\" content=\"Tempo estimado de leitura\" \/>\n\t<meta name=\"twitter:data2\" content=\"2 minutos\" \/>\n<script type=\"application\/ld+json\" class=\"yoast-schema-graph\">{\"@context\":\"https:\/\/schema.org\",\"@graph\":[{\"@type\":\"Article\",\"@id\":\"https:\/\/seconci.com.br\/site\/2019\/01\/24\/seconci-mg-sedia-primeiro-evento-regional-da-canpat-construcao\/#article\",\"isPartOf\":{\"@id\":\"https:\/\/seconci.com.br\/site\/2019\/01\/24\/seconci-mg-sedia-primeiro-evento-regional-da-canpat-construcao\/\"},\"author\":{\"name\":\"Sidney Rocha\",\"@id\":\"https:\/\/seconci.com.br\/site\/#\/schema\/person\/1d79afd97ddc8f2c68c1e88e298aa8e2\"},\"headline\":\"Seconci-MG sedia primeiro evento regional da Canpat Constru\u00e7\u00e3o\",\"datePublished\":\"2019-01-24T10:39:16+00:00\",\"dateModified\":\"2019-01-24T10:40:05+00:00\",\"mainEntityOfPage\":{\"@id\":\"https:\/\/seconci.com.br\/site\/2019\/01\/24\/seconci-mg-sedia-primeiro-evento-regional-da-canpat-construcao\/\"},\"wordCount\":372,\"publisher\":{\"@id\":\"https:\/\/seconci.com.br\/site\/#organization\"},\"image\":{\"@id\":\"https:\/\/seconci.com.br\/site\/2019\/01\/24\/seconci-mg-sedia-primeiro-evento-regional-da-canpat-construcao\/#primaryimage\"},\"thumbnailUrl\":\"https:\/\/seconci.com.br\/site\/wp-content\/uploads\/2019\/01\/segmg.jpg\",\"articleSection\":[\"Seconci Minas Gerais\"],\"inLanguage\":\"pt-PT\"},{\"@type\":\"WebPage\",\"@id\":\"https:\/\/seconci.com.br\/site\/2019\/01\/24\/seconci-mg-sedia-primeiro-evento-regional-da-canpat-construcao\/\",\"url\":\"https:\/\/seconci.com.br\/site\/2019\/01\/24\/seconci-mg-sedia-primeiro-evento-regional-da-canpat-construcao\/\",\"name\":\"Seconci-MG sedia primeiro evento regional da Canpat Constru\u00e7\u00e3o - Seconci Brasil\",\"isPartOf\":{\"@id\":\"https:\/\/seconci.com.br\/site\/#website\"},\"primaryImageOfPage\":{\"@id\":\"https:\/\/seconci.com.br\/site\/2019\/01\/24\/seconci-mg-sedia-primeiro-evento-regional-da-canpat-construcao\/#primaryimage\"},\"image\":{\"@id\":\"https:\/\/seconci.com.br\/site\/2019\/01\/24\/seconci-mg-sedia-primeiro-evento-regional-da-canpat-construcao\/#primaryimage\"},\"thumbnailUrl\":\"https:\/\/seconci.com.br\/site\/wp-content\/uploads\/2019\/01\/segmg.jpg\",\"datePublished\":\"2019-01-24T10:39:16+00:00\",\"dateModified\":\"2019-01-24T10:40:05+00:00\",\"breadcrumb\":{\"@id\":\"https:\/\/seconci.com.br\/site\/2019\/01\/24\/seconci-mg-sedia-primeiro-evento-regional-da-canpat-construcao\/#breadcrumb\"},\"inLanguage\":\"pt-PT\",\"potentialAction\":[{\"@type\":\"ReadAction\",\"target\":[\"https:\/\/seconci.com.br\/site\/2019\/01\/24\/seconci-mg-sedia-primeiro-evento-regional-da-canpat-construcao\/\"]}]},{\"@type\":\"ImageObject\",\"inLanguage\":\"pt-PT\",\"@id\":\"https:\/\/seconci.com.br\/site\/2019\/01\/24\/seconci-mg-sedia-primeiro-evento-regional-da-canpat-construcao\/#primaryimage\",\"url\":\"https:\/\/seconci.com.br\/site\/wp-content\/uploads\/2019\/01\/segmg.jpg\",\"contentUrl\":\"https:\/\/seconci.com.br\/site\/wp-content\/uploads\/2019\/01\/segmg.jpg\",\"width\":707,\"height\":315},{\"@type\":\"BreadcrumbList\",\"@id\":\"https:\/\/seconci.com.br\/site\/2019\/01\/24\/seconci-mg-sedia-primeiro-evento-regional-da-canpat-construcao\/#breadcrumb\",\"itemListElement\":[{\"@type\":\"ListItem\",\"position\":1,\"name\":\"In\u00edcio\",\"item\":\"https:\/\/seconci.com.br\/site\/\"},{\"@type\":\"ListItem\",\"position\":2,\"name\":\"Seconci-MG sedia primeiro evento regional da Canpat Constru\u00e7\u00e3o\"}]},{\"@type\":\"WebSite\",\"@id\":\"https:\/\/seconci.com.br\/site\/#website\",\"url\":\"https:\/\/seconci.com.br\/site\/\",\"name\":\"Seconci Brasil\",\"description\":\"\",\"publisher\":{\"@id\":\"https:\/\/seconci.com.br\/site\/#organization\"},\"potentialAction\":[{\"@type\":\"SearchAction\",\"target\":{\"@type\":\"EntryPoint\",\"urlTemplate\":\"https:\/\/seconci.com.br\/site\/?s={search_term_string}\"},\"query-input\":{\"@type\":\"PropertyValueSpecification\",\"valueRequired\":true,\"valueName\":\"search_term_string\"}}],\"inLanguage\":\"pt-PT\"},{\"@type\":\"Organization\",\"@id\":\"https:\/\/seconci.com.br\/site\/#organization\",\"name\":\"Seconci Brasil\",\"url\":\"https:\/\/seconci.com.br\/site\/\",\"logo\":{\"@type\":\"ImageObject\",\"inLanguage\":\"pt-PT\",\"@id\":\"https:\/\/seconci.com.br\/site\/#\/schema\/logo\/image\/\",\"url\":\"https:\/\/seconci.com.br\/site\/wp-content\/uploads\/2024\/08\/Logo-Seconci-Brasil-branca-2.png\",\"contentUrl\":\"https:\/\/seconci.com.br\/site\/wp-content\/uploads\/2024\/08\/Logo-Seconci-Brasil-branca-2.png\",\"width\":1315,\"height\":598,\"caption\":\"Seconci Brasil\"},\"image\":{\"@id\":\"https:\/\/seconci.com.br\/site\/#\/schema\/logo\/image\/\"}},{\"@type\":\"Person\",\"@id\":\"https:\/\/seconci.com.br\/site\/#\/schema\/person\/1d79afd97ddc8f2c68c1e88e298aa8e2\",\"name\":\"Sidney Rocha\",\"description\":\"Comunicador e estagi\u00e1rio do Seconci Brasil.\",\"url\":\"https:\/\/seconci.com.br\/site\/author\/sidney-rocha\/\"}]}<\/script>\n<!-- \/ Yoast SEO plugin. -->","yoast_head_json":{"title":"Seconci-MG sedia primeiro evento regional da Canpat Constru\u00e7\u00e3o - Seconci Brasil","robots":{"index":"index","follow":"follow","max-snippet":"max-snippet:-1","max-image-preview":"max-image-preview:large","max-video-preview":"max-video-preview:-1"},"canonical":"https:\/\/seconci.com.br\/site\/2019\/01\/24\/seconci-mg-sedia-primeiro-evento-regional-da-canpat-construcao\/","og_locale":"pt_PT","og_type":"article","og_title":"Seconci-MG sedia primeiro evento regional da Canpat Constru\u00e7\u00e3o - Seconci Brasil","og_description":"Equipe da primeira palestra das a\u00e7\u00f5es pr\u00e9vias da Canpat: profissionais da PHV, Cbic, Seconci-MG e Sesi. | Assessoria de Comunica\u00e7\u00e3o Social do Seconci-MG | J\u00e1 est\u00e3o acontecendo, desde o dia 22 de janeiro, as a\u00e7\u00f5es pr\u00e9vias de sensibiliza\u00e7\u00e3o da Campanha Nacional de Preven\u00e7\u00e3o de Acidentes na Ind\u00fastria da Constru\u00e7\u00e3o (Canpat), cujo primeiro evento regional de [&hellip;]","og_url":"https:\/\/seconci.com.br\/site\/2019\/01\/24\/seconci-mg-sedia-primeiro-evento-regional-da-canpat-construcao\/","og_site_name":"Seconci Brasil","article_published_time":"2019-01-24T10:39:16+00:00","article_modified_time":"2019-01-24T10:40:05+00:00","og_image":[{"width":707,"height":315,"url":"https:\/\/seconci.com.br\/site\/wp-content\/uploads\/2019\/01\/segmg.jpg","type":"image\/jpeg"}],"author":"Sidney Rocha","twitter_card":"summary_large_image","twitter_misc":{"Escrito por":"Sidney Rocha","Tempo estimado de leitura":"2 minutos"},"schema":{"@context":"https:\/\/schema.org","@graph":[{"@type":"Article","@id":"https:\/\/seconci.com.br\/site\/2019\/01\/24\/seconci-mg-sedia-primeiro-evento-regional-da-canpat-construcao\/#article","isPartOf":{"@id":"https:\/\/seconci.com.br\/site\/2019\/01\/24\/seconci-mg-sedia-primeiro-evento-regional-da-canpat-construcao\/"},"author":{"name":"Sidney Rocha","@id":"https:\/\/seconci.com.br\/site\/#\/schema\/person\/1d79afd97ddc8f2c68c1e88e298aa8e2"},"headline":"Seconci-MG sedia primeiro evento regional da Canpat Constru\u00e7\u00e3o","datePublished":"2019-01-24T10:39:16+00:00","dateModified":"2019-01-24T10:40:05+00:00","mainEntityOfPage":{"@id":"https:\/\/seconci.com.br\/site\/2019\/01\/24\/seconci-mg-sedia-primeiro-evento-regional-da-canpat-construcao\/"},"wordCount":372,"publisher":{"@id":"https:\/\/seconci.com.br\/site\/#organization"},"image":{"@id":"https:\/\/seconci.com.br\/site\/2019\/01\/24\/seconci-mg-sedia-primeiro-evento-regional-da-canpat-construcao\/#primaryimage"},"thumbnailUrl":"https:\/\/seconci.com.br\/site\/wp-content\/uploads\/2019\/01\/segmg.jpg","articleSection":["Seconci Minas Gerais"],"inLanguage":"pt-PT"},{"@type":"WebPage","@id":"https:\/\/seconci.com.br\/site\/2019\/01\/24\/seconci-mg-sedia-primeiro-evento-regional-da-canpat-construcao\/","url":"https:\/\/seconci.com.br\/site\/2019\/01\/24\/seconci-mg-sedia-primeiro-evento-regional-da-canpat-construcao\/","name":"Seconci-MG sedia primeiro evento regional da Canpat Constru\u00e7\u00e3o - Seconci Brasil","isPartOf":{"@id":"https:\/\/seconci.com.br\/site\/#website"},"primaryImageOfPage":{"@id":"https:\/\/seconci.com.br\/site\/2019\/01\/24\/seconci-mg-sedia-primeiro-evento-regional-da-canpat-construcao\/#primaryimage"},"image":{"@id":"https:\/\/seconci.com.br\/site\/2019\/01\/24\/seconci-mg-sedia-primeiro-evento-regional-da-canpat-construcao\/#primaryimage"},"thumbnailUrl":"https:\/\/seconci.com.br\/site\/wp-content\/uploads\/2019\/01\/segmg.jpg","datePublished":"2019-01-24T10:39:16+00:00","dateModified":"2019-01-24T10:40:05+00:00","breadcrumb":{"@id":"https:\/\/seconci.com.br\/site\/2019\/01\/24\/seconci-mg-sedia-primeiro-evento-regional-da-canpat-construcao\/#breadcrumb"},"inLanguage":"pt-PT","potentialAction":[{"@type":"ReadAction","target":["https:\/\/seconci.com.br\/site\/2019\/01\/24\/seconci-mg-sedia-primeiro-evento-regional-da-canpat-construcao\/"]}]},{"@type":"ImageObject","inLanguage":"pt-PT","@id":"https:\/\/seconci.com.br\/site\/2019\/01\/24\/seconci-mg-sedia-primeiro-evento-regional-da-canpat-construcao\/#primaryimage","url":"https:\/\/seconci.com.br\/site\/wp-content\/uploads\/2019\/01\/segmg.jpg","contentUrl":"https:\/\/seconci.com.br\/site\/wp-content\/uploads\/2019\/01\/segmg.jpg","width":707,"height":315},{"@type":"BreadcrumbList","@id":"https:\/\/seconci.com.br\/site\/2019\/01\/24\/seconci-mg-sedia-primeiro-evento-regional-da-canpat-construcao\/#breadcrumb","itemListElement":[{"@type":"ListItem","position":1,"name":"In\u00edcio","item":"https:\/\/seconci.com.br\/site\/"},{"@type":"ListItem","position":2,"name":"Seconci-MG sedia primeiro evento regional da Canpat Constru\u00e7\u00e3o"}]},{"@type":"WebSite","@id":"https:\/\/seconci.com.br\/site\/#website","url":"https:\/\/seconci.com.br\/site\/","name":"Seconci Brasil","description":"","publisher":{"@id":"https:\/\/seconci.com.br\/site\/#organization"},"potentialAction":[{"@type":"SearchAction","target":{"@type":"EntryPoint","urlTemplate":"https:\/\/seconci.com.br\/site\/?s={search_term_string}"},"query-input":{"@type":"PropertyValueSpecification","valueRequired":true,"valueName":"search_term_string"}}],"inLanguage":"pt-PT"},{"@type":"Organization","@id":"https:\/\/seconci.com.br\/site\/#organization","name":"Seconci Brasil","url":"https:\/\/seconci.com.br\/site\/","logo":{"@type":"ImageObject","inLanguage":"pt-PT","@id":"https:\/\/seconci.com.br\/site\/#\/schema\/logo\/image\/","url":"https:\/\/seconci.com.br\/site\/wp-content\/uploads\/2024\/08\/Logo-Seconci-Brasil-branca-2.png","contentUrl":"https:\/\/seconci.com.br\/site\/wp-content\/uploads\/2024\/08\/Logo-Seconci-Brasil-branca-2.png","width":1315,"height":598,"caption":"Seconci Brasil"},"image":{"@id":"https:\/\/seconci.com.br\/site\/#\/schema\/logo\/image\/"}},{"@type":"Person","@id":"https:\/\/seconci.com.br\/site\/#\/schema\/person\/1d79afd97ddc8f2c68c1e88e298aa8e2","name":"Sidney Rocha","description":"Comunicador e estagi\u00e1rio do Seconci Brasil.","url":"https:\/\/seconci.com.br\/site\/author\/sidney-rocha\/"}]}},"_links":{"self":[{"href":"https:\/\/seconci.com.br\/site\/wp-json\/wp\/v2\/posts\/8007","targetHints":{"allow":["GET"]}}],"collection":[{"href":"https:\/\/seconci.com.br\/site\/wp-json\/wp\/v2\/posts"}],"about":[{"href":"https:\/\/seconci.com.br\/site\/wp-json\/wp\/v2\/types\/post"}],"author":[{"embeddable":true,"href":"https:\/\/seconci.com.br\/site\/wp-json\/wp\/v2\/users\/3"}],"replies":[{"embeddable":true,"href":"https:\/\/seconci.com.br\/site\/wp-json\/wp\/v2\/comments?post=8007"}],"version-history":[{"count":0,"href":"https:\/\/seconci.com.br\/site\/wp-json\/wp\/v2\/posts\/8007\/revisions"}],"wp:featuredmedia":[{"embeddable":true,"href":"https:\/\/seconci.com.br\/site\/wp-json\/wp\/v2\/media\/8008"}],"wp:attachment":[{"href":"https:\/\/seconci.com.br\/site\/wp-json\/wp\/v2\/media?parent=8007"}],"wp:term":[{"taxonomy":"category","embeddable":true,"href":"https:\/\/seconci.com.br\/site\/wp-json\/wp\/v2\/categories?post=8007"},{"taxonomy":"post_tag","embeddable":true,"href":"https:\/\/seconci.com.br\/site\/wp-json\/wp\/v2\/tags?post=8007"}],"curies":[{"name":"wp","href":"https:\/\/api.w.org\/{rel}","templated":true}]}}